{"id":7758,"count":1,"description":"","link":"https:\/\/screamyell.com.br\/site\/tag\/quistou-a-ala-jovem-do-publico-com-producao-esmerada\/","name":"quistou a ala jovem do p\u00fablico com produ\u00e7\u00e3o esmerada","slug":"quistou-a-ala-jovem-do-publico-com-producao-esmerada","taxonomy":"post_tag","meta":[],"_links":{"self":[{"href":"https:\/\/screamyell.com.br\/site\/wp-json\/wp\/v2\/tags\/7758"}],"collection":[{"href":"https:\/\/screamyell.com.br\/site\/wp-json\/wp\/v2\/tags"}],"about":[{"href":"https:\/\/screamyell.com.br\/site\/wp-json\/wp\/v2\/taxonomies\/post_tag"}],"wp:post_type":[{"href":"https:\/\/screamyell.com.br\/site\/wp-json\/wp\/v2\/posts?tags=7758"}],"curies":[{"name":"wp","href":"https:\/\/api.w.org\/{rel}","templated":true}]}}