{"id":97287,"date":"2026-09-04T00:01:19","date_gmt":"2026-09-04T03:01:19","guid":{"rendered":"https:\/\/screamyell.com.br\/site\/?p=97287"},"modified":"2026-09-03T23:40:26","modified_gmt":"2026-09-04T02:40:26","slug":"entrevista-angus-julia-stone-ensinam-a-arte-de-unir-opostos-em-karaoke-bar-disco-gravado-entre-refugios-na-europa-e-australia","status":"publish","type":"post","link":"https:\/\/screamyell.com.br\/site\/2026\/09\/04\/entrevista-angus-julia-stone-ensinam-a-arte-de-unir-opostos-em-karaoke-bar-disco-gravado-entre-refugios-na-europa-e-australia\/","title":{"rendered":"Entrevista: Angus &#038; Julia Stone ensinam a arte de unir opostos em \u201cKaraoke Bar\u201d, disco gravado entre ref\u00fagios na Europa e Austr\u00e1lia"},"content":{"rendered":"<h2 style=\"text-align: center;\"><strong>entrevista de\u00a0<a href=\"https:\/\/www.instagram.com\/helocoptero\/\" target=\"_blank\" rel=\"noopener\">Helo\u00edsa Lisboa<\/a><\/strong><\/h2>\n<p style=\"text-align: justify;\">Glamourosos ou n\u00e3o, os karaok\u00eas sempre s\u00e3o capazes de unir estranhos por meio da m\u00fasica. No Brasil, \u201cEvid\u00eancias\u201d, de Chit\u00e3ozinho &amp; Xoror\u00f3, parece uma escolha inevit\u00e1vel \u2014 e \u00f3bvia \u2014 para o momento da cantoria, mas seus versos escorregam da ponta da l\u00edngua de todo frequentador desses espa\u00e7os. Apesar de ser comumente associado a festas e agita\u00e7\u00e3o, esse universo coletivo foi imaginado pelos irm\u00e3os <a href=\"https:\/\/www.instagram.com\/angusandjuliastone\/\" target=\"_blank\" rel=\"noopener\">Angus e Julia Stone<\/a> de uma forma bem intimista.<\/p>\n<p style=\"text-align: justify;\">\u201cN\u00e3o \u00e9 preciso estar em uma sala cheia de gente para entender que somos todos iguais e que todos vivenciamos o mundo como seres humanos de maneira semelhante \u2014 seja por meio da beleza e da conex\u00e3o, ou do trauma e das dificuldades\u201d, pontuou Julia, ao defender que ideias opostas podem e frequentemente coexistem, enquanto observava o nascer do sol pela janela de seu quarto na Tasm\u00e2nia, local em que atendeu a reportagem do Scream &amp; Yell.<\/p>\n<p style=\"text-align: justify;\">\u201c<a href=\"https:\/\/angusandjuliastone.lnk.to\/KaraokeBar\" target=\"_blank\" rel=\"noopener\">Karaoke Bar<\/a>\u201d (2026), o rec\u00e9m-lan\u00e7ado sexto \u00e1lbum da banda, foi feito a partir de um m\u00e9todo ao qual a dupla ainda est\u00e1 se acostumando: escrever can\u00e7\u00f5es juntos. Loca\u00e7\u00f5es como o Miraval Studios, est\u00fadio no sul da Fran\u00e7a (em que o Pink Floyd gravou parte de &#8220;The Wall&#8221; em 1979, em que Sade registrou &#8220;Promise&#8221; em 1985, e que o Cure gravou &#8220;Kiss Me Kiss Me Kiss Me&#8221; em 1987) reformado com a ajuda de Brad Pitt, e Hidra, ilha grega onde <a href=\"https:\/\/screamyell.com.br\/site\/?s=Leonard+Cohen\" target=\"_blank\" rel=\"noopener\">Leonard Cohen<\/a> viveu, tornaram a tarefa um pouco mais f\u00e1cil. No ch\u00e2teau franc\u00eas nasceu \u201cMonroe\u201d, que faz refer\u00eancia a Marilyn Monroe, enquanto a ilha banhada pelo mar Egeu deu um empurr\u00e3ozinho para que a faixa-t\u00edtulo do disco \u2014 com interpola\u00e7\u00f5es de &#8220;Sweet Caroline&#8221;, a prop\u00f3sito \u2014 ganhasse vida.<\/p>\n<p style=\"text-align: justify;\">Ainda n\u00e3o h\u00e1 previs\u00e3o para que os donos do hit \u201cBig Jet Plane\u201d retornem ao Brasil para apresentar \u201cKaraoke Bar\u201d, mas as hist\u00f3rias do mochil\u00e3o de Julia pelo pa\u00eds permitem que os f\u00e3s levem a s\u00e9rio o amor da artista pelos brasileiros.<\/p>\n<p style=\"text-align: justify;\">Confira a seguir a entrevista com Julia Stone, da dupla Angus &amp; Julia Stone, na \u00edntegra:<\/p>\n<p><iframe loading=\"lazy\" title=\"Angus &amp; Julia Stone - Celestial Bodies (Official Video)\" width=\"747\" height=\"560\" src=\"https:\/\/www.youtube.com\/embed\/qZ0G4Gb9fz8?feature=oembed\" frameborder=\"0\" allow=\"accelerometer; autoplay; clipboard-write; encrypted-media; gyroscope; picture-in-picture; web-share\" referrerpolicy=\"strict-origin-when-cross-origin\" allowfullscreen><\/iframe><\/p>\n<p style=\"text-align: justify;\"><strong>Oi, Julia, como voc\u00ea est\u00e1?<\/strong><br \/>\nEstou bem, e voc\u00ea?<\/p>\n<p style=\"text-align: justify;\"><strong>Estou bem tamb\u00e9m\u2026 Onde voc\u00ea est\u00e1 agora?<\/strong><br \/>\nEstou na costa oeste da Tasm\u00e2nia. \u00c9 bem cedo aqui.<\/p>\n<p style=\"text-align: justify;\"><strong>Uau, que legal!<\/strong><br \/>\nSim, \u00e9 muito bonito. O sol est\u00e1 prestes a nascer.<\/p>\n<p style=\"text-align: justify;\"><strong>Sou a Helo\u00edsa, de um website chamado Scream &amp; Yell. Vamos come\u00e7ar? Ent\u00e3o, voc\u00eas fizeram uma viagem atr\u00e1s da outra e come\u00e7aram a compor novas m\u00fasicas quase imediatamente depois da turn\u00ea &#8220;Living Room Sessions&#8221;, n\u00e9? Como foi esse processo em termos de balanceamento entre exaust\u00e3o e criatividade?<\/strong><br \/>\nAcho que, \u00e0s vezes, a exaust\u00e3o pode ajudar na criatividade. \u00c9 meio que&#8230; \u00c9 uma quest\u00e3o complicada quando se fala de criatividade, porque n\u00e3o sou da opini\u00e3o de que voc\u00ea deva se for\u00e7ar at\u00e9 chegar a um ponto em que esteja completamente esgotado. Mas, \u00e0s vezes, \u00e9 como aquela sensa\u00e7\u00e3o de que a vida est\u00e1 sendo muito agitada e te deixando muito sobrecarregado. N\u00e3o sei, isso pode fazer com que aqueles momentos no est\u00fadio, os momentos em que voc\u00ea est\u00e1 escrevendo, realmente pare\u00e7am importantes e tamb\u00e9m fa\u00e7am com que voc\u00ea se concentre de verdade.<\/p>\n<p style=\"text-align: justify;\">Durante essa jornada de escrever esse disco, faz\u00edamos as composi\u00e7\u00f5es entre uma etapa e outra da turn\u00ea, sabe? Da Europa para a Am\u00e9rica do Norte, depois para a Am\u00e9rica do Sul. Ent\u00e3o, tudo estava bastante compacto, uma coisa emendando na outra. Nesses per\u00edodos \u2014 cinco dias aqui, sete dias ali \u2014 n\u00f3s nos sent\u00edamos realmente relaxados e muito felizes simplesmente por estarmos no est\u00fadio, compondo m\u00fasicas. Um amigo nosso sempre diz: \u201cA press\u00e3o transforma carv\u00e3o em diamante\u201d. Acho que \u00e9 uma frase t\u00e3o bonita, porque voc\u00ea realmente precisa de um pouco de tens\u00e3o para criar algo que transmita essa sensa\u00e7\u00e3o de abertura.<\/p>\n<p><img decoding=\"async\" loading=\"lazy\" class=\"alignnone size-full wp-image-97290 aligncenter\" src=\"https:\/\/screamyell.com.br\/site\/wp-content\/uploads\/2026\/09\/karaoke.jpg\" alt=\"\" width=\"750\" height=\"549\" srcset=\"https:\/\/screamyell.com.br\/site\/wp-content\/uploads\/2026\/09\/karaoke.jpg 750w, https:\/\/screamyell.com.br\/site\/wp-content\/uploads\/2026\/09\/karaoke-300x220.jpg 300w\" sizes=\"(max-width: 750px) 100vw, 750px\" \/><\/p>\n<p style=\"text-align: justify;\"><strong>Sim, acho que faz sentido. E voc\u00eas escolheram loca\u00e7\u00f5es incrivelmente inspiradoras para gravar o novo \u00e1lbum. Queria come\u00e7ar falando sobre o <a href=\"https:\/\/www.studiomiraval.com\/\" target=\"_blank\" rel=\"noopener\">Miraval Studios<\/a>: como a oportunidade de gravar l\u00e1 surgiu? E como foi trabalhar com equipamentos de \u00faltima gera\u00e7\u00e3o, sentindo, ao mesmo tempo, a presen\u00e7a dos artistas ic\u00f4nicos que estiveram l\u00e1 anteriormente?<\/strong><br \/>\nN\u00e3o consigo me lembrar como isso aconteceu. Acho que foi a partir de uma garota que trabalhava como assistente com a gente durante a turn\u00ea. Ela n\u00e3o est\u00e1 no Reino Unido. E tenho a impress\u00e3o de que quer\u00edamos trabalhar em um est\u00fadio pr\u00f3ximo de onde terminamos a turn\u00ea, que foi na Fran\u00e7a. Ela nos enviou v\u00e1rias ideias, e acho que o Miraval estava na lista de est\u00fadios. Estou meio que inventando um pouco essa parte, porque n\u00e3o lembro exatamente como descobri o Miraval. Mas acabamos analisando a op\u00e7\u00e3o e come\u00e7amos a entrar em contato com o est\u00fadio, conversando sobre o desejo de passar um tempo l\u00e1 e compor.<\/p>\n<p style=\"text-align: justify;\">Eles foram simplesmente ador\u00e1veis \u2014 toda a equipe do Miraval \u00e9 realmente maravilhosa. E, para ser sincera, n\u00f3s n\u00e3o sab\u00edamos muito bem o que esperar. Mas, quando chegamos l\u00e1&#8230; Era um lugar t\u00e3o lindo, sabe? A gente se sentia t\u00e3o relaxado e acolhido. E acho que a parte mais dif\u00edcil para n\u00f3s foi justamente esse relaxamento todo. Quase n\u00e3o t\u00ednhamos vontade de compor. S\u00f3 quer\u00edamos ficar deitados ao sol. Mas acabamos indo para o est\u00fadio. Angus e eu at\u00e9 conversamos um pouco sobre isto: as pessoas nos perguntam como a hist\u00f3ria dos lugares influencia a composi\u00e7\u00e3o, e acho que nem sempre \u00e9 assim que funciona. \u00c0s vezes, escrevemos e gravamos m\u00fasicas em lugares que n\u00e3o s\u00e3o exatamente &#8220;inspiradores&#8221;. S\u00e3o quartinhos decadentes em hot\u00e9is ruins, sabe? E, outras vezes, compomos em locais com uma hist\u00f3ria incr\u00edvel, ligados a bandas ic\u00f4nicas. Acho que ambas as situa\u00e7\u00f5es funcionam.<\/p>\n<p style=\"text-align: justify;\">Sem d\u00favida, nos sentimos muito sortudos por estar no Miraval. Com certeza, sempre nos sentimos muito tocados por lugares que apoiaram as artes ao longo dos anos e que certamente fizeram parte da cria\u00e7\u00e3o de discos incr\u00edveis.<\/p>\n<p><iframe loading=\"lazy\" title=\"Angus &amp; Julia Stone - Karaoke Bar (Official Music Video)\" width=\"747\" height=\"420\" src=\"https:\/\/www.youtube.com\/embed\/QAFqzxnFZyE?feature=oembed\" frameborder=\"0\" allow=\"accelerometer; autoplay; clipboard-write; encrypted-media; gyroscope; picture-in-picture; web-share\" referrerpolicy=\"strict-origin-when-cross-origin\" allowfullscreen><\/iframe><\/p>\n<p style=\"text-align: justify;\"><strong>Depois disso, voc\u00eas foram para a Gr\u00e9cia, certo? E, al\u00e9m da conex\u00e3o \u00f3bvia com Leonard Cohen, o que os atraiu para esse destino?<\/strong><br \/>\nUma amiga nossa nos falou sobre a <a href=\"https:\/\/oldcarpetfactory.com\/\" target=\"_blank\" rel=\"noopener\">Old Carpet Factory<\/a>. Ela toca em uma banda chamada <a href=\"https:\/\/screamyell.com.br\/site\/2018\/11\/06\/balanco-balaclava-festival-2018\/\" target=\"_blank\" rel=\"noopener\">Warpaint<\/a> e me disse: &#8220;Voc\u00eas precisam ir a esse est\u00fadio, \u00e9 incr\u00edvel&#8221;. Ent\u00e3o, acabamos pesquisando mais a respeito\u2026 E t\u00ednhamos um tempo livre. O fato de o lugar ter uma liga\u00e7\u00e3o com Leonard Cohen nos deixava muito empolgados, j\u00e1 que ouvir a m\u00fasica dele foi uma parte muito importante da nossa inf\u00e2ncia. E, por sorte, conseguimos v\u00ea-lo se apresentar na Austr\u00e1lia antes de ele falecer.<\/p>\n<p style=\"text-align: justify;\">Mas, enfim, estar na ilha foi uma experi\u00eancia realmente incr\u00edvel. O ritmo de vida era bem lento, especialmente vindo de uma turn\u00ea, que \u00e9 algo muito acelerado. Sabe como \u00e9: tem a passagem de som, depois voc\u00ea precisa se preparar para o show, a\u00ed sobe ao palco, entra no \u00f4nibus, acorda na cidade seguinte e faz tudo de novo. Ent\u00e3o, parecia mesmo um momento de respirar fundo, de relaxar. E o Old Carpet Factory \u2014 o est\u00fadio \u2014 fica l\u00e1 no topo da colina. O trajeto at\u00e9 l\u00e1 n\u00e3o \u00e9 nada f\u00e1cil. N\u00e3o d\u00e1 para ir de carro, ent\u00e3o voc\u00ea tem que subir tudo a p\u00e9 e ainda encarar aquelas escadas bem \u00edngremes para chegar ao est\u00fadio. Voc\u00ea chega l\u00e1 e tem aquela sensa\u00e7\u00e3o de ter aterrissado em outro planeta.<\/p>\n<p style=\"text-align: justify;\">Havia muita gente indo e vindo. Est\u00e1vamos conhecendo pessoas da comunidade. E a\u00ed, claro, o filho do Leonard acabou vindo ao est\u00fadio e passando um tempo com a gente. Isso tamb\u00e9m foi muito especial \u2014 simplesmente conversar sobre m\u00fasica e sobre a vida. Todo aquele per\u00edodo foi realmente muito m\u00e1gico. E parecia mesmo, eu acho, o momento em que soubemos que est\u00e1vamos criando um novo disco juntos. Acho que a gente tinha composto uma ou duas m\u00fasicas no Miraval, mas Angus e eu sempre compomos, s\u00f3 que n\u00e3o se sabe se aquilo vai virar algo concreto. E acho que, quando chegamos a Hidra, percebemos que est\u00e1vamos fazendo o nosso pr\u00f3ximo disco.<\/p>\n<p style=\"text-align: justify;\"><strong>Li que esse encontro com o Adam Cohen proporcionou a oportunidade de voc\u00eas se conectarem por meio da experi\u00eancia singular de crescer com pais m\u00fasicos. Ent\u00e3o, como voc\u00ea acha que as hist\u00f3rias de suas fam\u00edlias moldaram a sua rela\u00e7\u00e3o com a m\u00fasica? E de que maneiras a sua pr\u00f3pria m\u00fasica \u2014 a sua trajet\u00f3ria art\u00edstica \u2014 se diferencia da do seu pai?<\/strong><br \/>\nAcho que a nossa trajet\u00f3ria \u00e9 um pouco diferente da do Adam, no sentido de que o pai dele, Leonard, era um artista de verdade. Sabe, a maneira como ele compunha e o impacto que teve nas pessoas e no mundo foram extremamente significativos. N\u00e3o sei o quanto isso altera, imagino, a experi\u00eancia de se crescer como filho dele. Mas acho que, ao ouvir o Leonard \u2014 <a href=\"https:\/\/screamyell.com.br\/site\/2025\/02\/27\/tres-filmes-hallelujah-leonard-cohen-a-journey-a-song-becoming-led-zeppelin-e-um-completo-desconhecido\/\" target=\"_blank\" rel=\"noopener\">mesmo quando ele falava em entrevistas<\/a> \u2014, percebia-se a ess\u00eancia de quem ele era: um homem incrivelmente s\u00e1bio, de pensamentos e sentimentos profundos. E, de novo, n\u00e3o sei exatamente como era a situa\u00e7\u00e3o dele, mas, para n\u00f3s\u2026<\/p>\n<p style=\"text-align: justify;\">Bom, nosso pai \u00e9 m\u00fasico e sempre se apresentou, mas n\u00e3o era compositor. Ele \u00e9 um artista de entretenimento, sabe? O que, na minha opini\u00e3o, \u00e9 um tipo de m\u00fasico bem diferente. \u00c9 mais como ter um pai extrovertido em compara\u00e7\u00e3o a ter um pai introvertido, entende? E tanto o Angus quanto eu provavelmente nos considerar\u00edamos pessoas mais introvertidas. Gostamos da nossa pr\u00f3pria companhia. Gostamos de ficar sozinhos. <span style=\"font-size: 1rem;\">Estar no palco \u00e0s vezes \u00e9 um desafio para n\u00f3s. Sabe, n\u00e3o \u00e9 algo natural da maneira que \u00e9 para o nosso pai. Ele ama subir ao palco. Qualquer oportunidade que ele tem de pegar um microfone e simplesmente ficar diante das pessoas falando&#8230; D\u00e1 para ver a alegria que isso lhe proporciona. J\u00e1 n\u00f3s tivemos que aprender isso. Compor \u2014 escrever m\u00fasicas sobre o que est\u00e1vamos vivendo \u2014 era algo muito natural para a gente, enquanto o desafio era subir no palco.<\/span><\/p>\n<p style=\"text-align: justify;\">Acho que, por sermos filhos de um artista, tivemos muitas oportunidades de superar o nervosismo, j\u00e1 que ele sempre nos fazia subir ao palco com ele. N\u00f3s detest\u00e1vamos isso. Sabe, era aquela sensa\u00e7\u00e3o de &#8220;meu Deus, isso \u00e9 horr\u00edvel&#8221;. Mas, para o bem ou para o mal, acho que crescer assim foi bom para n\u00f3s. Nossos pais s\u00e3o extrovertidos. Nossa m\u00e3e tamb\u00e9m \u00e9 artista, e acabamos sendo colocados em muitas situa\u00e7\u00f5es desconfort\u00e1veis \u200b\u200bque envolviam apresenta\u00e7\u00f5es. Acredito que isso ajudou, porque, quando chegou a hora de compartilhar nossa m\u00fasica, j\u00e1 t\u00ednhamos alguma experi\u00eancia para superar o medo de palco e tudo mais.<\/p>\n<p><iframe loading=\"lazy\" title=\"Angus &amp; Julia Stone - Monroe (Acoustic Performance)\" width=\"747\" height=\"420\" src=\"https:\/\/www.youtube.com\/embed\/rhXiTIO7r4A?feature=oembed\" frameborder=\"0\" allow=\"accelerometer; autoplay; clipboard-write; encrypted-media; gyroscope; picture-in-picture; web-share\" referrerpolicy=\"strict-origin-when-cross-origin\" allowfullscreen><\/iframe><\/p>\n<p style=\"text-align: justify;\"><strong>E, desde o seu \u00faltimo \u00e1lbum, voc\u00eas t\u00eam adotado cada vez mais a pr\u00e1tica de compor m\u00fasicas juntos. O que mudou ao longo dos anos para que a composi\u00e7\u00e3o colaborativa se tornasse algo t\u00e3o natural para voc\u00eas dois?<\/strong><br \/>\n\u00c9 uma boa pergunta. Acho que, em certo momento, sentimos que o projeto ainda parecia ser meio que &#8220;seu e meu&#8221;, &#8220;meu e seu&#8221;. N\u00e3o parecia ser nosso. E acho que, depois de \u201cA Book Like This\u201d (2007), do \u201cDown the Way\u201d (2010) e de v\u00e1rios EPs, sentimos que algo precisava mudar. E n\u00e3o acho que consegu\u00edamos enxergar isso por conta pr\u00f3pria. Simplesmente n\u00e3o nos sent\u00edamos motivados a trabalhar no projeto. Ficamos mais inspirados a realizar nossos pr\u00f3prios projetos.<\/p>\n<p style=\"text-align: justify;\">E foi assim que come\u00e7aram, para o Angus, o [projeto solo] Lady of the Sunshine e o \u00e1lbum \u201cBroken Brights\u201d; e, para mim, o \u201cBy the Horns\u201d e o \u201cThe Memory Machine\u201d. Sent\u00edamos que, se f\u00f4ssemos continuar trabalhando juntos, algo precisava mudar, mas n\u00e3o sab\u00edamos o qu\u00ea. Foi ent\u00e3o que come\u00e7amos a nos dedicar ao nosso terceiro \u00e1lbum com Rick Rubin. E uma das coisas que o Rick sugeriu foi que compus\u00e9ssemos juntos. Foi um momento marcante para n\u00f3s.<\/p>\n<p style=\"text-align: justify;\">Meio que percebemos que, para fazer o projeto acontecer \u2014 para mant\u00ea-lo crescendo e evoluindo\u2026 Compor juntos tornava tudo mais m\u00e1gico, de certa forma. E aquele [\u201cAngus &amp; Julia Stone\u201d (2014)] foi um \u00e1lbum feito metade por m\u00fasicas que escrevemos separadamente e metade por m\u00fasicas que escrevemos juntos. &#8220;Heart Beats Slow&#8221; foi a primeira m\u00fasica que compusemos totalmente juntos. Simplesmente aconteceu algo durante aquele processo.<\/p>\n<p style=\"text-align: justify;\">Depois disso, meio que decidimos que compor\u00edamos juntos todas as m\u00fasicas dos discos que fiz\u00e9ssemos. Esse processo tem sido muito divertido. E continua evoluindo, sabe? \u00c9 muito bom chegar ao est\u00fadio sem saber exatamente o que vamos criar naquele dia \u2014 em vez de eu trazer m\u00fasicas e voc\u00ea trazer m\u00fasicas para depois transformarmos isso em algo. Acho que essa \u00e9 a origem dessa mudan\u00e7a.<\/p>\n<p><iframe loading=\"lazy\" title=\"Angus &amp; Julia Stone - Heart Beats Slow\" width=\"747\" height=\"420\" src=\"https:\/\/www.youtube.com\/embed\/WTsinsfY6dk?feature=oembed\" frameborder=\"0\" allow=\"accelerometer; autoplay; clipboard-write; encrypted-media; gyroscope; picture-in-picture; web-share\" referrerpolicy=\"strict-origin-when-cross-origin\" allowfullscreen><\/iframe><\/p>\n<p style=\"text-align: justify;\"><strong>Ainda tenho muitas perguntas, mas n\u00e3o temos tempo para todas elas. Ent\u00e3o, quero fazer apenas mais duas. Ao falar sobre o t\u00edtulo do \u00e1lbum e a energia que voc\u00eas queriam que ele transmitisse, voc\u00eas descreveram a m\u00fasica como uma experi\u00eancia profundamente coletiva. Mas, quando voc\u00ea descreve o processo de composi\u00e7\u00e3o, imagino paisagens tranquilas, momentos \u00edntimos e reflex\u00e3o solit\u00e1ria. Ent\u00e3o, como essas ideias aparentemente opostas se unem no \u00e1lbum?<\/strong><br \/>\nEssa \u00e9 uma observa\u00e7\u00e3o muito boa. Acho que o que h\u00e1 de belo na m\u00fasica e nas artes \u00e9 que ideias opostas podem coexistir. E acredito que, muitas vezes, isso tamb\u00e9m se aplica a n\u00f3s, seres humanos. Duas coisas podem ser verdadeiras ao mesmo tempo. Acho que, \u00e0s vezes, nesse espa\u00e7o silencioso de criatividade, o que acessamos \u00e9 uma conex\u00e3o humana comum. N\u00e3o \u00e9 preciso estar em uma sala cheia de gente para entender que somos todos iguais e que todos vivenciamos o mundo como seres humanos de maneira semelhante \u2014 seja por meio da beleza e da conex\u00e3o, ou do trauma e das dificuldades. E acredito que, para n\u00f3s, o processo de fazer e criar realmente nos conecta aos nossos semelhantes.<\/p>\n<p style=\"text-align: justify;\">\u00c0s vezes \u00e9 engra\u00e7ado: estar em turn\u00ea pode ser algo t\u00e3o fren\u00e9tico e desafiador que voc\u00ea acaba n\u00e3o se sentindo t\u00e3o conectado \u00e0quela ess\u00eancia de fazer m\u00fasica. E, falando do Leonard Cohen&#8230; Bom, para mim \u2014 e sei que para muita gente tamb\u00e9m \u2014, a vida pode parecer solit\u00e1ria, mas a\u00ed voc\u00ea ouve uma m\u00fasica composta por algu\u00e9m do outro lado do mundo e percebe que a forma como essa pessoa combinou palavras e melodia faz voc\u00ea pensar: &#8220;Ah, n\u00e3o estou sozinho. N\u00e3o estou sozinho nessa, mesmo que essas pessoas n\u00e3o saibam quem eu sou, elas entendem pelo que estou passando. Existe uma fam\u00edlia de pessoas por a\u00ed expressando exatamente o que estou sentindo agora\u201d.<\/p>\n<p style=\"text-align: justify;\">\u00c9 com isto que sempre tentamos nos conectar ao criar m\u00fasica: aquele sentimento sobre o que realmente estamos vivenciando, sabe? E, naquela \u00e9poca, era esse o sentimento. Era algo como: vejam s\u00f3 quanta alegria a m\u00fasica pode proporcionar.<\/p>\n<p style=\"text-align: justify;\"><strong>Antes de encerrarmos: essa ser\u00e1 a segunda vez de voc\u00eas no Brasil [a assessoria da dupla no pa\u00eds havia informado de shows no Brasil que, na verdade, n\u00e3o estavam fechados], certo?<\/strong><br \/>\nNa verdade, n\u00e3o sei quando vamos voltar ao Brasil. Quando disse isso, pensei: \u201cMeu Deus, n\u00e3o conferi o roteiro. Quando partiremos?\u201d Acho que, no ano que vem, quando fizermos uma turn\u00ea mundial, voltaremos ao Brasil.<\/p>\n<p style=\"text-align: justify;\"><strong>Ah, ent\u00e3o voc\u00eas devem vir ano que vem\u2026<\/strong><br \/>\nSim, eu espero.<\/p>\n<p><iframe loading=\"lazy\" title=\"Angus &amp; Julia Stone \u2013 Losing You (Live @ Inas Nacht, 02.08.2024)\" width=\"747\" height=\"420\" src=\"https:\/\/www.youtube.com\/embed\/7yiTX2n4ilM?feature=oembed\" frameborder=\"0\" allow=\"accelerometer; autoplay; clipboard-write; encrypted-media; gyroscope; picture-in-picture; web-share\" referrerpolicy=\"strict-origin-when-cross-origin\" allowfullscreen><\/iframe><\/p>\n<p style=\"text-align: justify;\"><strong>E qual a sua rela\u00e7\u00e3o com o Brasil?<\/strong><br \/>\nQuando eu estava fazendo um mochil\u00e3o, aos 19 anos, passei bastante tempo no Brasil. E foi justamente enquanto eu percorria o pa\u00eds que comecei a descobrir a composi\u00e7\u00e3o de m\u00fasicas. Ent\u00e3o, fui para o norte do Brasil para o Carnaval. Foi uma experi\u00eancia extraordin\u00e1ria. Acabei fazendo amizade com um grupo de garotas do Rio. Ningu\u00e9m falava ingl\u00eas, exceto uma das garotas, a Viviane. N\u00f3s nos demos muito bem. Acabei passando a semana inteira curtindo e saindo com elas. Foi assim que conheci a m\u00fasica brasileira. Era algo t\u00e3o vibrante e incrivelmente divertido.<\/p>\n<p style=\"text-align: justify;\">Depois, voltei para o Rio e fiquei hospedada na casa da fam\u00edlia dela por alguns meses. E acho que o que h\u00e1 de bonito no Brasil \u2014 e provavelmente em grande parte da Am\u00e9rica Latina \u2014 \u00e9 que, embora a Austr\u00e1lia tenha uma criatividade incr\u00edvel, sinto que somos muito isolados em nossas comunidades. Parece que&#8230; N\u00e3o sei&#8230; N\u00e3o h\u00e1 muitos lugares em que crescemos em que voc\u00ea possa ir para estar entre outras pessoas e curtir a pr\u00f3pria companhia ao som de m\u00fasica. Sair sempre significava ir beber, ir ao pub. Mas, quando estive no Brasil \u2014 e, como eu disse, em grande parte da Am\u00e9rica Latina durante meu mochil\u00e3o \u2014, a sensa\u00e7\u00e3o era de que as pessoas estavam sempre na rua. Tomando caf\u00e9, ouvindo m\u00fasica. Voc\u00ea via gente de todas as idades \u2014 jovens e idosos \u2014 dan\u00e7ando na rua \u00e0s 23h.<\/p>\n<p style=\"text-align: justify;\">E, sei l\u00e1, aquilo realmente ressoou em mim como um jeito de viver. A ideia de que n\u00e3o estamos seguros no isolamento \u2014 como \u00e0s vezes pensamos \u2014, mas sim na comunidade, onde podemos ser vistos e nos sentir apoiados&#8230; E eu adorava isso no Brasil. Eu sentia que a cultura de praia, a cultura musical, a cultura das baladas \u2014 tudo era t\u00e3o inclusivo. Levei isso comigo. Mesmo sendo introvertida, gosto muito de estar entre as pessoas. N\u00e3o no sentido de sair e ter que conversar com um monte de gente, mas gosto da sensa\u00e7\u00e3o de estar cercada por pessoas l\u00e1 fora, no mundo. \u00c9 por isso que tamb\u00e9m adoro fazer turn\u00ea pela Europa. A cultura \u00e9 a mesma na It\u00e1lia, na Espanha, na Fran\u00e7a&#8230; As pessoas saem de casa, e n\u00e3o existe essa segrega\u00e7\u00e3o por idade. N\u00e3o \u00e9 como se s\u00f3 os jovens estivessem aqui ou s\u00f3 os mais velhos estivessem ali. Todo mundo sai junto.<\/p>\n<p style=\"text-align: justify;\"><strong>Julia, realmente temos que encerrar agora. Obrigada pelo seu tempo. Adorei nossa conversa e espero ver Angus e voc\u00ea no Brasil no pr\u00f3ximo ano.<\/strong><br \/>\nObrigada, Helo\u00edsa. Foi muito legal falar com voc\u00ea.<\/p>\n<p><iframe loading=\"lazy\" title=\"Angus &amp; Julia Stone - Full Session | Live at Paste Studios NYC [Paste Rewind, 2017]\" width=\"747\" height=\"420\" src=\"https:\/\/www.youtube.com\/embed\/-BGxOlM9HDY?feature=oembed\" frameborder=\"0\" allow=\"accelerometer; autoplay; clipboard-write; encrypted-media; gyroscope; picture-in-picture; web-share\" referrerpolicy=\"strict-origin-when-cross-origin\" allowfullscreen><\/iframe><\/p>\n<p><iframe loading=\"lazy\" title=\"It&#039;s out! Karaoke Bar! Thank you for all the support and love for our music Xx We hope you love it!\" width=\"747\" height=\"420\" src=\"https:\/\/www.youtube.com\/embed\/v5lJAb9-fWo?list=PLpysvacPnoR-OuwTD2hf3cF-mUD-fOt7g\" frameborder=\"0\" allow=\"accelerometer; autoplay; clipboard-write; encrypted-media; gyroscope; picture-in-picture; web-share\" referrerpolicy=\"strict-origin-when-cross-origin\" allowfullscreen><\/iframe><\/p>\n<p><em>\u2013\u00a0<a href=\"https:\/\/fracionadx.com\/channel\/\" target=\"_blank\" rel=\"noopener\">Helo\u00edsa Lisboa<\/a>\u00a0\u00e9 jornalista com passagens pela Folha de S.Paulo e Rolling Stone. Leia\u00a0<a href=\"https:\/\/screamyell.com.br\/site\/author\/heloisa-lisboa\/\" target=\"_blank\" rel=\"noopener\">outros textos de Heloisa<\/a>.<\/em><\/p>\n","protected":false},"excerpt":{"rendered":"Em entrevista ao Scream &#038; Yell, Julia refletiu sobre o processo de composi\u00e7\u00e3o do novo disco enquanto observava o nascer do sol pela janela de seu quarto na Tasm\u00e2nia. \n<a class=\"moretag\" href=\"https:\/\/screamyell.com.br\/site\/2026\/09\/04\/entrevista-angus-julia-stone-ensinam-a-arte-de-unir-opostos-em-karaoke-bar-disco-gravado-entre-refugios-na-europa-e-australia\/\"> [...]<\/a>","protected":false},"author":160,"featured_media":97288,"comment_status":"open","ping_status":"open","sticky":false,"template":"","format":"standard","meta":[],"categories":[7548,4833,3],"tags":[8356],"_links":{"self":[{"href":"https:\/\/screamyell.com.br\/site\/wp-json\/wp\/v2\/posts\/97287"}],"collection":[{"href":"https:\/\/screamyell.com.br\/site\/wp-json\/wp\/v2\/posts"}],"about":[{"href":"https:\/\/screamyell.com.br\/site\/wp-json\/wp\/v2\/types\/post"}],"author":[{"embeddable":true,"href":"https:\/\/screamyell.com.br\/site\/wp-json\/wp\/v2\/users\/160"}],"replies":[{"embeddable":true,"href":"https:\/\/screamyell.com.br\/site\/wp-json\/wp\/v2\/comments?post=97287"}],"version-history":[{"count":2,"href":"https:\/\/screamyell.com.br\/site\/wp-json\/wp\/v2\/posts\/97287\/revisions"}],"predecessor-version":[{"id":97291,"href":"https:\/\/screamyell.com.br\/site\/wp-json\/wp\/v2\/posts\/97287\/revisions\/97291"}],"wp:featuredmedia":[{"embeddable":true,"href":"https:\/\/screamyell.com.br\/site\/wp-json\/wp\/v2\/media\/97288"}],"wp:attachment":[{"href":"https:\/\/screamyell.com.br\/site\/wp-json\/wp\/v2\/media?parent=97287"}],"wp:term":[{"taxonomy":"category","embeddable":true,"href":"https:\/\/screamyell.com.br\/site\/wp-json\/wp\/v2\/categories?post=97287"},{"taxonomy":"post_tag","embeddable":true,"href":"https:\/\/screamyell.com.br\/site\/wp-json\/wp\/v2\/tags?post=97287"}],"curies":[{"name":"wp","href":"https:\/\/api.w.org\/{rel}","templated":true}]}}