{"id":97281,"date":"2026-09-03T17:35:57","date_gmt":"2026-09-03T20:35:57","guid":{"rendered":"https:\/\/screamyell.com.br\/site\/?p=97281"},"modified":"2026-09-03T17:38:23","modified_gmt":"2026-09-03T20:38:23","slug":"vivian-benford-lanca-single-clipe-de-perigo-zizi-possi-e-avisa-encarei-uma-personagem-mais-atirada","status":"publish","type":"post","link":"https:\/\/screamyell.com.br\/site\/2026\/09\/03\/vivian-benford-lanca-single-clipe-de-perigo-zizi-possi-e-avisa-encarei-uma-personagem-mais-atirada\/","title":{"rendered":"Vivian Benford lan\u00e7a single\/clipe de &#8220;Perigo&#8221; (Zizi Possi) e conta sobre a vers\u00e3o: &#8220;Encarei uma personagem mais atirada&#8221;"},"content":{"rendered":"<h2 style=\"text-align: center;\"><strong>texto de\u00a0<a href=\"https:\/\/twitter.com\/screamyell\" target=\"_blank\" rel=\"noopener\">Marcelo Costa<\/a><\/strong><\/h2>\n<p style=\"text-align: justify;\">Para quem l\u00ea o Scream &amp; Yell, <a href=\"https:\/\/www.instagram.com\/vivianbenford\/\" target=\"_blank\" rel=\"noopener\">Vivian Benford<\/a> \u00e9 um nome bastante familiar. A primeira entrevista que fizemos com ela<a href=\"https:\/\/screamyell.com.br\/site\/2014\/11\/08\/tres-perguntas-vivian-benford\/\" target=\"_blank\" rel=\"noopener\"> foi em 2014<\/a> e, de l\u00e1 para c\u00e1, Vivian participou de quatro \u00e1lbuns lan\u00e7ados pelo Selo Scream &amp; Yell. Primeiro foi apresentando uma bel\u00edssima vers\u00e3o de &#8220;La Edad del Cielo&#8221;, de Jorge Drexler, para o \u00e1lbum &#8220;<a href=\"https:\/\/screamyell.com.br\/site\/2015\/03\/17\/download-somos-todos-latinos\/\" target=\"_blank\" rel=\"noopener\">Somos Todos Latinos<\/a>&#8221; (2015); depois cedendo um take de sua vers\u00e3o de \u201cAbre Alas\u201d, em que junta Ivan Lins e Portishead, para o \u00e1lbum &#8220;<a href=\"https:\/\/screamyell.com.br\/site\/2017\/02\/15\/download-gratuito-ouca-e-baixe-faixa-seis\/\" target=\"_blank\" rel=\"noopener\">Faixa Seis<\/a>&#8221; (2017); e participando, ainda, de &#8220;<a href=\"https:\/\/screamyell.com.br\/site\/2021\/04\/01\/selo-scream-yell-ouca-baixe-o-tributo-a-tom-bloch\/\" target=\"_blank\" rel=\"noopener\">Sob a Influ\u00eancia, um Tributo a Tom Bloch<\/a>&#8221; (2021), reinterpretando \u201cA Inven\u00e7\u00e3o\u201d.<\/p>\n<p style=\"text-align: justify;\">Em determinado momento, a gente gostava de tantas can\u00e7\u00f5es de Vivian que estavam aqui e ali que sugerimos a ela reuni-las todas em um \u00fanico \u00e1lbum, <a href=\"https:\/\/screamyell.com.br\/site\/2021\/09\/29\/selo-scream-yell-baixe-pomar-de-vivian-benford\/\" target=\"_blank\" rel=\"noopener\">e assim nasceu &#8220;Pomar&#8221;<\/a>, \u00e1lbum virtual que o Scream &amp; Yell lan\u00e7ou em 2021 que traz as tr\u00eas m\u00fasicas citadas acima como faixas b\u00f4nus e, ainda, registros de \u201cLamento Sertanejo\u201d, \u201cEu Sou o Caso Deles\u201d, \u201cShe Has No Time\u201d e, claro, \u201cCheia de Manias\u201d, uma esp\u00e9cie de \u201chit desconhecido\u201d do indie brasileiro presente no excelente \u201cJeito Felindie\u201d, o tributo ao Ra\u00e7a Negra lan\u00e7ado pelo saudoso site Fita Bruta.<\/p>\n<p style=\"text-align: justify;\">Agora, enquanto prepara material pr\u00f3prio para um vindouro pr\u00f3ximo EP, Vivian Benford apresenta sua vers\u00e3o de &#8220;<a href=\"https:\/\/open.spotify.com\/intl-pt\/track\/7HrME2a9l9kZt19E9cYhtH\" target=\"_blank\" rel=\"noopener\">Perigo<\/a>&#8220;, cl\u00e1ssico dos anos 1980 composto por Nico Rezende e Paulinho Lima, e famoso com Zizi Possi, vers\u00e3o que quem foi na primeira <a href=\"https:\/\/screamyell.com.br\/site\/2025\/09\/05\/tres-shows-vivian-benford-harmada-e-terminal-guadalupe\/\" target=\"_blank\" rel=\"noopener\">Festa Bretta<\/a>, do Scream &amp; Yell com Programa de Indie, <a href=\"https:\/\/screamyell.com.br\/site\/2025\/09\/05\/tres-shows-vivian-benford-harmada-e-terminal-guadalupe\/\" target=\"_blank\" rel=\"noopener\">pode conferir ao vivo<\/a>. &#8220;O que eu destaco nesse arranjo \u00e9 a levada mais dan\u00e7ante, as guitarras que conversam entre si, a linha de baixo que segue cantarolando e a minha interpreta\u00e7\u00e3o mais ousada&#8221;, pontua Vivian, que respondeu tr\u00eas perguntas do Scream &amp; Yell. Assista ao clipe abaixo e leio o papo na sequencia.<\/p>\n<p><iframe loading=\"lazy\" title=\"Vivian Benford - Perigo\" width=\"747\" height=\"420\" src=\"https:\/\/www.youtube.com\/embed\/kNyeHlP0qxw?feature=oembed\" frameborder=\"0\" allow=\"accelerometer; autoplay; clipboard-write; encrypted-media; gyroscope; picture-in-picture; web-share\" referrerpolicy=\"strict-origin-when-cross-origin\" allowfullscreen><\/iframe><\/p>\n<p style=\"text-align: justify;\"><strong>Vivian, seu novo single \u00e9 uma vers\u00e3o de &#8220;Perigo&#8221;, cl\u00e1ssico dos anos 1980 composto por Nico Rezende e Paulinho Lima, e famoso com Zizi Possi. Como surgiu a ideia de regravar essa m\u00fasica? O que te motivou e o que voc\u00ea destaca no seu arranjo?<\/strong><br \/>\nA ideia, assim como v\u00e1rias outras, surgiu meio aleatoriamente. Eu tenho uma conex\u00e3o nost\u00e1lgica com essa m\u00fasica, mas foi por acaso. Eu curto muito os desafios de mudar um arranjo cl\u00e1ssico e ver como dar a minha cara sem perder as caracter\u00edsticas que fazem a m\u00fasica ser marcante. Foi tipo um exerc\u00edcio de arranjo, mesmo. Ali\u00e1s, a minha lista de vers\u00f5es que quero fazer \u00e9 infinita, rs. Eu amo! Eu propus pra banda e eles toparam e o final foi um arranjo colaborativo com a minha &#8220;supervis\u00e3o&#8221;. O que eu destaco nesse arranjo \u00e9 a levada mais dan\u00e7ante, as guitarras que conversam entre si, a linha de baixo que segue cantarolando e a minha interpreta\u00e7\u00e3o mais ousada. Encarei uma personagem mais atirada.<\/p>\n<p style=\"text-align: justify;\"><strong>Voc\u00ea tem uma carreira de compositora bastante ativa, mas as vers\u00f5es sempre foram um destaque na sua trajet\u00f3ria &#8211; e \u00e9 um orgulho para o Scream &amp; Yell ter reunido alguns desses covers no \u00e1lbum virtual &#8220;Pomar&#8221; (2021). E eu queria te pedir um Top 3 de vers\u00f5es que voc\u00ea gravou e que voc\u00ea pensa &#8220;nossa, acertei demais aqui&#8221;. E o que nelas voc\u00ea destaca?<\/strong><br \/>\n&#8220;Abre Alas&#8221; (original de Ivan Lins e Vitor Martins) \u00e9 uma que eu tenho muito orgulho e toco em todos os shows. Al\u00e9m do conte\u00fado pol\u00edtico dela, infelizmente super atual, eu vejo essa m\u00fasica como meu pr\u00f3prio renascimento, sabe? Minha sa\u00edda de um per\u00edodo mais escuro e depressivo pra um momento de tomar as r\u00e9deas da minha vida. Acho que isso se refletiu no arranjo.<\/p>\n<p style=\"text-align: justify;\">Depois, claro, &#8220;Cheia de Manias&#8221; (Ra\u00e7a Negra). Quando comecei a pensar em fazer os metais com o tremolo na guitarra, inspirada por &#8220;Bang Bang&#8221; da Nancy Sinatra, comecei a vislumbrar que algo bem diferente ia rolar com essa m\u00fasica e que poderia ser &#8220;amar ou odiar&#8221;. Mas o pr\u00f3prio Luiz Carlos achou um barato, ent\u00e3o, miss\u00e3o cumprida. E claro, essa m\u00fasica me abriu muitas portas.<\/p>\n<p style=\"text-align: justify;\">Por \u00faltimo, queria falar de &#8220;She Has No Time&#8221; (Keane), que ficou t\u00e3o delicada que me emociona toda vez que ou\u00e7o. Foi um dueto que fiz com Geraldo C\u00f4rtes, que tocava comigo na \u00e9poca e onde colocamos muitos sentimentos tanto na levada de viol\u00e3o quanto no vocal. E pra mim, estava conectada demais com o momento de vida que estava passando e eu vivi cada s\u00edlaba.<\/p>\n<p style=\"text-align: justify;\">Aproveito pra dizer que essa e algumas outras faixas do &#8220;Pomar&#8221;, no momento est\u00e3o exclusivamente aqui no site do Scream &amp; Yell, <a href=\"https:\/\/screamyell.com.br\/site\/2021\/09\/29\/selo-scream-yell-baixe-pomar-de-vivian-benford\/\">ent\u00e3o clica aqui e baixa<\/a>, porque nos streamings s\u00f3 temos uma parte do disco.<\/p>\n<p style=\"text-align: justify;\"><strong>E j\u00e1 que a gente falou sobre o seu lado de compositora&#8230; como est\u00e3o os projetos para um novo disco de in\u00e9ditas: H\u00e1 algo no horizonte?<\/strong><br \/>\nSempre! J\u00e1 estou separando repert\u00f3rio pro meu pr\u00f3ximo EP e dessa vez, al\u00e9m de m\u00fasicas dos meus compositores parceiros, como o Rodrigo EBA!, tamb\u00e9m vai ter composi\u00e7\u00e3o minha e isso me impulsiona muito. Como \u00e9 um trabalho de formiguinha, artesanal e independente, ainda n\u00e3o tem data. Mas t\u00e1 vindo e j\u00e1 adianto que vai sacramentar o fim de uma fase bem cinza da minha vida e vamos dar espa\u00e7o pra cores e personagens diferentes dos meus trabalhos anteriores.<\/p>\n<p><iframe loading=\"lazy\" title=\"Cheia de Manias (Ra\u00e7a Negra)  - Vivian Benford Vers\u00e3o Jeito Felindie\" width=\"747\" height=\"420\" src=\"https:\/\/www.youtube.com\/embed\/Xmb9HpVBnXU?feature=oembed\" frameborder=\"0\" allow=\"accelerometer; autoplay; clipboard-write; encrypted-media; gyroscope; picture-in-picture; web-share\" referrerpolicy=\"strict-origin-when-cross-origin\" allowfullscreen><\/iframe><\/p>\n<p><iframe loading=\"lazy\" title=\"Abre Alas\" width=\"747\" height=\"560\" src=\"https:\/\/www.youtube.com\/embed\/VIEuAIELx38?feature=oembed\" frameborder=\"0\" allow=\"accelerometer; autoplay; clipboard-write; encrypted-media; gyroscope; picture-in-picture; web-share\" referrerpolicy=\"strict-origin-when-cross-origin\" allowfullscreen><\/iframe><\/p>\n<p>&nbsp;<\/p>\n<p><em>\u2013 Marcelo Costa (<a href=\"https:\/\/twitter.com\/screamyell\" target=\"_blank\" rel=\"noopener noreferrer\">@screamyell<\/a>) \u00e9 editor do Scream &amp; Yell e assina a\u00a0<a href=\"https:\/\/screamyell.com.br\/blog\/\" target=\"_blank\" rel=\"noopener noreferrer\">Calmantes com Champagne<\/a>.\u00a0<\/em><\/p>\n","protected":false},"excerpt":{"rendered":"Enquanto prepara material pr\u00f3prio para um vindouro pr\u00f3ximo EP, Vivian Benford apresenta sua vers\u00e3o de &#8220;Perigo&#8221;, cl\u00e1ssico dos anos 1980\n<a class=\"moretag\" href=\"https:\/\/screamyell.com.br\/site\/2026\/09\/03\/vivian-benford-lanca-single-clipe-de-perigo-zizi-possi-e-avisa-encarei-uma-personagem-mais-atirada\/\"> [...]<\/a>","protected":false},"author":2,"featured_media":97284,"comment_status":"open","ping_status":"open","sticky":false,"template":"","format":"standard","meta":[],"categories":[7548,3],"tags":[1412],"_links":{"self":[{"href":"https:\/\/screamyell.com.br\/site\/wp-json\/wp\/v2\/posts\/97281"}],"collection":[{"href":"https:\/\/screamyell.com.br\/site\/wp-json\/wp\/v2\/posts"}],"about":[{"href":"https:\/\/screamyell.com.br\/site\/wp-json\/wp\/v2\/types\/post"}],"author":[{"embeddable":true,"href":"https:\/\/screamyell.com.br\/site\/wp-json\/wp\/v2\/users\/2"}],"replies":[{"embeddable":true,"href":"https:\/\/screamyell.com.br\/site\/wp-json\/wp\/v2\/comments?post=97281"}],"version-history":[{"count":3,"href":"https:\/\/screamyell.com.br\/site\/wp-json\/wp\/v2\/posts\/97281\/revisions"}],"predecessor-version":[{"id":97286,"href":"https:\/\/screamyell.com.br\/site\/wp-json\/wp\/v2\/posts\/97281\/revisions\/97286"}],"wp:featuredmedia":[{"embeddable":true,"href":"https:\/\/screamyell.com.br\/site\/wp-json\/wp\/v2\/media\/97284"}],"wp:attachment":[{"href":"https:\/\/screamyell.com.br\/site\/wp-json\/wp\/v2\/media?parent=97281"}],"wp:term":[{"taxonomy":"category","embeddable":true,"href":"https:\/\/screamyell.com.br\/site\/wp-json\/wp\/v2\/categories?post=97281"},{"taxonomy":"post_tag","embeddable":true,"href":"https:\/\/screamyell.com.br\/site\/wp-json\/wp\/v2\/tags?post=97281"}],"curies":[{"name":"wp","href":"https:\/\/api.w.org\/{rel}","templated":true}]}}