{"id":93471,"date":"2026-01-25T22:57:18","date_gmt":"2026-01-26T01:57:18","guid":{"rendered":"https:\/\/screamyell.com.br\/site\/?p=93471"},"modified":"2026-02-09T01:14:03","modified_gmt":"2026-02-09T04:14:03","slug":"entrevista-ramon-coutinho-fala-sobre-a-praga-do-residuo-verde-curta-exibido-na-mostra-de-cinema-de-tiradentes-2026","status":"publish","type":"post","link":"https:\/\/screamyell.com.br\/site\/2026\/01\/25\/entrevista-ramon-coutinho-fala-sobre-a-praga-do-residuo-verde-curta-exibido-na-mostra-de-cinema-de-tiradentes-2026\/","title":{"rendered":"Entrevista: Ramon Coutinho fala sobre o curta-metragem &#8220;A Praga do Res\u00edduo Verde&#8221;"},"content":{"rendered":"<h2 style=\"text-align: center;\"><strong>entrevista de <a href=\"https:\/\/www.facebook.com\/joao.paulo.barreto.824529\" target=\"_blank\" rel=\"noopener noreferrer\">Jo\u00e3o Paulo Barreto<\/a><\/strong><\/h2>\n<p style=\"text-align: justify;\">Exibido dentro da programa\u00e7\u00e3o da Mostra Foco, \u201cA Praga do Res\u00edduo Verde\u201d, novo trabalho do diretor Ramon Coutinho, \u00e9 um dos destaques da 29\u00aa edi\u00e7\u00e3o da <a href=\"https:\/\/mostratiradentes.com.br\/\" target=\"_blank\" rel=\"noopener\">Mostra de Cinema de Tiradentes<\/a>. Inventivo em sua proposta c\u00f4mica, este novo curta do diretor de \u201c<a href=\"https:\/\/screamyell.com.br\/site\/2025\/11\/09\/entrevista-ramon-coutinho-fala-sobre-seu-primeiro-longa-metragem-jamex-e-o-fim-do-medo-uma-distopia-de-quintal\/\" target=\"_blank\" rel=\"noopener\">Jamex e o Fim do Medo<\/a>\u201d (2024) volta a abordar situa\u00e7\u00f5es nonsenses trazidas pelo seu projeto Gelo na Chapa.<\/p>\n<p style=\"text-align: justify;\">Diretor de filmes marcantes como \u201cRitual Pam Pam Pam\u201d (2014), \u201cViagem a Caiataia\u201d (2018), \u201cO terceiro que o fantasma deu\u201d (2021) e \u201cGaivotas ou O Que Fazer com os Bra\u00e7os\u201d (2015), realizados pelo Coletivo Urgente de Audiovisual &#8211; CUAL, Ramon tem em seu cinema um s\u00edmbolo que representa bem o audiovisual feito na Bahia por uma nova gera\u00e7\u00e3o de realizadores desde a d\u00e9cada passada.<\/p>\n<p style=\"text-align: justify;\">Neste papo com o Scream &amp; Yell, Ramon aprofunda o processo de cria\u00e7\u00e3o deste novo trabalho: &#8220;Me interessa esse flerte entre acontecimentos banais com o assombro e a estranheza&#8221;, avisa o realizador. Confira!<\/p>\n<p><iframe loading=\"lazy\" title=\"A praga do res\u00edduo verde - teaser\" width=\"747\" height=\"420\" src=\"https:\/\/www.youtube.com\/embed\/xl1nXPHqTVw?feature=oembed\" frameborder=\"0\" allow=\"accelerometer; autoplay; clipboard-write; encrypted-media; gyroscope; picture-in-picture; web-share\" referrerpolicy=\"strict-origin-when-cross-origin\" allowfullscreen><\/iframe><\/p>\n<p style=\"text-align: justify;\"><strong>O aspecto c\u00f4mico do filme, em sua situa\u00e7\u00e3o nonsense envolvendo o achado de uma suposta subst\u00e2ncia t\u00f3xica em uma lata de lixo de condom\u00ednio, trouxe, ao menos para mim, uma reflex\u00e3o sobre aspectos relacionados \u00e0 paranoia diante do desconhecido, diante do que \u00e9 estranho, beirando muito na ideia do medo do estrangeiro, algo t\u00e3o em evid\u00eancia em tempos xen\u00f3fobos. Na escrita do roteiro, houve essa ideia sua, tamb\u00e9m? De trazer essa an\u00e1lise por parte de seu p\u00fablico? Ou \u00e9 pira\u00e7\u00e3o minha?<\/strong><br \/>\n\u00c9 uma boa pira. Acho importante produzir nos filmes gestos e s\u00edmbolos que a espectadora possa criar interpreta\u00e7\u00f5es pr\u00f3pias. Esses cinemas que celebram algum mist\u00e9rio esquisito sempre me cativaram. Acho que h\u00e1 no filme muitas margens pra interpreta\u00e7\u00f5es, mas tem algo de muito direto ali: o trabalho, nossas rela\u00e7\u00f5es sociais, o lixo de cada dia. Me interessa esse flerte entre acontecimentos banais com o assombro e a estranheza. Esse desconhecido vira uma possibilidade de redescoberta para quem v\u00ea e pra quem faz. Eu quero saber o que o filme pode significar e n\u00e3o entregar um siginificado fechado. O filme em si talvez seja esse estrangeiro que fala em l\u00edngua estranha, que tenciona fronteiras\u2026<\/p>\n<p style=\"text-align: justify;\"><strong>Outro ponto que refor\u00e7ou em mim essa a an\u00e1lise \u00e9 o fato de seus personagens falarem uma l\u00edngua desconhecida para o p\u00fablico, mas perfeitamente compreens\u00edvel entre eles. Essa ideia de refletir sobre\u202fuma barreira comunicacional foi intencional?<\/strong><br \/>\nParte do jogo do filme \u00e9 justamente esse (des)encontro da linguagem. A dublagem \u00e9 algo muito comum na experi\u00eancia cin\u00e9fila e mais ainda a legenda. Queria que esses elementos integrados fossem parte da est\u00e9tica do filme. A ideia era inventar um espa\u00e7o a partir de um outro idioma\u2026 O cinema vive a partir das novas linguagens e porque n\u00e3o inventar uma pr\u00f3pria que s\u00f3 existe ali naquele filme? O desejo de radicalidade na \u201cPraga do res\u00edduo verde\u201d partiu dessa experimenta\u00e7\u00e3o sonora junto com o roteiro. A imagem s\u00f3 precisou florar em torno desses elementos\u2026 Importante lembrar que o filme faz parte da trilogia das \u201cPragas\u201d, sendo o primeiro filme feito em 2011 chamado \u201cA praga do desaprecimento imperfeito\u201d, tamb\u00e9m produzido pelo CUAL.<\/p>\n<figure id=\"attachment_93473\" aria-describedby=\"caption-attachment-93473\" style=\"width: 750px\" class=\"wp-caption aligncenter\"><img decoding=\"async\" loading=\"lazy\" class=\"size-full wp-image-93473\" src=\"https:\/\/screamyell.com.br\/site\/wp-content\/uploads\/2026\/01\/imagem-a-praga3-copiar.jpg\" alt=\"\" width=\"750\" height=\"440\" srcset=\"https:\/\/screamyell.com.br\/site\/wp-content\/uploads\/2026\/01\/imagem-a-praga3-copiar.jpg 750w, https:\/\/screamyell.com.br\/site\/wp-content\/uploads\/2026\/01\/imagem-a-praga3-copiar-300x176.jpg 300w\" sizes=\"(max-width: 750px) 100vw, 750px\" \/><figcaption id=\"caption-attachment-93473\" class=\"wp-caption-text\"><em>Cena de \u201cA Praga do Res\u00edduo Verde\u201d<\/em><\/figcaption><\/figure>\n<p style=\"text-align: justify;\"><strong>Ap\u00f3s \u201cJamex e o Fim do Medo\u201d, voc\u00ea volta a abordar uma ideia de uma Salvador acometida por um cen\u00e1rio radioativo, mas dessa vez em uma abordagem mais local. Poderia falar um pouco sobre essa rima narrativa e tem\u00e1tica? Foi proposital ou coincid\u00eancia?<\/strong><br \/>\nFabula\u00e7\u00f5es especulativas fazem parte dos meus roteiros quase sempre. Sinto que s\u00f3 estou expandido formas de falar sobre certos temas. A cidade certamente \u00e9 das coisas mais cinematogr\u00e1ficas que existem, e nesse filme tentei recortar de Salvadolores (cidade inventada para Jamex e o Fim do Medo) um edif\u00edcio classe m\u00e9dia, um microcosmo dessa cidade maluca. O tema sobre radioatividade como simbologia apocalipt\u00edca \u00e9 uma rima sim. Em \u201cJamex e o Fim do Medo\u201d esse elemento tencionou a cidade, cortada pelo passo e a inven\u00e7\u00e3o do artista. Aqui a contamina\u00e7\u00e3o est\u00e1 bem ao lado&#8230;<\/p>\n<p style=\"text-align: justify;\"><strong>\u00c9 sempre surpreendente ver Carlos Baumgarten atuando em seus v\u00e1rios curtas e perceb\u00ea-lo como um talento natural nessa \u00e1rea. Como a amizade de tanto tempo ajuda nessa sintonia diretor\/ator? Da mesma forma, o trabalho com Marcus Curvelo, Luisa Maciel e \u00c1lvaro Andrade, tamb\u00e9m atores\u202f no seu filme, \u00e9 facilitado por essa cumplicidade?<\/strong><br \/>\nO cinema que a gente faz s\u00f3 \u00e9 poss\u00edvel pelo encontro afetivo e criativo\u2026 N\u00e3o me interessa muito fazer um cinema que organiza uma equipe a partir das mesmas fun\u00e7\u00f5es. No filme todos atuaram e filmaram, todos produziram autoria. A regra era inventar um espa\u00e7o de inven\u00e7\u00e3o e brincadeira. Quando convidei essas pessoas amigas sabia que algo potente podia nascer&#8230; A espontaneidade como recurso para o novo. Carlos Baumgarten \u00e9 cinema nas ideias e na cara, o modo particular da atua\u00e7\u00e3o dele se expande em cada nova atua\u00e7\u00e3o. Ele sempre estar\u00e1 nos meus filmes e ele j\u00e1 atuou em v\u00e1rios outros que n\u00f3s fazemos, mas \u00e9 o primeiro que est\u00e1 como protagonista. Marcus Curvelo, Luisa Maciel, Luma Santana e \u00c1lvaro Andrade tornaram tamb\u00e9m esse filme poss\u00edvel por conta dessa sintonia ator\/autor. Fiquei meses e meses escrevendo esse roteiro solitariamente, mas quando a gente foi fazer juntos a ideia rearranjou sua forma, dilatou, derreteu.<\/p>\n<p><img decoding=\"async\" loading=\"lazy\" class=\"alignnone size-full wp-image-93472 aligncenter\" src=\"https:\/\/screamyell.com.br\/site\/wp-content\/uploads\/2026\/01\/CARTAZa-praga-do-residuo-verde-2-copiar.jpg\" alt=\"\" width=\"750\" height=\"1333\" srcset=\"https:\/\/screamyell.com.br\/site\/wp-content\/uploads\/2026\/01\/CARTAZa-praga-do-residuo-verde-2-copiar.jpg 750w, https:\/\/screamyell.com.br\/site\/wp-content\/uploads\/2026\/01\/CARTAZa-praga-do-residuo-verde-2-copiar-169x300.jpg 169w\" sizes=\"(max-width: 750px) 100vw, 750px\" \/><\/p>\n<p style=\"text-align: justify;\"><em>\u2013\u00a0<a href=\"https:\/\/www.facebook.com\/profile.php?id=100009655066720\" target=\"_blank\" rel=\"noopener noreferrer\">Jo\u00e3o Paulo Barreto\u00a0<\/a>\u00e9 jornalista, cr\u00edtico de cinema e curador do\u00a0<a href=\"http:\/\/coisadecinema.com.br\/xiii-panorama\/apresentacao\/panorama-2017\/\" target=\"_blank\" rel=\"noopener noreferrer\">Festival Panorama Internacional Coisa de Cinema<\/a>. Membro da Abraccine, colabora para o Jornal A Tarde, de Salvador, e \u00e9 autor de \u201c<a href=\"https:\/\/screamyell.com.br\/site\/2024\/11\/11\/entrevista-mitico-guitarrista-baiano-alvaro-assmar-ganha-biografia-joao-paulo-barreto-fala-sobre-uma-vida-blues\/\" target=\"_blank\" rel=\"noopener\">Uma Vida Blues<\/a>\u201d, biografia de \u00c1lvaro Assmar.<\/em><\/p>\n","protected":false},"excerpt":{"rendered":"&#8220;Parte do jogo do filme \u00e9 justamente esse (des)encontro da linguagem. A dublagem \u00e9 algo muito comum na experi\u00eancia cin\u00e9fila&#8221;, pontua Ramon.\n<a class=\"moretag\" href=\"https:\/\/screamyell.com.br\/site\/2026\/01\/25\/entrevista-ramon-coutinho-fala-sobre-a-praga-do-residuo-verde-curta-exibido-na-mostra-de-cinema-de-tiradentes-2026\/\"> [...]<\/a>","protected":false},"author":21,"featured_media":93474,"comment_status":"open","ping_status":"open","sticky":false,"template":"","format":"standard","meta":[],"categories":[4],"tags":[6544,7996],"_links":{"self":[{"href":"https:\/\/screamyell.com.br\/site\/wp-json\/wp\/v2\/posts\/93471"}],"collection":[{"href":"https:\/\/screamyell.com.br\/site\/wp-json\/wp\/v2\/posts"}],"about":[{"href":"https:\/\/screamyell.com.br\/site\/wp-json\/wp\/v2\/types\/post"}],"author":[{"embeddable":true,"href":"https:\/\/screamyell.com.br\/site\/wp-json\/wp\/v2\/users\/21"}],"replies":[{"embeddable":true,"href":"https:\/\/screamyell.com.br\/site\/wp-json\/wp\/v2\/comments?post=93471"}],"version-history":[{"count":5,"href":"https:\/\/screamyell.com.br\/site\/wp-json\/wp\/v2\/posts\/93471\/revisions"}],"predecessor-version":[{"id":93808,"href":"https:\/\/screamyell.com.br\/site\/wp-json\/wp\/v2\/posts\/93471\/revisions\/93808"}],"wp:featuredmedia":[{"embeddable":true,"href":"https:\/\/screamyell.com.br\/site\/wp-json\/wp\/v2\/media\/93474"}],"wp:attachment":[{"href":"https:\/\/screamyell.com.br\/site\/wp-json\/wp\/v2\/media?parent=93471"}],"wp:term":[{"taxonomy":"category","embeddable":true,"href":"https:\/\/screamyell.com.br\/site\/wp-json\/wp\/v2\/categories?post=93471"},{"taxonomy":"post_tag","embeddable":true,"href":"https:\/\/screamyell.com.br\/site\/wp-json\/wp\/v2\/tags?post=93471"}],"curies":[{"name":"wp","href":"https:\/\/api.w.org\/{rel}","templated":true}]}}