{"id":92895,"date":"2025-11-22T00:01:19","date_gmt":"2025-11-22T03:01:19","guid":{"rendered":"https:\/\/screamyell.com.br\/site\/?p=92895"},"modified":"2025-12-12T11:08:03","modified_gmt":"2025-12-12T14:08:03","slug":"cinema-a-propria-carne-e-um-atestado-das-muitas-licoes-que-o-terror-brasileiro-ainda-tem-a-aprender","status":"publish","type":"post","link":"https:\/\/screamyell.com.br\/site\/2025\/11\/22\/cinema-a-propria-carne-e-um-atestado-das-muitas-licoes-que-o-terror-brasileiro-ainda-tem-a-aprender\/","title":{"rendered":"Cinema: \u201cA Pr\u00f3pria Carne\u201d \u00e9 um atestado das muitas li\u00e7\u00f5es que o terror brasileiro ainda tem a aprender"},"content":{"rendered":"<h2 style=\"text-align: center;\"><strong>texto de\u00a0<a href=\"https:\/\/www.facebook.com\/caro.davii\" target=\"_blank\" rel=\"noopener\">Davi Caro<\/a><\/strong><\/h2>\n<p style=\"text-align: justify;\">Expectativa \u00e9 mesmo uma coisa complicada. Quando o projeto do longa \u201cA Pr\u00f3pria Carne\u201d foi anunciado, em uma iniciativa conjunta do diretor Ian SBF \u2013 conhecido por seu trabalho junto \u00e0 turma do Porta dos Fundos \u2013 e dos produtores Alexandre Ottoni, vulgo Jovem Nerd, e Deive \u201cAzaghal\u201d Pazos \u2013 criadores de conte\u00fado que ajudaram a praticamente inventar o podcast no Brasil \u2013 as possibilidades pareciam infinitas, al\u00e9m de promissoras. Um terror de \u00e9poca, ambientado durante a Guerra da Tr\u00edplice Alian\u00e7a (na qual uma uni\u00e3o entre Brasil, Argentina e Uruguai contra o Paraguai deixou mais de 400 mil mortos entre 1864 e 1870), roteirizado por m\u00e3os mais do que competentes (quem j\u00e1 escutou os ricamente elaborados epis\u00f3dios de RPG do Nerdcast sabe bem), comprometidas em retratar o per\u00edodo escolhido com fidelidade, e sem dosar a medida quanto ao gore. Parecia bom demais para ser verdade.<\/p>\n<p style=\"text-align: justify;\">\u00c0 despeito de qualquer ressalva \u2013 e haver\u00e1 algumas, como se ver\u00e1 adiante \u2013 \u00e9 necess\u00e1rio reconhecer o esfor\u00e7o comend\u00e1vel que possibilitou a exist\u00eancia de \u201cA Pr\u00f3pria Carne\u201d, elaborado atrav\u00e9s da combina\u00e7\u00e3o de for\u00e7as da Neebla Filmes e da Nonsense Creations. Seja do ponto de vista t\u00e9cnico, relacionado a cinematografia da produ\u00e7\u00e3o, ou mesmo em rela\u00e7\u00e3o ao argumento que deu lugar ao roteiro, \u00e9 not\u00e1vel a inten\u00e7\u00e3o de realizar um projeto de terror como, ainda hoje, pouco se v\u00ea em grandes salas. O percurso em dire\u00e7\u00e3o \u00e0 conclus\u00e3o destas expectativas, no entanto, \u00e9 no m\u00ednimo acidentado. Algo que, por diversas vezes, inevitavelmente transparece na tela.<\/p>\n<p><img decoding=\"async\" loading=\"lazy\" class=\"alignnone size-full wp-image-92897 aligncenter\" src=\"https:\/\/screamyell.com.br\/site\/wp-content\/uploads\/2025\/11\/apropria3.jpg\" alt=\"\" width=\"750\" height=\"440\" srcset=\"https:\/\/screamyell.com.br\/site\/wp-content\/uploads\/2025\/11\/apropria3.jpg 750w, https:\/\/screamyell.com.br\/site\/wp-content\/uploads\/2025\/11\/apropria3-300x176.jpg 300w\" sizes=\"(max-width: 750px) 100vw, 750px\" \/><\/p>\n<p style=\"text-align: justify;\">Em meio ao macabro conflito que derramou sangue ao Sul da Am\u00e9rica Latina, tr\u00eas soldados desertores \u2013 Gustavo (Jorge Guerreiro), Gabriel (Pierre Baiteli) e Anselmo (George Sauma) \u2013 cruzam a floresta procurando evadir os militares que os ca\u00e7am, ap\u00f3s o primeiro destes haver sido ferido em um conflito pr\u00e9vio. Se esgueirando pela floresta, o trio encontra uma fazenda dilapidada, habitada por um fazendeiro no m\u00ednimo suspeito (Luiz Carlos Persy) e uma garota (Jade Mascarenhas). Enquanto aguardam uma chance de sa\u00edrem da regi\u00e3o \u2013 e salvarem suas vidas \u2013 os rapazes pouco a pouco se d\u00e3o conta de que n\u00e3o est\u00e3o sozinhos na fazenda. E, aos poucos, uma sinistra trama que envolve os habitantes do lugar onde se abrigaram come\u00e7a a se revelar, com um potencial ainda mais destrutivo do que o conflito do qual, a duras penas, eles buscaram escapar.<\/p>\n<p style=\"text-align: justify;\">Conceitualmente falando, \u00e9 um enredo que deveria funcionar, e muito bem. Ao longo das mais de uma hora e meia de dura\u00e7\u00e3o, a produ\u00e7\u00e3o estabelece um ritmo que acaba construindo tens\u00e3o e que se vale de tomadas quase totalmente silenciosas para cativar o espectador (merecedora de destaque, inclusive, \u00e9 a trilha sonora de Bruno \u201cGovis\u201d Gouveia, que j\u00e1 possui extenso hist\u00f3rico de colabora\u00e7\u00f5es com Ottoni e Pazos). \u00c9 na realiza\u00e7\u00e3o da trama, entretanto, que \u201cA Pr\u00f3pria Carne\u201d se perde. Passagens mal resolvidas, pontas soltas que permanecem sem resolu\u00e7\u00e3o e uma conclus\u00e3o abrupta acabam por macular, ainda que n\u00e3o totalmente, a experi\u00eancia de acompanhar o filme. A cinematografia, por sua vez, conjura bem o clima claustrof\u00f3bico e paranoico do assustador ambiente no qual o roteiro se desenrola, apesar de determinados trechos onde um trabalho de edi\u00e7\u00e3o um pouco truncado fica mais evidente. Neste sentido, a inspira\u00e7\u00e3o em trabalhos como o inesquec\u00edvel \u201cO Enigma de Outro Mundo\u201d de John Carpenter (1982) \u00e9 f\u00e1cil de perceber.<\/p>\n<p><iframe loading=\"lazy\" title=\"A Pro\u0301pria Carne | Trailer Oficial\" width=\"747\" height=\"420\" src=\"https:\/\/www.youtube.com\/embed\/7glpchicZqc?feature=oembed\" frameborder=\"0\" allow=\"accelerometer; autoplay; clipboard-write; encrypted-media; gyroscope; picture-in-picture; web-share\" referrerpolicy=\"strict-origin-when-cross-origin\" allowfullscreen><\/iframe><\/p>\n<p style=\"text-align: justify;\">\u201cA Pr\u00f3pria Carne\u201d se garante em, pelo menos, duas frentes: primeiro, na escala\u00e7\u00e3o do elenco \u2013 sobretudo do principal antagonista. Luiz Carlos Persy j\u00e1 havia fincado seu nome em outro projeto ambicioso vinculado \u00e0 marca Jovem Nerd, tendo participado do primoroso \u00e1udio-drama \u201cFran\u00e7a e o Labirinto\u201d (lan\u00e7ado em parceria com o Spotify e contando com Selton Mello como protagonista). Aqui, Persy toma para si trejeitos que poderiam ser caricatos de t\u00e3o arquet\u00edpicos, e os converte em uma performance magn\u00e9tica e memor\u00e1vel. \u00c9 at\u00e9 injusto falar do restante do elenco, respons\u00e1vel por um trabalho em grande parte competente \u2013 em que pese a falta de desenvolvimento de determinados personagens, que acabam sendo relegados a uma unidimensionalidade decepcionante \u2013 frente ao desempenho do vilanesco fazendeiro. O outro acerto do filme est\u00e1 no uso de efeitos pr\u00e1ticos. Boa parte da sujeira est\u00e9tica almejada pela dire\u00e7\u00e3o de Ian SBF tem como alicerce os litros de sangue que jorram na tela, e a abordagem (dolorosamente) realista de tomadas mais violentas com certeza satisfaz os entusiastas de v\u00edsceras prost\u00e9ticas. Ainda mais levando em considera\u00e7\u00e3o o desfecho do filme, t\u00e3o enigm\u00e1tico quanto anti-clim\u00e1tico.<\/p>\n<p style=\"text-align: justify;\">A sensa\u00e7\u00e3o que fica ao final de \u201cA Pr\u00f3pria Carne\u201d \u2013 se estendendo ao p\u00f3s-cr\u00e9ditos, diga-se de passagem \u2013 \u00e9 a de uma oportunidade bem pensada, planejada e esquematizada, mas cuja realiza\u00e7\u00e3o se mostra aqu\u00e9m do prometido e esperado. Decis\u00f5es criativas inovadoras e bem embasadas (com o tamb\u00e9m podcaster Icles Rodrigues, do \u201cHist\u00f3ria FM\u201d, servindo como consultor hist\u00f3rico) s\u00e3o fundamentais, e o esfor\u00e7o em seguir a inspira\u00e7\u00e3o com os melhores resultados em mente s\u00e3o percept\u00edveis aqui. No entanto, nem um, nem outro s\u00e3o capazes de carregar um longa com tamanha ambi\u00e7\u00e3o, e expectativa, nas costas. Resta saber se os ganchos indicados ao fim do filme ter\u00e3o sequ\u00eancia; a ideia de um trabalho brasileiro calcado no horror c\u00f3smico \u00e9, pelo menos, instigante. O que \u00e9 poss\u00edvel constatar agora, por\u00e9m, \u00e9 que \u201cA Pr\u00f3pria Carne\u201d serve como um testamento ao grande potencial que o terror brasileiro possui. E \u00e0s muitas li\u00e7\u00f5es que ainda restam a serem aprendidas pelo caminho. Afinal, de boas inten\u00e7\u00f5es, o inferno est\u00e1 cheio \u2013 seja ele real ou imagin\u00e1rio.<\/p>\n<p><img decoding=\"async\" loading=\"lazy\" class=\"alignnone size-full wp-image-92896 aligncenter\" src=\"https:\/\/screamyell.com.br\/site\/wp-content\/uploads\/2025\/11\/apropria.jpg\" alt=\"\" width=\"750\" height=\"1000\" srcset=\"https:\/\/screamyell.com.br\/site\/wp-content\/uploads\/2025\/11\/apropria.jpg 750w, https:\/\/screamyell.com.br\/site\/wp-content\/uploads\/2025\/11\/apropria-225x300.jpg 225w\" sizes=\"(max-width: 750px) 100vw, 750px\" \/><\/p>\n<p><em>\u2013<a href=\"https:\/\/www.youtube.com\/watch?v=4cfQaQO-YD4\">\u00a0Davi Caro<\/a>\u00a0\u00e9 professor<a href=\"https:\/\/www.youtube.com\/watch?v=4cfQaQO-YD4\">,<\/a>\u00a0tradutor, m\u00fasico, escritor e estudante de Jornalismo. Leia mais textos dele\u00a0<a href=\"https:\/\/screamyell.com.br\/site\/author\/davi-caro\/\" target=\"_blank\" rel=\"noopener\">aqui<\/a>.<\/em><\/p>\n","protected":false},"excerpt":{"rendered":"\u201cA Pr\u00f3pria Carne\u201d serve como um testamento ao grande potencial que o terror brasileiro possui. E \u00e0s muitas li\u00e7\u00f5es que ainda restam a serem aprendidas pelo caminho\n<a class=\"moretag\" href=\"https:\/\/screamyell.com.br\/site\/2025\/11\/22\/cinema-a-propria-carne-e-um-atestado-das-muitas-licoes-que-o-terror-brasileiro-ainda-tem-a-aprender\/\"> [...]<\/a>","protected":false},"author":134,"featured_media":92898,"comment_status":"open","ping_status":"open","sticky":false,"template":"","format":"standard","meta":[],"categories":[4],"tags":[],"_links":{"self":[{"href":"https:\/\/screamyell.com.br\/site\/wp-json\/wp\/v2\/posts\/92895"}],"collection":[{"href":"https:\/\/screamyell.com.br\/site\/wp-json\/wp\/v2\/posts"}],"about":[{"href":"https:\/\/screamyell.com.br\/site\/wp-json\/wp\/v2\/types\/post"}],"author":[{"embeddable":true,"href":"https:\/\/screamyell.com.br\/site\/wp-json\/wp\/v2\/users\/134"}],"replies":[{"embeddable":true,"href":"https:\/\/screamyell.com.br\/site\/wp-json\/wp\/v2\/comments?post=92895"}],"version-history":[{"count":1,"href":"https:\/\/screamyell.com.br\/site\/wp-json\/wp\/v2\/posts\/92895\/revisions"}],"predecessor-version":[{"id":92899,"href":"https:\/\/screamyell.com.br\/site\/wp-json\/wp\/v2\/posts\/92895\/revisions\/92899"}],"wp:featuredmedia":[{"embeddable":true,"href":"https:\/\/screamyell.com.br\/site\/wp-json\/wp\/v2\/media\/92898"}],"wp:attachment":[{"href":"https:\/\/screamyell.com.br\/site\/wp-json\/wp\/v2\/media?parent=92895"}],"wp:term":[{"taxonomy":"category","embeddable":true,"href":"https:\/\/screamyell.com.br\/site\/wp-json\/wp\/v2\/categories?post=92895"},{"taxonomy":"post_tag","embeddable":true,"href":"https:\/\/screamyell.com.br\/site\/wp-json\/wp\/v2\/tags?post=92895"}],"curies":[{"name":"wp","href":"https:\/\/api.w.org\/{rel}","templated":true}]}}