{"id":92324,"date":"2025-10-31T09:50:44","date_gmt":"2025-10-31T12:50:44","guid":{"rendered":"https:\/\/screamyell.com.br\/site\/?p=92324"},"modified":"2025-11-14T15:10:31","modified_gmt":"2025-11-14T18:10:31","slug":"primavera-nos-dentes-a-historia-do-secos-molhados-e-um-registro-belo-digno-resignado-e-essencial","status":"publish","type":"post","link":"https:\/\/screamyell.com.br\/site\/2025\/10\/31\/primavera-nos-dentes-a-historia-do-secos-molhados-e-um-registro-belo-digno-resignado-e-essencial\/","title":{"rendered":"\u201cPrimavera Nos Dentes: A Hist\u00f3ria do Secos &#038; Molhados\u201d \u00e9 um registro belo, digno, resignado, e essencial"},"content":{"rendered":"<h2 style=\"text-align: center;\"><strong>texto de\u00a0<a href=\"https:\/\/www.facebook.com\/caro.davii\" target=\"_blank\" rel=\"noopener\">Davi Caro<\/a><\/strong><\/h2>\n<p style=\"text-align: justify;\">Mesmo ap\u00f3s mais de 50 anos, a trajet\u00f3ria do Secos &amp; Molhados ainda \u00e9 um dos fen\u00f4menos mais surreais da hist\u00f3ria da cultura popular brasileira. O grupo, que em sua forma\u00e7\u00e3o cl\u00e1ssica juntou Ney Matogrosso (vocais), Jo\u00e3o Ricardo (viol\u00f5es e vocais) e Gerson Conrad (viol\u00f5es), possui at\u00e9 hoje um indisput\u00e1vel apelo em meio aos f\u00e3s antigos e novos, entre testemunhas de primeira hora e aqueles convertidos ap\u00f3s a fragmenta\u00e7\u00e3o do trio. Este apelo se torna ainda mais impressionante quando se considera o contraste entre a curta carreira da forma\u00e7\u00e3o, que se encerrou em 1974, e o impacto gerado pelos dois discos lan\u00e7ados pela venerada banda.<\/p>\n<p style=\"text-align: justify;\">Esse mesmo impacto, em grande parte alimentado pela ruptura prematura, demorou muito para resultar em uma tentativa aprofundada de documentar, com min\u00facia, precis\u00e3o, e comprometimento, o mete\u00f3rico per\u00edodo de um ano no qual os Secos foram de um burburinho underground para um estouro massificado. \u201cPrimavera Nos Dentes: A Hist\u00f3ria do Secos &amp; Molhados\u201d (2025), miniss\u00e9rie documental em quatro epis\u00f3dios dirigida por Miguel de Almeida (que \u00e9 autor do livra\u00e7o de mesmo nome, tamb\u00e9m dedicado \u00e0 hist\u00f3ria da banda), e cujo primeiro epis\u00f3dio chega agora ao Canal Brasil, vem com a promessa de retificar essa pend\u00eancia hist\u00f3rica, contando com a participa\u00e7\u00e3o tanto de Ney e Gerson, como tamb\u00e9m de in\u00fameros colaboradores, influenciados, comunicadores, e colegas que testemunharam o princ\u00edpio, o fim e o imensur\u00e1vel legado. E, dados os consider\u00e1veis desafios e empecilhos pelo caminho, j\u00e1 d\u00e1 para adiantar: o resultado \u00e9 mais do que positivo.<\/p>\n<p style=\"text-align: justify;\">A s\u00e9rie n\u00e3o espera para endere\u00e7ar os ditos obst\u00e1culos que teve que enfrentar, j\u00e1 nos primeiros minutos, para sequer existir: a aus\u00eancia de um ter\u00e7o da forma\u00e7\u00e3o original. Isso porque, al\u00e9m de recusar o convite a conferir seu depoimento, e dar a pr\u00f3pria vers\u00e3o dos fatos que viveu, Jo\u00e3o Ricardo \u2013 que \u00e9 dono do nome do grupo, e fracassou monumentalmente ao tentar dar sequ\u00eancia ao sucesso conquistado, embora sem seus instrumentais colaboradores \u2013 tamb\u00e9m bloqueou o acesso da produ\u00e7\u00e3o \u00e0s composi\u00e7\u00f5es que havia feito para a banda. Isso faz com que a trilha utilizada ao longo dos epis\u00f3dios abarque faixas compostas e gravadas especialmente para a s\u00e9rie, por Willy Verdaguer (baixo) e Emilio Carrera (piano), m\u00fasicos que acompanharam a banda em sua fase \u00e1urea.<\/p>\n<figure id=\"attachment_92327\" aria-describedby=\"caption-attachment-92327\" style=\"width: 750px\" class=\"wp-caption aligncenter\"><img decoding=\"async\" loading=\"lazy\" class=\"size-full wp-image-92327\" src=\"https:\/\/screamyell.com.br\/site\/wp-content\/uploads\/2025\/10\/secos3.jpg\" alt=\"\" width=\"750\" height=\"440\" srcset=\"https:\/\/screamyell.com.br\/site\/wp-content\/uploads\/2025\/10\/secos3.jpg 750w, https:\/\/screamyell.com.br\/site\/wp-content\/uploads\/2025\/10\/secos3-300x176.jpg 300w\" sizes=\"(max-width: 750px) 100vw, 750px\" \/><figcaption id=\"caption-attachment-92327\" class=\"wp-caption-text\"><em>Gerson Conrad, Paulo Mendon\u00e7a e Ney Matogrosso<\/em><\/figcaption><\/figure>\n<p style=\"text-align: justify;\">A aus\u00eancia do m\u00fasico, que poderia prejudicar uma produ\u00e7\u00e3o menos dedicada, passa longe de comprometer a narrativa dos eventos que antecederam a forma\u00e7\u00e3o do grupo: Ney recapitula a inf\u00e2ncia turbulenta frente ao pai, um militar conservador, e sua migra\u00e7\u00e3o para o Rio de Janeiro, e depois, Bras\u00edlia, j\u00e1 na segunda metade da d\u00e9cada de 1960. Ao mesmo tempo, Conrad rememora os primeiros passos na m\u00fasica, quando o interesse inicial pelo piano passou para o viol\u00e3o, e j\u00e1 indica a veia rock que o S&amp;M traria para as envernizadas composi\u00e7\u00f5es que registrariam. Foi apenas uma quest\u00e3o de tempo at\u00e9 que o instrumentista visse seu caminho se cruzar, em S\u00e3o Paulo, com o de Jo\u00e3o Ricardo. Este \u00faltimo, filho do poeta portugu\u00eas Jo\u00e3o Apolin\u00e1rio (que havia vindo ao Brasil fugido do chumbo da ditadura salazarista de seu pa\u00eds) \u00e9 citado como um violonista ent\u00e3o rudimentar, por\u00e9m extremamente criativo \u2013 um fator que contribuiria na relutante din\u00e2mica de composi\u00e7\u00e3o e arranjo junto a Gerson, mais tarde. Ap\u00f3s uma experi\u00eancia frustrada, por\u00e9m decisiva no teatro, Matogrosso acabaria se encontrando com a violonista e cantora Luli, que encorajou o jovem a cantar.<\/p>\n<p style=\"text-align: justify;\">O processo que desembocaria na forma\u00e7\u00e3o dos Secos terminou sendo o produto de mais de dois anos de experimenta\u00e7\u00f5es de Conrad e Ricardo, que acabou tendo a ideia de musicar grandes nomes da poesia brasileira. Mas ap\u00f3s conhecer a j\u00e1 citada Luli (que seria sua parceira no futuro cl\u00e1ssico \u201cO Vira\u201d), Jo\u00e3o viu erguer-se a ponte em dire\u00e7\u00e3o \u00e0 pe\u00e7a que solidificaria sua vis\u00e3o criativa: sob recomenda\u00e7\u00e3o da amiga, os dois parceiros (que j\u00e1 utilizavam o nome Secos &amp; Molhados) foram at\u00e9 o Rio de Janeiro para se encontrarem com o cantor que, imaginavam, seria o elemento final para o grupo vocal com o qual sonhavam. Mais velho e vivido, Ney abra\u00e7ou a oportunidade trazida pelos entusiasmados m\u00fasicos, e chegou para ficar em S\u00e3o Paulo.<\/p>\n<p style=\"text-align: justify;\">Enquanto o primeiro cap\u00edtulo se concentra em recapitular os caminhos individuais trilhados pelos tr\u00eas integrantes que seriam catapultados ao estrelato, os tr\u00eas epis\u00f3dios subsequentes se debru\u00e7am sobre a solidifica\u00e7\u00e3o da identidade musical do grupo, bem como sobre a elabora\u00e7\u00e3o dos (ent\u00e3o) chocantes, provocativos, e (ainda) ic\u00f4nicos visuais do grupo. Ao mesmo tempo em que detalha a cria\u00e7\u00e3o est\u00e9tica que o levou a criar e incentivar o uso das maquiagens, que imortalizariam o trio \u2013 inspiradas pela imortal \u201cO Rei da Vela\u201d, pe\u00e7a teatral de Jos\u00e9 Celso Martinez Correa \u2013 Ney tamb\u00e9m revela sempre haver confiado no repert\u00f3rio compilado por Jo\u00e3o e Gerson. A rec\u00edproca n\u00e3o \u00e9 verdadeira, todavia, no que diz respeito \u00e0s personas que os tr\u00eas passariam a adotar no palco, principalmente frente a plateias menores. A escandaliza\u00e7\u00e3o do p\u00fablico, em uma \u00e9poca onde o conservadorismo e a opress\u00e3o eram amea\u00e7as mais reais que nunca, gerou preocupa\u00e7\u00e3o (especialmente por parte de Jo\u00e3o) de que o grupo seria tido apenas como uma provoca\u00e7\u00e3o homossexualizada. Em tempo: a produ\u00e7\u00e3o tamb\u00e9m toma cuidado para dar o devido cr\u00e9dito aos pioneiros do Dzi Croquettes, respons\u00e1veis por anteceder o S&amp;M em sua abordagem teatral. Mas, desde a estreia dos Secos, na Casa de Badala\u00e7\u00e3o e T\u00e9dio de S\u00e3o Paulo, o aparecimento do grupo n\u00e3o apenas foi uma v\u00e1lvula de escape para a verve teatral de Ney, mas tamb\u00e9m uma oportunidade de \u201cbarbarizar\u201d, nas palavras do pr\u00f3prio.<\/p>\n<p><iframe loading=\"lazy\" title=\"Bastidores de Primavera nos Dentes - A Hist\u00f3ria dos Secos &amp; Molhados\" width=\"747\" height=\"420\" src=\"https:\/\/www.youtube.com\/embed\/s4b_pnrWCsg?feature=oembed\" frameborder=\"0\" allow=\"accelerometer; autoplay; clipboard-write; encrypted-media; gyroscope; picture-in-picture; web-share\" referrerpolicy=\"strict-origin-when-cross-origin\" allowfullscreen><\/iframe><\/p>\n<p style=\"text-align: justify;\">Os figurinos e as m\u00e1scaras, no final, foram decisivos para o estouro que se materializou em seguida. Mas a dedica\u00e7\u00e3o aos ensaios e ao processo de refinamento de arranjos foram, no m\u00ednimo, igualmente importantes: o comprometimento dos tr\u00eas em se prepararem por um ano antes de estrearem com seu primeiro disco, pela gravadora Continental, em 1973, acabou por calar uma m\u00eddia que j\u00e1 havia come\u00e7ado a, de forma totalmente rasa e equivocada, rotular os tr\u00eas como um \u201cgrupo andr\u00f3gino, gay\u201d, como lembra Gerson. Mas tudo conspirou a favor: sob a tutela do empres\u00e1rio Moracy do Val, Conrad, Ricardo e Matogrosso se distanciaram do balaio do rock brasileiro mais subterr\u00e2neo e p\u00f3s-Tropicalista de ent\u00e3o, sendo abra\u00e7ados igualmente pelos intelectuais engajados que j\u00e1 abra\u00e7avam a MPB. E de forma singular, uma vez que, como diz o produtor Jo\u00e3o Marcello B\u00f4scoli em determinado momento, o S&amp;M al\u00e7ou v\u00f4o pr\u00f3prio, sem terem por que se preocupar com serem acusados de copiar ningu\u00e9m.<\/p>\n<p style=\"text-align: justify;\">A chave para o \u00eaxito da s\u00e9rie est\u00e1 no espa\u00e7o dado a Ney e a Gerson, para que os antigos companheiros de banda possam se aprofundar nos processos que conduziram as grava\u00e7\u00f5es dos dois discos registrados na fase original do projeto. Sejam as obras disruptivas que os antecederam e inspiraram, ou a viv\u00eancia no palco, onde aprenderam na ra\u00e7a a ocupar um espa\u00e7o ora pequeno demais para suas ambi\u00e7\u00f5es, ora muito al\u00e9m das ambi\u00e7\u00f5es que eles poderiam ter tido. E \u00e9 aqui, todavia, em que o elefante na sala se faz mais presente \u2013 ou ausente: a veemente recusa de Jo\u00e3o Ricardo em participar do projeto, bem como as disputas relacionadas ao direito do uso da marca, v\u00e3o muito al\u00e9m de simplesmente privar a produ\u00e7\u00e3o do uso de algumas das can\u00e7\u00f5es mais belas j\u00e1 cantadas em portugu\u00eas. No que diz respeito ao processo de organiza\u00e7\u00e3o do repert\u00f3rio, por exemplo, os coment\u00e1rios mais pertinentes partem das mais do que capacitadas palavras de outros especialistas. Charles Gavin, que foi respons\u00e1vel por supervisionar o trabalho de restaura\u00e7\u00e3o e remasteriza\u00e7\u00e3o dos dois discos em relan\u00e7amentos posteriores, \u00e9 um dos que mais fornecem detalhes sobre as grava\u00e7\u00f5es de hinos como \u201cSangue Latino\u201d, \u201cRosa de Hiroshima\u201d, \u201cAssim Assado\u201d (do primeiro \u00e1lbum, hom\u00f4nimo, de 1973), \u201cFlores Astrais\u201d, \u201cO Patr\u00e3o Nosso de Cada Dia\u201d, \u201cO Hierofante\u201d e \u201cOh! Mulher Infiel\u201d (do tamb\u00e9m autointitulado segundo disco, de 1974), juntamente com Willy Verdaguer e Emilio Carrera.<\/p>\n<p style=\"text-align: justify;\">Para al\u00e9m do baterista e ex-tit\u00e3, que aproveita para recordar, at\u00f4nito, as in\u00fameras possibilidades que o S&amp;M abandonou com a dissolu\u00e7\u00e3o (como a aten\u00e7\u00e3o e o entusiasmo em conquistar uma carreira internacional, uma vez que o trio tinha um impressionante p\u00fablico na Am\u00e9rica Latina), \u201cPrimavera Nos Dentes\u201d conta com um impressionante time de convidados, entre aqueles que se fizeram essenciais para o \u00eaxito da banda \u2013 como o poeta Paulo Mendon\u00e7a, os diretores teatrais Helena Ignez e Oswaldo Mendes \u2013 e pessoas que testemunharam e foram, mais tarde, apresentadas ao grupo atrav\u00e9s de eventos can\u00f4nicos, como a antol\u00f3gica apresenta\u00e7\u00e3o na TV Tupi, em 1973, a consagradora apresenta\u00e7\u00e3o dos Secos no Maracanazinho, no mesmo ano, ou a exibi\u00e7\u00e3o do clipe de \u201cFlores Astrais\u201d no Fant\u00e1stico, j\u00e1 em 1974, precedida por um comunicado do grupo anunciando seu fim \u2013 Roberto Frejat e o j\u00e1 citado Gavin, assim como Duda Brack e Ana Ca\u00f1as, entre muitos outros. Em depoimentos, o que impera \u00e9 um misto de admira\u00e7\u00e3o infinita e perplexidade diante da transforma\u00e7\u00e3o que os tr\u00eas provocaram, em um per\u00edodo t\u00e3o curto.<\/p>\n<p><iframe loading=\"lazy\" title=\"PRIMAVERA NOS DENTES - TRAILER 01\" width=\"747\" height=\"420\" src=\"https:\/\/www.youtube.com\/embed\/GYZQI3WmMYk?feature=oembed\" frameborder=\"0\" allow=\"accelerometer; autoplay; clipboard-write; encrypted-media; gyroscope; picture-in-picture; web-share\" referrerpolicy=\"strict-origin-when-cross-origin\" allowfullscreen><\/iframe><\/p>\n<p style=\"text-align: justify;\">Para al\u00e9m de discuss\u00f5es francas e c\u00e2ndidas sobre os conflitos que acabaram culminando no fim do S&amp;M como se tornaram mais conhecidos \u2013 em um processo conturbado que envolveu a demiss\u00e3o do tamb\u00e9m depoente Moracy Do Val como empres\u00e1rio, e a tentativa de instalar Jo\u00e3o Apolin\u00e1rio na fun\u00e7\u00e3o (acompanhada de um novo contrato, n\u00e3o aceito, segundo o qual Ney e Gerson seriam oficialmente \u201ccontratados\u201d de Jo\u00e3o Ricardo), outro grande atrativo de \u201cPrimavera Nos Dentes\u201d \u00e9 \u201cOuvindo o Sil\u00eancio\u201d, composi\u00e7\u00e3o de Paulo Mendon\u00e7a e Conrad que conta com este, e com Matogrosso, nos vocais. A primeira (e bel\u00edssima) colabora\u00e7\u00e3o dos dois em d\u00e9cadas \u00e9 respons\u00e1vel por concluir uma produ\u00e7\u00e3o criativa e que evita o \u00f3bvio, fazendo uso de escolhas criativas nas quais um acervo impressionante de imagens da banda \u00e9 entrecortado com interven\u00e7\u00f5es de reportagens de \u00e9poca, sobrepostas de tal modo que tamb\u00e9m ajudam a criar um ambiente de desorienta\u00e7\u00e3o que combina bem com a carreira mete\u00f3rica do grupo.<\/p>\n<p style=\"text-align: justify;\">Ao final, os louros a serem colhidos por \u201cPrimavera Nos Dentes\u201d n\u00e3o s\u00e3o poucos, e s\u00e3o merecidos. Transparece a cada segundo a inten\u00e7\u00e3o de documentar um cap\u00edtulo importante da hist\u00f3ria da m\u00fasica e cultura pop brasileira \u2013 e que, em retrospecto, funciona como um prel\u00fadio \u00e0 carreira de Ney Matogrosso, por si s\u00f3 objeto de outros document\u00e1rios e de uma (respeit\u00e1vel) cinebiografia \u2013 de maneira embasada, e que n\u00e3o mede esfor\u00e7os ao retratar os acontecimentos da maneira mais fact\u00edvel e crua poss\u00edvel. Ao encerrar o \u00faltimo epis\u00f3dio com Gerson e Ney no est\u00fadio, reunidos com seus antigos escudeiros, dispensando preocupa\u00e7\u00f5es em documentar a err\u00e1tica trajet\u00f3ria posterior de Jo\u00e3o Ricardo sob o nome do grupo, Miguel de Almeida entrega um trabalho bonito, valios\u00edssimo e essencial. Um projeto capaz de contornar todo e qualquer obst\u00e1culo para documentar uma jornada \u00e1rdua, radiante, dolorosa e longeva, que at\u00e9 hoje gera intriga, fasc\u00ednio e devo\u00e7\u00e3o. \u201cPrimavera Nos Dentes: A Hist\u00f3ria do Secos &amp; Molhados\u201d \u00e9 um testamento de como a imensa constela\u00e7\u00e3o do pop nem sempre \u00e9 f\u00e1cil de explicar \u2013 mesmo que o que importe, no fim, seja apenas contemplar, e sentir.<\/p>\n<p><img decoding=\"async\" loading=\"lazy\" class=\"alignnone size-full wp-image-92326 aligncenter\" src=\"https:\/\/screamyell.com.br\/site\/wp-content\/uploads\/2025\/10\/secos2.jpg\" alt=\"\" width=\"750\" height=\"937\" srcset=\"https:\/\/screamyell.com.br\/site\/wp-content\/uploads\/2025\/10\/secos2.jpg 750w, https:\/\/screamyell.com.br\/site\/wp-content\/uploads\/2025\/10\/secos2-240x300.jpg 240w\" sizes=\"(max-width: 750px) 100vw, 750px\" \/><\/p>\n<p><em><a href=\"https:\/\/www.youtube.com\/watch?v=4cfQaQO-YD4\">\u2013\u00a0Davi Caro\u00a0\u00e9 professor,<\/a>\u00a0tradutor, m\u00fasico, escritor e estudante de Jornalismo. Leia mais textos dele\u00a0<a href=\"https:\/\/screamyell.com.br\/site\/author\/davi-caro\/\" target=\"_blank\" rel=\"noopener\">aqui<\/a>.<\/em><\/p>\n","protected":false},"excerpt":{"rendered":"\u201cPrimavera Nos Dentes: A Hist\u00f3ria do Secos &#038; Molhados\u201d \u00e9 um testamento de como a imensa constela\u00e7\u00e3o do pop nem sempre \u00e9 f\u00e1cil de explicar\n<a class=\"moretag\" href=\"https:\/\/screamyell.com.br\/site\/2025\/10\/31\/primavera-nos-dentes-a-historia-do-secos-molhados-e-um-registro-belo-digno-resignado-e-essencial\/\"> [...]<\/a>","protected":false},"author":134,"featured_media":92325,"comment_status":"open","ping_status":"open","sticky":false,"template":"","format":"standard","meta":[],"categories":[4,3,7497],"tags":[2925,3485,5625],"_links":{"self":[{"href":"https:\/\/screamyell.com.br\/site\/wp-json\/wp\/v2\/posts\/92324"}],"collection":[{"href":"https:\/\/screamyell.com.br\/site\/wp-json\/wp\/v2\/posts"}],"about":[{"href":"https:\/\/screamyell.com.br\/site\/wp-json\/wp\/v2\/types\/post"}],"author":[{"embeddable":true,"href":"https:\/\/screamyell.com.br\/site\/wp-json\/wp\/v2\/users\/134"}],"replies":[{"embeddable":true,"href":"https:\/\/screamyell.com.br\/site\/wp-json\/wp\/v2\/comments?post=92324"}],"version-history":[{"count":1,"href":"https:\/\/screamyell.com.br\/site\/wp-json\/wp\/v2\/posts\/92324\/revisions"}],"predecessor-version":[{"id":92328,"href":"https:\/\/screamyell.com.br\/site\/wp-json\/wp\/v2\/posts\/92324\/revisions\/92328"}],"wp:featuredmedia":[{"embeddable":true,"href":"https:\/\/screamyell.com.br\/site\/wp-json\/wp\/v2\/media\/92325"}],"wp:attachment":[{"href":"https:\/\/screamyell.com.br\/site\/wp-json\/wp\/v2\/media?parent=92324"}],"wp:term":[{"taxonomy":"category","embeddable":true,"href":"https:\/\/screamyell.com.br\/site\/wp-json\/wp\/v2\/categories?post=92324"},{"taxonomy":"post_tag","embeddable":true,"href":"https:\/\/screamyell.com.br\/site\/wp-json\/wp\/v2\/tags?post=92324"}],"curies":[{"name":"wp","href":"https:\/\/api.w.org\/{rel}","templated":true}]}}