{"id":90591,"date":"2025-08-12T00:01:11","date_gmt":"2025-08-12T03:01:11","guid":{"rendered":"https:\/\/screamyell.com.br\/site\/?p=90591"},"modified":"2025-08-29T00:26:45","modified_gmt":"2025-08-29T03:26:45","slug":"entrevista-gabriel-leal-ex-scracho-prepara-primeiro-album-solo-ancorado-em-ritmos-brasileiros","status":"publish","type":"post","link":"https:\/\/screamyell.com.br\/site\/2025\/08\/12\/entrevista-gabriel-leal-ex-scracho-prepara-primeiro-album-solo-ancorado-em-ritmos-brasileiros\/","title":{"rendered":"Entrevista: Gabriel Leal, ex-Scracho, prepara primeiro \u00e1lbum solo ancorado em ritmos brasileiros"},"content":{"rendered":"<h2 style=\"text-align: center;\">entrevista de <a href=\"https:\/\/www.instagram.com\/jutetzlaff\/\" target=\"_blank\" rel=\"noopener\">J\u00falia Tetzlaff Rosas<\/a><\/h2>\n<p style=\"text-align: justify;\"><a href=\"https:\/\/www.instagram.com\/ogableal\/\" target=\"_blank\" rel=\"noopener\">Gabriel Leal<\/a> est\u00e1 em um momento de virada. Conhecido por seu trabalho como guitarrista e compositor na banda carioca Scracho, o m\u00fasico agora apresenta seu primeiro \u00e1lbum solo, inaugurado pelo single \u201cVers\u00e3o Limitada\u201d. A faixa marca o in\u00edcio de uma nova fase constru\u00edda a partir de composi\u00e7\u00f5es guardadas ao longo de anos e \u00e9 um misto de sonoridades brasileiras e contempor\u00e2neas.<\/p>\n<p style=\"text-align: justify;\">Hoje morando em Berlim, Gabriel encontrou no contraste entre o cotidiano europeu e as refer\u00eancias musicais brasileiras o ponto de partida para este novo trabalho. O resultado? Um misto de bai\u00e3o moderno com arranjos org\u00e2nicos e uma atmosfera muito, muito solar. \u201cVers\u00e3o Limitada\u201d fala sobre recome\u00e7os e identidade, o que tem tudo a ver com essa nova fase dele, e vale muito a pena conferir.<\/p>\n<p style=\"text-align: justify;\">&#8220;&#8216;Vers\u00e3o Limitada&#8217; \u00e9 um bai\u00e3o com aquela mensagem de cora\u00e7\u00e3o partido, um quase &#8216;forremo'&#8221;, explica Gabriel. &#8220;Por morar fora do Brasil faz muitos anos, foi crescendo a necessidade de viver a minha brasilidade de alguma forma e as m\u00fasicas tem refletido isso. Eu posso dizer que estou muito feliz com o resultado\u201d, revela o m\u00fasico. Para inaugurar esse momento de transforma\u00e7\u00f5es, Gabriel conversou com o Scream &amp; Yell.<\/p>\n<p><iframe loading=\"lazy\" title=\"Gabriel Leal - Versa\u0303o Limitada\" width=\"747\" height=\"420\" src=\"https:\/\/www.youtube.com\/embed\/vUHuaAvICKc?feature=oembed\" frameborder=\"0\" allow=\"accelerometer; autoplay; clipboard-write; encrypted-media; gyroscope; picture-in-picture; web-share\" referrerpolicy=\"strict-origin-when-cross-origin\" allowfullscreen><\/iframe><\/p>\n<p style=\"text-align: justify;\"><strong>Muitas pessoas te conhecem da \u00e9poca da banda Scracho. O que voc\u00ea poderia dizer que mudou daquela \u00e9poca para c\u00e1 em seu trabalho e o que voc\u00ea acha que continua?<\/strong><br \/>\nNossa, muita coisa mudou daquela \u00e9poca! O meu \u00faltimo trabalho lan\u00e7ado com a banda foi em 2012. Desde ent\u00e3o eu casei, fui morar fora, tive filho, separei\u2026 Foram muitas vidas vividas na mesma vida desde ent\u00e3o, o que influencia como a gente enxergar o mundo, o que \u00e9, de fato, importante e tal. E tecnicamente voc\u00ea vai se aprimorando. Eu tenho a sorte de sempre ter sido compositor e o compositor n\u00e3o se prende a uma identidade, porque ele pode ser gravado por artistas diversos. Acho que isso me ajudou a continuar desenvolvendo o que eu fazia l\u00e1 atr\u00e1s. E como tudo acaba se conectando, n\u00e3o seria poss\u00edvel se n\u00e3o fosse a base que a banda me deu. Uma coisa \u00e9 voc\u00ea fazer uma m\u00fasica no seu quarto e achar que ela tem potencial. Outra coisa \u00e9 voc\u00ea ver na pr\u00e1tica o que as pessoas curtem ou n\u00e3o. Isso vai te dando confian\u00e7a no seu pr\u00f3prio feeling. Ent\u00e3o, respondendo \u00e0 pergunta, o que eu acho que continua \u00e9 o meu estilo de compor m\u00fasicas. Continua existindo em mim o emo de &#8220;Voc\u00ea Mudou&#8221; e &#8220;Can\u00e7\u00e3o Pra Te Mostrar&#8221; ou o &#8220;Reggae de Divina Com\u00e9dia&#8221; e &#8220;Cuida de Mim&#8221;, a idade s\u00f3 tem me ensinado a achar outros caminhos para falar o que eu penso e sinto.<\/p>\n<p style=\"text-align: justify;\"><strong>Voc\u00ea pode nos contar brevemente sobre seu novo projeto? Para quem ele \u00e9?<\/strong><br \/>\nQue pergunta interessante&#8230; eu, quando em banda, nunca pensei em para quem um disco era para ser. Penso que esse \u00e9 para mim, antes de tudo. Acho que arte \u00e9 isso. Algo que vem de dentro e precisa ver o mundo. Se outras pessoas v\u00e3o gostar, \u00e9 outra camada. E a\u00ed vem um lance de valida\u00e7\u00e3o que o artista tamb\u00e9m acaba se encontrando. Estamos eternamente caminhando nesse espectro entre o puramente art\u00edstico\/pessoal e a busca pela valida\u00e7\u00e3o. Esse projeto nasceu de uma necessidade minha de ouvir m\u00fasicas que foram se acumulando ao longo dos anos e que eu estava vendo que iam morrer na gaveta. Eu ficava esperando algu\u00e9m gravar, por achar que eu n\u00e3o conseguiria gravar as minhas pr\u00f3prias m\u00fasicas e aquilo ia me incomodando. At\u00e9 que decidi gravar. Tem tamb\u00e9m aquilo do feeling que falei. Al\u00e9m de\u00a0 gostar muito dessas m\u00fasicas, sinto que elas v\u00e3o tocar outras pessoas tamb\u00e9m de alguma forma. Claro que n\u00e3o vai ser dentro da embalagem Scracho que as pessoas est\u00e3o acostumadas, mas mesmo assim acredito nelas. E por morar fora do Brasil faz muitos anos, foi crescendo a necessidade de viver a minha brasilidade de alguma forma e as m\u00fasicas tem refletido isso. Eu posso dizer que estou muito feliz com o resultado, ent\u00e3o boa parte do p\u00fablico-alvo j\u00e1 foi alcan\u00e7ado.<\/p>\n<p style=\"text-align: justify;\"><strong>Se voc\u00ea pudesse realizar um sonho hoje, qual seria?<\/strong><br \/>\nEngra\u00e7ado, a paternidade cria um deslocamento do objeto dos nossos sonhos. Voc\u00ea deixa de sonhar para voc\u00ea e torce\/sonha para que seu filho alcance o que ele quiser\/puder, criando projetos que possibilitem isso. Acho que \u00e9 natural eu ter deixado de sonhar para mim nos \u00faltimos anos, mas esse projeto reacendeu isso. \u00c9 um sonho, que eu deixava de acreditar ser poss\u00edvel por medo de fazer isso \u201csozinho\u201d. As aspas s\u00e3o porque, apesar de ser um trabalho solo, eu pude contar com muita gente, que fez esse trabalho acontecer.<\/p>\n<p style=\"text-align: justify;\"><strong>Voc\u00ea pode nos contar tr\u00eas influ\u00eancias musicais fortes de hoje para voc\u00ea?<\/strong><br \/>\nMuito dif\u00edcil diferenciar entre o que tenho escutado e o que acaba virando influ\u00eancia. Pode ser que o que eu escute hoje vire refer\u00eancia numa m\u00fasica em cinco anos, pode ser que me d\u00ea vontade de fazer algo parecido agora. O que eu tenho escutado bastante \u00e9 o novo disco do Xam\u00e3, Chico C\u00e9sar e Jota.P\u00ea. E tem um artista novo, que eu tenho ouvido as m\u00fasicas e curtido muito, chama Gabriel Leal.<\/p>\n<p style=\"text-align: justify;\"><strong>Voc\u00ea tem um \u00e1lbum preferido, que voc\u00ea diria que \u00e9 o melhor de todos?<\/strong><br \/>\nTem muito disco que marcou a minha vida, n\u00e3o vou conseguir nomear s\u00f3 um, mas outro dia lan\u00e7aram o do Farofa Carioca, &#8220;Moro no Brasil&#8221; (1998), no Spotify, e eu escutava muito quando mais novo, e me toquei que \u00e9 um disco que eu colocaria no meu Top 5 brasileiros de todos os tempos. Ent\u00e3o com o risco de ser injusto com 80 outros discos, eu diria: &#8220;Acabou Chorare&#8221;, dos Novos Baianos, &#8220;Refazenda&#8221;, de Gilberto Gil, &#8220;Moro no Brasil&#8221;, do Farofa Carioca, &#8220;T\u00e1bua de Esmeralda&#8221;, do Jorge Ben e vou por o &#8220;Nadando com os Tubar\u00f5es&#8221;, do Charlie Brown Jr. pra representar o rock brasileiro.<\/p>\n<p><iframe loading=\"lazy\" title=\"Gabriel Leal - Seu Mundo\" width=\"747\" height=\"420\" src=\"https:\/\/www.youtube.com\/embed\/wjNf2L-d7cQ?feature=oembed\" frameborder=\"0\" allow=\"accelerometer; autoplay; clipboard-write; encrypted-media; gyroscope; picture-in-picture; web-share\" referrerpolicy=\"strict-origin-when-cross-origin\" allowfullscreen><\/iframe><\/p>\n<p><em> &#8211; <a href=\"https:\/\/www.instagram.com\/jutetzlaff\/\" target=\"_blank\" rel=\"noopener\">J\u00falia Tetzlaff Rosas<\/a> \u00e9 bacharel em Letras &#8211; Portugu\u00eas\/Franc\u00eas USP, english teacher e curadora do Groover<\/em><\/p>\n","protected":false},"excerpt":{"rendered":"Morando em Berlim, Gabriel encontrou no contraste entre o cotidiano europeu e as refer\u00eancias musicais brasileiras o ponto de partida para o novo trabalho\n<a class=\"moretag\" href=\"https:\/\/screamyell.com.br\/site\/2025\/08\/12\/entrevista-gabriel-leal-ex-scracho-prepara-primeiro-album-solo-ancorado-em-ritmos-brasileiros\/\"> [...]<\/a>","protected":false},"author":155,"featured_media":90592,"comment_status":"open","ping_status":"open","sticky":false,"template":"","format":"standard","meta":[],"categories":[3],"tags":[7817],"_links":{"self":[{"href":"https:\/\/screamyell.com.br\/site\/wp-json\/wp\/v2\/posts\/90591"}],"collection":[{"href":"https:\/\/screamyell.com.br\/site\/wp-json\/wp\/v2\/posts"}],"about":[{"href":"https:\/\/screamyell.com.br\/site\/wp-json\/wp\/v2\/types\/post"}],"author":[{"embeddable":true,"href":"https:\/\/screamyell.com.br\/site\/wp-json\/wp\/v2\/users\/155"}],"replies":[{"embeddable":true,"href":"https:\/\/screamyell.com.br\/site\/wp-json\/wp\/v2\/comments?post=90591"}],"version-history":[{"count":3,"href":"https:\/\/screamyell.com.br\/site\/wp-json\/wp\/v2\/posts\/90591\/revisions"}],"predecessor-version":[{"id":90595,"href":"https:\/\/screamyell.com.br\/site\/wp-json\/wp\/v2\/posts\/90591\/revisions\/90595"}],"wp:featuredmedia":[{"embeddable":true,"href":"https:\/\/screamyell.com.br\/site\/wp-json\/wp\/v2\/media\/90592"}],"wp:attachment":[{"href":"https:\/\/screamyell.com.br\/site\/wp-json\/wp\/v2\/media?parent=90591"}],"wp:term":[{"taxonomy":"category","embeddable":true,"href":"https:\/\/screamyell.com.br\/site\/wp-json\/wp\/v2\/categories?post=90591"},{"taxonomy":"post_tag","embeddable":true,"href":"https:\/\/screamyell.com.br\/site\/wp-json\/wp\/v2\/tags?post=90591"}],"curies":[{"name":"wp","href":"https:\/\/api.w.org\/{rel}","templated":true}]}}