{"id":90474,"date":"2025-08-06T00:01:18","date_gmt":"2025-08-06T03:01:18","guid":{"rendered":"https:\/\/screamyell.com.br\/site\/?p=90474"},"modified":"2025-09-09T00:55:05","modified_gmt":"2025-09-09T03:55:05","slug":"jazz-in-marciac-2025-a-festa-hedonista-de-dabeull-e-a-eletro-fanfarra-alema-do-meute","status":"publish","type":"post","link":"https:\/\/screamyell.com.br\/site\/2025\/08\/06\/jazz-in-marciac-2025-a-festa-hedonista-de-dabeull-e-a-eletro-fanfarra-alema-do-meute\/","title":{"rendered":"Jazz in Marciac 2025: A festa hedonista de Dabeull e a eletro-fanfarra alem\u00e3 do Meute"},"content":{"rendered":"<h2 style=\"text-align: center;\">texto de\u00a0<a href=\"https:\/\/www.instagram.com\/carlosjackdiaslopes\" target=\"_blank\" rel=\"noopener\">Carlos Lopes<\/a><br \/>\nfotos de\u00a0<a href=\"https:\/\/www.facebook.com\/sabathe.laurent\" target=\"_blank\" rel=\"noopener\">Laurent Sabath\u00e9<\/a><\/h2>\n<p style=\"text-align: justify;\">O maior festival de jazz da Fran\u00e7a, o <a href=\"https:\/\/www.jazzinmarciac.com\/en\">Jazz in Marciac<\/a>\u00a0(JiM), prop\u00f4s em 2025 uma maratona musical de 18 dias entre 21 de julho e 7 de agosto \u2013 com shows todas as noites &#8211; na cidade de mesmo nome, localizada no Sudoeste do pa\u00eds. Esse ano, 36 concertos (que incluem tamb\u00e9m rock, pop e outros g\u00eaneros) movimentam\u00a0o anfiteatro Chapiteau, com capacidade para seis mil lugares.<\/p>\n<p style=\"text-align: justify;\">Desde o dia 21 de julho, quando foi aberto, j\u00e1 passaram pela pequena Marciac (uma cidade de 1.200 pessoas que aumenta seu contingente em at\u00e9 10 vezes em dias de festival) nomes como Robert Plant, Santana, Ben Harper, Madeleine Peyroux, Wynton Marsalis, Herbie Hancock, Veronica Swift e, como j\u00e1 contamos aqui no Scream &amp; Yell, <a href=\"https:\/\/screamyell.com.br\/site\/2025\/08\/04\/ao-vivo-o-afro-pop-de-salif-keita-e-tikken-no-festival-jazz-in-marciac-na-franca\/\" target=\"_blank\" rel=\"noopener\">Salif Keita e Tikken Jah Fakoly<\/a>.<\/p>\n<p style=\"text-align: justify;\">2025 \u00e9 o ano do Brasil na Fran\u00e7a, visando estreitar a rela\u00e7\u00e3o entre os dois pa\u00edses. Assim, o Chapiteau j\u00e1 recebeu Carlos Malta &amp; Pife Muderno, Casuarina e Andrea Ernest Dias Quarteto e nesta \u00faltima semana ir\u00e1 celebrar os \u00edcones Egberto Gismonti e Hermeto Pascoal (que fechar\u00e1 o JiM), o virtuose Hamilton Holanda e a estrela ascendente Amaro Freitas, numa parceria curatorial do JiM com o\u00a0<a href=\"https:\/\/www.instagram.com\/reel\/DMnbDqZOqHo\/?hl=pt\" target=\"_blank\" rel=\"noopener\">MIMO Festival<\/a>.<\/p>\n<figure id=\"attachment_90479\" aria-describedby=\"caption-attachment-90479\" style=\"width: 750px\" class=\"wp-caption aligncenter\"><img decoding=\"async\" loading=\"lazy\" class=\"wp-image-90479 size-full\" src=\"https:\/\/screamyell.com.br\/site\/wp-content\/uploads\/2025\/08\/dabulll2.jpg\" alt=\"\" width=\"750\" height=\"440\" srcset=\"https:\/\/screamyell.com.br\/site\/wp-content\/uploads\/2025\/08\/dabulll2.jpg 750w, https:\/\/screamyell.com.br\/site\/wp-content\/uploads\/2025\/08\/dabulll2-300x176.jpg 300w\" sizes=\"(max-width: 750px) 100vw, 750px\" \/><figcaption id=\"caption-attachment-90479\" class=\"wp-caption-text\"><em>Dabeull \/ Foto de <a href=\"https:\/\/www.facebook.com\/sabathe.laurent\" target=\"_blank\" rel=\"noopener\">Laurent Sabath\u00e9<\/a><\/em><\/figcaption><\/figure>\n<p style=\"text-align: justify;\">No \u00faltimo fim de semana do festival em 2025, dias 2 e 3 de agosto, a organiza\u00e7\u00e3o do JiM retirou as seis mil cadeiras do anfiteatro\u00a0Chapiteau, num convite expl\u00edcito \u00e0 dan\u00e7a. O p\u00fablico, por sua vez, compreendeu a mensagem, e se deleitou nos concertos de Dabeull\u00a0e Meute.<\/p>\n<p style=\"text-align: justify;\">Dessa forma, a noite de s\u00e1bado foi reservada a uma viagem no tempo, com a apresenta\u00e7\u00e3o de Dabeull (a pron\u00fancia \u00e9 &#8220;Dabul&#8221;) e seu grupo tamanho XXL. Dabeull \u00e9 o codinome do parisiense David Said, DJ, tecladista e produtor que faz uma mistura de electro, disco e funk, repleta de apelo visual,\u00a0 hedonismo e vigor.<\/p>\n<figure id=\"attachment_90481\" aria-describedby=\"caption-attachment-90481\" style=\"width: 750px\" class=\"wp-caption aligncenter\"><img decoding=\"async\" loading=\"lazy\" class=\"size-full wp-image-90481\" src=\"https:\/\/screamyell.com.br\/site\/wp-content\/uploads\/2025\/08\/dabulll3.jpg\" alt=\"\" width=\"750\" height=\"440\" srcset=\"https:\/\/screamyell.com.br\/site\/wp-content\/uploads\/2025\/08\/dabulll3.jpg 750w, https:\/\/screamyell.com.br\/site\/wp-content\/uploads\/2025\/08\/dabulll3-300x176.jpg 300w\" sizes=\"(max-width: 750px) 100vw, 750px\" \/><figcaption id=\"caption-attachment-90481\" class=\"wp-caption-text\"><em>Dabeull \/ Foto de <a href=\"https:\/\/www.facebook.com\/sabathe.laurent\" target=\"_blank\" rel=\"noopener\">Laurent Sabath\u00e9<\/a><\/em><\/figcaption><\/figure>\n<p style=\"text-align: justify;\">Para receb\u00ea-lo, o Chapiteau\u00a0foi transformado numa imensa discoteca, no centro da qual um painel cintilava com o nome do artista, que surgiu acompanhado por mais 10 m\u00fasicos. O tecladista \u00e9 uma figura\u00e7a (lembra muito um dos personagens do ator Guilherme Karan na TV Pirata, aquele que apresentava a &#8220;TV Macho&#8221;). N\u00e3o demora 30 segundos para enviar sem escalas os dois mil espectadores diretamente para a atmosfera dos l\u00fabricos anos 70.<\/p>\n<p style=\"text-align: justify;\">Sua banda tem tudo para conduzir a viagem: synths Roland, Keytars, Talk Box, vocalistas em lantejoulas e m\u00fasicos em cal\u00e7a de Tergal&#8230; tudo anal\u00f3gico. Dabeull refor\u00e7a o clima gritando aqui e ali frases do tipo: &#8220;Vamos l\u00e1, Marciac! Amor, Sexy e sexy chocolate&#8221;. Empunhando um dos Keytars, ele abusa do uso da Talk Box. Insiste tanto na sonoridade que, ao abrir espa\u00e7o \u00e0 participa\u00e7\u00e3o da verdadeiramente sexy vocalista Angy Meyer, a sensa\u00e7\u00e3o \u00e9 a de que estamos em 1976 assistindo um entrevero\u00a0musical que junta Peter Frampton com o ABBA&#8230;<\/p>\n<figure id=\"attachment_90480\" aria-describedby=\"caption-attachment-90480\" style=\"width: 750px\" class=\"wp-caption aligncenter\"><img decoding=\"async\" loading=\"lazy\" class=\"size-full wp-image-90480\" src=\"https:\/\/screamyell.com.br\/site\/wp-content\/uploads\/2025\/08\/dabulll4.jpg\" alt=\"\" width=\"750\" height=\"440\" srcset=\"https:\/\/screamyell.com.br\/site\/wp-content\/uploads\/2025\/08\/dabulll4.jpg 750w, https:\/\/screamyell.com.br\/site\/wp-content\/uploads\/2025\/08\/dabulll4-300x176.jpg 300w\" sizes=\"(max-width: 750px) 100vw, 750px\" \/><figcaption id=\"caption-attachment-90480\" class=\"wp-caption-text\"><em>Dabeull \/ Foto de <a href=\"https:\/\/www.facebook.com\/sabathe.laurent\" target=\"_blank\" rel=\"noopener\">Laurent Sabath\u00e9<\/a><\/em><\/figcaption><\/figure>\n<p style=\"text-align: justify;\">Outro que ganha destaque nesse espet\u00e1culo &#8220;campi&#8221; \u00e9 o tecladista Philippe Bouthemy, o qual, por sua vez, \u00e9 a cara de&#8230; Lincoln Olivetti. Eles mandam ver por uma hora e meia num set list de cerca de 20 m\u00fasicas, incluindo covers. Bom,&#8230;e o p\u00fablico? Totalmente maravilhado e dan\u00e7andpo muito! Jovens, adultos, idosos, seguran\u00e7as, barmans, chapeleiros&#8230;\u00a0Dabeull consegue aquilo a que se prop\u00f5e abertamente: divertir! Ap\u00f3s o show, a septuagen\u00e1ria Patr\u00edcia confidenciou: \u201cVoltei \u00e0 minha juventude!\u201d. Para o jovem Teo, de 20 e poucos anos, o &#8220;humor de Dabeull foi contagiante&#8221;.<\/p>\n<p style=\"text-align: justify;\">Enfim, todos sobrevivem e regressam satisfeitos dos anos 70. Quem viveu e quem s\u00f3 deu uma espiadinha.<\/p>\n<figure id=\"attachment_90482\" aria-describedby=\"caption-attachment-90482\" style=\"width: 750px\" class=\"wp-caption aligncenter\"><img decoding=\"async\" loading=\"lazy\" class=\"size-full wp-image-90482\" src=\"https:\/\/screamyell.com.br\/site\/wp-content\/uploads\/2025\/08\/dabulll5.jpg\" alt=\"\" width=\"750\" height=\"440\" srcset=\"https:\/\/screamyell.com.br\/site\/wp-content\/uploads\/2025\/08\/dabulll5.jpg 750w, https:\/\/screamyell.com.br\/site\/wp-content\/uploads\/2025\/08\/dabulll5-300x176.jpg 300w\" sizes=\"(max-width: 750px) 100vw, 750px\" \/><figcaption id=\"caption-attachment-90482\" class=\"wp-caption-text\"><em>Dabeull \/ Foto de <a href=\"https:\/\/www.facebook.com\/sabathe.laurent\" target=\"_blank\" rel=\"noopener\">Laurent Sabath\u00e9<\/a><\/em><\/figcaption><\/figure>\n<p style=\"text-align: justify;\">J\u00e1 no domingo a grande atra\u00e7\u00e3o internacional foi o grupo alem\u00e3o Meute, classificados pelo prospecto do festival como um grupo de eletro-fanfarra. Bastante conhecidos na Europa e com turn\u00eas pelos EUA e at\u00e9 pela \u00c1frica, o Meute nunca esteve no Brasil, mas, esteticamente, \u00e9 como se os 11 alem\u00e3es que comp\u00f5em o combo tivessem feito um est\u00e1gio de como se vestir &#8221;zoado \u00e0 brasileira&#8221;. Todos trajam uma engalanada jaqueta marcial vermelha. Ocorre que o trombonista est\u00e1 mal barbeado,\u00a0o trompetista veste um shorts de futebol da Adidas, o vibrafonista atravessa um bon\u00e9 amarelo-manga na cabe\u00e7a, o saxofonista cola uma\u00a0 bandeirinha do orgulho gay no instrumento e por a\u00ed vai\u2026<\/p>\n<figure id=\"attachment_90485\" aria-describedby=\"caption-attachment-90485\" style=\"width: 750px\" class=\"wp-caption aligncenter\"><img decoding=\"async\" loading=\"lazy\" class=\"wp-image-90485 size-full\" src=\"https:\/\/screamyell.com.br\/site\/wp-content\/uploads\/2025\/08\/meute3.jpg\" alt=\"\" width=\"750\" height=\"463\" srcset=\"https:\/\/screamyell.com.br\/site\/wp-content\/uploads\/2025\/08\/meute3.jpg 750w, https:\/\/screamyell.com.br\/site\/wp-content\/uploads\/2025\/08\/meute3-300x185.jpg 300w\" sizes=\"(max-width: 750px) 100vw, 750px\" \/><figcaption id=\"caption-attachment-90485\" class=\"wp-caption-text\"><em>Meute \/ Foto de <a href=\"https:\/\/www.facebook.com\/sabathe.laurent\" target=\"_blank\" rel=\"noopener\">Laurent Sabath\u00e9<\/a><\/em><\/figcaption><\/figure>\n<p style=\"text-align: justify;\">Antes de invadirem o palco, eles esquentam os cerca de quatro mil assistentes da noite com um jogo de luzes estrobosc\u00f3picas e uma base sonora ensurdecedora, onde o trombone toma o lugar do que seria um linha de baixo de ritmo alucinante. Em seguida, os 11 entram em cena (trombone, dois trompetes, tr\u00eas saxofones, flauta, marimba, bumbo,caixa e vibrafone).<\/p>\n<p style=\"text-align: justify;\">O volume da m\u00fasica que ressoa no Chapiteau\u00a0aumenta a n\u00edveis quase ensurdecedores. E assim rola, sem intervalo, por duas horas de espet\u00e1culo. A m\u00fasica dessa fanfarra el\u00e9trica tonitruante \u00e9 invasora e incontrol\u00e1vel. Ou curte e dan\u00e7a ou vai embora!\u00a0 Cada arranjo dura cerca de 15 minutos e \u00e9 sustentado por uma base r\u00edtmica regular com os metais fazendo longas evolu\u00e7\u00f5es mel\u00f3dicas sobre ela. Se o caro leitor pensou em m\u00fasica de\u00a0fanzone, acertou! Ent\u00e3o acrescente muitos decib\u00e9is e uma ambi\u00eancia hipn\u00f3tica a essa zoeira. \u00c9 isso! Estamos no show do Meute!<\/p>\n<figure id=\"attachment_90484\" aria-describedby=\"caption-attachment-90484\" style=\"width: 750px\" class=\"wp-caption aligncenter\"><img decoding=\"async\" loading=\"lazy\" class=\"wp-image-90484 size-full\" src=\"https:\/\/screamyell.com.br\/site\/wp-content\/uploads\/2025\/08\/meute2.jpg\" alt=\"\" width=\"750\" height=\"484\" srcset=\"https:\/\/screamyell.com.br\/site\/wp-content\/uploads\/2025\/08\/meute2.jpg 750w, https:\/\/screamyell.com.br\/site\/wp-content\/uploads\/2025\/08\/meute2-300x194.jpg 300w\" sizes=\"(max-width: 750px) 100vw, 750px\" \/><figcaption id=\"caption-attachment-90484\" class=\"wp-caption-text\"><em>Meute \/ Foto de <a href=\"https:\/\/www.facebook.com\/sabathe.laurent\" target=\"_blank\" rel=\"noopener\">Laurent Sabath\u00e9<\/a><\/em><\/figcaption><\/figure>\n<p style=\"text-align: justify;\">Perto do fim do espet\u00e1culo, a fanfarra desce do palco para alguns minutos de congra\u00e7amento entre o p\u00fablico, afinal de contas o lugar original dela seria ali. Ent\u00e3o, quatro mil pessoas come\u00e7am a cantar\u00a0 &#8221;\u00d4oooooooooo! \u00d4ooo\u00d4ooo!\u201d seguindo a melodia e colaborando para que ningu\u00e9m num raio de 10 kms consiga dormir essa noite, pois j\u00e1 s\u00e3o perto de uma da madruga\u00a0em Marciac.<\/p>\n<p style=\"text-align: justify;\">A fanfarra vai embora ap\u00f3s um sinal do l\u00edder trompetista Thomas Burhom, mas tem de voltar pois agora quatro mil fazem barulho. Mais 15 minutos de hipnose&#8230; e ins\u00f4nia! Afinal fica praticamente imposs\u00edvel dormir com o corpo fervendo em adrenalina. O Chapiteau por sua vez descansa\u2026 at\u00e9 a noite de segunda-feira, quando a festa come\u00e7a novamente.<\/p>\n<p style=\"text-align: center;\"><em><strong>Leia mais:<\/strong><span style=\"color: #ff0000;\">\u00a0<a style=\"color: #ff0000;\" href=\"https:\/\/screamyell.com.br\/site\/2025\/08\/04\/ao-vivo-o-afro-pop-de-salif-keita-e-tikken-no-festival-jazz-in-marciac-na-franca\/\">Jazz in Marciac 2025: O afro pop de Salif Keita e a milit\u00e2ncia de Tiken Jah Fakoly<\/a><\/span><br \/>\n<strong>Leia mais:<\/strong> <span style=\"color: #ff0000;\"><a style=\"color: #ff0000;\" href=\"https:\/\/screamyell.com.br\/site\/2025\/08\/11\/jazz-in-marciac-2025-hamilton-egberto-amaro-e-hermeto-fecham-com-brasilidade-o-festival-frances\/\" target=\"_blank\" rel=\"noopener\">Jazz in Marciac 2025 \u2013 Hamilton, Egberto, Amaro e Hermeto fecham com brasilidade o festival<\/a><\/span><br \/>\n<strong>Leia mais:<\/strong>\u00a0<span style=\"color: #ff0000;\"><a style=\"color: #ff0000;\" href=\"https:\/\/screamyell.com.br\/site\/2025\/08\/08\/jazz-in-marciac-2025-o-jazz-de-estrada-dos-irmaos-ciganos-stochelo-mozes-rosemberg-trio\/\">Jazz in Marciac 2025: O jazz de estrada dos ciganos Stochelo &amp; Mozes Rosemberg Trio<\/a><\/span><\/em><\/p>\n<figure id=\"attachment_90483\" aria-describedby=\"caption-attachment-90483\" style=\"width: 750px\" class=\"wp-caption aligncenter\"><img decoding=\"async\" loading=\"lazy\" class=\"wp-image-90483 size-full\" src=\"https:\/\/screamyell.com.br\/site\/wp-content\/uploads\/2025\/08\/meute1.jpg\" alt=\"\" width=\"750\" height=\"470\" srcset=\"https:\/\/screamyell.com.br\/site\/wp-content\/uploads\/2025\/08\/meute1.jpg 750w, https:\/\/screamyell.com.br\/site\/wp-content\/uploads\/2025\/08\/meute1-300x188.jpg 300w\" sizes=\"(max-width: 750px) 100vw, 750px\" \/><figcaption id=\"caption-attachment-90483\" class=\"wp-caption-text\"><em>Meute \/ Foto de <a href=\"https:\/\/www.facebook.com\/sabathe.laurent\" target=\"_blank\" rel=\"noopener\">Laurent Sabath\u00e9<\/a><\/em><\/figcaption><\/figure>\n<p>\u2013\u00a0<em><a href=\"https:\/\/www.instagram.com\/carlosjackdiaslopes\" target=\"_blank\" rel=\"noopener\">Carlos Jack Dias Lopes<\/a>\u00a0\u00e9 jornalista. As fotos dos shows s\u00e3o de\u00a0<a href=\"https:\/\/www.facebook.com\/sabathe.laurent\" target=\"_blank\" rel=\"noopener\">Laurent Sabath\u00e9<\/a>\u00a0\/\u00a0<a href=\"https:\/\/www.instagram.com\/jazz_in_marciac\/\" target=\"_blank\" rel=\"noopener\">Jazz in Marciac<\/a><\/em><\/p>\n","protected":false},"excerpt":{"rendered":"No \u00faltimo fim de semana do festival em 2025, a organiza\u00e7\u00e3o do JiM retirou as seis mil cadeiras do anfiteatro\u00a0Chapiteau, num convite expl\u00edcito \u00e0 dan\u00e7a.\n<a class=\"moretag\" href=\"https:\/\/screamyell.com.br\/site\/2025\/08\/06\/jazz-in-marciac-2025-a-festa-hedonista-de-dabeull-e-a-eletro-fanfarra-alema-do-meute\/\"> [...]<\/a>","protected":false},"author":154,"featured_media":90486,"comment_status":"open","ping_status":"open","sticky":false,"template":"","format":"standard","meta":[],"categories":[3],"tags":[7812,7809,7813],"_links":{"self":[{"href":"https:\/\/screamyell.com.br\/site\/wp-json\/wp\/v2\/posts\/90474"}],"collection":[{"href":"https:\/\/screamyell.com.br\/site\/wp-json\/wp\/v2\/posts"}],"about":[{"href":"https:\/\/screamyell.com.br\/site\/wp-json\/wp\/v2\/types\/post"}],"author":[{"embeddable":true,"href":"https:\/\/screamyell.com.br\/site\/wp-json\/wp\/v2\/users\/154"}],"replies":[{"embeddable":true,"href":"https:\/\/screamyell.com.br\/site\/wp-json\/wp\/v2\/comments?post=90474"}],"version-history":[{"count":5,"href":"https:\/\/screamyell.com.br\/site\/wp-json\/wp\/v2\/posts\/90474\/revisions"}],"predecessor-version":[{"id":90582,"href":"https:\/\/screamyell.com.br\/site\/wp-json\/wp\/v2\/posts\/90474\/revisions\/90582"}],"wp:featuredmedia":[{"embeddable":true,"href":"https:\/\/screamyell.com.br\/site\/wp-json\/wp\/v2\/media\/90486"}],"wp:attachment":[{"href":"https:\/\/screamyell.com.br\/site\/wp-json\/wp\/v2\/media?parent=90474"}],"wp:term":[{"taxonomy":"category","embeddable":true,"href":"https:\/\/screamyell.com.br\/site\/wp-json\/wp\/v2\/categories?post=90474"},{"taxonomy":"post_tag","embeddable":true,"href":"https:\/\/screamyell.com.br\/site\/wp-json\/wp\/v2\/tags?post=90474"}],"curies":[{"name":"wp","href":"https:\/\/api.w.org\/{rel}","templated":true}]}}