{"id":90403,"date":"2025-08-01T10:40:35","date_gmt":"2025-08-01T13:40:35","guid":{"rendered":"https:\/\/screamyell.com.br\/site\/?p=90403"},"modified":"2025-08-21T07:37:15","modified_gmt":"2025-08-21T10:37:15","slug":"novo-rock-gaucho-004-tributo-a-os-replicantes-mais-os-torto-sem-carisma-supervao-pacta-corvina-flor-et-asterisma-e-mais","status":"publish","type":"post","link":"https:\/\/screamyell.com.br\/site\/2025\/08\/01\/novo-rock-gaucho-004-tributo-a-os-replicantes-mais-os-torto-sem-carisma-supervao-pacta-corvina-flor-et-asterisma-e-mais\/","title":{"rendered":"Novo Rock Ga\u00facho 004: Os Torto, Superv\u00e3o, Sem Carisma, Pacta Corvina, Asterisma, Flor Et, Tributo aos Replicantes e mais"},"content":{"rendered":"<h2 style=\"text-align: center;\"><strong>por\u00a0<a href=\"https:\/\/www.facebook.com\/homeropivottojr\/\" target=\"_blank\" rel=\"noopener\">Homero Pivotto Jr.<\/a><\/strong><\/h2>\n<p style=\"text-align: justify;\">Pra onde vai o mundo, vai todo mundo? \u00c9 uma tend\u00eancia. Por ora, vamos de nova coluna do <a href=\"https:\/\/www.novorockgaucho.com\/\" target=\"_blank\" rel=\"noopener\">Novo Rock Ga\u00facho<\/a> aqui no Scream &amp; Yell. <a href=\"https:\/\/screamyell.com.br\/site\/author\/novo-rock-gaucho\/\" target=\"_blank\" rel=\"noopener\">Desde mar\u00e7o<\/a>, a iniciativa que tem por finalidade reverberar a m\u00fasica autoral feita no Rio Grande do Sul ocupa um espa\u00e7o mensal neste resistente site cultural. \u00c9 uma forma de mostrar o trabalho de artistas do sul para al\u00e9m das demarca\u00e7\u00f5es geogr\u00e1ficas. Nesta edi\u00e7\u00e3o, al\u00e9m das novidades ligadas \u00e0s composi\u00e7\u00f5es pr\u00f3prias, subvertemos um pouco nossos par\u00e2metros para falar sobre o tributo a Os Replicantes chamado \u201cNunca Mais Eu Ou\u00e7a Voc\u00ea\u201d. A compila\u00e7\u00e3o re\u00fane 17 nomes do rock independente nacional, sendo 11 ga\u00fachos &#8211; e mais um de fora radicado em Porto Alegre. Como se diz por pagos riograndenses: vamo da-lhe! E <a href=\"https:\/\/open.spotify.com\/playlist\/147ucSz4disnJmRYhJcRZZ\" target=\"_blank\" rel=\"noopener\">ou\u00e7a a playlist<\/a>!<\/p>\n<hr \/>\n<p style=\"text-align: justify;\"><strong>&#8211; \u201cEu Vi o Sol Nascer Atr\u00e1s de Uma Montanha de Entulho\u201d, Os Torto<\/strong> \u2013 O mais recente lan\u00e7amento do grupo punk rock <a href=\"https:\/\/www.novorockgaucho.com\/news\/os-torto-apostam-em-punk-rock-orquestrado-com-eu-vi-o-sol-nascer-atras-de-uma-montanha-de-entulho\" target=\"_blank\" rel=\"noopener\">Os Torto<\/a>, na ativa desde 1994, \u00e9 uma faixa repleta de doideiras e toques de m\u00fasica cl\u00e1ssica. A composi\u00e7\u00e3o re\u00fane oito atos, cada um sendo uma can\u00e7\u00e3o, como base para um letra esperta e reflexiva. Tudo repleto orquestra\u00e7\u00f5es em formato de \u00f3pera punk, numa sequ\u00eancia de 13 minutos com participa\u00e7\u00e3o de Julia Barth (Os Replicantes).<\/p>\n<p style=\"text-align: justify;\">Conforme <a href=\"https:\/\/www.instagram.com\/p\/DLsDr5BOfgn\/\" target=\"_blank\" rel=\"noopener\">contou<\/a> Gustavo Herscovitz, o Guto (baixista e vocalista d\u2019Os Torto), que criou a faixa e tocou diversos instrumentos: &#8220;Ap\u00f3s um 2024 dif\u00edcil, foi preciso reorganizar a mente. Comecei a compor essa m\u00fasica no final de fevereiro inspirado pelo document\u00e1rio sobre a banda The Minutemen (&#8220;We Jam Econo&#8221;). Inicialmente foi pensado para ser v\u00e1rias m\u00fasicas curtas, mas todas as pessoas para quem mostrei os rascunhos disseram que era uma m\u00fasica s\u00f3. Da\u00ed aceitei o destino. Nunca tinha escutado um disco de punk\/hardcore propositalmente pensado para ter orquestra, da\u00ed resolvi ver no que dava. Chamei as \u00fanicas pessoas que podiam dar conta de gravar esse projeto e foi isso: ap\u00f3s um parto dif\u00edcil de 12 horas ele nasceu.&#8221; <a href=\"https:\/\/open.spotify.com\/intl-pt\/track\/2UXl9JBGWAlyxNlUbdFh14\" target=\"_blank\" rel=\"noopener\">Ou\u00e7a no Spotify<\/a>!<\/p>\n<p><iframe loading=\"lazy\" title=\"Eu Vi o Sol Nascer Atr\u00e1s de uma Montanha de Entulho\" width=\"747\" height=\"560\" src=\"https:\/\/www.youtube.com\/embed\/enGt9ChSJ7M?feature=oembed\" frameborder=\"0\" allow=\"accelerometer; autoplay; clipboard-write; encrypted-media; gyroscope; picture-in-picture; web-share\" referrerpolicy=\"strict-origin-when-cross-origin\" allowfullscreen><\/iframe><\/p>\n<hr \/>\n<p style=\"text-align: justify;\"><strong>&#8211; \u201cNunca Mais Eu Ou\u00e7o Voc\u00ea &#8211; Um Tributo a Os Replicantes\u201d, diversos artistas<\/strong> \u2013 Se o futuro \u00e9 vortex, o presente revisita o passado para mostrar a atemporalidade da obra dos <a href=\"https:\/\/screamyell.com.br\/site\/?s=Replicantes\" target=\"_blank\" rel=\"noopener\">Replicantes<\/a>. \u00c9 isso que se v\u00ea \u2013 ouve, melhor colocando \u2013 no \u00e1lbum \u201cNunca Mais Eu Ou\u00e7o Voc\u00ea \u2013 Um Tributo a Os Replicantes\u201d, lan\u00e7ado em maio deste ano. O projeto foi concebido e produzido por Edu Normann (da Space Rave) e F\u00e1bio Gabardo (propriet\u00e1rio do est\u00fadio <a href=\"https:\/\/www.instagram.com\/dub_studio\/\" target=\"_blank\" rel=\"noopener\">Dub<\/a>). Escolha sua <a href=\"https:\/\/onerpm.link\/194208455045\" target=\"_blank\" rel=\"noopener\">plataforma preferida aqui<\/a> para ouvir a todo volume. E lembre-se: seja punk, mas n\u00e3o seja burro.<\/p>\n<p style=\"text-align: justify;\">\u201cA pilha come\u00e7ou em mar\u00e7o de 2024. O Heron (baixista d\u2019Os Replicantes) vai direto tomar um caf\u00e9 expresso l\u00e1 no Dub. Da\u00ed, rec\u00e9m eu estava ouvindo umas grava\u00e7\u00f5es de 2010\/2011 dos Dating Robots e tinha a vers\u00e3o de \u2018O Futuro \u00e9 Vortex\u2019, meio electropunk. Eu j\u00e1 havia idealizado e lan\u00e7ado <a href=\"https:\/\/www.youtube.com\/playlist?list=PLmgJIHHyVutoUUzOBb-w0cUqbgkWYzI1p\" target=\"_blank\" rel=\"noopener\">um tributo brasileiro ao Kraftwerk<\/a> pelo selo <a href=\"https:\/\/screamyell.com.br\/site\/2023\/06\/28\/entrevista-o-que-mais-admiro-nos-artistas-e-a-originalidade-diz-gabriel-thomaz-que-fala-sobre-o-2o-maxilar-festival\/\" target=\"_blank\" rel=\"noopener\">Maxilar Music<\/a> e estava meio entediado procurando alguma confus\u00e3o. Foi quando tive essa grande ideia \u00f3bvia\u201d, afirma Normann.<\/p>\n<p style=\"text-align: justify;\">A compila\u00e7\u00e3o re\u00fane 17 bandas \u2013 entre veteranas e galera da nova safra \u2013 prestando homenagem ao quarteto punk porto-alegrense, sendo 11 delas do Rio Grande do Sul. A saber: Loomer, <a href=\"https:\/\/screamyell.com.br\/site\/?s=Walverdes\" target=\"_blank\" rel=\"noopener\">Walverdes<\/a>, Dating Robots, Os Pampa Haoles, Space Rave, Kim Kircher, Inaprops, Os Torto, Flu &amp; Carlinhos Carneiro, Damn Laser Vampires e Flor Lagarto.<\/p>\n<p style=\"text-align: justify;\">J\u00e1 os nomes forasteiros que est\u00e3o na empreitada s\u00e3o Dirty Grills (Florian\u00f3polis), The Biggs (Sorocaba), Autoramas (do peregrino Gabriel Thomaz), Cigarras (Curitiba) e Anvil FX (S\u00e3o Paulo), al\u00e9m dos cubanos da Katarziz \u2013 atualmente residindo na capital ga\u00facha e contando em sua forma\u00e7\u00e3o com um brasileiro e um venezuelano.<\/p>\n<p style=\"text-align: justify;\">Algumas convidados optaram por fazer algo mais pr\u00f3ximo do cover. Outros preferiram evidenciar suas identidades. \u00c9 o caso do surf cl\u00e1ssico instrumental d\u2019<a href=\"https:\/\/screamyell.com.br\/site\/2020\/05\/26\/entrevista-os-pampa-haoles-surf-music-gaucha\/\" target=\"_blank\" rel=\"noopener\">Os Pampa Haoles<\/a>, que deram uma nova roupagem para \u2018Surfista Calhorda\u2019, um dos primeiros hits dos Repli. A Damn Laser Vampires tamb\u00e9m d\u00e1 ares de garage rock\/post punk com sua vers\u00e3o \u2018Inverno Sombrio\u2019, composi\u00e7\u00e3o nem t\u00e3o conhecida d\u2019Os Replis. Na releitura, o vocalista e guitarrista Ron Selistre fez verteu a letra para o ingl\u00eas e embalou isso numa sonoridade que remete a um encontro inusitado de The Fall com Bauhaus.<\/p>\n<p><iframe loading=\"lazy\" title=\"Nunca Mais Eu Ou\u00e7o Voc\u00ea (Cover)\" width=\"747\" height=\"420\" src=\"https:\/\/www.youtube.com\/embed\/videoseries?list=OLAK5uy_lwhCFqBhXxO6X_8ibeExiYVjLL80lPWoE\" frameborder=\"0\" allow=\"accelerometer; autoplay; clipboard-write; encrypted-media; gyroscope; picture-in-picture; web-share\" referrerpolicy=\"strict-origin-when-cross-origin\" allowfullscreen><\/iframe><\/p>\n<hr \/>\n<p style=\"text-align: justify;\"><strong>&#8211; \u2018Love e V\u00edcio em Sunshine\u2019, Superv\u00e3o<\/strong> \u2013 O atualmente quarteto de S\u00e3o Leopoldo <a href=\"https:\/\/www.novorockgaucho.com\/supervao\" target=\"_blank\" rel=\"noopener\">Superv\u00e3o<\/a> pessoaliza parte das pr\u00f3prias viv\u00eancias em novo clipe. O v\u00eddeo \u00e9 da can\u00e7\u00e3o \u2018Love e V\u00edcio em Sunshine\u2019, que abre o \u00e1lbum \u201cAmores e V\u00edcios da Gera\u00e7\u00e3o Nostalgia\u201d \u2013 trampo que viu a luz do sol ano passado.<\/p>\n<p style=\"text-align: justify;\">Conforme material sobre o lan\u00e7amento no site <a href=\"https:\/\/minutoindie.com\/exclusivo-supervao-abre-o-bau-de-memorias-no-videoclipe-de-love-e-vicio-em-sunshine\/\" target=\"_blank\" rel=\"noopener\">Minuto Indie<\/a>: seguindo a vibe nost\u00e1lgica que percorre todas as faixas do disco, o v\u00eddeo traz cenas gravadas em Porto Alegre e S\u00e3o Leopoldo, costurando um mosaico de mem\u00f3rias registradas em c\u00e2mera Super 8, celular e o que mais coubesse na mala. Assim como a sonoridade indie e espont\u00e2nea que a banda carrega, nada ali parece for\u00e7ado: s\u00e3o fragmentos da vida que se cruzam e se encontram por a\u00ed. \u201cA ideia era isso mesmo, caminhar, revisitar, transformar o processo em algo real, que fosse mais do que s\u00f3 filmar\u201d, conta Leonardo Serafini, guitarrista. (\u2026)<\/p>\n<p style=\"text-align: justify;\">Mario Arruda, vocalista e produtor do disco, define bem o conceito do videoclipe. \u201cA m\u00fasica parte da melancolia, mas tem uma energia de retomada. \u00c9 sobre comemorar tudo \u2014 o que deu certo e o que n\u00e3o deu.\u201d No clipe, isso soa como um jeito agridoce de encarar a vida, confiando acaso, conhecendo pessoas que fazem o mundo valer a pena e deixando que as mem\u00f3rias falem por si. Com esse lan\u00e7amento, a Superv\u00e3o adiciona mais um cap\u00edtulo sens\u00edvel ao AVGN e seguem com a tour que em diferentes cidades do Brasil.<\/p>\n<p><iframe loading=\"lazy\" title=\"Superv\u00e3o - Love e V\u00edcio em Sunshine\" width=\"747\" height=\"560\" src=\"https:\/\/www.youtube.com\/embed\/rpJxgOPnkSs?feature=oembed\" frameborder=\"0\" allow=\"accelerometer; autoplay; clipboard-write; encrypted-media; gyroscope; picture-in-picture; web-share\" referrerpolicy=\"strict-origin-when-cross-origin\" allowfullscreen><\/iframe><\/p>\n<hr \/>\n<p style=\"text-align: justify;\"><strong>&#8211; \u2018A ONU Grilou a Terra Santa\u2019, Pacta Corvina \u2013<\/strong> O trio black metal de Rio Grande <a href=\"https:\/\/www.novorockgaucho.com\/pacta-corvina\" target=\"_blank\" rel=\"noopener\">Pacta Corvina<\/a> colocou no mundo um novo single. A composi\u00e7\u00e3o chama-se \u2018A ONU Grilou a Terra Santa\u2019 e \u00e9 o segundo single do pr\u00f3ximo \u00e1lbum. A arte da capa (<a href=\"https:\/\/www.novorockgaucho.com\/news\/pacta-corvina-libera-single-a-onu-grilou-a-terra-santa\" target=\"_blank\" rel=\"noopener\">que ilustra este post<\/a>) \u00e9 de autoria de <a href=\"https:\/\/www.instagram.com\/desenhosmalditos\/\" target=\"_blank\" rel=\"noopener\">@desenhosmalditos<\/a> . Conforme a banda, o desenho casou completamente com o teor da m\u00fasica. Ainda de acordo com o grupo, o som \u201cfaz uma den\u00fancia ao sistem\u00e1tico exterm\u00ednio promovido pelos Si0ni$$tas no Oriente M\u00e9dio com apoio da \u00c1guia Hostil (e que agora tamb\u00e9m ataca diretamente nosso pa\u00eds e nossa soberania)\u201d.<\/p>\n<p><iframe loading=\"lazy\" title=\"A ONU Grilou a Terra Santa\" width=\"747\" height=\"560\" src=\"https:\/\/www.youtube.com\/embed\/Fl5eHFvbTMk?feature=oembed\" frameborder=\"0\" allow=\"accelerometer; autoplay; clipboard-write; encrypted-media; gyroscope; picture-in-picture; web-share\" referrerpolicy=\"strict-origin-when-cross-origin\" allowfullscreen><\/iframe><\/p>\n<hr \/>\n<p style=\"text-align: justify;\"><strong>&#8211; \u2018uma estrela e meia\u2019, Asterisma<\/strong> \u2013 A banda <a href=\"https:\/\/www.novorockgaucho.com\/asterisma\" target=\"_blank\" rel=\"noopener\">Asterisma<\/a> mostra como funciona, ao vivo, sua fus\u00e3o de emo e indie. Em seu canal no Youtube, o grupo disponibilizou uma execu\u00e7\u00e3o ao vivo de \u2018uma estrela e meia\u2019. Na pe\u00e7a audiovisual, o grupo performa a m\u00fasica \u2013 <a href=\"https:\/\/www.novorockgaucho.com\/news\/asterisma-apresenta-novo-single-uma-estrela-e-meia\" target=\"_blank\" rel=\"noopener\">lan\u00e7ada como single em junho<\/a> \u2013 no bar Ocidente, durante o Festival Carne Nova, da Little Backpack Produ\u00e7\u00f5es. A dire\u00e7\u00e3o \u00e9 de Lucas Expedidor.<\/p>\n<p><iframe loading=\"lazy\" title=\"asterisma - uma estrela e meia (ao vivo no ocidente)\" width=\"747\" height=\"420\" src=\"https:\/\/www.youtube.com\/embed\/HsbwVqrXK-w?feature=oembed\" frameborder=\"0\" allow=\"accelerometer; autoplay; clipboard-write; encrypted-media; gyroscope; picture-in-picture; web-share\" referrerpolicy=\"strict-origin-when-cross-origin\" allowfullscreen><\/iframe><\/p>\n<hr \/>\n<p style=\"text-align: justify;\"><strong>&#8211; \u2018O Corre\u2019, Flor ET<\/strong> \u2013 A banda <a href=\"https:\/\/www.novorockgaucho.com\/flor-et\" target=\"_blank\" rel=\"noopener\">Flor Et<\/a> lan\u00e7ou novo single \u2018O Corre\u2019 em julho. O som faz uma conex\u00e3o com quem est\u00e1 na batalha di\u00e1ria, superando adversidades para fazer sonhos e projetos acontecerem. Em agosto, deve rolar o lan\u00e7amento de um videoclipe no YouTube.<\/p>\n<p><iframe loading=\"lazy\" title=\"O Corre\" width=\"747\" height=\"560\" src=\"https:\/\/www.youtube.com\/embed\/v1jX5XTFy-4?feature=oembed\" frameborder=\"0\" allow=\"accelerometer; autoplay; clipboard-write; encrypted-media; gyroscope; picture-in-picture; web-share\" referrerpolicy=\"strict-origin-when-cross-origin\" allowfullscreen><\/iframe><\/p>\n<hr \/>\n<p style=\"text-align: justify;\">&#8211; <strong>\u2018Cine Off The Love\u2019, Onda Sul<\/strong> \u2013 A banda santa-mariense <a href=\"https:\/\/www.novorockgaucho.com\/onda-sul\" target=\"_blank\" rel=\"noopener\">Onda Sul<\/a> fez sua <a href=\"https:\/\/www.novorockgaucho.com\/news\/trio-onda-sul-lanca-primeiro-som-autoral\" target=\"_blank\" rel=\"noopener\">estreia autoral<\/a> com o single \u201cCine Off The Love\u201d! A composi\u00e7\u00e3o traz influ\u00eancias que passeiam pelo rock cl\u00e1ssico, reggae, ska e surf music.<\/p>\n<p><iframe loading=\"lazy\" title=\"Onda sul- Cine Off The Love\" width=\"747\" height=\"560\" src=\"https:\/\/www.youtube.com\/embed\/7LowFd4X5LU?feature=oembed\" frameborder=\"0\" allow=\"accelerometer; autoplay; clipboard-write; encrypted-media; gyroscope; picture-in-picture; web-share\" referrerpolicy=\"strict-origin-when-cross-origin\" allowfullscreen><\/iframe><\/p>\n<hr \/>\n<p style=\"text-align: justify;\"><strong>&#8211; &#8216;Amber Eyes\u2019, Tom Zynski<\/strong> \u2013 O cantor <a href=\"https:\/\/www.novorockgaucho.com\/tom-zynski\" target=\"_blank\" rel=\"noopener\">Tom Zynski<\/a> (tamb\u00e9m vocalista da It\u2019s All Red) deu novo f\u00f4lego \u00e0 uma composi\u00e7\u00e3o antiga da carreira solo. \u00c9 \u2018Amber Eyes\u2019, que ganha <a href=\"https:\/\/www.novorockgaucho.com\/news\/tom-zynki-relanca-amber-eyes-em-versao-acustica\" target=\"_blank\" rel=\"noopener\">releitura ac\u00fastica<\/a> produzida por Luciano Albo. A vers\u00e3o oficial de \u2018Amber Eyes (Like a Catalyzer)\u2019 saiu em 2022, junto com videoclipe. A m\u00fasica original \u00e9 uma balada hard com elementos de post punk, destacando o baixo envolvente e melodias de voz marcantes.<\/p>\n<p><iframe loading=\"lazy\" title=\"TOM ZYNSKI - Amber Eyes - Acoustic Version (Official Audio)\" width=\"747\" height=\"560\" src=\"https:\/\/www.youtube.com\/embed\/PHd9PBZfNis?feature=oembed\" frameborder=\"0\" allow=\"accelerometer; autoplay; clipboard-write; encrypted-media; gyroscope; picture-in-picture; web-share\" referrerpolicy=\"strict-origin-when-cross-origin\" allowfullscreen><\/iframe><\/p>\n<hr \/>\n<p style=\"text-align: justify;\"><strong>&#8211; \u2018Palha\u2019 e \u2018Calcinha\u2019, Sem Carisma<\/strong> \u2013 A Sem Carisma contraria o pr\u00f3prio nome com uma sonoridade cativante que mistura punk e rock alternativo. E o quarteto feminino tem novidades: \u2018Palha\u2019 e \u2018Calcinha\u2019, duas composi\u00e7\u00f5es in\u00e9ditas que entraram nas plataformas recentemente. Os novos sons chegam pouco mais de uma ano depois de a banda lan\u00e7ar o EP de estreia \u201d Ca\u00f3tico T\u00e1 \u00d3timo\u201d.<\/p>\n<p><iframe loading=\"lazy\" title=\"Calcinha \/ Palha\" width=\"747\" height=\"420\" src=\"https:\/\/www.youtube.com\/embed\/videoseries?list=OLAK5uy_nc0xH4AaG5LtdK5BGceZ9OWc2jWM95riQ\" frameborder=\"0\" allow=\"accelerometer; autoplay; clipboard-write; encrypted-media; gyroscope; picture-in-picture; web-share\" referrerpolicy=\"strict-origin-when-cross-origin\" allowfullscreen><\/iframe><\/p>\n<p><em>\u2013\u00a0<a href=\"https:\/\/www.facebook.com\/profile.php?id=100001755294131\" target=\"_blank\" rel=\"noopener noreferrer\">Homero Pivotto Jr.<\/a>\u00a0\u00e9 jornalista, vocalista da\u00a0<a href=\"https:\/\/diokane.bandcamp.com\/\" target=\"_blank\" rel=\"noopener noreferrer\">Diokane<\/a>\u00a0e respons\u00e1vel pelo videocast\u00a0<a href=\"https:\/\/www.youtube.com\/channel\/UCY71eKJzuBUXpyDV2IFeP8Q\/videos?view_as=subscriber\" target=\"_blank\" rel=\"noopener noreferrer\">O Ben Para Todo Mal<\/a>.<\/em><\/p>\n","protected":false},"excerpt":{"rendered":"Nesta edi\u00e7\u00e3o, al\u00e9m das novidades ligadas \u00e0s composi\u00e7\u00f5es pr\u00f3prias, subvertemos um pouco nossos par\u00e2metros para falar sobre o tributo a Os Replicantes!\n<a class=\"moretag\" href=\"https:\/\/screamyell.com.br\/site\/2025\/08\/01\/novo-rock-gaucho-004-tributo-a-os-replicantes-mais-os-torto-sem-carisma-supervao-pacta-corvina-flor-et-asterisma-e-mais\/\"> [...]<\/a>","protected":false},"author":149,"featured_media":90408,"comment_status":"open","ping_status":"open","sticky":false,"template":"","format":"standard","meta":[],"categories":[3],"tags":[7775,7804,7634,7805,946,3375,7803,1436,7806],"_links":{"self":[{"href":"https:\/\/screamyell.com.br\/site\/wp-json\/wp\/v2\/posts\/90403"}],"collection":[{"href":"https:\/\/screamyell.com.br\/site\/wp-json\/wp\/v2\/posts"}],"about":[{"href":"https:\/\/screamyell.com.br\/site\/wp-json\/wp\/v2\/types\/post"}],"author":[{"embeddable":true,"href":"https:\/\/screamyell.com.br\/site\/wp-json\/wp\/v2\/users\/149"}],"replies":[{"embeddable":true,"href":"https:\/\/screamyell.com.br\/site\/wp-json\/wp\/v2\/comments?post=90403"}],"version-history":[{"count":11,"href":"https:\/\/screamyell.com.br\/site\/wp-json\/wp\/v2\/posts\/90403\/revisions"}],"predecessor-version":[{"id":90416,"href":"https:\/\/screamyell.com.br\/site\/wp-json\/wp\/v2\/posts\/90403\/revisions\/90416"}],"wp:featuredmedia":[{"embeddable":true,"href":"https:\/\/screamyell.com.br\/site\/wp-json\/wp\/v2\/media\/90408"}],"wp:attachment":[{"href":"https:\/\/screamyell.com.br\/site\/wp-json\/wp\/v2\/media?parent=90403"}],"wp:term":[{"taxonomy":"category","embeddable":true,"href":"https:\/\/screamyell.com.br\/site\/wp-json\/wp\/v2\/categories?post=90403"},{"taxonomy":"post_tag","embeddable":true,"href":"https:\/\/screamyell.com.br\/site\/wp-json\/wp\/v2\/tags?post=90403"}],"curies":[{"name":"wp","href":"https:\/\/api.w.org\/{rel}","templated":true}]}}