{"id":89963,"date":"2025-06-26T00:34:55","date_gmt":"2025-06-26T03:34:55","guid":{"rendered":"https:\/\/screamyell.com.br\/site\/?p=89963"},"modified":"2025-07-27T23:57:34","modified_gmt":"2025-07-28T02:57:34","slug":"longe-demais-das-capitais-festival-casarao-celebra-25-anos-em-porto-velho-com-grandes-shows-de-mombojo-maglore-e-o-tronxo","status":"publish","type":"post","link":"https:\/\/screamyell.com.br\/site\/2025\/06\/26\/longe-demais-das-capitais-festival-casarao-celebra-25-anos-em-porto-velho-com-grandes-shows-de-mombojo-maglore-e-o-tronxo\/","title":{"rendered":"Longe demais das capitais, Festival Casar\u00e3o celebra 25 anos em Porto Velho com grandes shows de Momboj\u00f3 e Maglore"},"content":{"rendered":"<h2 style=\"text-align: center;\"><strong>texto e v\u00eddeos de\u00a0<a href=\"https:\/\/www.instagram.com\/noacapelas\/\" target=\"_blank\" rel=\"noopener\">Bruno Capelas<\/a><\/strong><strong><br \/>\nfotos de\u00a0<a href=\"https:\/\/www.instagram.com\/dougmosh.prod\/\" target=\"_blank\" rel=\"noopener\">Douglas Mosh<\/a><\/strong><\/h2>\n<p style=\"text-align: justify;\">Nos anos 1980, Humberto Gessinger cantava que Porto Alegre era &#8220;longe demais das capitais\u201d. Em pleno 2025, o t\u00edtulo parece pertencer melhor a outra cidade que tamb\u00e9m tem nome de embarcadouro: Porto Velho, Rond\u00f4nia. Um lugar cheio de mitos, hist\u00f3rias de empreitadas e fracassos e com poucos, muito poucos voos diretos para outras partes do Brasil. Saindo do Aeroporto Governador Jorge Teixeira de Oliveira, as \u00fanicas cidades hoje acess\u00edveis s\u00e3o Manaus, Belo Horizonte, Bras\u00edlia e S\u00e3o Paulo. Por rodovias, as highways tamb\u00e9m parecem infinitas: \u00e9 preciso gastar pelo menos sete horas para chegar a Rio Branco; para Manaus ou Cuiab\u00e1, a conta sobe para 12h. S\u00e3o n\u00fameros e dimens\u00f5es que d\u00e3o a no\u00e7\u00e3o do desafio de fazer um festival com bandas de todo o Pa\u00eds na regi\u00e3o Norte.<\/p>\n<p><img decoding=\"async\" loading=\"lazy\" class=\"alignnone size-full wp-image-89975 aligncenter\" src=\"https:\/\/screamyell.com.br\/site\/wp-content\/uploads\/2025\/06\/dougmosh-31-copiar.jpg\" alt=\"\" width=\"750\" height=\"500\" srcset=\"https:\/\/screamyell.com.br\/site\/wp-content\/uploads\/2025\/06\/dougmosh-31-copiar.jpg 750w, https:\/\/screamyell.com.br\/site\/wp-content\/uploads\/2025\/06\/dougmosh-31-copiar-300x200.jpg 300w\" sizes=\"(max-width: 750px) 100vw, 750px\" \/><\/p>\n<p style=\"text-align: justify;\">Cumprir esse desafio \u00e9, por si s\u00f3, um feito a ser comemorado com galhardia pelo Festival Casar\u00e3o. Faz\u00ea-lo por 25 anos, ainda que com algumas interrup\u00e7\u00f5es, \u00e9 um esfor\u00e7o quase herc\u00faleo. Ap\u00f3s um breve hiato no ano passado, o evento voltou com for\u00e7a total em 2025, realizando edi\u00e7\u00f5es em v\u00e1rias capitais do Norte e do Centro-Oeste, <a href=\"https:\/\/screamyell.com.br\/site\/2025\/05\/27\/entrevista-o-circuito-festival-casarao-e-a-coisa-mais-diferente-em-termos-de-eventos-de-2025-diz-vinicius-lemos\/\" target=\"_blank\" rel=\"noopener\">promovendo a circula\u00e7\u00e3o de mais de 40 bandas entre os dias 18 e 22 de junho<\/a>. Como a ocasi\u00e3o era mais do que especial, a festa come\u00e7ou antes mesmo do festival: na Semana da M\u00fasica Casar\u00e3o, realizada a partir do domingo, 14 de junho, na capital rondoniense, houve palestras, workshops, esquentas e tamb\u00e9m shows gratuitos no Mercado Cultural, um dos pontos tur\u00edsticos mais carism\u00e1ticos de Porto Velho.<\/p>\n<p style=\"text-align: justify;\">Na noite da ter\u00e7a-feira, 17, tr\u00eas nomes se apresentaram por l\u00e1: o grupo Vandrin e Rafini, a banda local Sexytape e o cearense Daniel Groove, escalado tantas vezes para o Casar\u00e3o ao longo de duas d\u00e9cadas que at\u00e9 recebeu o t\u00edtulo de &#8220;Presidente&#8221; do festival. Retornando aos palcos ap\u00f3s um breve hiato, Groove fez uma apresenta\u00e7\u00e3o calorosa, mostrando por que tem em Porto Velho um de seus p\u00fablicos mais carinhosos.<\/p>\n<figure id=\"attachment_90008\" aria-describedby=\"caption-attachment-90008\" style=\"width: 750px\" class=\"wp-caption aligncenter\"><img decoding=\"async\" loading=\"lazy\" class=\"size-full wp-image-90008\" src=\"https:\/\/screamyell.com.br\/site\/wp-content\/uploads\/2025\/06\/Casarao-dia-0-10-copiar.jpg\" alt=\"\" width=\"750\" height=\"503\" srcset=\"https:\/\/screamyell.com.br\/site\/wp-content\/uploads\/2025\/06\/Casarao-dia-0-10-copiar.jpg 750w, https:\/\/screamyell.com.br\/site\/wp-content\/uploads\/2025\/06\/Casarao-dia-0-10-copiar-300x201.jpg 300w\" sizes=\"(max-width: 750px) 100vw, 750px\" \/><figcaption id=\"caption-attachment-90008\" class=\"wp-caption-text\"><em>Daniel Groove<\/em><\/figcaption><\/figure>\n<p style=\"text-align: justify;\">Acompanhado da Sexytape (que mostrou em seu show uma boa mistura de pop-punk e power pop com brega), Groove executou um bonito passeio pela sua obra \u2013 como nas balada\u00e7as setentistas &#8220;Seda Azul&#8221; e &#8220;Jardim Suspenso&#8221; ou no hino &#8220;Fortale\u00e7a-se&#8221;. N\u00e3o foi s\u00f3: ele tamb\u00e9m foi do popular (&#8220;Voc\u00ea Vai Se Arrepender&#8221;, de Bart\u00f4 Galeno) ao pante\u00e3o da MPB (&#8220;Jorge Maravilha&#8221;, de Chico Buarque). Idolatrado na capital rondoniense, o cantor teve de dar tr\u00eas bis \u2013 o arremate final, sugerido pela banda de apoio, foi com o inesperado cover de &#8220;Abra\u00e7ando Voc\u00ea&#8221;, de Raimundo Soldado. Baita can\u00e7\u00e3o para mostrar o talento de um dos mais intensos frontman do Pa\u00eds.<\/p>\n<h2 style=\"text-align: center;\"><strong>Quarta &#8211; 18\/06<\/strong><\/h2>\n<figure id=\"attachment_89969\" aria-describedby=\"caption-attachment-89969\" style=\"width: 750px\" class=\"wp-caption aligncenter\"><img decoding=\"async\" loading=\"lazy\" class=\"size-full wp-image-89969\" src=\"https:\/\/screamyell.com.br\/site\/wp-content\/uploads\/2025\/06\/dougmosh-1-copiar.jpg\" alt=\"\" width=\"750\" height=\"500\" srcset=\"https:\/\/screamyell.com.br\/site\/wp-content\/uploads\/2025\/06\/dougmosh-1-copiar.jpg 750w, https:\/\/screamyell.com.br\/site\/wp-content\/uploads\/2025\/06\/dougmosh-1-copiar-300x200.jpg 300w\" sizes=\"(max-width: 750px) 100vw, 750px\" \/><figcaption id=\"caption-attachment-89969\" class=\"wp-caption-text\"><em>Marcela Bonfim<\/em><\/figcaption><\/figure>\n<p style=\"text-align: justify;\">A primeira noite do Casar\u00e3o \u201cde fato\u201d foi realizada n&#8217;O Monarka, casa de shows no centro portovelhense mais acostumada a receber noites de pagode, como denunciavam a decora\u00e7\u00e3o e as luzes autom\u00e1ticas (um bocado cafonas) do palco. Na quarta-feira, 18 de junho, a programa\u00e7\u00e3o trazia uma curadoria que mesclava boas propostas de pop-rock com uma inusitada e rara dobradinha de m\u00fasica instrumental, com O Tronxo (AM) e Camarones Orquestra Guitarr\u00edstica (RN).<\/p>\n<p style=\"text-align: justify;\">Escudada por uma nata de m\u00fasicos da cidade, incluindo o guitarrista e produtor Thiago Maziero (Os \u00daltimos) e o baterista Rodolfo B\u00e1rtolo (Wari), a cantora Marcela Bonfim teve a miss\u00e3o de abrir os trabalhos na casa de shows para cerca de 500 pessoas \u2013 o p\u00fablico, por\u00e9m, chegou a apenas 40% da lota\u00e7\u00e3o do local no auge da noite. Respons\u00e1vel por um dos <a href=\"https:\/\/screamyell.com.br\/site\/2023\/05\/02\/festival-casarao-2023-dia-3-ratos-de-porao-maglore-e-diogo-soares-levantam-a-bandeira-da-resistencia-em-porto-velho\/\" target=\"_blank\" rel=\"noopener\">grandes momentos da \u00faltima edi\u00e7\u00e3o do Casar\u00e3o<\/a>, em 2023, em uma participa\u00e7\u00e3o especial no show de Diogo Soares, Marcela fez novamente um dos shows mais impactantes do evento.<\/p>\n<p style=\"text-align: justify;\">Prestes a lan\u00e7ar o disco &#8220;Amaz\u00f4nia Negra&#8221; pela Natura Musical, a artista trouxe da fotografia e do audiovisual a capacidade de criar imagens sonoras muito potentes e uma forte presen\u00e7a c\u00eanica. Mais do que isso, em can\u00e7\u00f5es como &#8220;Bonfim&#8221;, &#8220;Sou da Beira&#8221; e &#8220;O Tempo&#8221;, Marcela falou de seu lugar e de sua ancestralidade, abrindo espa\u00e7o para questionar \u00e0 sua maneira uma vers\u00e3o da hist\u00f3ria oficial de Rond\u00f4nia e da Amaz\u00f4nia, mas sem esbarrar nos clich\u00eas do regionalismo. Dos projetos locais exibidos no Casar\u00e3o desde a retomada ap\u00f3s a pandemia, este \u00e9 talvez o que tenha a melhor chance de rodar o Pa\u00eds. Pot\u00eancia e potencial n\u00e3o faltam \u2013 mas \u00e9 preciso combinar com a malha a\u00e9rea, dado que \u00e9 praticamente imposs\u00edvel conseguir uma passagem de ida e volta a Porto Velho por menos de quatro d\u00edgitos, um impeditivo para a circula\u00e7\u00e3o.<\/p>\n<figure id=\"attachment_89970\" aria-describedby=\"caption-attachment-89970\" style=\"width: 750px\" class=\"wp-caption aligncenter\"><img decoding=\"async\" loading=\"lazy\" class=\"size-full wp-image-89970\" src=\"https:\/\/screamyell.com.br\/site\/wp-content\/uploads\/2025\/06\/dougmosh-4-copiar.jpg\" alt=\"\" width=\"750\" height=\"500\" srcset=\"https:\/\/screamyell.com.br\/site\/wp-content\/uploads\/2025\/06\/dougmosh-4-copiar.jpg 750w, https:\/\/screamyell.com.br\/site\/wp-content\/uploads\/2025\/06\/dougmosh-4-copiar-300x200.jpg 300w\" sizes=\"(max-width: 750px) 100vw, 750px\" \/><figcaption id=\"caption-attachment-89970\" class=\"wp-caption-text\"><em>Ecdise<\/em><\/figcaption><\/figure>\n<p style=\"text-align: justify;\">Na sequ\u00eancia, quem chegou cedo ao Monarka pode conferir outra boa novidade: a Ecdise, banda de thrash\/crossover que \u00e9 um projeto paralelo de Giovanni Marini, vocalista da institui\u00e7\u00e3o local Coveiros e professor de geografia nas horas n\u00e3o-vagas. Sem o peso de vinte anos de hist\u00f3ria, Giovanni mostrou-se mais bem-humorado e \u00e0 vontade com a nova banda \u2013 cujo nome se deve &#8220;ao processo de troca de pele dos r\u00e9pteis&#8221;, explicou, enveredando pela biologia. &#8220;Vamos todo mundo trocar de pele e melhorar a sociedade&#8221;, continuou o artista, que foi candidato a vereador nas \u00faltimas elei\u00e7\u00f5es municipais e, mesmo fazendo parte da oposi\u00e7\u00e3o, \u00e9 o secret\u00e1rio municipal de saneamento e servi\u00e7os b\u00e1sicos de Porto Velho \u2013 vale a pena conferir o que ele tem feito pela cidade <a href=\"https:\/\/www.instagram.com\/professorgiovannimarini\/\" target=\"_blank\" rel=\"noopener\">em seu Instagram<\/a>.<\/p>\n<p style=\"text-align: justify;\">Al\u00e9m do conte\u00fado program\u00e1tico do vestibular, Marini tamb\u00e9m cantou sobre temas como o genoc\u00eddio em Gaza (em &#8220;Sede de Exterm\u00ednio&#8221;) e os povos origin\u00e1rios. O melhor, por\u00e9m, ficou para o final: &#8220;Nossa \u00faltima m\u00fasica chama &#8216;Desafeto&#8217; e \u00e9 sobre aquele cara do seu trabalho que quer sempre puxar seu tapete&#8221;, anunciou o vocalista. Imagina o clima na Prefeitura. Ainda no assunto metal, vale destacar a passagem da Da Ordem ao Caos, fiel \u00e0 cartilha do thrash, com direito a muitos guturais do vocalista M\u00e1rio Vicente, que tamb\u00e9m atua como DJ do festival. Polival\u00eancia \u00e9 isso a\u00ed.<\/p>\n<figure id=\"attachment_89986\" aria-describedby=\"caption-attachment-89986\" style=\"width: 750px\" class=\"wp-caption aligncenter\"><img decoding=\"async\" loading=\"lazy\" class=\"size-full wp-image-89986\" src=\"https:\/\/screamyell.com.br\/site\/wp-content\/uploads\/2025\/06\/o-tronxo-copiar.jpg\" alt=\"\" width=\"750\" height=\"500\" srcset=\"https:\/\/screamyell.com.br\/site\/wp-content\/uploads\/2025\/06\/o-tronxo-copiar.jpg 750w, https:\/\/screamyell.com.br\/site\/wp-content\/uploads\/2025\/06\/o-tronxo-copiar-300x200.jpg 300w\" sizes=\"(max-width: 750px) 100vw, 750px\" \/><figcaption id=\"caption-attachment-89986\" class=\"wp-caption-text\"><em>O Tronxo<\/em><\/figcaption><\/figure>\n<p style=\"text-align: justify;\">Quem tamb\u00e9m voltou ao Casar\u00e3o depois de uma grande apresenta\u00e7\u00e3o em 2022 foi a banda amazonense O Tronxo, dona de um post-rock de muita personalidade. Nos bastidores, houve quem chamasse o grupo de &#8220;Mogwai amaz\u00f4nico&#8221;. Faz sentido: a acur\u00e1cia instrumental, a m\u00e3o pesada do trio Rafa Borges (guitarra), Luiz Roberto G\u00f3es (baixo) e Anast\u00e1cio \u201cAJ\u201d J\u00fanior (bateria) e, especialmente, o volume quase ensurdecedor com que tocaram justificam a alcunha \u2013 embora parte da intensidade talvez n\u00e3o tenha sido intencional, mas sim uma quest\u00e3o da ac\u00fastica da casa de shows portovelhense.<\/p>\n<p style=\"text-align: justify;\"><a href=\"https:\/\/screamyell.com.br\/site\/2025\/04\/16\/entrevista-o-tronxo-une-psicodelia-rap-e-rock-progressivo-em-ep-com-fernando-catatau-e-victor-xama\/\" target=\"_blank\" rel=\"noopener\">Misturando temas do EP \u201cAbismo\u201d<\/a> com faixas de trabalhos anteriores, o grupo fez um belo show, daqueles pra botar um sorriso no rosto de qualquer f\u00e3 de m\u00fasica torta \u2013 mesmo sem a presen\u00e7a do segundo guitarrista, Lucas Castro, que teve problemas pessoais e n\u00e3o pode vir a Porto Velho estrear a nova forma\u00e7\u00e3o do grupo. Tal qual cacha\u00e7a de jambu, ficou no corpo a tremedeira e aquele gostinho de quero mais.<\/p>\n<figure id=\"attachment_89981\" aria-describedby=\"caption-attachment-89981\" style=\"width: 750px\" class=\"wp-caption aligncenter\"><img decoding=\"async\" loading=\"lazy\" class=\"size-full wp-image-89981\" src=\"https:\/\/screamyell.com.br\/site\/wp-content\/uploads\/2025\/06\/Kanichi-copiar.jpg\" alt=\"\" width=\"750\" height=\"500\" srcset=\"https:\/\/screamyell.com.br\/site\/wp-content\/uploads\/2025\/06\/Kanichi-copiar.jpg 750w, https:\/\/screamyell.com.br\/site\/wp-content\/uploads\/2025\/06\/Kanichi-copiar-300x200.jpg 300w\" sizes=\"(max-width: 750px) 100vw, 750px\" \/><figcaption id=\"caption-attachment-89981\" class=\"wp-caption-text\"><em>Kanichi<\/em><\/figcaption><\/figure>\n<p style=\"text-align: justify;\">Vindos do Tocantins ap\u00f3s enfrentar um p\u00e9riplo de quase 24h voando para chegar a um Estado da mesma regi\u00e3o que a sua, a Kanichi teve a miss\u00e3o de seguir a programa\u00e7\u00e3o do festival no palco menor da casa. Foi uma apresenta\u00e7\u00e3o morna: as can\u00e7\u00f5es de Felipe Kuroda (guitarra e voz) e Renato Rezende (bateria e programa\u00e7\u00f5es) mostram potencial, mas o cansa\u00e7o e tamb\u00e9m a instrumenta\u00e7\u00e3o ex\u00edgua, dependente de bases programadas, n\u00e3o ajudaram o grupo em sua segunda passagem por Porto Velho. Uma pena.<\/p>\n<p style=\"text-align: justify;\">Veterana de turn\u00eas n\u00e3o s\u00f3 pelo Pa\u00eds, mas pelos quatro cantos do mundo, a Camarones Orquestra Guitarr\u00edstica aproveitou o Casar\u00e3o para fazer um check em mais um Estado do territ\u00f3rio nacional. Mas n\u00e3o se engane o leitor pelo nome: embora conte com tr\u00eas guitarras em sua forma\u00e7\u00e3o, tocadas por Anderson Foca, Thiago Andrade e Alexandre Capil\u00e9, a alma da banda \u00e9 mesmo a baixista Ana Morena. \u00c9 de seu instrumento que saem graves, grooves e ritmos capazes de conduzir n\u00e3o s\u00f3 o grupo, mas tamb\u00e9m os quadris do p\u00fablico.<\/p>\n<figure id=\"attachment_89967\" aria-describedby=\"caption-attachment-89967\" style=\"width: 750px\" class=\"wp-caption aligncenter\"><img decoding=\"async\" loading=\"lazy\" class=\"size-full wp-image-89967\" src=\"https:\/\/screamyell.com.br\/site\/wp-content\/uploads\/2025\/06\/camarones-copiar.jpg\" alt=\"\" width=\"750\" height=\"500\" srcset=\"https:\/\/screamyell.com.br\/site\/wp-content\/uploads\/2025\/06\/camarones-copiar.jpg 750w, https:\/\/screamyell.com.br\/site\/wp-content\/uploads\/2025\/06\/camarones-copiar-300x200.jpg 300w\" sizes=\"(max-width: 750px) 100vw, 750px\" \/><figcaption id=\"caption-attachment-89967\" class=\"wp-caption-text\"><em>Camarones Orquestra Guitarr\u00edstica<\/em><\/figcaption><\/figure>\n<p style=\"text-align: justify;\">Batendo cumbia, carimb\u00f3, blues, surf rock e muitas outras pulsa\u00e7\u00f5es em um liquidificador na velocidade 10, a Camarones fez um show agitado e envolvente \u2013 provando, ao lado d&#8217;O Tronxo, que n\u00e3o \u00e9 preciso ter letra para engajar um p\u00fablico interessado. S\u00f3 n\u00e3o foi melhor por conta do sistema de som da casa, que teve praticamente a noite toda um volume demasiadamente alto e qualidade desafiadora para t\u00e9cnicos e artistas.<\/p>\n<p style=\"text-align: justify;\">Quem mais sofreu com o som <a href=\"https:\/\/screamyell.com.br\/site\/2025\/04\/28\/entrevista-a-nova-fase-do-the-monic\/\" target=\"_blank\" rel=\"noopener\">foi o quarteto paulistano The M\u00f6nic<\/a>: dono de um rock b\u00e1sico, fincado no hardcore e no pop punk, o grupo quase n\u00e3o se fazia entender pelo p\u00fablico, com as guitarras encobrindo completamente o jogo de vozes entre Dani Buarque (guitarra), Joan Bedin (baixo) e Al\u00ea Labelle (guitarra). Para piorar, a banda ainda perdeu mais tempo quando uma corda do baixo de Joan arrebentou no meio da apresenta\u00e7\u00e3o, pondo fim a um jogo usado pela artista h\u00e1 mais de cinco anos.<\/p>\n<figure id=\"attachment_89992\" aria-describedby=\"caption-attachment-89992\" style=\"width: 750px\" class=\"wp-caption aligncenter\"><img decoding=\"async\" loading=\"lazy\" class=\"size-full wp-image-89992\" src=\"https:\/\/screamyell.com.br\/site\/wp-content\/uploads\/2025\/06\/the-monic-copiar.jpg\" alt=\"\" width=\"750\" height=\"500\" srcset=\"https:\/\/screamyell.com.br\/site\/wp-content\/uploads\/2025\/06\/the-monic-copiar.jpg 750w, https:\/\/screamyell.com.br\/site\/wp-content\/uploads\/2025\/06\/the-monic-copiar-300x200.jpg 300w\" sizes=\"(max-width: 750px) 100vw, 750px\" \/><figcaption id=\"caption-attachment-89992\" class=\"wp-caption-text\"><em>The M\u00f6nic<\/em><\/figcaption><\/figure>\n<p style=\"text-align: justify;\">Se no palco principal a ac\u00fastica era um desafio, no palco menor os obst\u00e1culos ainda eram contorn\u00e1veis, como ficou claro na apresenta\u00e7\u00e3o de outra institui\u00e7\u00e3o local: a banda Os \u00daltimos, de Ariquemes, 200km distante da capital do Estado. Renovada por uma turn\u00ea em 2024 que passeou pelo Norte e pelo Nordeste, o grupo fez um bom trabalho com sua sonoridade pop e radiof\u00f4nica, inspirada nos melhores momentos de Lulu Santos e, v\u00e1 l\u00e1, Jota Quest. Destaque, mais uma vez, para as boas guitarras de Thiago Maziero e para a condu\u00e7\u00e3o mais do que competente de Laura Brandhuber na bateria.<\/p>\n<figure id=\"attachment_89987\" aria-describedby=\"caption-attachment-89987\" style=\"width: 750px\" class=\"wp-caption aligncenter\"><img decoding=\"async\" loading=\"lazy\" class=\"size-full wp-image-89987\" src=\"https:\/\/screamyell.com.br\/site\/wp-content\/uploads\/2025\/06\/Os-Ultimos-copiar.jpg\" alt=\"\" width=\"750\" height=\"500\" srcset=\"https:\/\/screamyell.com.br\/site\/wp-content\/uploads\/2025\/06\/Os-Ultimos-copiar.jpg 750w, https:\/\/screamyell.com.br\/site\/wp-content\/uploads\/2025\/06\/Os-Ultimos-copiar-300x200.jpg 300w\" sizes=\"(max-width: 750px) 100vw, 750px\" \/><figcaption id=\"caption-attachment-89987\" class=\"wp-caption-text\"><em>Os \u00daltimos<\/em><\/figcaption><\/figure>\n<p style=\"text-align: justify;\">J\u00e1 o final da noite ficou por conta da Maglore, que apresentou no Casar\u00e3o pela segunda vez seguida <a href=\"https:\/\/screamyell.com.br\/site\/2022\/08\/29\/entrevista-maglore-lanca-v-olhando-para-o-passado-e-teago-oliveira-diz-que-a-banda-vive-sua-melhor-fase\/\" target=\"_blank\" rel=\"noopener\">um show da turn\u00ea do disco &#8220;V&#8221;<\/a>, lan\u00e7ado em 2022. Com som mais bem ajustado do que as outras bandas da noite, devido \u00e0 presen\u00e7a do t\u00e9cnico \u00cdcaro Reis, o grupo fez o seu melhor em cerca de 90 minutos. \u00c9 dif\u00edcil, ali\u00e1s, botar reparo em um repert\u00f3rio j\u00e1 t\u00e3o executado pelos quatro cantos do Pa\u00eds, capaz de mesclar as excelentes can\u00e7\u00f5es do trabalho mais recente com hits de diversas fases \u2013 do power pop &#8220;\u00c0s Vezes Um Clich\u00ea&#8221;, da estreia &#8220;Veroz&#8221;, ao reverb-Faber-Castell de hinos como &#8220;Me Deixa Legal&#8221;, &#8220;Clonazepam 2mg&#8221; e &#8220;Calma&#8221;, de &#8220;Todas as Bandeiras&#8221; (2017).<\/p>\n<p style=\"text-align: justify;\">Mais que isso, \u00e9 interessante notar o quanto o quarteto capitaneado por Teago Oliveira \u00e9 capaz de executar bem o que se prop\u00f5e tanto no est\u00fadio quanto no palco, ao contr\u00e1rio de outros companheiros de gera\u00e7\u00e3o de entregas desiguais. Mas \u00e9 preciso que se diga: ap\u00f3s quase tr\u00eas anos de muito bom uso, este \u00e9 um conjunto de can\u00e7\u00f5es que come\u00e7a a pedir por renova\u00e7\u00e3o \u2013 seja pela passagem do tempo (o otimismo vermelho de &#8220;Eles&#8221; hoje se transforma num sorriso amarelo), seja pelo fato de que at\u00e9 mesmo em paragens menos frequentadas a banda j\u00e1 passou v\u00e1rias vezes. Em outras palavras: est\u00e1 na hora da Maglore gravar um disco novo. Enquanto isso n\u00e3o acontece, por\u00e9m, \u00e9 dif\u00edcil dizer que h\u00e1 algo de errado para quem quiser seguir bailando num show que se encerra com &#8220;Mantra&#8221; e a indefect\u00edvel &#8220;Esp\u00edrito Selvagem&#8221;, mesmo com o ouvido zumbindo. Valeu, valeu.<\/p>\n<figure id=\"attachment_89972\" aria-describedby=\"caption-attachment-89972\" style=\"width: 750px\" class=\"wp-caption aligncenter\"><img decoding=\"async\" loading=\"lazy\" class=\"size-full wp-image-89972\" src=\"https:\/\/screamyell.com.br\/site\/wp-content\/uploads\/2025\/06\/dougmosh-25-copiar.jpg\" alt=\"\" width=\"750\" height=\"440\" srcset=\"https:\/\/screamyell.com.br\/site\/wp-content\/uploads\/2025\/06\/dougmosh-25-copiar.jpg 750w, https:\/\/screamyell.com.br\/site\/wp-content\/uploads\/2025\/06\/dougmosh-25-copiar-300x176.jpg 300w\" sizes=\"(max-width: 750px) 100vw, 750px\" \/><figcaption id=\"caption-attachment-89972\" class=\"wp-caption-text\"><em>Maglore<\/em><\/figcaption><\/figure>\n<h2 style=\"text-align: center;\">Quinta &#8211; 19\/06<\/h2>\n<p style=\"text-align: justify;\">Afetada por uma visita ao rec\u00e9m-reinaugurado museu da Estrada de Ferro Madeira Mamor\u00e9 (uma das atra\u00e7\u00f5es tur\u00edsticas mais legais de Porto Velho) e por doses cavalares de tambaqui em diferentes preparos (na brasa, frito, com molho de maracuj\u00e1 e at\u00e9 \u00e0 parmegiana!), a reportagem do Scream &amp; Yell teve um pequeno atraso na segunda noite. O retardo fez a equipe perder a apresenta\u00e7\u00e3o de Klazanorth e chegar apenas ao fim do show de Negra Mari, rapper de Ariquemes que encerrou sua passagem pelo palco principal com cl\u00e1ssicos do funk carioca como &#8220;Eu S\u00f3 Quero \u00c9 Ser Feliz&#8221;.<\/p>\n<figure id=\"attachment_89988\" aria-describedby=\"caption-attachment-89988\" style=\"width: 750px\" class=\"wp-caption aligncenter\"><img decoding=\"async\" loading=\"lazy\" class=\"size-full wp-image-89988\" src=\"https:\/\/screamyell.com.br\/site\/wp-content\/uploads\/2025\/06\/Projeto-Clandestino-copiar.jpg\" alt=\"\" width=\"750\" height=\"500\" srcset=\"https:\/\/screamyell.com.br\/site\/wp-content\/uploads\/2025\/06\/Projeto-Clandestino-copiar.jpg 750w, https:\/\/screamyell.com.br\/site\/wp-content\/uploads\/2025\/06\/Projeto-Clandestino-copiar-300x200.jpg 300w\" sizes=\"(max-width: 750px) 100vw, 750px\" \/><figcaption id=\"caption-attachment-89988\" class=\"wp-caption-text\"><em>Projeto Clandestino<\/em><\/figcaption><\/figure>\n<p style=\"text-align: justify;\">Na sequ\u00eancia, veio o Projeto Clandestino, quarteto do Tri\u00e2ngulo Mineiro que trafega pelas vertentes do blues rock e do classic rock, com direito a roupa preta, gaita e can\u00e7\u00f5es sobre identidade e amores perdidos. Se as can\u00e7\u00f5es pr\u00f3prias n\u00e3o chamaram muito aten\u00e7\u00e3o, vale o destaque para uma esperta cover de &#8220;Preciso Urgentemente Encontrar Um Amigo&#8221;, de Roberto e Erasmo \u2013 mas conhecida e reproduzida pelos mineiros no arranjo imortalizado pelos Mutantes em 1970. Voc\u00ea sabe o ditado: &#8220;it&#8217;s only rock&#8217;n&#8217;roll&#8230;&#8221;<\/p>\n<figure id=\"attachment_89996\" aria-describedby=\"caption-attachment-89996\" style=\"width: 750px\" class=\"wp-caption aligncenter\"><img decoding=\"async\" loading=\"lazy\" class=\"wp-image-89996 size-full\" src=\"https:\/\/screamyell.com.br\/site\/wp-content\/uploads\/2025\/06\/doral-duda-copiar.jpg\" alt=\"\" width=\"750\" height=\"500\" srcset=\"https:\/\/screamyell.com.br\/site\/wp-content\/uploads\/2025\/06\/doral-duda-copiar.jpg 750w, https:\/\/screamyell.com.br\/site\/wp-content\/uploads\/2025\/06\/doral-duda-copiar-300x200.jpg 300w\" sizes=\"(max-width: 750px) 100vw, 750px\" \/><figcaption id=\"caption-attachment-89996\" class=\"wp-caption-text\"><em>Doral &amp; Duda Raposo<\/em><\/figcaption><\/figure>\n<p style=\"text-align: justify;\">Rec\u00e9m-chegada de uma viagem de oito horas direto de Rio Branco, em micro-\u00f4nibus com direito a ar condicionado quebrado e janelas que n\u00e3o abriam, a manauara Doral n\u00e3o deu bola para o cansa\u00e7o na hora de subir no palco. Com uma sonoridade que passeia entre o folk fofo e o pop good vibes de gente como Vitor Kley, o grupo soou um pouco deslocado na proposta geral do festival, mas conquistou a ala jovem do p\u00fablico com produ\u00e7\u00e3o esmerada, boa presen\u00e7a de palco e a participa\u00e7\u00e3o da cantora Duda Raposo, tamb\u00e9m de Manaus. Poderia ter funcionado melhor (como foi jogando em casa, dois dias depois) se o som da casa colaborasse \u2013 embora seja necess\u00e1rio dizer que ajustes transformaram a situa\u00e7\u00e3o de catastr\u00f3fica na quarta-feira em apenas irritante no dia seguinte.<\/p>\n<p style=\"text-align: justify;\">Al\u00e9m da Doral, estavam no micro-\u00f4nibus entre Acre e Rond\u00f4nia o Momboj\u00f3 e o grupo 43duo, de Paranava\u00ed (PR), que se apresentou logo ap\u00f3s os amazonenses no palco menor do festival. &#8220;N\u00f3s viemos do extremo Norte da regi\u00e3o Sul para tocar aqui no Norte&#8221;, brincou o guitarrista Hugo Veloso. E vieram mesmo: Porto Velho, na verdade, foi a \u00faltima parada de uma viagem feita por ele e pela baterista Luana Santana a bordo de um Chevrolet Spin branco, com diversas apresenta\u00e7\u00f5es e boas conversas entre Paran\u00e1, Mato Grosso do Sul, Mato Grosso e Rond\u00f4nia.<\/p>\n<figure id=\"attachment_89977\" aria-describedby=\"caption-attachment-89977\" style=\"width: 750px\" class=\"wp-caption aligncenter\"><img decoding=\"async\" loading=\"lazy\" class=\"wp-image-89977 size-full\" src=\"https:\/\/screamyell.com.br\/site\/wp-content\/uploads\/2025\/06\/duo43-copiar.jpg\" alt=\"43duo\" width=\"750\" height=\"500\" srcset=\"https:\/\/screamyell.com.br\/site\/wp-content\/uploads\/2025\/06\/duo43-copiar.jpg 750w, https:\/\/screamyell.com.br\/site\/wp-content\/uploads\/2025\/06\/duo43-copiar-300x200.jpg 300w\" sizes=\"(max-width: 750px) 100vw, 750px\" \/><figcaption id=\"caption-attachment-89977\" class=\"wp-caption-text\"><em>43duo<\/em><\/figcaption><\/figure>\n<p style=\"text-align: justify;\">Com o rec\u00e9m-lan\u00e7ado &#8220;S\u00e3 Verdade&#8221; debaixo do bra\u00e7o, o grupo fez um dos shows mais impactantes do festival, reproduzindo no palco a psicodelia sem naftalina do disco, masterizado por Alejandra Luciani (Boogarins, Carabobina). Em apenas meia hora, o 43duo fez uma bela exibi\u00e7\u00e3o dos temas do \u00e1lbum, com Hugo pilotando guitarras e pedais e Luana revezando seus membros entre a bateria e um synth bass potente. Pena que, num set t\u00e3o curto, faltou a m\u00fasica mais legal do novo trabalho: &#8220;Navio de Sonhos&#8221;, uma releitura da pioneira banda Gralha Azul que, j\u00e1 em 1969, falava sobre reforma agr\u00e1ria. Mas nada que um pr\u00f3ximo show deles n\u00e3o resolva.<\/p>\n<figure id=\"attachment_89985\" aria-describedby=\"caption-attachment-89985\" style=\"width: 750px\" class=\"wp-caption aligncenter\"><img decoding=\"async\" loading=\"lazy\" class=\"size-full wp-image-89985\" src=\"https:\/\/screamyell.com.br\/site\/wp-content\/uploads\/2025\/06\/Nitro-copiar.jpg\" alt=\"\" width=\"750\" height=\"500\" srcset=\"https:\/\/screamyell.com.br\/site\/wp-content\/uploads\/2025\/06\/Nitro-copiar.jpg 750w, https:\/\/screamyell.com.br\/site\/wp-content\/uploads\/2025\/06\/Nitro-copiar-300x200.jpg 300w\" sizes=\"(max-width: 750px) 100vw, 750px\" \/><figcaption id=\"caption-attachment-89985\" class=\"wp-caption-text\"><em>Nitro<\/em><\/figcaption><\/figure>\n<p style=\"text-align: justify;\">Naftalina, por\u00e9m, foi o que sobrou no show da Nitro \u2013 banda hist\u00f3rica de Porto Velho que ajudou a organizar o festival Madeira Rock Festival, precursor do Casar\u00e3o, e chegou a gravar com Rick Bonadio. Em formato power trio, a banda liderada pelo baixista Dennis Carvalho faz um rock b\u00e1sico dos anos 2000, \u00e0 moda dos grupos que gravavam com o produtor da Midas Music. Hoje, por\u00e9m, \u00e9 um som que soa mais do que ultrapassado \u2013 e at\u00e9 mesmo quando al\u00e7a um voo de galinha conceitual, ao reler &#8220;A Minha Mente Ainda \u00c9 A Mesma&#8221;, de Edgard Scandurra, o grupo acaba soando datado.<\/p>\n<p style=\"text-align: justify;\">Na mesma hora, n\u00e3o foram poucos os presentes que desviaram o olhar do palco para o celular, assistindo aos minutos finais da hist\u00f3rica vit\u00f3ria do Botafogo sobre o PSG no Mundial de Clubes. E por falar em covers, vale dizer que elas foram o destaque da apresenta\u00e7\u00e3o do rapper Vision Apache, que releu Criolo (&#8220;Convoque Seu Buda&#8221;) e FBC (&#8220;Frank e Tik\u00e3o&#8221;) \u2013 mas ao contr\u00e1rio o que diz a letra do rapper mineiro, Apache ainda n\u00e3o parece ter exatamente um bom &#8220;plano para ficar rico&#8221;, precisando de um pouco de matura\u00e7\u00e3o em seu trabalho.<\/p>\n<figure id=\"attachment_89993\" aria-describedby=\"caption-attachment-89993\" style=\"width: 750px\" class=\"wp-caption aligncenter\"><img decoding=\"async\" loading=\"lazy\" class=\"size-full wp-image-89993\" src=\"https:\/\/screamyell.com.br\/site\/wp-content\/uploads\/2025\/06\/VisionApache-copiar.jpg\" alt=\"\" width=\"750\" height=\"500\" srcset=\"https:\/\/screamyell.com.br\/site\/wp-content\/uploads\/2025\/06\/VisionApache-copiar.jpg 750w, https:\/\/screamyell.com.br\/site\/wp-content\/uploads\/2025\/06\/VisionApache-copiar-300x200.jpg 300w\" sizes=\"(max-width: 750px) 100vw, 750px\" \/><figcaption id=\"caption-attachment-89993\" class=\"wp-caption-text\"><em>Vision Apache<\/em><\/figcaption><\/figure>\n<p style=\"text-align: justify;\">Entre a Nitro e Vision Apache, o Momboj\u00f3 fez \u2013 de mansinho \u2013 o melhor show do Festival Casar\u00e3o 2025. Com um set de uma hora, o grupo come\u00e7ou tranquilo, relendo as m\u00fasicas mais lentas da estreia &#8220;nadadenovo&#8221;, lan\u00e7ada h\u00e1 21 anos e celebrada na atual turn\u00ea (<a href=\"https:\/\/screamyell.com.br\/site\/2009\/12\/09\/top-20-nacional-da-decada-00\/\" target=\"_blank\" rel=\"noopener\">quarto melhor disco da d\u00e9cada 00 em vota\u00e7\u00e3o no Scream &amp; Yell<\/a>). Pelo meio da apresenta\u00e7\u00e3o, por\u00e9m, ao ver um casal com camisetas do disco &#8220;Carne de Caju&#8221;, dedicado \u00e0 obra de Alceu Valen\u00e7a, o grupo fez um desvio e decidiu abrir espa\u00e7o no setlist para a obra do decano com \u201cSino de Ouro&#8221; e &#8220;Cora\u00e7\u00e3o Bobo&#8221;.<\/p>\n<p style=\"text-align: justify;\">Foi a senha para uma meia hora final arrasadora: a mescla entre hits, o repert\u00f3rio do tributo e de \u201cnadadenovo\u201d gerou uma combina\u00e7\u00e3o explosiva, cujo pavio partia diretamente dos samplers, programa\u00e7\u00f5es e sintetizadores de Chiquinho. A partir deles, Felipe S. obtinha a base para destilar seu charme e carisma em uma sequ\u00eancia sensacional: &#8220;Papapa&#8221;, &#8220;Morena Tropicana&#8221;, &#8220;Faaca&#8221; e &#8220;Missa&#8221;, desembocando no hino &#8220;Deixe-se Acreditar&#8221;. Um dos melhores shows do ano em territ\u00f3rio brasileiro na estreia dos pernambucanos em Rond\u00f4nia.<\/p>\n<figure id=\"attachment_89984\" aria-describedby=\"caption-attachment-89984\" style=\"width: 750px\" class=\"wp-caption aligncenter\"><img decoding=\"async\" loading=\"lazy\" class=\"size-full wp-image-89984\" src=\"https:\/\/screamyell.com.br\/site\/wp-content\/uploads\/2025\/06\/Mombojo-copiar.jpg\" alt=\"\" width=\"750\" height=\"500\" srcset=\"https:\/\/screamyell.com.br\/site\/wp-content\/uploads\/2025\/06\/Mombojo-copiar.jpg 750w, https:\/\/screamyell.com.br\/site\/wp-content\/uploads\/2025\/06\/Mombojo-copiar-300x200.jpg 300w\" sizes=\"(max-width: 750px) 100vw, 750px\" \/><figcaption id=\"caption-attachment-89984\" class=\"wp-caption-text\"><em>Momboj\u00f3<\/em><\/figcaption><\/figure>\n<p style=\"text-align: justify;\">Boa mistura tamb\u00e9m fez a Quilomboclada, a &#8220;Na\u00e7\u00e3o Zumbi rondoniense&#8221;. Presen\u00e7a certa em todas as edi\u00e7\u00f5es do Casar\u00e3o nos \u00faltimos anos, o grupo fez em 2025 sua apresenta\u00e7\u00e3o mais interessante no festival ao convidar a rapper Sandra Braids e o compositor local Bado. Juntos, os tr\u00eas nomes t\u00eam excursionado pelo Norte e pelo Nordeste no circuito Sesc. A uni\u00e3o do peso da banda com o rap potente de Sandra e a verve po\u00e9tica do cantautor deram boa cor ao repert\u00f3rio, que apresentou standards como &#8220;Bera&#8221; e &#8220;Afroind\u00edgena&#8221;. Com tempo inicialmente previsto para 40 minutos, a apresenta\u00e7\u00e3o acabou durando uma hora por conta dos atrasos t\u00e9cnicos da Jovem Dion\u00edsio \u2013 a extens\u00e3o permitiu um momento mais experimental de Bado ao viol\u00e3o, mas tamb\u00e9m diluiu um pouco da for\u00e7a da performance.<\/p>\n<figure id=\"attachment_90002\" aria-describedby=\"caption-attachment-90002\" style=\"width: 750px\" class=\"wp-caption aligncenter\"><img decoding=\"async\" loading=\"lazy\" class=\"size-full wp-image-90002\" src=\"https:\/\/screamyell.com.br\/site\/wp-content\/uploads\/2025\/06\/quilombocada-copiar-1.jpg\" alt=\"\" width=\"750\" height=\"500\" srcset=\"https:\/\/screamyell.com.br\/site\/wp-content\/uploads\/2025\/06\/quilombocada-copiar-1.jpg 750w, https:\/\/screamyell.com.br\/site\/wp-content\/uploads\/2025\/06\/quilombocada-copiar-1-300x200.jpg 300w\" sizes=\"(max-width: 750px) 100vw, 750px\" \/><figcaption id=\"caption-attachment-90002\" class=\"wp-caption-text\"><em>Quilomboclada &amp; Sandra Braids<\/em><\/figcaption><\/figure>\n<p style=\"text-align: justify;\">Com a casa ainda cheia pela metade, o Jovem Dion\u00edsio ainda demorou mais 20 minutos para preparar seu palco \u2013 oportunidade para o DJ M\u00e1rio Vicente botar pra tocar cr\u00e1ssicos como &#8220;Mr. Jones&#8221; (aquela) e &#8220;Born to Be Wild&#8221; (aquela tamb\u00e9m). Ao subir, o grupo curitibano exibiu uma salada sonora: foi do psicod\u00e9lico ao trap higi\u00eanico (\u201cto bem\u201d, do meme \u201cc\u00ea reparou que eu me arrumei? ah, t\u00f4 bonitinho!\u201d) em poucos minutos. Foi o suficiente. Quando eles cantaram \u201cAcorda Pedrinho\u201d, este rep\u00f3rter \u2013 que n\u00e3o se chama Pedro \u2013 j\u00e1 estava fabricando z\u00eas h\u00e1 um tempo em sua cama. A vida \u00e9 muito curta pra ver um show inteiro do Jovem Dion\u00edsio, amigos.<\/p>\n<figure id=\"attachment_89980\" aria-describedby=\"caption-attachment-89980\" style=\"width: 750px\" class=\"wp-caption aligncenter\"><img decoding=\"async\" loading=\"lazy\" class=\"size-full wp-image-89980\" src=\"https:\/\/screamyell.com.br\/site\/wp-content\/uploads\/2025\/06\/jovem-dionisio-copiar.jpg\" alt=\"\" width=\"750\" height=\"500\" srcset=\"https:\/\/screamyell.com.br\/site\/wp-content\/uploads\/2025\/06\/jovem-dionisio-copiar.jpg 750w, https:\/\/screamyell.com.br\/site\/wp-content\/uploads\/2025\/06\/jovem-dionisio-copiar-300x200.jpg 300w\" sizes=\"(max-width: 750px) 100vw, 750px\" \/><figcaption id=\"caption-attachment-89980\" class=\"wp-caption-text\"><em>Jovem Dion\u00edsio<\/em><\/figcaption><\/figure>\n<h2 style=\"text-align: center;\">Sexta &#8211; 20\/06<\/h2>\n<p style=\"text-align: justify;\">Em sua \u00faltima noite em Porto Velho, o Casar\u00e3o tinha na programa\u00e7\u00e3o a maior quantidade de artistas rondonienses escalados para atuar \u2013 foram seis ao longo da noite, em meio a um total de dez shows. Quem teve a miss\u00e3o de dar a largada nessa maratona \u00e0s 20h, com uma hora de atraso para o previsto inicialmente, foi justamente a melhor banda local do dia: a Wari, um dos muitos projetos do baterista Rodolfo B\u00e1rtolo. Fundada h\u00e1 15 anos e sem nunca ter tocado fora do Estado, o grupo faz um bom p\u00f3s-punk cantado em ingl\u00eas \u2013 um tanto cartilhesco, OK, mas ainda assim mais experimental e sensivelmente superior \u00e0 m\u00e9dia dos grupos da regi\u00e3o.<\/p>\n<figure id=\"attachment_90009\" aria-describedby=\"caption-attachment-90009\" style=\"width: 750px\" class=\"wp-caption aligncenter\"><img decoding=\"async\" loading=\"lazy\" class=\"size-full wp-image-90009\" src=\"https:\/\/screamyell.com.br\/site\/wp-content\/uploads\/2025\/06\/Casarao-dia-1-63-copiar.jpg\" alt=\"\" width=\"750\" height=\"503\" srcset=\"https:\/\/screamyell.com.br\/site\/wp-content\/uploads\/2025\/06\/Casarao-dia-1-63-copiar.jpg 750w, https:\/\/screamyell.com.br\/site\/wp-content\/uploads\/2025\/06\/Casarao-dia-1-63-copiar-300x201.jpg 300w\" sizes=\"(max-width: 750px) 100vw, 750px\" \/><figcaption id=\"caption-attachment-90009\" class=\"wp-caption-text\"><em>Wari<\/em><\/figcaption><\/figure>\n<p style=\"text-align: justify;\">Para quem duvidasse, foi f\u00e1cil fazer a prova dos nove conferindo Expresso Marciano, Chevy e os Gal\u00e1ticos e Benvindo ao Pac\u00edfico, tr\u00eas forma\u00e7\u00f5es locais que passaram pelo palco d\u2019O Monarka com propostas mais pr\u00f3ximas do classic rock. Estreante no festival, a primeira tenta embarcar numa sonoridade viajante e bem-humorada, mas se limita a um humor rasteiro, enquanto a Chevy e os Gal\u00e1cticos se esfor\u00e7a, mas n\u00e3o diz bem a que veio. J\u00e1 a Benvindo ao Pac\u00edfico tem bons m\u00fasicos, com destaque para o baixista Anderson Benvindo, mas suas letras filos\u00f3ficas acabam soando densas, repetitivas e, em alguns momentos, pedantes<\/p>\n<figure id=\"attachment_89978\" aria-describedby=\"caption-attachment-89978\" style=\"width: 750px\" class=\"wp-caption aligncenter\"><img decoding=\"async\" loading=\"lazy\" class=\"wp-image-89978 size-full\" src=\"https:\/\/screamyell.com.br\/site\/wp-content\/uploads\/2025\/06\/Expresso-copiar.jpg\" alt=\"\" width=\"750\" height=\"500\" srcset=\"https:\/\/screamyell.com.br\/site\/wp-content\/uploads\/2025\/06\/Expresso-copiar.jpg 750w, https:\/\/screamyell.com.br\/site\/wp-content\/uploads\/2025\/06\/Expresso-copiar-300x200.jpg 300w\" sizes=\"(max-width: 750px) 100vw, 750px\" \/><figcaption id=\"caption-attachment-89978\" class=\"wp-caption-text\"><em>Expresso Marciano<\/em><\/figcaption><\/figure>\n<p style=\"text-align: justify;\">Analisadas em seu pr\u00f3prio contexto, tais sonoridades j\u00e1 podem ser vistas como conservadoras. Postas em contraluz com uma banda como Sophia Chablau e Uma Enorme Perda de Tempo, que se apresentou entre a Expresso e a Chevy, a compara\u00e7\u00e3o se torna quase cruel. N\u00e3o que a culpa aqui seja de Sophia, uma das figuras mais carism\u00e1ticas de sua gera\u00e7\u00e3o em cima de um palco, ou do trio que a acompanha \u2013 Vicente Tassara (guitarra, voz e teclados), T\u00e9o Serson (baixo) e Theo Cecato (bateria e voz).<\/p>\n<figure id=\"attachment_89991\" aria-describedby=\"caption-attachment-89991\" style=\"width: 750px\" class=\"wp-caption aligncenter\"><img decoding=\"async\" loading=\"lazy\" class=\"size-full wp-image-89991\" src=\"https:\/\/screamyell.com.br\/site\/wp-content\/uploads\/2025\/06\/sophia-copiar.jpg\" alt=\"\" width=\"750\" height=\"500\" srcset=\"https:\/\/screamyell.com.br\/site\/wp-content\/uploads\/2025\/06\/sophia-copiar.jpg 750w, https:\/\/screamyell.com.br\/site\/wp-content\/uploads\/2025\/06\/sophia-copiar-300x200.jpg 300w\" sizes=\"(max-width: 750px) 100vw, 750px\" \/><figcaption id=\"caption-attachment-89991\" class=\"wp-caption-text\"><em>Sophia Chablau e Uma Enorme Perda de Tempo<\/em><\/figcaption><\/figure>\n<p style=\"text-align: justify;\">Em pouco mais de cinquenta minutos, ela contou piada, agradeceu a produtora Francesca Ribeiro por ficar na lojinha, fez corinho pros colegas de banda, fez discurso e at\u00e9 berrou um \u201cPalestina Livre\u201d, depois de contar que chegou a Porto Velho no mesmo voo que o governador Marcos Rocha, recebido no aeroporto com \u201clouvores e bandeiras de Israel\u201d ap\u00f3s ficar preso num bunker em territ\u00f3rio israelense. \u201cN\u00e3o \u00e9 privil\u00e9gio de voc\u00eas: a gente tamb\u00e9m tem um governador vergonhoso\u201d, arrematou Sophia, que tinha voo marcado para Manaus logo na sequ\u00eancia da apresenta\u00e7\u00e3o. Com a enorme perda de tempo para o in\u00edcio do festival, foi necess\u00e1ria uma invers\u00e3o log\u00edstica, colocando o grupo paulistano para tocar no palco menor \u2013 e cedendo o slot seguinte no palco principal \u00e0 Chevy, o que pode ter afetado em partes a performance do grupo de Vilhena.<\/p>\n<figure id=\"attachment_90012\" aria-describedby=\"caption-attachment-90012\" style=\"width: 750px\" class=\"wp-caption aligncenter\"><img decoding=\"async\" loading=\"lazy\" class=\"size-full wp-image-90012\" src=\"https:\/\/screamyell.com.br\/site\/wp-content\/uploads\/2025\/06\/sophia-1-copiar.jpg\" alt=\"\" width=\"750\" height=\"503\" srcset=\"https:\/\/screamyell.com.br\/site\/wp-content\/uploads\/2025\/06\/sophia-1-copiar.jpg 750w, https:\/\/screamyell.com.br\/site\/wp-content\/uploads\/2025\/06\/sophia-1-copiar-300x201.jpg 300w\" sizes=\"(max-width: 750px) 100vw, 750px\" \/><figcaption id=\"caption-attachment-90012\" class=\"wp-caption-text\"><em>Sophia Chablau e Uma Enorme Perda de Tempo<\/em><\/figcaption><\/figure>\n<p style=\"text-align: justify;\">Para o quarteto paulistano, a mudan\u00e7a foi uma boa not\u00edcia: ao tocar no palco menor para uma pequena mas poderosa multid\u00e3o de 50 pessoas, Sophia e seus companheiros pareciam estar num inferninho ou portinha da Vila Madalena. Terreno mais que prop\u00edcio para o grupo destilar o repert\u00f3rio de seus dois discos num cruzamento de Pavement, Tropic\u00e1lia, Vanguarda Paulistana e um cadinho de Nietzsche, al\u00e9m de mostrar duas boas in\u00e9ditas: \u201c<a href=\"https:\/\/www.youtube.com\/watch?v=O5L5zfVLXJk&amp;list=PL6gBQKY5zwa2fOcv_0dzXks4smXkCBDOl&amp;index=14\" target=\"_blank\" rel=\"noopener\">Cinema Brasileiro<\/a>\u201d, hino s\u00e1fico pronto para celebrar a boa fase da s\u00e9tima arte nacional, e a sacana \u201c<a href=\"https:\/\/www.youtube.com\/watch?v=b_CACE6xcsY&amp;list=PL6gBQKY5zwa2fOcv_0dzXks4smXkCBDOl&amp;index=10\" target=\"_blank\" rel=\"noopener\">Eu N\u00e3o Bebo<\/a>\u201d. Ao final, ainda teve tempo para um excelente medley de \u201cDel\u00edcia \/ Lux\u00faria\u201d e \u201cSegredo\u201d, duas das can\u00e7\u00f5es de amor &amp; tes\u00e3o mais poderosas dos \u00faltimos anos. Em tempos de bet, n\u00e3o custa nada fazer uma aposta: dois ou tr\u00eas anos podem ser suficientes para dar a Sophia e seus amigos o posto de headliner em muitos festivais independentes do Brasil.<\/p>\n<figure id=\"attachment_89994\" aria-describedby=\"caption-attachment-89994\" style=\"width: 750px\" class=\"wp-caption aligncenter\"><img decoding=\"async\" loading=\"lazy\" class=\"size-full wp-image-89994\" src=\"https:\/\/screamyell.com.br\/site\/wp-content\/uploads\/2025\/06\/ZooHumanos-copiar.jpg\" alt=\"\" width=\"750\" height=\"500\" srcset=\"https:\/\/screamyell.com.br\/site\/wp-content\/uploads\/2025\/06\/ZooHumanos-copiar.jpg 750w, https:\/\/screamyell.com.br\/site\/wp-content\/uploads\/2025\/06\/ZooHumanos-copiar-300x200.jpg 300w\" sizes=\"(max-width: 750px) 100vw, 750px\" \/><figcaption id=\"caption-attachment-89994\" class=\"wp-caption-text\"><em>Zoohumanos<\/em><\/figcaption><\/figure>\n<p style=\"text-align: justify;\">Enquanto ms. Chablau j\u00e1 estava a caminho de Manaus, a acreana Zoohumanos prosseguia os trabalhos: se em est\u00fadio o grupo remete aos Los Hermanos e ao rock dos anos 00, no palco a sonoridade se espalhava para o rock e algum balan\u00e7o da m\u00fasica negra. Ainda no palco menor, tamb\u00e9m passou por l\u00e1 a Beradelia. Outra atra\u00e7\u00e3o praticamente fixa do Casar\u00e3o, o grupo mistura o formato rock dos anos 90 \u00e0 la Red Hot Chili Peppers com uma pegada regional, buscando celebrar a cultura beradeira. \u00c0 primeira escutada, soa interessante, mas com tr\u00eas apresenta\u00e7\u00f5es em tr\u00eas edi\u00e7\u00f5es seguidas, o grupo n\u00e3o apresentou muita coisa nova.<\/p>\n<figure id=\"attachment_90010\" aria-describedby=\"caption-attachment-90010\" style=\"width: 750px\" class=\"wp-caption aligncenter\"><img decoding=\"async\" loading=\"lazy\" class=\"size-full wp-image-90010\" src=\"https:\/\/screamyell.com.br\/site\/wp-content\/uploads\/2025\/06\/Casarao-dia-1-65-copiar.jpg\" alt=\"\" width=\"750\" height=\"503\" srcset=\"https:\/\/screamyell.com.br\/site\/wp-content\/uploads\/2025\/06\/Casarao-dia-1-65-copiar.jpg 750w, https:\/\/screamyell.com.br\/site\/wp-content\/uploads\/2025\/06\/Casarao-dia-1-65-copiar-300x201.jpg 300w\" sizes=\"(max-width: 750px) 100vw, 750px\" \/><figcaption id=\"caption-attachment-90010\" class=\"wp-caption-text\"><em>Beradelia<\/em><\/figcaption><\/figure>\n<p style=\"text-align: justify;\">O mesmo n\u00e3o se pode dizer de Gabri\u00ea, cantora rondoniense que j\u00e1 participou do \u201cThe Voice\u201d e \u00e9 o principal nome mais \u00e0 MPB da cena local. Se em temporadas anteriores ela buscou a sofistica\u00e7\u00e3o, trazendo banda completa com direito a sanfona e flauta transversal, desta vez a artista simplificou, apoiando-se numa forma\u00e7\u00e3o de baixo, guitarra e bateria. Al\u00e9m disso, Gabri\u00ea parece ter come\u00e7ado a entender a velha m\u00e1xima de que \u00e9 preciso cantar a sua aldeia para falar do universal.<\/p>\n<figure id=\"attachment_89979\" aria-describedby=\"caption-attachment-89979\" style=\"width: 750px\" class=\"wp-caption aligncenter\"><img decoding=\"async\" loading=\"lazy\" class=\"size-full wp-image-89979\" src=\"https:\/\/screamyell.com.br\/site\/wp-content\/uploads\/2025\/06\/Gabrie-copiar.jpg\" alt=\"\" width=\"750\" height=\"500\" srcset=\"https:\/\/screamyell.com.br\/site\/wp-content\/uploads\/2025\/06\/Gabrie-copiar.jpg 750w, https:\/\/screamyell.com.br\/site\/wp-content\/uploads\/2025\/06\/Gabrie-copiar-300x200.jpg 300w\" sizes=\"(max-width: 750px) 100vw, 750px\" \/><figcaption id=\"caption-attachment-89979\" class=\"wp-caption-text\"><em>Gabri\u00ea<\/em><\/figcaption><\/figure>\n<p style=\"text-align: justify;\">Em vez de can\u00e7\u00f5es sobre suas f\u00e9rias na Bahia, como mostrou em 2023, ela trouxe \u00e0 tona a forte \u201cDa Beira\u201d, lan\u00e7ada no ano passado, quando Rond\u00f4nia passou 70 dias sem chuva e em meio \u00e0 fuma\u00e7a das queimadas. \u00c9 um caminho, mas ainda falta algo \u2013 no\u00e7\u00e3o que ficou evidente quando a cantora, apesar de dispor de um repert\u00f3rio amplo, decidiu repetir o single ao final de seu show. E olha que a apresenta\u00e7\u00e3o ainda teve tempo compartilhado com outra pequena estrela da cena, o cantor Bonfantti: com careca lustrosa e muita maquiagem, ele fez dueto com Gabri\u00ea e tamb\u00e9m mostrou temas de inspira\u00e7\u00e3o LGBTQIA+, como a balada \u201cEspinho\u201d.<\/p>\n<p style=\"text-align: justify;\">O rel\u00f3gio j\u00e1 passava da meia-noite h\u00e1 tempos quando o cearense Mateus Fazeno Rock subiu ao palco, antes ainda da Beradelia. O p\u00fablico, que j\u00e1 n\u00e3o era grande, estava na casa das dezenas de pessoas presentes \u2013 mas tinha em suas fileiras a apari\u00e7\u00e3o ilustre de Vitor Brauer, da Lupe de Lupe, atualmente em resid\u00eancia art\u00edstica na capital rondoniense. A plateia quase vazia n\u00e3o importou para Mateus, que lutava para superar a gripe contra\u00edda ap\u00f3s o choque t\u00e9rmico no p\u00e9riplo Fortaleza-S\u00e3o Paulo-Porto Velho.<\/p>\n<figure id=\"attachment_89983\" aria-describedby=\"caption-attachment-89983\" style=\"width: 750px\" class=\"wp-caption aligncenter\"><img decoding=\"async\" loading=\"lazy\" class=\"size-full wp-image-89983\" src=\"https:\/\/screamyell.com.br\/site\/wp-content\/uploads\/2025\/06\/Mateus-copiar.jpg\" alt=\"\" width=\"750\" height=\"500\" srcset=\"https:\/\/screamyell.com.br\/site\/wp-content\/uploads\/2025\/06\/Mateus-copiar.jpg 750w, https:\/\/screamyell.com.br\/site\/wp-content\/uploads\/2025\/06\/Mateus-copiar-300x200.jpg 300w\" sizes=\"(max-width: 750px) 100vw, 750px\" \/><figcaption id=\"caption-attachment-89983\" class=\"wp-caption-text\"><em>Mateus Fazeno Rock<\/em><\/figcaption><\/figure>\n<p style=\"text-align: justify;\">\u00c0 base de muita dipirona, o cearense buscou fazer o que pode para mostrar as bonitas can\u00e7\u00f5es de \u201cRol\u00ea nas Ru\u00ednas\u201d (como \u201cMel\u00f4 do Djavan\u201d) e \u201cJesus \u00d1 Voltar\u00e1\u201d (\u201cMel\u00f4 de Aparecida\u201d, \u201cP\u00f4r do Sol Marrom\u201d). Pena que alguns problemas no som afetaram o final da apresenta\u00e7\u00e3o, deixando de fora do repert\u00f3rio uma de seus melhores temas, a envolvente \u201cLegal Legal\u201d. A boa not\u00edcia? Mateus n\u00e3o s\u00f3 prometeu voltar, como tamb\u00e9m mandou avisar que ter\u00e1 disco novo em agosto.<\/p>\n<p style=\"text-align: justify;\">No planejamento inicial, a Rancore deveria fazer o \u00faltimo show do Casar\u00e3o em Porto Velho a partir de 0h30. O quinteto paulistano s\u00f3 subiu ao palco, todavia, l\u00e1 pelas 2h15 da manh\u00e3, quando um punhado de incautos ainda permanecia n\u2019O Monarka. Quem ficou, por\u00e9m, pode ver uma banda cheia de vontade. Ainda que as letras nem sempre condigam com a idade dos m\u00fasicos e os refr\u00f5es sejam cheios de frases feitas, em uma proposta de rock populista, \u00e9 dif\u00edcil dizer que o Rancore n\u00e3o entrega o que promete \u2013 especialmente pelo vigor do vocalista Piteco Martins.<\/p>\n<figure id=\"attachment_89990\" aria-describedby=\"caption-attachment-89990\" style=\"width: 750px\" class=\"wp-caption aligncenter\"><img decoding=\"async\" loading=\"lazy\" class=\"size-full wp-image-89990\" src=\"https:\/\/screamyell.com.br\/site\/wp-content\/uploads\/2025\/06\/rancore-copiar.jpg\" alt=\"\" width=\"750\" height=\"500\" srcset=\"https:\/\/screamyell.com.br\/site\/wp-content\/uploads\/2025\/06\/rancore-copiar.jpg 750w, https:\/\/screamyell.com.br\/site\/wp-content\/uploads\/2025\/06\/rancore-copiar-300x200.jpg 300w\" sizes=\"(max-width: 750px) 100vw, 750px\" \/><figcaption id=\"caption-attachment-89990\" class=\"wp-caption-text\"><em>Rancore<\/em><\/figcaption><\/figure>\n<p style=\"text-align: justify;\">Por outro lado, \u00e9 preciso dizer que o baixo p\u00fablico presente no final do festival pode servir como um sinal de alerta \u2013 vale lembrar que, h\u00e1 tr\u00eas anos, em condi\u00e7\u00f5es e hor\u00e1rios parecidos, Otto reuniu mais de duas centenas de pessoas para fechar o Casar\u00e3o logo ap\u00f3s a retomada da pandemia, numa \u00e9poca em que ainda havia medo da covid-19. \u00c9 evidente que as condi\u00e7\u00f5es s\u00e3o diferentes daquele per\u00edodo. Para come\u00e7ar, o Casar\u00e3o 2025 foi feito na ra\u00e7a, dividindo atra\u00e7\u00f5es com outras etapas em Estados do Norte e sem apoio de algum edital, como explicou o fundador e curador Vinicius Lemos <a href=\"https:\/\/screamyell.com.br\/site\/2025\/05\/27\/entrevista-o-circuito-festival-casarao-e-a-coisa-mais-diferente-em-termos-de-eventos-de-2025-diz-vinicius-lemos\/\" target=\"_blank\" rel=\"noopener\">em entrevista recente ao Scream &amp; Yell<\/a>.<\/p>\n<p style=\"text-align: justify;\">Al\u00e9m disso, com menos verba, \u00e9 natural que se invista menos em publicidade \u2013 seja em r\u00e1dios, outdoors ou nas m\u00eddias sociais. No que tinha de divulga\u00e7\u00e3o org\u00e2nica, por\u00e9m, o Casar\u00e3o sofreu tamb\u00e9m com a ambi\u00e7\u00e3o de organizar v\u00e1rias etapas em diferentes cidades, o que deixou muita gente confusa na hora de entender quem tocava, aonde e a que horas.<\/p>\n<p><img decoding=\"async\" loading=\"lazy\" class=\"size-full wp-image-89976 aligncenter\" src=\"https:\/\/screamyell.com.br\/site\/wp-content\/uploads\/2025\/06\/dougmosh-35-copiar.jpg\" alt=\"\" width=\"750\" height=\"500\" srcset=\"https:\/\/screamyell.com.br\/site\/wp-content\/uploads\/2025\/06\/dougmosh-35-copiar.jpg 750w, https:\/\/screamyell.com.br\/site\/wp-content\/uploads\/2025\/06\/dougmosh-35-copiar-300x200.jpg 300w\" sizes=\"(max-width: 750px) 100vw, 750px\" \/><\/p>\n<p style=\"text-align: justify;\">O interesse do p\u00fablico tamb\u00e9m parece ter mudado: tanto a pandemia quanto a retomada de um festival que ficou quase uma d\u00e9cada parado geraram um apetite inicial que n\u00e3o se concretizou em 2025. Pesou ainda a coincid\u00eancia das datas do evento junto \u00e0s das festas juninas e arrai\u00e1s, verdadeira febre em Porto Velho. Al\u00e9m disso, a curadoria ampla que o festival rondoniense se acostumou a fazer pode deixar muita gente confusa \u2013 ou com pregui\u00e7a de sair de casa para ver uma banda que n\u00e3o est\u00e1 nas suas playlists j\u00e1 de antem\u00e3o.<\/p>\n<p style=\"text-align: justify;\">Junte-se a isso o fato de que o festival t\u00eam repetido v\u00e1rias atra\u00e7\u00f5es de fora nos \u00faltimos anos: Maglore, Daniel Groove e Terno Rei apareceram em duas das tr\u00eas edi\u00e7\u00f5es p\u00f3s-pand\u00eamicas, por exemplo. \u00c9 claro que trazer artistas com boa liga\u00e7\u00e3o com o p\u00fablico local pode ajudar, mas o fator novidade parece pesar na hora de converter escolhas em ingressos vendidos \u2013 n\u00e3o \u00e0 toa, a noite mais povoada do festival foi a que trouxe os \u201cestreantes\u201d Momboj\u00f3 e Jovem Dion\u00edsio. Vale ainda dizer que muitos artistas locais tamb\u00e9m tem espa\u00e7o fixo no festival. \u00c9 uma iniciativa mais do que relevante para valorizar a cena rondoniense, mas que tamb\u00e9m ajuda a deixar o festival inchado e, por vezes, ecl\u00e9tico demais. Implementar algum tipo de rod\u00edzio ou mesmo promover encontros pode ser uma forma de contemplar sem gerar descontentamento.<\/p>\n<p><img decoding=\"async\" loading=\"lazy\" class=\"alignnone size-full wp-image-89974 aligncenter\" src=\"https:\/\/screamyell.com.br\/site\/wp-content\/uploads\/2025\/06\/dougmosh-29-copiar.jpg\" alt=\"\" width=\"750\" height=\"500\" srcset=\"https:\/\/screamyell.com.br\/site\/wp-content\/uploads\/2025\/06\/dougmosh-29-copiar.jpg 750w, https:\/\/screamyell.com.br\/site\/wp-content\/uploads\/2025\/06\/dougmosh-29-copiar-300x200.jpg 300w\" sizes=\"(max-width: 750px) 100vw, 750px\" \/><\/p>\n<p style=\"text-align: justify;\">H\u00e1 algo, por\u00e9m, que n\u00e3o faz parte das responsabilidades do Casar\u00e3o \u2013 muito pelo contr\u00e1rio. Em um cen\u00e1rio em que o midstream \u00e9 cada vez mais ex\u00edguo e os n\u00fameros de ouvintes mensais ditam a regra do jogo, \u00e9 um desafio entender quais artistas podem ocupar a posi\u00e7\u00e3o de headliner em festivais independentes. Um caminho do meio entre ser uma atra\u00e7\u00e3o capaz de atrair o p\u00fablico, mas sem deixar o hype inflacionar os cach\u00eas para fora da realidade brasileira (ainda que seja preciso aqui recorrer \u00e0 velha m\u00e1xima de que \u201cn\u00e3o t\u00e1 f\u00e1cil pra ningu\u00e9m\u201d). Adicionar a derivada da complexa log\u00edstica da regi\u00e3o Norte a essa discuss\u00e3o torna a equa\u00e7\u00e3o ainda mais dif\u00edcil de se fechar. Ainda assim, esta \u00e9 uma conta que precisa ser feita \u2013 e nesse sentido, mesmo com diversos percal\u00e7os, vale mais reconhecer os acertos do Casar\u00e3o nesta edi\u00e7\u00e3o que celebra seus 25 anos.<\/p>\n<p style=\"text-align: justify;\">Eles s\u00e3o muitos: entre o joio e o trigo, h\u00e1 agora bons nomes de Rond\u00f4nia que merecem al\u00e7ar voo pelo Brasil. Trazer os artistas de fora para estabelecer contato com a cena local \u00e9 algo que pode trazer frutos para os dois lados. Elaborar um circuito que une Porto Velho a outras capitais da regi\u00e3o pode e deve servir para reduzir custos, al\u00e9m de ampliar o acesso a novas e diferentes op\u00e7\u00f5es de m\u00fasica. E, sobretudo, \u00e9 preciso falar dos shows \u2013 e as apresenta\u00e7\u00f5es dos mais variados nomes, do Momboj\u00f3 ao 43duo, da Maglore ao Tronxo, da Camarones a Marcela Bonfim, v\u00e3o ficar na mem\u00f3ria por um bom tempo. Se o leitor permite mais um gracejo: eu disse que acreditassem, eu pedi que acreditassem\u2026 pois aconteceu em Porto Velho.<\/p>\n<p><iframe loading=\"lazy\" title=\"Sophia Chablau e Uma Enorme Perda de Tempo - Del\u00edcia\/Lux\u00faria \/ Segredo @ Festival Casar\u00e3o - 20\/6\/25\" width=\"747\" height=\"420\" src=\"https:\/\/www.youtube.com\/embed\/TlrvGGjMHvk?list=PL6gBQKY5zwa2fOcv_0dzXks4smXkCBDOl\" frameborder=\"0\" allow=\"accelerometer; autoplay; clipboard-write; encrypted-media; gyroscope; picture-in-picture; web-share\" referrerpolicy=\"strict-origin-when-cross-origin\" allowfullscreen><\/iframe><\/p>\n<p style=\"text-align: justify;\"><em>\u2013 Bruno Capelas (<a href=\"https:\/\/twitter.com\/noacapelas\" target=\"_blank\" rel=\"noopener\">@noacapelas)<\/a>\u00a0\u00e9 jornalista. Apresenta o\u00a0<a href=\"https:\/\/www.instagram.com\/programadeindie\/\" target=\"_blank\" rel=\"noopener\">Programa de Indie<\/a>\u00a0e escreve a newsletter\u00a0<a href=\"https:\/\/meusdiscosmeusdrinks.substack.com\/\" target=\"_blank\" rel=\"noopener\">Meus Discos, Meus Drinks e Nada Mais<\/a>. Colabora com o Scream &amp; Yell desde 2010. Fez as fotos de Daniel Groove, Wari e Beradelia.<br \/>\n\u2013\u00a0<a href=\"https:\/\/www.instagram.com\/dougmosh.prod\/\" target=\"_blank\" rel=\"noopener noreferrer\">Douglas Mosh<\/a>\u00a0\u00e9 fot\u00f3grafo de shows e produtor. Conhe\u00e7a seu trabalho em\u00a0<a href=\"https:\/\/www.instagram.com\/dougmosh.prod\/\" target=\"_blank\" rel=\"noopener\">instagram.com\/dougmosh.prod<\/a><\/em><\/p>\n","protected":false},"excerpt":{"rendered":"As apresenta\u00e7\u00f5es dos mais variados nomes, do Momboj\u00f3 ao 43duo, da Maglore ao Tronxo, da Camarones a Marcela Bonfim, v\u00e3o ficar na mem\u00f3ria por um bom tempo.\n<a class=\"moretag\" href=\"https:\/\/screamyell.com.br\/site\/2025\/06\/26\/longe-demais-das-capitais-festival-casarao-celebra-25-anos-em-porto-velho-com-grandes-shows-de-mombojo-maglore-e-o-tronxo\/\"> [...]<\/a>","protected":false},"author":14,"featured_media":89973,"comment_status":"open","ping_status":"open","sticky":false,"template":"","format":"standard","meta":[],"categories":[3],"tags":[7760,7763,6649,5741,6656,1736,7766,5742,6660,1796,7757,7759,7755,7765,5693,5736,7764,3184,188,6659,5239,1151,6653,5734,5725,5722,7756,5728,7758,2101,7762,7754,6874,3123,7761,5744,7767],"_links":{"self":[{"href":"https:\/\/screamyell.com.br\/site\/wp-json\/wp\/v2\/posts\/89963"}],"collection":[{"href":"https:\/\/screamyell.com.br\/site\/wp-json\/wp\/v2\/posts"}],"about":[{"href":"https:\/\/screamyell.com.br\/site\/wp-json\/wp\/v2\/types\/post"}],"author":[{"embeddable":true,"href":"https:\/\/screamyell.com.br\/site\/wp-json\/wp\/v2\/users\/14"}],"replies":[{"embeddable":true,"href":"https:\/\/screamyell.com.br\/site\/wp-json\/wp\/v2\/comments?post=89963"}],"version-history":[{"count":13,"href":"https:\/\/screamyell.com.br\/site\/wp-json\/wp\/v2\/posts\/89963\/revisions"}],"predecessor-version":[{"id":90015,"href":"https:\/\/screamyell.com.br\/site\/wp-json\/wp\/v2\/posts\/89963\/revisions\/90015"}],"wp:featuredmedia":[{"embeddable":true,"href":"https:\/\/screamyell.com.br\/site\/wp-json\/wp\/v2\/media\/89973"}],"wp:attachment":[{"href":"https:\/\/screamyell.com.br\/site\/wp-json\/wp\/v2\/media?parent=89963"}],"wp:term":[{"taxonomy":"category","embeddable":true,"href":"https:\/\/screamyell.com.br\/site\/wp-json\/wp\/v2\/categories?post=89963"},{"taxonomy":"post_tag","embeddable":true,"href":"https:\/\/screamyell.com.br\/site\/wp-json\/wp\/v2\/tags?post=89963"}],"curies":[{"name":"wp","href":"https:\/\/api.w.org\/{rel}","templated":true}]}}