{"id":88823,"date":"2025-04-23T10:29:47","date_gmt":"2025-04-23T13:29:47","guid":{"rendered":"https:\/\/screamyell.com.br\/site\/?p=88823"},"modified":"2025-06-26T06:52:43","modified_gmt":"2025-06-26T09:52:43","slug":"entrevista-nossos-shows-sao-um-mundo-totalmente-diferente-queremos-ir-ao-brasil-diz-patrick-hallahan-my-morning-jacket","status":"publish","type":"post","link":"https:\/\/screamyell.com.br\/site\/2025\/04\/23\/entrevista-nossos-shows-sao-um-mundo-totalmente-diferente-queremos-ir-ao-brasil-diz-patrick-hallahan-my-morning-jacket\/","title":{"rendered":"Entrevista: &#8220;Nossos shows s\u00e3o um mundo totalmente diferente! Queremos ir ao Brasil&#8221;, diz Patrick Hallahan (My Morning Jacket)"},"content":{"rendered":"<h2 style=\"text-align: center;\"><strong>entrevista de\u00a0<a href=\"https:\/\/www.instagram.com\/lvinhas78\/\" target=\"_blank\" rel=\"noopener\">Leonardo Vinhas<\/a><\/strong><\/h2>\n<p style=\"text-align: justify;\">Em 2021, um disco que leva o nome da banda. Em 2025, um \u00e1lbum chamado \u201c<a href=\"https:\/\/pias.ffm.to\/mymorningjacket-is\" target=\"_blank\" rel=\"noopener\">is<\/a>\u201d (\u00e9\/est\u00e1). Parece que a d\u00e9cada de 2020 est\u00e1 sendo um per\u00edodo de autoafirma\u00e7\u00e3o para o <a href=\"https:\/\/www.instagram.com\/mymorningjacket\/\" target=\"_blank\" rel=\"noopener\">My Morning Jacket<\/a>. Ou, mais provavelmente, de reafirma\u00e7\u00e3o. Como conta o baterista Patrick Hallahan nessa entrevista, a banda quase chegou ao fim na d\u00e9cada passada. Excessos alco\u00f3licos, a depress\u00e3o severa de Jim James (vocalista e principal compositor da banda), o estresse da estrada e as dificuldades da ind\u00fastria musical para artistas que n\u00e3o est\u00e3o no \u201cmega mainstream\u201d: tudo se somou e colaborou para um dos per\u00edodos mais dif\u00edceis da hist\u00f3ria do My Morning Jacket \u2013 dos quais eles sa\u00edram mais unidos e mais focados musicalmente.<\/p>\n<p style=\"text-align: justify;\">Esse foco resulta em can\u00e7\u00f5es mais diretas, nas quais as digress\u00f5es instrumentais que normalmente d\u00e3o as caras nas composi\u00e7\u00f5es da banda ficaram de fora. \u201c<a href=\"https:\/\/pias.ffm.to\/mymorningjacket-is\" target=\"_blank\" rel=\"noopener\">is<\/a>\u201d, o novo lan\u00e7amento, \u00e9 o \u00e1pice (por ora) dessa busca, com dez faixas abaixo dos 5 minutos (ok, \u201cBeginning from the Ending\u201d tem exatos 4 minutos e 59 segundos) e um formato que pode ser chamado, sem medo, de \u201cpop\u201d. Isso quer dizer partes A e B bem delimitadas, \u00eanfase nos refr\u00f5es, ganchos mel\u00f3dicos \u2013 voc\u00ea conhece o esquema.<\/p>\n<p style=\"text-align: justify;\">E como \u00e9 o My Morning Jacket, voc\u00ea sabe que isso vai vir com excel\u00eancia instrumental, com a voz peculiar de James, com forte influ\u00eancia do soul pop e do funk dos anos 1970 e 1980. Afinal, o \u00e1lbum n\u00e3o se chama \u201c<a href=\"https:\/\/pias.ffm.to\/mymorningjacket-is\" target=\"_blank\" rel=\"noopener\">is<\/a>\u201d \u00e0 toa: \u00e9 isso que a banda quer ser agora, e as sementes disso j\u00e1 estavam plantadas l\u00e1 em \u201cEvil Urges\u201d (2008), mas germinaram lentamente, dando frutos aqui e ali (o que \u00e9 \u201cBig Decisions\u201d, de 2015, sen\u00e3o um grandioso pop de arena?) at\u00e9 chegaram a florescer mais plenamente nesse 2025 desgra\u00e7ado no mundo, mas maravilhoso na m\u00fasica (\u201c\u00e9pocas horr\u00edveis produzem boas can\u00e7\u00f5es\u201d, voc\u00ea conhece o esquema).<\/p>\n<p style=\"text-align: justify;\">Nem todo mundo gostou. Apesar de algumas resenhas favor\u00e1veis, boa parte da imprensa gringa tem dito que a banda \u201cse acomodou\u201d. \u00c9 estranho como deixar de lado a psicodelia e os arroubos com cara de jam s\u00e3o percebidos como sin\u00f4nimo de comodismo, quando na verdade d\u00e1 um baita trabalho chegar a can\u00e7\u00f5es t\u00e3o concisas e, em muitos casos, ganchudas como as de \u201cis\u201d. E \u00e9 sobre essa trabalheira que Patrick Hallahan fala no come\u00e7o dessa entrevista, mas n\u00e3o s\u00f3, em um papo cheio de sinceridade, amor \u00e0 m\u00fasica, e at\u00e9 um pedido para tocar no Brasil.<\/p>\n<p><iframe loading=\"lazy\" title=\"is\" width=\"747\" height=\"420\" src=\"https:\/\/www.youtube.com\/embed\/videoseries?list=OLAK5uy_mxzKiXgnyTnXnOHGfwZ6pAnSQm4OcbHDw\" frameborder=\"0\" allow=\"accelerometer; autoplay; clipboard-write; encrypted-media; gyroscope; picture-in-picture; web-share\" referrerpolicy=\"strict-origin-when-cross-origin\" allowfullscreen><\/iframe><\/p>\n<p style=\"text-align: justify;\"><strong>\u201cis\u201d teve um longo processo de feitura, desde a pr\u00e9-produ\u00e7\u00e3o at\u00e9 a entrega final. Agora que tudo isso passou, o disco est\u00e1 lan\u00e7ado e voc\u00eas j\u00e1 est\u00e3o tocando suas can\u00e7\u00f5es ao vivo, como voc\u00ea enxerga o resultado final?<\/strong><br \/>\n(hesita, depois suspira) Acho que estou bastante orgulhoso dele. Sinto que conseguimos o que nos propusemos a fazer, que era um \u00e1lbum bastante orientado \u00e0s can\u00e7\u00f5es. Temos muitos \u00e1lbuns em que as can\u00e7\u00f5es s\u00e3o longas, e aparamos bastante at\u00e9 chegarmos \u00e0 raiz das can\u00e7\u00f5es, meio que como em uma culin\u00e1ria de chef, em que voc\u00ea usa os ingredientes certos para fazer a parte principal do prato brilhar. Sinto que conseguimos isso com essas can\u00e7\u00f5es. Depois de toc\u00e1-las em alguns shows nestes dias, vimos que elas se encaixam t\u00e3o bem junto com o material antigo, e \u00e9 t\u00e3o legal ver que algo que voc\u00ea fez 25 anos atr\u00e1s dan\u00e7a t\u00e3o bem com o que voc\u00ea est\u00e1 fazendo agora! Tem esse fio que tra\u00e7amos ao longo de cada \u00e1lbum, e eles s\u00e3o diferentes um do outro, mas todos t\u00eam a mesma coisa, que somos n\u00f3s cinco\u2026 (Nota: ainda que a forma\u00e7\u00e3o atual tenha se consolidado em 2004) N\u00e3o acho que nos desviamos do nosso caminho, e isso me deixa muito animado!<\/p>\n<p style=\"text-align: justify;\"><strong>Nas entrevistas de divulga\u00e7\u00e3o, Jim disse que, embora ele seja o autor da maioria das can\u00e7\u00f5es, o processo \u00e9 bastante colaborativo, e no caso de \u201cis\u201d, ele seria bem um \u201cdisco de banda\u201d. Diante disso, queria saber qual das suas contribui\u00e7\u00f5es para este \u00e1lbum te deixa especialmente orgulhoso.<\/strong><br \/>\nAh, meu Deus\u2026 Minhas contribui\u00e7\u00f5es costumam acontecer bem no comecinho. O lance foi assim: fizemos um \u00e1lbum inteiro e a\u00ed jogamos ele fora e nos voltamos para as demos do Jim. Ele tem umas 700 demos, algumas s\u00e3o s\u00f3 um esqueleto, mas enfim.. Ele repassou tudo isso, foi selecionando at\u00e9 chegar a umas 170 ou 200. A\u00ed eu e ele sentamos e fomos separando o que interessava e o que n\u00e3o. Foi meio como limpar a casa, sabe? \u201cAh, eu quero isso? Quero sim, bora usar\u201d ou \u201cn\u00e3o, nunca mais vou usar isso\u201d e [faz o gesto de jogar fora]. A\u00ed restaram umas 70 can\u00e7\u00f5es, e foi neste momento que levamos tudo para a banda. Eu os ajudei a filtrar todo esse material, e eu tinha a miss\u00e3o de assegurar que toda batida fosse dan\u00e7\u00e1vel, que tudo nesse \u00e1lbum fosse para cima. Que mesmo as can\u00e7\u00f5es mais lentas fossem algo com um som que te faria se mexer. Eu ajudei tamb\u00e9m com os arranjos e com a estrutura, que partes seriam repetidas, o que poderia ser o refr\u00e3o. Mas n\u00f3s cinco somos meio como a \u00e1gua, sabe? N\u00f3s preenchemos os espa\u00e7os onde precisam de n\u00f3s.<\/p>\n<p style=\"text-align: justify;\"><strong>Voc\u00ea toca com outros artistas. Como isso se reflete no som do My Morning Jacket?<\/strong><br \/>\nMy Morning Jacket \u00e9 a minha casa, mas eu saio muito de f\u00e9rias. E eu gosto de sair de f\u00e9rias. Faz com que incida luz sobre certas partes da minha vida que eu n\u00e3o as percebo muito quando estou em casa. \u00c9 uma jornada da alma, que eu adoro fazer por um certo tempo, at\u00e9 ficar com saudade de casa. A\u00ed \u00e9 quando estou pronto para voltar, e eu pego as li\u00e7\u00f5es que eu aprendi enquanto estava fora, trago-as para casa e fa\u00e7o coisas novas com esse conhecimento. Eu adoro tocar com outras pessoas! Qu\u00edmica \u00e9 uma for\u00e7a dif\u00edcil de descrever, e \u00e9 interessante notar como as coisas ficam diferentes quando se traz algu\u00e9m diferente para dentro da sala de ensaio. N\u00f3s cinco temos algo que n\u00e3o encontro com mais ningu\u00e9m. N\u00f3s quase nos separamos, e isso nos reaproximou. Nos fez entender que podemos sair e tocar com outras pessoas at\u00e9 o saco encher, mas o que acontece entre n\u00f3s cinco \u00e9 muito especial. Isso me fez apreciar verdadeiramente o meu lar.<\/p>\n<p style=\"text-align: justify;\"><strong>Voc\u00ea disse que voc\u00eas quase terminaram. Isso foi antes desse \u00e1lbum, ou do anterior?<\/strong><br \/>\nFoi em 2017. Foi entre \u201cThe Waterfall\u201d e \u201cThe Waterfall II\u201d.<\/p>\n<p><iframe loading=\"lazy\" title=\"My Morning Jacket - Lucky To Be Alive\" width=\"747\" height=\"420\" src=\"https:\/\/www.youtube.com\/embed\/_9ioKqJspLs?feature=oembed\" frameborder=\"0\" allow=\"accelerometer; autoplay; clipboard-write; encrypted-media; gyroscope; picture-in-picture; web-share\" referrerpolicy=\"strict-origin-when-cross-origin\" allowfullscreen><\/iframe><\/p>\n<p style=\"text-align: justify;\"><strong>O disco de 2021 tem a can\u00e7\u00e3o \u201cLucky To Be Alive\u201d, que fala das dificuldades de se manter na ind\u00fastria musical hoje em dia, de encarar turn\u00eas e afins. A m\u00fasica trata um pouco dessa quase separa\u00e7\u00e3o?<\/strong><br \/>\nCom certeza. \u00c9 outro casamento! (risos) Estar na banda \u00e9 como estar casado com outras quatro pessoas, e qualquer relacionamento vai passar por momentos de prova\u00e7\u00e3o e atribula\u00e7\u00f5es. Mas o que n\u00e3o te mata te fortalece, ent\u00e3o\u2026 C\u00e1 estamos.<\/p>\n<p style=\"text-align: justify;\"><strong>A banda j\u00e1 tem mais de 25 anos, mas a sua rela\u00e7\u00e3o com Jim tem muito mais tempo que isso.<\/strong><br \/>\nBastante (Nota: Jim e Patrick s\u00e3o amigos de inf\u00e2ncia).<\/p>\n<p style=\"text-align: justify;\"><strong>Estar com um amigo de inf\u00e2ncia por tanto tempo j\u00e1 n\u00e3o \u00e9 f\u00e1cil para pessoas com uma vida convencional. Mas voc\u00eas n\u00e3o t\u00eam uma vida convencional: h\u00e1 o estresse da estrada, as quest\u00f5es de vaidade e ego que vem com a exposi\u00e7\u00e3o p\u00fablica, a frustra\u00e7\u00e3o do trabalho criativo. O que os mant\u00e9m unidos durante os momentos dif\u00edceis?<\/strong><br \/>\nT\u00e1 a\u00ed uma pergunta muito boa (risos). Parece que eu estou na terapia agora (risos). Nossa amizade foi testada algumas vezes. Quando o My Morning Jacket come\u00e7ou, eu tocava numa banda amiga que tamb\u00e9m era rival, e Jim n\u00e3o queria aborrec\u00ea-los. Por isso ele n\u00e3o me pediu para ser o primeiro baterista da banda. Eles tiveram dois bateras (J. Glenn entre 1998 e 2002, e KC Guetig entre 2000 e 2002), e eu dividia a casa com o segundo. Antes de sair para uma turn\u00ea, Jim e eu tivemos uma conversa em que dissemos que jamais estar\u00edamos juntos na mesma banda. N\u00f3s j\u00e1 t\u00ednhamos visto bandas brigarem a ponto de arruinar as amizades e decidimos que nunca far\u00edamos isso. \u201cA gente se ama, boa turn\u00ea, te vejo quando voc\u00ea voltar\u201d, e a\u00ed ele pegou a estrada. E naquela turn\u00ea, as coisas n\u00e3o estavam funcionando com o baterista [KC Guetig]. A\u00ed eu estava dando uma festa para o anivers\u00e1rio de 21 anos da irm\u00e3 do Jim \u2013 que \u00e9 como uma irm\u00e3 mais nova para mim \u2013 e ele me ligou no meio da festa me perguntando se eu podia parar tudo e entrar para a banda. E eu falei: \u201ccara, a gente literalmente acabou de conversar sobre isso, bem antes de voc\u00ea sair. Eu n\u00e3o quero que isso estrague nossa amizade\u201d. Eu n\u00e3o disse que sim a princ\u00edpio. Uns dias depois, eu liguei de volta para ele. Eu tinha pensado muito, muito mesmo, sobre o assunto. A \u00fanica coisa que precis\u00e1vamos ter clara era que eu n\u00e3o queria que isso estragasse nossa amizade. Se isso come\u00e7asse a acontecer, eu pularia fora. Amizade primeiro, banda em segundo. A gente quase faltou com a nossa palavra quando quase terminamos: ele estava em um lugar muito ruim mentalmente, enfrentando uma depress\u00e3o muito severa, disse algumas coisas muito pesadas,.. tinha muito \u00e1lcool rolando na banda\u2026 N\u00f3s nos desviamos um tanto do caminho, e tivemos que ficar bem entre n\u00f3s antes de tocar o barco com a banda. Tivemos um papo de umas oito horas de simplesmente sentar e botar tudo pra fora, o que quer que fosse. Foi a melhor coisa que aconteceu para a nossa amizade! Depois disso, a gente tinha acabado de encerrar nosso festival, o One Big Holiday, e eu e ele nos sentamos por umas tr\u00eas horas de papo em que a gente simplesmente passou pela gratid\u00e3o de ter uma amizade dessas e estarmos juntos em uma banda por tanto tempo. \u00c9 outro n\u00edvel de amizade se voc\u00ea consegue fazer essas duas coisas, manter uma amizade e estar em uma banda, por tanto tempo. Tem aquele ditado que diz que nunca devemos fazer neg\u00f3cios com nossos amigos, mas eu n\u00e3o entro em nenhum neg\u00f3cio com ningu\u00e9m que n\u00e3o seja amigo ou fam\u00edlia daqui pra frente, porque ningu\u00e9m se importa mais com voc\u00ea do que as pessoas est\u00e3o emocionalmente investidas em voc\u00ea e no bem-estar do neg\u00f3cio. Pra encurtar a hist\u00f3ria: teve horas que foi desafiador, mas trouxe mais profundidade para nossa amizade.<\/p>\n<p><iframe loading=\"lazy\" title=\"One Big Holiday ft. J Mascis - My Morning Jacket -  One Big Holiday - 4.5.25\" width=\"747\" height=\"420\" src=\"https:\/\/www.youtube.com\/embed\/Ym3q9Bh2vYo?feature=oembed\" frameborder=\"0\" allow=\"accelerometer; autoplay; clipboard-write; encrypted-media; gyroscope; picture-in-picture; web-share\" referrerpolicy=\"strict-origin-when-cross-origin\" allowfullscreen><\/iframe><\/p>\n<p style=\"text-align: justify;\"><strong>Aproveitando que voc\u00ea o mencionou, gostaria de saber como surgiu a ideia que levou \u00e0 cria\u00e7\u00e3o do festival One Big Holiday.<\/strong><br \/>\nBem, h\u00e1 promotores que fazem toda a organiza\u00e7\u00e3o para um festival e deixam as bandas principais respons\u00e1veis pela curadoria, mas \u00e9 algo que queremos fazer desde sempre, porque n\u00e3o apenas \u00e9 um jeito de trazer\u2026 (pausa) Como eu digo isso? Comunidade \u00e9 muito importante para n\u00f3s. Nossa base de f\u00e3s, que viaja e assiste nossos shows por toda a parte, eles s\u00e3o uma comunidade t\u00e3o forte! E n\u00f3s gostamos de mostrar que, assim como os f\u00e3s t\u00eam sua comunidade, n\u00f3s gostamos de promover uma comunidade musical tamb\u00e9m. Ent\u00e3o ter um festival para o qual podemos convidar bandas que nos inspiraram\u2026 Acabamos de ter o Dinosaur Jr [na \u00faltima edi\u00e7\u00e3o] e J Mascis tocou \u201cOne Big Holiday\u201d com a gente. Eu chorei o tempo todo! S\u00e3o esses momentos, e tamb\u00e9m trazer artistas novos que amamos e que queremos mostrar aos nossos f\u00e3s. Eles se juntam a n\u00f3s e n\u00f3s nos tornamos a banda de acompanhamento deles. Isso \u00e9 promover uma comunidade! E \u00e9 t\u00e3o importante para n\u00f3s! Esse \u00e9 o n\u00facleo do One Big Holiday, e \u00e9 bem diferente das nossas turn\u00eas. Trazemos bandas novas nas turn\u00eas tamb\u00e9m, mas ser capaz de trazer m\u00faltiplas bandas e criar um lance que aproxima as pessoas no palco e na plateia \u00e9 muito importante para n\u00f3s. \u00c9 um lance de parar por um momento e guardar o telefone, deixar o computador de lado e deixar as diferen\u00e7as pol\u00edticas de lado e simplesmente focar em sermos humanos por alguns minutos. Essa \u00e9 a motiva\u00e7\u00e3o, e \u00e9 por isso que dedicamos tanto tempo ao festival. Quando termina, estamos exaustos e dormimos por dois dias inteiros (risos), mas \u00e9 profundo e intenso e bonito, e n\u00f3s amamos. Gostaria de fazer todos os anos, mas n\u00e3o queremos sugar o dinheiro dos nossos f\u00e3s, ent\u00e3o deixamos mais espa\u00e7ado para que eles possam se programar.<\/p>\n<p style=\"text-align: justify;\"><strong>Voc\u00eas j\u00e1 foram contatados por algum produtor brasileiro para tocar por aqui?<\/strong><br \/>\nA n\u00e3o ser pelo Lollapalooza e pelo Pearl Jam que nos convidou para abrir shows deles, n\u00e3o tivemos nenhuma proposta. Nessas duas ocasi\u00f5es, n\u00e3o pod\u00edamos, porque j\u00e1 t\u00ednhamos turn\u00eas agendadas. (enf\u00e1tico) A gente realmente quer descer at\u00e9 a\u00ed e tocar, porque se temos f\u00e3s a\u00ed, eles apenas ouviram os discos, e nunca viram os shows, a banda ao vivo, e os nossos shows \u2026 (suspira) Eles s\u00e3o um mundo totalmente diferente! E meio que \u00e9 por causa deles que somos conhecidos, e n\u00f3s queremos tanto levar isso ao Brasil! Simplesmente n\u00e3o deu certo ainda. Ent\u00e3o se voc\u00ea conhece algum produtor, ou se essa entrevista servir para espalhar a ideia, n\u00f3s realmente queremos ir at\u00e9 o Brasil para tocar e fazer nosso lance, sair em aventuras e conhecer pessoas. Eu adoro tornar o mundo um lugar mais pr\u00f3ximo, porque todos queremos as mesmas coisas, e tem tanta divis\u00e3o rolando em nosso pa\u00eds agora \u2013 no mundo todo, me parece \u2013 que, deus, duas das coisas que podem fazer essa divis\u00e3o sumir s\u00e3o a m\u00fasica e a comida! Porque elas aproximam as pessoas. N\u00f3s precisamos ser lembrados de nossa humanidade, e estamos nessa miss\u00e3o e queremos ir at\u00e9 o Brasil e outros lugares para levar um pouco de amor.<\/p>\n<p><iframe loading=\"lazy\" title=\"My Morning Jacket \u2013 Time Waited\" width=\"747\" height=\"420\" src=\"https:\/\/www.youtube.com\/embed\/sB4ms9Zvpeo?feature=oembed\" frameborder=\"0\" allow=\"accelerometer; autoplay; clipboard-write; encrypted-media; gyroscope; picture-in-picture; web-share\" referrerpolicy=\"strict-origin-when-cross-origin\" allowfullscreen><\/iframe><\/p>\n<p><iframe loading=\"lazy\" title=\"My Morning Jacket - Half A Lifetime | Live from Vevo Studios\" width=\"747\" height=\"420\" src=\"https:\/\/www.youtube.com\/embed\/T5Q6y5OMp1Q?feature=oembed\" frameborder=\"0\" allow=\"accelerometer; autoplay; clipboard-write; encrypted-media; gyroscope; picture-in-picture; web-share\" referrerpolicy=\"strict-origin-when-cross-origin\" allowfullscreen><\/iframe><\/p>\n<p><iframe loading=\"lazy\" title=\"My Morning Jacket \u2013 Squid Ink\" width=\"747\" height=\"420\" src=\"https:\/\/www.youtube.com\/embed\/_g8H_Ps_wTc?feature=oembed\" frameborder=\"0\" allow=\"accelerometer; autoplay; clipboard-write; encrypted-media; gyroscope; picture-in-picture; web-share\" referrerpolicy=\"strict-origin-when-cross-origin\" allowfullscreen><\/iframe><\/p>\n<p style=\"text-align: justify;\"><em>Leonardo Vinhas (<a href=\"https:\/\/www.facebook.com\/leovinhas\" target=\"_blank\" rel=\"noopener noreferrer\">@leovinhas<\/a>) \u00e9 produtor e autor do livro \u201c<a href=\"https:\/\/editorabarbante.com.br\/produtos\/o-evangelho-segundo-odair-censura-igreja-e-o-filho-de-jose-e-maria\/\" target=\"_blank\" rel=\"noopener\">O Evangelho Segundo Odair: Censura, Igreja e O Filho de Jos\u00e9 e Maria<\/a>\u201c.\u00a0<\/em><\/p>\n","protected":false},"excerpt":{"rendered":"Em 2021, um disco que leva o nome da banda. Em 2025, um \u00e1lbum chamado \u201cis\u201d (\u00e9\/est\u00e1). Parece que a d\u00e9cada de 2020 est\u00e1 sendo um per\u00edodo de autoafirma\u00e7\u00e3o para o My Morning Jacket. Ou, mais provavelmente, de reafirma\u00e7\u00e3o\n<a class=\"moretag\" href=\"https:\/\/screamyell.com.br\/site\/2025\/04\/23\/entrevista-nossos-shows-sao-um-mundo-totalmente-diferente-queremos-ir-ao-brasil-diz-patrick-hallahan-my-morning-jacket\/\"> [...]<\/a>","protected":false},"author":6,"featured_media":88824,"comment_status":"open","ping_status":"open","sticky":false,"template":"","format":"standard","meta":[],"categories":[3],"tags":[2226],"_links":{"self":[{"href":"https:\/\/screamyell.com.br\/site\/wp-json\/wp\/v2\/posts\/88823"}],"collection":[{"href":"https:\/\/screamyell.com.br\/site\/wp-json\/wp\/v2\/posts"}],"about":[{"href":"https:\/\/screamyell.com.br\/site\/wp-json\/wp\/v2\/types\/post"}],"author":[{"embeddable":true,"href":"https:\/\/screamyell.com.br\/site\/wp-json\/wp\/v2\/users\/6"}],"replies":[{"embeddable":true,"href":"https:\/\/screamyell.com.br\/site\/wp-json\/wp\/v2\/comments?post=88823"}],"version-history":[{"count":1,"href":"https:\/\/screamyell.com.br\/site\/wp-json\/wp\/v2\/posts\/88823\/revisions"}],"predecessor-version":[{"id":88825,"href":"https:\/\/screamyell.com.br\/site\/wp-json\/wp\/v2\/posts\/88823\/revisions\/88825"}],"wp:featuredmedia":[{"embeddable":true,"href":"https:\/\/screamyell.com.br\/site\/wp-json\/wp\/v2\/media\/88824"}],"wp:attachment":[{"href":"https:\/\/screamyell.com.br\/site\/wp-json\/wp\/v2\/media?parent=88823"}],"wp:term":[{"taxonomy":"category","embeddable":true,"href":"https:\/\/screamyell.com.br\/site\/wp-json\/wp\/v2\/categories?post=88823"},{"taxonomy":"post_tag","embeddable":true,"href":"https:\/\/screamyell.com.br\/site\/wp-json\/wp\/v2\/tags?post=88823"}],"curies":[{"name":"wp","href":"https:\/\/api.w.org\/{rel}","templated":true}]}}