{"id":88616,"date":"2025-04-11T14:05:31","date_gmt":"2025-04-11T17:05:31","guid":{"rendered":"https:\/\/screamyell.com.br\/site\/?p=88616"},"modified":"2025-05-06T00:12:46","modified_gmt":"2025-05-06T03:12:46","slug":"30-festival-e-tudo-verdade-viva-marilia-de-zelito-viana-rememora-a-trajetoria-de-marilia-pera-de-forma-sabia","status":"publish","type":"post","link":"https:\/\/screamyell.com.br\/site\/2025\/04\/11\/30-festival-e-tudo-verdade-viva-marilia-de-zelito-viana-rememora-a-trajetoria-de-marilia-pera-de-forma-sabia\/","title":{"rendered":"30\u00b0 Festival \u00c9 Tudo Verdade: \u201cViva Mar\u00edlia\u201d, de Zelito Viana, rememora a trajet\u00f3ria de Mar\u00edlia P\u00eara de forma s\u00e1bia"},"content":{"rendered":"<h2 style=\"text-align: center;\"><strong>texto de\u00a0<\/strong><strong><a href=\"https:\/\/www.instagram.com\/_renanguerra\/\" target=\"_blank\" rel=\"noopener noreferrer\">Renan Guerra<\/a><\/strong><\/h2>\n<p style=\"text-align: justify;\">Mar\u00edlia P\u00eara \u00e9 uma das maiores artistas desse pa\u00eds nos \u00faltimos 50 anos. Repare que falamos artista e n\u00e3o atriz. Mar\u00edlia era atriz, performer, cantora, diretora, uma multiplicidade de coisas. Nome fundamental do teatro brasileiro \u2013 especialmente o musical \u2013, ela nunca se absteve de ser artista popular na televis\u00e3o e ainda construiu s\u00f3lida e diversa carreira no cinema brasileiro. Dito isso, fica a quest\u00e3o: como resumir Mar\u00eelia P\u00eara em menos de 90 minutos? O diretor Zelito Viana assumiu esse desafio, ao lado de um roteiro assinado por Nelson Motta, e assim nasce \u201cViva Mar\u00edlia\u201d (2024), document\u00e1rio que tenta condensar a densidade dessa profissional que fez da arte seu of\u00edcio e seu dever, criando algumas das personagens mais marcantes do nosso teatro, do nosso cinema e da nossa TV.<\/p>\n<p style=\"text-align: justify;\">Em determinado momento do filme, a pr\u00f3pria Mar\u00edlia conta que as pessoas no exterior, quando do lan\u00e7amento de \u201cPixote, a Lei do Mais Fraco\u201d (1981), estranharam que ela fosse uma artista com dom\u00ednio do humor e dos musicais, visto que sua atua\u00e7\u00e3o no filme de Hector Babenco \u00e9 uma das coisas mais pesadas e viscerais do cinema \u2013 e aqui colocado como espa\u00e7o global mesmo. A prostituta Sueli \u00e9 um marco do cinema dos anos 80 e sua interpreta\u00e7\u00e3o \u00e9 um acontecimento. Por\u00e9m, Sueli \u00e9 um fiozinho da complexidade de Mar\u00edlia P\u00eara. Ela sempre foi artista diversa, que consegue ir do teatro oper\u00edstico \u00e0 novela das sete; do teatro politicamente engajado ao humor escrachado de um texto de Miguel Falabella. Pouqu\u00edssimas atrizes nesse pa\u00eds tiveram tantas nuances quanto Mar\u00edlia e isso \u00e9 o que delega a ela o posto de diva, de dama, de estrela das m\u00faltiplas artes. Seu trabalho no teatro \u00e9 seminal, suas interpreta\u00e7\u00f5es no cinema s\u00e3o sempre marcantes e suas personagens na TV criaram pontos referenciais.<\/p>\n<p style=\"text-align: justify;\">Considerando tudo isso, o document\u00e1rio \u201cViva Mar\u00edlia\u201d faz uma interessante escolha: ao inv\u00e9s de seguir uma linha cronol\u00f3gica, o filme opta por blocos que tentam condensar essas diferentes frentes de a\u00e7\u00e3o da artista. Teatro, TV, m\u00fasica e cinema s\u00e3o agrupados em suas especificidades. Al\u00e9m disso, o filme opta por um dispositivo bastante em voga no document\u00e1rio recente: nada de entrevistas extras, \u00e9 o pr\u00f3prio personagem que reconta sua narrativa em imagens de arquivo. Esse \u00e9 um formato rico, mas extremamente trabalhoso, e que se vale da riqueza de acervo de seus personagens. E isso Mar\u00edlia tem de sobra. Nem sempre ela se abria a entrevistas, mas quando se propunha a esse formato, se entregava e se colocava de forma potente e reflexiva sobre si mesma e sobre sua trajet\u00f3ria. E isso \u00e9 usado de forma extremamente rica pelo diretor Zelito Viana e a codiretora Esperan\u00e7a Motta. Aqui vale um par\u00eanteses de que Esperan\u00e7a \u00e9 filha de Mar\u00edlia ao lado de Nelson Motta, o roteirista do filme. E a\u00ed podem at\u00e9 apontar \u201cah tudo fechado em si mesmo, em um c\u00edrculo familiar\u201d, mas o fato \u00e9 que j\u00e1 estamos quase chegando h\u00e1 10 anos do falecimento de Mar\u00edlia P\u00eara e foi preciso que sua pr\u00f3pria fam\u00edlia agisse em prol de sua mem\u00f3ria. \u00c9 meio absurdo, ela foi uma das maiores artistas de nosso pa\u00eds, como ela n\u00e3o teve projetos celebrativos ainda em vida? Como demorou 10 anos desde sua morte para que um document\u00e1rio surgisse?<\/p>\n<p><img decoding=\"async\" loading=\"lazy\" class=\"alignnone size-full wp-image-88617 aligncenter\" src=\"https:\/\/screamyell.com.br\/site\/wp-content\/uploads\/2025\/04\/Copia-de-viva_marilia1-copiar.jpg\" alt=\"\" width=\"750\" height=\"440\" srcset=\"https:\/\/screamyell.com.br\/site\/wp-content\/uploads\/2025\/04\/Copia-de-viva_marilia1-copiar.jpg 750w, https:\/\/screamyell.com.br\/site\/wp-content\/uploads\/2025\/04\/Copia-de-viva_marilia1-copiar-300x176.jpg 300w\" sizes=\"(max-width: 750px) 100vw, 750px\" \/><\/p>\n<p style=\"text-align: justify;\">Mar\u00edlia apanhou dos militares ao performar \u201cRoda Viva\u201d. Mar\u00edlia fez hist\u00f3ria como Rafaela em \u201cBrega &amp; Chique\u201d. Mar\u00edlia marcou o teatro brasileiro interpretando figuras como Coco Chanel e Carmen Miranda. Mar\u00edlia foi a mais absurda coadjuvante ao lado de Fernanda Montenegro em \u201cCentral do Brasil\u201d. Mar\u00edlia fez hist\u00f3ria com os textos de Miguel Falabella. Mar\u00edlia redefiniu possibilidades ao dirigir Nanini e Latorraca em \u201cIrma Vap\u201d. Mar\u00edlia ousou ao cantar o que queria, como no disco cult \u201cFeiticeira\u201d. E, repetindo, Mar\u00edlia fez hist\u00f3ria com sua Sueli em \u201cPixote\u201d. E \u00e9 lindo como \u201cViva Mar\u00edlia\u201d consegue passar por tudo isso de forma bem amarrada. \u00d3bvio que faltam coisas, \u00f3bvio que outras cenas poderiam ser valorizadas, mas estamos falando de uma artista com um curr\u00edculo absurdo e nem tudo cabe num filme, precisar\u00edamos de muitos cap\u00edtulos de uma s\u00e9rie pra dar conta de sua obra.<\/p>\n<p style=\"text-align: justify;\">\u00c9 natural que muitos espectadores sintam falta de muitos momentos pop de Mar\u00edlia \u2013 sua persona televisiva dos anos 2000, por exemplo, \u00e9 praticamente ignorada. De todo modo, o filme de Zelito Viana se sobressai em suas escolhas de celebrar as ousadias de Mar\u00edlia P\u00eara, de relembrar seus experimentos, de reverberar suas pe\u00e7as estranhas, seus projetos mais sinceros. E isso \u00e9 marcado por entrevistas completamente soltas da artista, que fala com sinceridade para rep\u00f3rteres como Mar\u00edlia Gabriela, Arak\u00e9n T\u00e1vora e Jacy Campos. Esse material de acervo \u00e9 riqu\u00edssimo e \u00e9 muito bom v\u00ea-lo sendo bem usado. Mar\u00edlia cresce \u00e9 em sua pr\u00f3pria voz, a partir de sua pr\u00f3pria narrativa, e nunca pela voz de outros narradores, que poderiam apenas servir a um roteiro postumamente celebrat\u00f3rio e subserviente.<\/p>\n<p style=\"text-align: justify;\">Dito tudo isso, podemos concluir que \u201cViva Mar\u00edlia\u201d, de Zelito Viana \u2013 filme de abertura no 30\u00b0 festival \u00c9 Tudo Verdade na cidade do Rio de Janeiro \u2013, ainda \u00e9 um filme introdut\u00f3rio. Ele n\u00e3o \u00e9 Mar\u00edlia no todo \u2013 trabalho quase imposs\u00edvel. Mas \u00e9 um filme fundamental nesse marco de 10 anos de seu falecimento. \u00c9 preciso que a mem\u00f3ria dessa artista seja mantida viva e esse filme nos ajuda nesse trabalho, resgatando sua for\u00e7a, sua ousadia e sua inventividade. Se f\u00f4ssemos um pa\u00eds com mem\u00f3ria, Mar\u00edlia seria celebrada sempre, mas n\u00e3o somos assim e ainda precisamos desbravar esses espa\u00e7os. Este document\u00e1rio \u00e9 como uma semente para que a hist\u00f3ria dessa atriz genial siga sendo descoberta e redescoberta. Como afirma seu t\u00edtulo, viva Mar\u00edlia P\u00eara!<\/p>\n<p style=\"text-align: center;\"><a href=\"https:\/\/screamyell.com.br\/site\/tag\/e-tudo-verdade\/\"><em>Leia mais sobre o Festival \u00c9 Tudo Verdade<\/em><\/a><\/p>\n<p><img decoding=\"async\" loading=\"lazy\" class=\"alignnone size-full wp-image-88619 aligncenter\" src=\"https:\/\/screamyell.com.br\/site\/wp-content\/uploads\/2025\/04\/viva-marilia-copiar.jpg\" alt=\"\" width=\"750\" height=\"1070\" srcset=\"https:\/\/screamyell.com.br\/site\/wp-content\/uploads\/2025\/04\/viva-marilia-copiar.jpg 750w, https:\/\/screamyell.com.br\/site\/wp-content\/uploads\/2025\/04\/viva-marilia-copiar-210x300.jpg 210w\" sizes=\"(max-width: 750px) 100vw, 750px\" \/><\/p>\n<p style=\"text-align: justify;\"><em>\u2013\u00a0<a href=\"https:\/\/www.facebook.com\/renan.machadoguerra\" target=\"_blank\" rel=\"noopener noreferrer\">Renan Guerra<\/a>\u00a0\u00e9 jornalista<\/em>\u00a0e<em>\u00a0escreve para o Scream &amp; Yell desde 2014. Faz parte do\u00a0<a href=\"http:\/\/vamosfalarsobremusica.com.br\/\" target=\"_blank\" rel=\"noopener\" data-saferedirecturl=\"https:\/\/www.google.com\/url?q=http:\/\/vamosfalarsobremusica.com.br\/&amp;source=gmail&amp;ust=1630729890879000&amp;usg=AFQjCNGttyQx5OWOAKRyi7iGq8E4oacvuw\">Podcast Vamos Falar Sobre M\u00fasica<\/a>\u00a0e colabora com o\u00a0<a href=\"https:\/\/monkeybuzz.com.br\/\" target=\"_blank\" rel=\"noopener\" data-saferedirecturl=\"https:\/\/www.google.com\/url?q=https:\/\/monkeybuzz.com.br\/&amp;source=gmail&amp;ust=1630729890879000&amp;usg=AFQjCNFjG1FOw9vBGrawiUhocH4mshwTtw\">Monkeybuzz<\/a>\u00a0e a\u00a0<a href=\"https:\/\/revistabalaclava.com\/\" target=\"_blank\" rel=\"noopener\" data-saferedirecturl=\"https:\/\/www.google.com\/url?q=https:\/\/revistabalaclava.com\/&amp;source=gmail&amp;ust=1630729890879000&amp;usg=AFQjCNFqHswo4qEcyg8fw9VPM8IWsRH5oQ\">Revista Balaclava<\/a>.\u00a0<\/em><\/p>\n","protected":false},"excerpt":{"rendered":"Mar\u00edlia P\u00eara \u00e9 uma das maiores artistas desse pa\u00eds nos \u00faltimos 50 anos. Repare que falamos artista e n\u00e3o atriz. Mar\u00edlia era atriz, performer, cantora, diretora, uma multiplicidade de coisas.\n<a class=\"moretag\" href=\"https:\/\/screamyell.com.br\/site\/2025\/04\/11\/30-festival-e-tudo-verdade-viva-marilia-de-zelito-viana-rememora-a-trajetoria-de-marilia-pera-de-forma-sabia\/\"> [...]<\/a>","protected":false},"author":3,"featured_media":88618,"comment_status":"open","ping_status":"open","sticky":false,"template":"","format":"standard","meta":[],"categories":[4],"tags":[7148],"_links":{"self":[{"href":"https:\/\/screamyell.com.br\/site\/wp-json\/wp\/v2\/posts\/88616"}],"collection":[{"href":"https:\/\/screamyell.com.br\/site\/wp-json\/wp\/v2\/posts"}],"about":[{"href":"https:\/\/screamyell.com.br\/site\/wp-json\/wp\/v2\/types\/post"}],"author":[{"embeddable":true,"href":"https:\/\/screamyell.com.br\/site\/wp-json\/wp\/v2\/users\/3"}],"replies":[{"embeddable":true,"href":"https:\/\/screamyell.com.br\/site\/wp-json\/wp\/v2\/comments?post=88616"}],"version-history":[{"count":1,"href":"https:\/\/screamyell.com.br\/site\/wp-json\/wp\/v2\/posts\/88616\/revisions"}],"predecessor-version":[{"id":88620,"href":"https:\/\/screamyell.com.br\/site\/wp-json\/wp\/v2\/posts\/88616\/revisions\/88620"}],"wp:featuredmedia":[{"embeddable":true,"href":"https:\/\/screamyell.com.br\/site\/wp-json\/wp\/v2\/media\/88618"}],"wp:attachment":[{"href":"https:\/\/screamyell.com.br\/site\/wp-json\/wp\/v2\/media?parent=88616"}],"wp:term":[{"taxonomy":"category","embeddable":true,"href":"https:\/\/screamyell.com.br\/site\/wp-json\/wp\/v2\/categories?post=88616"},{"taxonomy":"post_tag","embeddable":true,"href":"https:\/\/screamyell.com.br\/site\/wp-json\/wp\/v2\/tags?post=88616"}],"curies":[{"name":"wp","href":"https:\/\/api.w.org\/{rel}","templated":true}]}}