{"id":86598,"date":"2025-01-21T00:19:47","date_gmt":"2025-01-21T03:19:47","guid":{"rendered":"https:\/\/screamyell.com.br\/site\/?p=86598"},"modified":"2025-02-17T08:36:14","modified_gmt":"2025-02-17T11:36:14","slug":"apca-revela-os-melhores-de-2024-em-11-categorias","status":"publish","type":"post","link":"https:\/\/screamyell.com.br\/site\/2025\/01\/21\/apca-revela-os-melhores-de-2024-em-11-categorias\/","title":{"rendered":"APCA revela os melhores de 2024 em 11 categorias"},"content":{"rendered":"<p style=\"text-align: justify;\">Em assembleia geral realizada no Sindicato dos Jornalistas Profissionais do Estado de S\u00e3o Paulo na noite da segunda-feira, 20 de janeiro de 2025, a APCA &#8211; Associa\u00e7\u00e3o Paulista de Cr\u00edticos de Artes escolheu os melhores de 2024 nas seguintes categorias: Arquitetura, Artes Visuais, Cinema, Dan\u00e7a, Literatura, M\u00fasica Erudita, M\u00fasica Popular, R\u00e1dio, Teatro, Teatro Infanto-Juvenil e Televis\u00e3o.<\/p>\n<p style=\"text-align: justify;\">\u201cA APCA caminha para seus 70 anos em constante crescimento e celebrando as artes em 11 categorias, de forma completa e diversa. Neste ano, tivemos a volta da categoria de M\u00fasica Erudita que por muitos anos fez parte da APCA e esteve ausente nas \u00faltimas premia\u00e7\u00f5es\u201d, afirma a diretoria da APCA. Em M\u00fasica Popular, al\u00e9m dos vencedores, o j\u00fari tamb\u00e9m revelou sua lista com <a href=\"https:\/\/screamyell.com.br\/site\/2025\/01\/17\/apca-aponta-os-50-melhores-discos-de-2024\/\" target=\"_blank\" rel=\"noopener\">os 50 melhores discos de 2024<\/a>.<\/p>\n<p style=\"text-align: justify;\">A 69\u00aa cerim\u00f4nia de premia\u00e7\u00e3o com a respectiva entrega dos trof\u00e9us est\u00e1 prevista para o m\u00eas de abril, em data ainda a ser confirmada, no Teatro S\u00e9rgio Cardoso, em S\u00e3o Paulo, numa parceria viabilizada pela Associa\u00e7\u00e3o Paulista Amigos da Arte e Secretaria de Estado da Cultura. A APCA est\u00e1 em busca de apoios e patroc\u00ednios. Conhe\u00e7a os vencedores!<\/p>\n<p><iframe loading=\"lazy\" title=\"9\u00b0 Pr\u00eamio Arquitetura Tomie Ohtake AkzoNobel: Centro de Refer\u00eancia Quebradeiras de Baba\u00e7u\" width=\"747\" height=\"420\" src=\"https:\/\/www.youtube.com\/embed\/yq07av3ADkQ?feature=oembed\" frameborder=\"0\" allow=\"accelerometer; autoplay; clipboard-write; encrypted-media; gyroscope; picture-in-picture; web-share\" referrerpolicy=\"strict-origin-when-cross-origin\" allowfullscreen><\/iframe><\/p>\n<p style=\"text-align: justify;\"><strong>ARQUITETURA<\/strong><br \/>\n&#8211; Trajet\u00f3ria: Helena Ayoub Silva<br \/>\n&#8211; Urbanidade: Habita\u00e7\u00e3o de interesse social e urbaniza\u00e7\u00e3o no c\u00f3rrego do Guaicuri, Casa Cidade [Renata Corradin]<br \/>\n&#8211; Ativismo urbano: Centro de Mem\u00f3ria Queixadas [Michele Souza e Rosa]<br \/>\n&#8211; Resist\u00eancia ambiental: Centro de Refer\u00eancia das Quebradeiras de Baba\u00e7u, Est\u00fadio Flume [Christian Teshirogi e Noelia Monteiro]<br \/>\n&#8211; Pol\u00edtica institucional: ATHIS (Assist\u00eancia T\u00e9cnica em Habita\u00e7\u00e3o de Interesse Social), CAU SP [Camila Moreno de Camargo e Catherine Otondo]<br \/>\n&#8211; Projeto de expografia: 35\u00aa Bienal de S\u00e3o Paulo, V\u00e3o [Anna Juni, Enk te Winkel, Gustavo Delonero]<br \/>\n&#8211; Fronteiras da Arquitetura: Border-crossing, Ag\u00eancia TPBA [Priscila Bellas e Thiago de Almeida], Clube [Gabriel Biselli], Pianca Arquitetura [Guilherme Pianca]<\/p>\n<p style=\"text-align: justify;\"><em>Votaram: Fernando Serapi\u00e3o, Francesco Perrotta-Bosch, Gabriel Kogan, Ivo Giroto, Maria Isabel Villac, M\u00f4nica Junqueira de Camargo, Nadia Somekh, Pedro Vieira, Sabrina Fontenele<\/em><\/p>\n<hr>\n<p><iframe loading=\"lazy\" title=\"FRANCIS BACON: A BELEZA DA CARNE | Exposi\u00e7\u00e3o no MASP\" width=\"747\" height=\"420\" src=\"https:\/\/www.youtube.com\/embed\/JK7lbUmxcho?feature=oembed\" frameborder=\"0\" allow=\"accelerometer; autoplay; clipboard-write; encrypted-media; gyroscope; picture-in-picture; web-share\" referrerpolicy=\"strict-origin-when-cross-origin\" allowfullscreen><\/iframe><\/p>\n<p style=\"text-align: justify;\"><strong>ARTES VISUAIS<\/strong><br \/>\n&#8211; Exposi\u00e7\u00e3o Internacional: Francis Bacon \u2013 A Beleza da Carne &#8211; MASP<br \/>\n&#8211; Exposi\u00e7\u00e3o Nacional: Maxwell Alexandre Novo Poder : Passabilidade SESC Paulista<br \/>\n&#8211; Fotografia: George Love \u2013 O Artista Essencial MAM SP<br \/>\n&#8211; Personalidade do Ano: Peter Cohn<br \/>\n&#8211; Conjunto da Obra: Guto Lacaz<br \/>\n&#8211; Programa\u00e7\u00e3o Cultural: Instituto Moreira Salles<br \/>\n&#8211; Escultura: Flavio Cerqueira \u2013 Um Escultor de Significados CCBB SP<\/p>\n<p style=\"text-align: justify;\"><em>Votaram: Antonio Zago, Claudio Sitr\u00e2ngulo, Dalva Abrantes, Jos\u00e9 Henrique Fabre Rolim, Jo\u00e3o J.Spinelli e Silvia Balady<\/em><\/p>\n<hr>\n<p><iframe loading=\"lazy\" title=\"Ainda Estou Aqui | Trailer Oficial | 7 de novembro nos cinemas\" width=\"747\" height=\"420\" src=\"https:\/\/www.youtube.com\/embed\/_NzqP0jmk3o?feature=oembed\" frameborder=\"0\" allow=\"accelerometer; autoplay; clipboard-write; encrypted-media; gyroscope; picture-in-picture; web-share\" referrerpolicy=\"strict-origin-when-cross-origin\" allowfullscreen><\/iframe><\/p>\n<p style=\"text-align: justify;\"><strong>CINEMA<\/strong><br \/>\n&#8211; Melhor Filme: &#8220;Ainda Estou Aqui&#8221;, de Walter Salles<br \/>\n&#8211; Melhor Dire\u00e7\u00e3o: Andr\u00e9 Novais Oliveira, por &#8220;O Dia que Te Conheci&#8221;<br \/>\n&#8211; Melhor Roteiro: Marcelo Gomes, Maria Camargo e Gustavo Campos, por R&#8221;etrato de um Certo Oriente&#8221;<br \/>\n&#8211; Melhor Atriz: Fernanda Torres, por &#8220;Ainda Estou Aqui&#8221;<br \/>\n&#8211; Melhor Ator: Bruno Jefferson, por &#8220;Saudade Fez Morada Aqui Dentro&#8221;<br \/>\n&#8211; Melhor Document\u00e1rio: &#8220;Antonio Candido \u2013 Anota\u00e7\u00f5es Finais&#8221;, de Eduardo Escorel<br \/>\n&#8211; Pr\u00eamio Especial do J\u00fari: Pedro Freire pela estreia na dire\u00e7\u00e3o em longa-metragem por \u201cMalu\u201d<\/p>\n<p style=\"text-align: justify;\"><em>Votaram: Flavia Guerra, Francisco Carbone, Luiz Carlos Merten, Orlando Margarido e Walter Cezar Addeo<\/em><\/p>\n<hr>\n<figure id=\"attachment_86600\" aria-describedby=\"caption-attachment-86600\" style=\"width: 750px\" class=\"wp-caption aligncenter\"><img decoding=\"async\" loading=\"lazy\" class=\"size-full wp-image-86600\" src=\"https:\/\/screamyell.com.br\/site\/wp-content\/uploads\/2025\/01\/Tudo-o-Que-a-Boca-Come.jpg\" alt=\"\" width=\"750\" height=\"500\" srcset=\"https:\/\/screamyell.com.br\/site\/wp-content\/uploads\/2025\/01\/Tudo-o-Que-a-Boca-Come.jpg 750w, https:\/\/screamyell.com.br\/site\/wp-content\/uploads\/2025\/01\/Tudo-o-Que-a-Boca-Come-300x200.jpg 300w\" sizes=\"(max-width: 750px) 100vw, 750px\" \/><figcaption id=\"caption-attachment-86600\" class=\"wp-caption-text\">\u201c<em>Tudo o Que a Boca Come\u201d, N\u00facleo I\u00ea\u00ea.<\/em><\/figcaption><\/figure>\n<p style=\"text-align: justify;\"><strong>DAN\u00c7A<\/strong><br \/>\n&#8211; Espet\u00e1culo: \u201cTudo Que a Boca Come\u201d, N\u00facleo I\u00ea\u00ea.<br \/>\n&#8211; Coreografia\/Cria\u00e7\u00e3o: Sandro Borelli, Coreografia de \u201cMR8\u201d, Cia. Carne Agonizante.<br \/>\n&#8211; Interpreta\u00e7\u00e3o: Rafael de Oliveira, por \u201cTudo o Que a Boca Come\u201d, N\u00facleo I\u00ea\u00ea.<br \/>\n&#8211; Pr\u00eamio T\u00e9cnico: Maiwsi Ayana, figurino de \u201cTudo o Que a Boca Come\u201d, N\u00facleo I\u00ea\u00ea.<br \/>\n&#8211; Programa\/Mem\u00f3ria: \u201cArte da Presen\u00e7a \/ Presen\u00e7a na Arte\u201d, S\u00f4nia Mota.<br \/>\n&#8211; Projeto\/Difus\u00e3o: programa\u00e7\u00e3o de dan\u00e7a do Sesc Santo Amaro, Marcos Villas Boas, programador de dan\u00e7a.<br \/>\n&#8211; Pr\u00eamio Especial: Chris Belluomini, pela dura\u00e7\u00e3o art\u00edstico-pedag\u00f3gica do N\u00facleo Luz.<\/p>\n<p style=\"text-align: justify;\"><em>Votaram: Henrique Rochelle, Iara Biderman, Simone Alc\u00e2ntara e Yaskara Manzini<\/em><\/p>\n<hr>\n<p><iframe loading=\"lazy\" title=\"Nara Vidal explica o porqu\u00ea decidiu abordar a eugenia em seu novo livro &quot;Puro&quot;\" width=\"747\" height=\"420\" src=\"https:\/\/www.youtube.com\/embed\/sB-qAdKsdUk?feature=oembed\" frameborder=\"0\" allow=\"accelerometer; autoplay; clipboard-write; encrypted-media; gyroscope; picture-in-picture; web-share\" referrerpolicy=\"strict-origin-when-cross-origin\" allowfullscreen><\/iframe><\/p>\n<p style=\"text-align: justify;\"><strong>LITERATURA<\/strong><br \/>\n&#8211; Romance: &#8220;Puro&#8221;, de Nara Vidal (Todavia)<br \/>\n&#8211; Contos: &#8220;Nostalgias canibais&#8221;, de Odorico Leal (\u00c2yin\u00e9)<br \/>\n&#8211; Poesia: &#8220;Asma&#8221;, de Adelaide Iv\u00e1nova (N\u00f3s)<br \/>\n&#8211; Tradu\u00e7\u00e3o: &#8220;Fernando Klabin, por Solenoide&#8221;, de Mircea Cartarescu (Mundar\u00e9u)<br \/>\n&#8211; Ensaio: &#8220;O homem n\u00e3o existe: masculinidade, desejo e fic\u00e7\u00e3o&#8221;, de Ligia Gon\u00e7alves Diniz (Zahar)<br \/>\n&#8211; Reportagem\/ Biografia: &#8220;Projeto Querino: um olhar afrocentrado sobre a hist\u00f3ria do Brasil&#8221;, de Tiago Rogero (F\u00f3sforo)<br \/>\n&#8211; Grande Pr\u00eamio da Cr\u00edtica para Ruth Rocha, por sua contribui\u00e7\u00e3o \u00e0 forma\u00e7\u00e3o l\u00edrica, on\u00edrica e liter\u00e1ria dos brasileiros<\/p>\n<p style=\"text-align: justify;\"><em>Votaram: Gabriel Kwak, Gabriela Mayer, Ruan de Sousa Gabriel e Ubiratan Brasil<\/em><\/p>\n<hr>\n<p><iframe loading=\"lazy\" title=\"#\u00f3pera Double bill O Olhar de Judith - Judith&#039;s Gaze\" width=\"747\" height=\"420\" src=\"https:\/\/www.youtube.com\/embed\/ESO26f5ipYc?feature=oembed\" frameborder=\"0\" allow=\"accelerometer; autoplay; clipboard-write; encrypted-media; gyroscope; picture-in-picture; web-share\" referrerpolicy=\"strict-origin-when-cross-origin\" allowfullscreen><\/iframe><\/p>\n<p style=\"text-align: justify;\"><strong>M\u00daSICA ERUDITA<\/strong><br \/>\n&#8211; Destaque da cr\u00edtica: Marisa Rezende, conjunto da obra<br \/>\n&#8211; \u00d3pera: &#8220;O olhar de Judith&#8221;, B. Bart\u00f3k e M. Bang. Minczuk e Van Looy (Theatro Municipal de S\u00e3o Paulo)<br \/>\n&#8211; Int\u00e9rprete \u2013 cantores: Denise de Freitas (mezzo-soprano)<br \/>\n&#8211; Estreia de obra: &#8220;Sarav\u00e1, para quarteto de cordas e viol\u00e3o&#8221; (Jo\u00e3o Luiz Rezende)<br \/>\n&#8211; Projeto especial: Festival Sesc M\u00fasica de C\u00e2mara \u2013 10 anos. Curadoria: Claudia Toni (Sesc S\u00e3o Paulo)<br \/>\n&#8211; Concerto coral\/sinf\u00f4nico: Missa em si menor, Bach. Osesp, Coro da Osesp e Leonardo Garc\u00eda-Alarc\u00f3n, regente<br \/>\n&#8211; Recital\/m\u00fasica de c\u00e2mara: Josy Santos e Markus Hadulla \u2013 Mozarteum Brasileiro<\/p>\n<p style=\"text-align: justify;\"><em>Votaram: Ana Cursino Guariglia, Camila Fresca e Sidney Molina<\/em><\/p>\n<hr>\n<p><img decoding=\"async\" loading=\"lazy\" class=\"alignnone size-full wp-image-86601\" src=\"https:\/\/screamyell.com.br\/site\/wp-content\/uploads\/2025\/01\/APCA111111.jpg\" alt=\"\" width=\"750\" height=\"750\" srcset=\"https:\/\/screamyell.com.br\/site\/wp-content\/uploads\/2025\/01\/APCA111111.jpg 750w, https:\/\/screamyell.com.br\/site\/wp-content\/uploads\/2025\/01\/APCA111111-300x300.jpg 300w, https:\/\/screamyell.com.br\/site\/wp-content\/uploads\/2025\/01\/APCA111111-150x150.jpg 150w\" sizes=\"(max-width: 750px) 100vw, 750px\" \/><\/p>\n<p style=\"text-align: justify;\"><strong>M\u00daSICA POPULAR<\/strong><br \/>\n&#8211; Grande Pr\u00eamio da Cr\u00edtica: Ala\u00edde Costa<br \/>\n&#8211; Artista do Ano: Hermeto Pascoal<br \/>\n&#8211; Disco do Ano: &#8220;Y\u2019Y&#8221;, Amaro Freitas<br \/>\n&#8211; Artista Revela\u00e7\u00e3o: Thalin, Cravinhos, Pirlo, iloveyoulangelo e VCR Slim (Maria Esmeralda)<br \/>\n&#8211; Show do Ano: Boogarins \u2013 10 anos de &#8220;As Plantas Que Curam&#8221; \/ &#8220;Boogarins toca Clube da Esquina&#8221; e &#8220;Bacuri&#8221;<br \/>\n&#8211; Projeto Especial: Exposi\u00e7\u00e3o Racionais MC\u2019s \u2013 O Quinto Elemento, no Museu das Favelas<br \/>\n&#8211; M\u00fasica do Ano: &#8220;Tradu\u00e7\u00e3o&#8221;, Black Pantera<\/p>\n<p style=\"text-align: justify;\"><em>Votaram: Adriana de Barros, Alexandre Matias, Bruno Capelas, Camilo Rocha, Cleber Facchi, Felipe Machado, Guilherme Werneck, Jos\u00e9 Norberto Flesch, Marcelo Costa, Pedro Antunes, P\u00e9rola Mathias<\/em><\/p>\n<hr>\n<p><img decoding=\"async\" loading=\"lazy\" class=\"alignnone size-full wp-image-86602\" src=\"https:\/\/screamyell.com.br\/site\/wp-content\/uploads\/2025\/01\/roberta111.jpg\" alt=\"\" width=\"750\" height=\"750\" srcset=\"https:\/\/screamyell.com.br\/site\/wp-content\/uploads\/2025\/01\/roberta111.jpg 750w, https:\/\/screamyell.com.br\/site\/wp-content\/uploads\/2025\/01\/roberta111-300x300.jpg 300w, https:\/\/screamyell.com.br\/site\/wp-content\/uploads\/2025\/01\/roberta111-150x150.jpg 150w\" sizes=\"(max-width: 750px) 100vw, 750px\" \/><\/p>\n<p style=\"text-align: justify;\"><strong>R\u00c1DIO<\/strong><br \/>\n&#8211; Grande Pr\u00eamio da Cr\u00edtica: Cobertura do Grupo Bandeirantes de R\u00e1dio na abertura das Olimp\u00edadas de Paris, com S\u00f4nia Blota e Elia J\u00fanior.<br \/>\n&#8211; Destaque do Ano: Clube do Livro Eldorado, com Roberta Martinelli \u2013 Eldorado FM<br \/>\n&#8211; Podcast: R\u00e1dio Novelo<br \/>\n&#8211; Produ\u00e7\u00e3o: Alexandre Ingrevallo pelo programa Est\u00fadio 77, da R\u00e1dio Cultura Brasil<br \/>\n&#8211; Programa musical: Backstage, com Vit\u00e3o Bonesso \u2013 Kiss FM<br \/>\n&#8211; Programa\u00e7\u00e3o cultural: Cultura na USP, com Elcio Silva \u2013 USP FM<br \/>\n&#8211; Programa de variedades: Revista CBN, com Petria Chaves &#8211; CBN<\/p>\n<p style=\"text-align: justify;\"><em>Votaram: Fausto Silva Neto, Marcelo Abud, Maria Fernanda Teixeira e Magaly Prado<\/em><\/p>\n<hr>\n<p><iframe loading=\"lazy\" title=\"TODAS AS COISAS MARAVILHOSAS | ENTREVISTA COM KIKO MASCARENHAS\" width=\"747\" height=\"420\" src=\"https:\/\/www.youtube.com\/embed\/nLsTP8A9fwg?feature=oembed\" frameborder=\"0\" allow=\"accelerometer; autoplay; clipboard-write; encrypted-media; gyroscope; picture-in-picture; web-share\" referrerpolicy=\"strict-origin-when-cross-origin\" allowfullscreen><\/iframe><\/p>\n<p style=\"text-align: justify;\"><strong>TEATRO<\/strong><br \/>\n&#8211; Dramaturgia: Nanna de Castro (O Vazio da Mala)<br \/>\n&#8211; Dire\u00e7\u00e3o: Rodrigo Portella (Ray \u2013 Voc\u00ea n\u00e3o Me Conhece)<br \/>\n&#8211; Ator: Beto Sargentelli (O Rei do Rock \u2013 O Musical)<br \/>\n&#8211; Atriz: D\u00e9bora Falabella (Prima Facie)<br \/>\n&#8211; Espet\u00e1culo: Todas As Coisas Maravilhosas<br \/>\n&#8211; Pr\u00eamio especial: Grupo Sobrevento pelas quatro d\u00e9cadas de trajet\u00f3ria no teatro de anima\u00e7\u00e3o, bonecos e objetos e pelas atividades no entorno da sua sede na zona leste.<br \/>\n&#8211; Grande pr\u00eamio da cr\u00edtica: Nathalia Timberg pela longeva e brilhante hist\u00f3ria no teatro e protagonismo na pe\u00e7a \u201cA Mulher da Van (2024)\u201d<\/p>\n<p style=\"text-align: justify;\"><em>Votaram: Bob Sousa, Edgar Olimpio de Souza, Ferdinando Martins (votou apenas nos indicados do primeiro e segundo semestre), Gabriela Mel\u00e3o (votou apenas nos indicados do primeiro e do segundo semestre), Jos\u00e9 Cetra, Kyra Piscitelli, Miguel Arcanjo Prado, e Vinicio Angelici<\/em><\/p>\n<hr>\n<p><iframe loading=\"lazy\" title=\"Azul\" width=\"747\" height=\"420\" src=\"https:\/\/www.youtube.com\/embed\/a4vjWn7ZReA?feature=oembed\" frameborder=\"0\" allow=\"accelerometer; autoplay; clipboard-write; encrypted-media; gyroscope; picture-in-picture; web-share\" referrerpolicy=\"strict-origin-when-cross-origin\" allowfullscreen><\/iframe><\/p>\n<p style=\"text-align: justify;\"><strong>TEATRO INFANTO-JUVENIL<\/strong><br \/>\n&#8211; Espet\u00e1culo do Ano: Azul, da Cia. Artesanal<br \/>\n&#8211; Melhor Espet\u00e1culo Adaptado: A Hist\u00f3ria Sem Fim, com dire\u00e7\u00e3o de Carla Candiotto<br \/>\n&#8211; Melhor Musical Infantil: A Incr\u00edvel Viagem do Quintal, de Morente Forte Produ\u00e7\u00f5es Teatrais<br \/>\n&#8211; Melhor Palha\u00e7aria: Memor\u00e1vel \u2013 Hist\u00f3rias Not\u00e1veis, de Palha\u00e7os Sem Fronteiras<br \/>\n&#8211; Melhor Uso de T\u00e9cnica de Narra\u00e7\u00e3o de Hist\u00f3rias: Joana e o Pr\u00edncipe Silencioso, de As Meninas do Conto<br \/>\n&#8211; Melhor Mon\u00f3logo para Crian\u00e7as: Sinta o Cheiro do Mar, de Borbolina Cia.<br \/>\n&#8211; Melhor Pe\u00e7a com Bonecos: Acorda!, de Grupo Esparrama<\/p>\n<p style=\"text-align: justify;\"><em>Votaram: Dib Carneiro Neto, Gabriela Romeu, Julia Rodrigues, Marcio Tito e Monica Rodrigues da Costa<\/em><\/p>\n<hr>\n<p><iframe loading=\"lazy\" title=\"Sem Censura\" width=\"747\" height=\"420\" src=\"https:\/\/www.youtube.com\/embed\/videoseries?list=PLuP7SQK7lt1bJpKQMeQwSRw_cRT8ySvnF\" frameborder=\"0\" allow=\"accelerometer; autoplay; clipboard-write; encrypted-media; gyroscope; picture-in-picture; web-share\" referrerpolicy=\"strict-origin-when-cross-origin\" allowfullscreen><\/iframe><\/p>\n<p style=\"text-align: justify;\"><strong>TELEVIS\u00c3O<\/strong><br \/>\n&#8211; Novela: Peda\u00e7o de Mim (Netflix)<br \/>\n&#8211; Ator: Chay Suede (Mania de Voc\u00ea\/TV Globo)<br \/>\n&#8211; Atriz: Andrea Beltr\u00e3o (No Rancho Fundo\/TV Globo)<br \/>\n&#8211; S\u00e9rie: Senna (Netflix)<br \/>\n&#8211; Document\u00e1rio: Kubrusly: Mist\u00e9rio Sempre H\u00e1 de Pintar Por A\u00ed (Globoplay)<br \/>\n&#8211; Programa: Sem Censura (TV Brasil)<br \/>\n&#8211; Pr\u00eamio Especial da Cr\u00edtica: Fausto Silva<\/p>\n<p style=\"text-align: justify;\"><em>Votaram: Cristina Padiglione, Edianez Parente, Fabio Costa, Fabio Maksymczuk, Jos\u00e9 Armando Vanucci, Le\u00e3o Lobo, Neuber Fischer, Tell\u00e9 Cardim e Vitor Moreno.<\/em><\/p>\n<p><img decoding=\"async\" src=\"https:\/\/screamyell.com.br\/site\/wp-content\/uploads\/2024\/01\/apca11.jpg\"><\/p>\n<p><strong>Leia tamb\u00e9m:<\/strong><br \/>\n\u2013 Top 50 Discos da APCA:&nbsp;<a href=\"https:\/\/screamyell.com.br\/site\/2017\/12\/01\/os-50-discos-de-2017-para-a-apca\/\" target=\"_blank\" rel=\"noopener\">2017<\/a>,&nbsp;<a href=\"https:\/\/screamyell.com.br\/site\/2018\/11\/30\/os-50-discos-de-2018-para-a-apca\/\" target=\"_blank\" rel=\"noopener\">2018<\/a>,&nbsp;<a href=\"https:\/\/screamyell.com.br\/site\/2019\/12\/08\/os-50-discos-nacionais-de-2019-para-a-apca\/\" target=\"_blank\" rel=\"noopener\">2019<\/a>,&nbsp;<a href=\"https:\/\/screamyell.com.br\/site\/2020\/12\/22\/apca-anuncia-indicados-em-musica-2020\/\" target=\"_blank\" rel=\"noopener\">2020<\/a>,&nbsp;<a href=\"https:\/\/screamyell.com.br\/site\/2021\/12\/20\/apca-revela-lista-com-50-melhores-albuns-brasileiros-de-2021\/\" target=\"_blank\" rel=\"noopener\">2021<\/a>,&nbsp;<a href=\"https:\/\/screamyell.com.br\/site\/2022\/12\/19\/apca-escolhe-os-50-melhores-discos-de-2022\/\" target=\"_blank\" rel=\"noopener\">2022<\/a>&nbsp;e&nbsp;<a href=\"https:\/\/screamyell.com.br\/site\/2024\/01\/19\/os-50-discos-nacionais-de-2023-para-a-apca\/\" target=\"_blank\" rel=\"noopener\">2023<\/a><br \/>\n\u2013 Premiados APCA:&nbsp;<a href=\"https:\/\/screamyell.com.br\/site\/2012\/12\/11\/apca-elege-os-melhores-de-2012\/\" target=\"_blank\" rel=\"noopener\">2012<\/a>,&nbsp;<a href=\"https:\/\/screamyell.com.br\/site\/2013\/12\/10\/apca-elege-os-melhores-de-2013\/\" target=\"_blank\" rel=\"noopener\">2013<\/a>,&nbsp;<a href=\"https:\/\/screamyell.com.br\/site\/2014\/12\/02\/apca-elege-os-melhores-de-2014\/\" target=\"_blank\" rel=\"noopener\">2014<\/a>,&nbsp;<a href=\"https:\/\/screamyell.com.br\/site\/2015\/12\/03\/apca-elege-os-melhores-de-2015\/\" target=\"_blank\" rel=\"noopener\">2015<\/a>,&nbsp;<a href=\"https:\/\/screamyell.com.br\/site\/2016\/12\/01\/apca-elege-os-melhores-de-2016\/\" target=\"_blank\" rel=\"noopener\">2016<\/a>,&nbsp;<a href=\"https:\/\/screamyell.com.br\/site\/2017\/12\/12\/apca-elege-os-melhores-de-2017\/\" target=\"_blank\" rel=\"noopener\">2017<\/a>,&nbsp;<a href=\"https:\/\/www.metroworldnews.com.br\/entretenimento\/2018\/12\/13\/apca-anuncia-os-melhores-de-2018-veja-lista-completa-de-vencedores.html\" target=\"_blank\" rel=\"noopener\">2018,<\/a>&nbsp;<a href=\"https:\/\/screamyell.com.br\/site\/2019\/12\/10\/apca-elege-os-melhores-de-2019-em-10-categorias\/\" target=\"_blank\" rel=\"noopener\">2019<\/a>,&nbsp;<a href=\"https:\/\/screamyell.com.br\/site\/2021\/01\/19\/apca-elege-os-melhores-de-2020-em-10-categorias\/\" target=\"_blank\" rel=\"noopener\">2020<\/a>,&nbsp;<a href=\"https:\/\/screamyell.com.br\/site\/2022\/02\/01\/apca-divulga-os-premiados-de-2021\/\" target=\"_blank\" rel=\"noopener\">2021<\/a>,&nbsp;<a href=\"https:\/\/screamyell.com.br\/site\/2023\/02\/06\/apca-define-os-premiados-de-2022-em-10-categorias\/\" target=\"_blank\" rel=\"noopener\">2022,<\/a>&nbsp;<a href=\"https:\/\/screamyell.com.br\/site\/2024\/01\/30\/apca-elege-os-melhores-de-2023-em-nove-categorias\/\" target=\"_blank\" rel=\"noopener\">2023<\/a><\/p>\n","protected":false},"excerpt":{"rendered":"Em assembleia geral realizada no Sindicato dos Jornalistas Profissionais do Estado de S\u00e3o Paulo na noite da segunda-feira, 20 de janeiro de 2025, a APCA &#8211; Associa\u00e7\u00e3o Paulista de Cr\u00edticos de Artes escolheu os melhores em 11 categorias\n<a class=\"moretag\" href=\"https:\/\/screamyell.com.br\/site\/2025\/01\/21\/apca-revela-os-melhores-de-2024-em-11-categorias\/\"> [...]<\/a>","protected":false},"author":2,"featured_media":86605,"comment_status":"open","ping_status":"open","sticky":false,"template":"","format":"standard","meta":[],"categories":[3],"tags":[380],"_links":{"self":[{"href":"https:\/\/screamyell.com.br\/site\/wp-json\/wp\/v2\/posts\/86598"}],"collection":[{"href":"https:\/\/screamyell.com.br\/site\/wp-json\/wp\/v2\/posts"}],"about":[{"href":"https:\/\/screamyell.com.br\/site\/wp-json\/wp\/v2\/types\/post"}],"author":[{"embeddable":true,"href":"https:\/\/screamyell.com.br\/site\/wp-json\/wp\/v2\/users\/2"}],"replies":[{"embeddable":true,"href":"https:\/\/screamyell.com.br\/site\/wp-json\/wp\/v2\/comments?post=86598"}],"version-history":[{"count":2,"href":"https:\/\/screamyell.com.br\/site\/wp-json\/wp\/v2\/posts\/86598\/revisions"}],"predecessor-version":[{"id":86606,"href":"https:\/\/screamyell.com.br\/site\/wp-json\/wp\/v2\/posts\/86598\/revisions\/86606"}],"wp:featuredmedia":[{"embeddable":true,"href":"https:\/\/screamyell.com.br\/site\/wp-json\/wp\/v2\/media\/86605"}],"wp:attachment":[{"href":"https:\/\/screamyell.com.br\/site\/wp-json\/wp\/v2\/media?parent=86598"}],"wp:term":[{"taxonomy":"category","embeddable":true,"href":"https:\/\/screamyell.com.br\/site\/wp-json\/wp\/v2\/categories?post=86598"},{"taxonomy":"post_tag","embeddable":true,"href":"https:\/\/screamyell.com.br\/site\/wp-json\/wp\/v2\/tags?post=86598"}],"curies":[{"name":"wp","href":"https:\/\/api.w.org\/{rel}","templated":true}]}}