{"id":86326,"date":"2025-01-15T01:07:16","date_gmt":"2025-01-15T04:07:16","guid":{"rendered":"https:\/\/screamyell.com.br\/site\/?p=86326"},"modified":"2025-03-29T07:54:15","modified_gmt":"2025-03-29T10:54:15","slug":"entrevista-alessandro-andreola-e-os-livros-da-editora-barbante-sobre-o-garoto-enxaqueca-skank-e-odair-jose","status":"publish","type":"post","link":"https:\/\/screamyell.com.br\/site\/2025\/01\/15\/entrevista-alessandro-andreola-e-os-livros-da-editora-barbante-sobre-o-garoto-enxaqueca-skank-e-odair-jose\/","title":{"rendered":"Entrevista: Alessandro Andreola e os livros da Editora Barbante sobre Skank, Odair Jos\u00e9 e o Garoto-Enxaqueca"},"content":{"rendered":"<h2 style=\"text-align: center;\"><strong>entrevista de <a href=\"https:\/\/twitter.com\/screamyell\" target=\"_blank\" rel=\"noopener\">Marcelo Costa<\/a><\/strong><\/h2>\n<p style=\"text-align: justify;\">O segundo semestre de 2024 da editora independente curitibana <a href=\"https:\/\/editorabarbante.com.br\/\" target=\"_blank\" rel=\"noopener\">Barbante<\/a> foi excelente em termos de lan\u00e7amentos. Eles colocaram nas prateleiras dois t\u00edtulos deliciosos da s\u00e9rie <a href=\"https:\/\/editorabarbante.com.br\/soundvision1\/\" target=\"_blank\" rel=\"noopener\">Sound-Vision<\/a>, inspirada em grandes discos (um sobre um disco cl\u00e1ssico do Skank, outro sobre um \u00e1lbum maldito de Odair Jos\u00e9), dois t\u00edtulos <a href=\"https:\/\/editorabarbante.com.br\/livros-ilustrados\/\" target=\"_blank\" rel=\"noopener\">da linha de ilustrados<\/a> da editora (\u201cMuseu\u201d, de Javier S\u00e1ez Cast\u00e1n e Manuel Marsol, e \u201cA Praia\u201d, de Sol Undurraga) e, ainda, \u201ca cole\u00e7\u00e3o mais completa do <a href=\"https:\/\/editorabarbante.com.br\/produtos\/garoto-enxaqueca\/\" target=\"_blank\" rel=\"noopener\">Garoto-Enxaqueca<\/a> j\u00e1 publicada no planeta\u201d, segundo revela o editor <a href=\"https:\/\/www.instagram.com\/alessandroandreola\/\" target=\"_blank\" rel=\"noopener\">Alessandro Andreola<\/a>, nessa conversa.<\/p>\n<p style=\"text-align: justify;\">\u201cO Garoto-Enxaqueca foi uma mini-febre no final dos anos 1990, quando a MTV passou a exibir as vinhetas do personagem\u201d, explica Alessandro. Por\u00e9m, poucos sabem \u201cque as anima\u00e7\u00f5es se baseavam em uma tirinha underground de Greg Fiering que era publicada em fanzines e revistas independentes\u201d. E que as tirinhas nunca haviam sido lan\u00e7adas em um livro no Brasil. Na verdade, existem apenas duas colet\u00e2neas de quadrinhos do Garoto-Enxaqueca publicadas nos EUA, e ambas as edi\u00e7\u00f5es j\u00e1 est\u00e3o esgotadas. A edi\u00e7\u00e3o da Barbante, por\u00e9m, \u00e9 mais completa que ambas e ainda conta \u201ccom um belo posf\u00e1cio do \u00c9rico Assis (que tamb\u00e9m traduziu as tirinhas) com uma entrevista com o Greg Fiering\u201d, pontua Andreola.<\/p>\n<p style=\"text-align: justify;\">Na conversa abaixo, Alessandro comenta sobre os livros da Barbante sobre o Skank (\u201cO livro \u00e9 uma del\u00edcia: al\u00e9m de ter um texto muito divertido, a Marceli fez uma bela pesquisa\u201d), Odair Jos\u00e9 (\u201cEu j\u00e1 gostava demais desse disco, mas o texto do Vinhas \u00e9 t\u00e3o cheio de hist\u00f3rias e detalhes deliciosos, que passei a apreciar ainda mais\u201d), sobre \u201cMuseu\u201d (\u201c\u00c9 uma hist\u00f3ria que tem muito de Alfred Hitchcock, David Lynch, Ren\u00e9 Magritte, Edward Hopper, Fritz Lang\u201d) e revela como foi o tramite para conseguir os direitos de &#8220;Garoto-Enxaqueca&#8221;, do Greg Fiering. Chega mais (<a href=\"https:\/\/editorabarbante.com.br\/\" target=\"_blank\" rel=\"noopener\">e fique atento ao site da editora<\/a>)!<\/p>\n<p><img decoding=\"async\" loading=\"lazy\" class=\"alignnone size-full wp-image-86459\" src=\"https:\/\/screamyell.com.br\/site\/wp-content\/uploads\/2025\/01\/garoto1.jpg\" alt=\"\" width=\"750\" height=\"750\" srcset=\"https:\/\/screamyell.com.br\/site\/wp-content\/uploads\/2025\/01\/garoto1.jpg 750w, https:\/\/screamyell.com.br\/site\/wp-content\/uploads\/2025\/01\/garoto1-300x300.jpg 300w, https:\/\/screamyell.com.br\/site\/wp-content\/uploads\/2025\/01\/garoto1-150x150.jpg 150w\" sizes=\"(max-width: 750px) 100vw, 750px\" \/><\/p>\n<p style=\"text-align: justify;\"><strong>O final de ano da Editora Barbante foi bem movimentado, com v\u00e1rios lan\u00e7amentos. Pra come\u00e7ar, gostaria que voc\u00ea contasse da realiza\u00e7\u00e3o, como editor, de lan\u00e7ar &#8220;Garoto-Enxaqueca&#8221;, do Greg Fiering, no Brasil? Como rolou isso??<\/strong><br \/>\nEu sempre tenho muitos projetos na gaveta, s\u00e3o ideias que vou anotando e guardando para um momento oportuno. E um desses era justamente publicar o Greg Fiering no Brasil. Como as pessoas com mais de 40 anos devem bem lembrar, o Garoto-Enxaqueca foi uma mini-febre no final dos anos 1990, quando a MTV passou a exibir as vinhetas do personagem. Era um humor seco e muitas vezes nonsense que caiu no gosto das pessoas, que inclusive come\u00e7aram a apelidar os mal-humorados de \u201cgaroto (ou garota) enxaqueca\u201d \u2014 isso \u00e9 uma coisa que rola at\u00e9 hoje, se voc\u00ea reparar. O que nem tanta gente sabe, at\u00e9 porque naquela \u00e9poca o acesso a informa\u00e7\u00e3o era bem mais escasso, \u00e9 que as anima\u00e7\u00f5es se baseavam em uma tirinha underground que era publicada em fanzines e revistas independentes, e cujo maior feito, at\u00e9 ent\u00e3o, era ter estampado o encarte de \u201cMonster, (disco de 1994) do R.E.M. \u2014 o Michael Stipe \u00e9 f\u00e3 declarado do Garoto-Enxaqueca, tanto que fez o pref\u00e1cio da primeira colet\u00e2nea de tiras do personagem que saiu nos EUA. Bom, eu nunca entendi o motivo do quadrinho ser in\u00e9dito no Brasil, sempre achei que se teve p\u00fablico naquela \u00e9poca, haveria hoje. E tem mesmo, a resposta dos leitores est\u00e1 sendo super legal.<\/p>\n<p style=\"text-align: justify;\"><strong>Quais foram os desafios de editar o &#8220;Garoto-Enxaqueca&#8221;? Como foi a experi\u00eancia de edita-lo?<\/strong><br \/>\nQuando a gente foi verificar se os direitos de publica\u00e7\u00e3o no Brasil estavam dispon\u00edveis, demos algumas vezes com a cara na porta. Existem apenas duas colet\u00e2neas de quadrinhos do Garoto-Enxaqueca publicadas nos EUA, por duas editoras diferentes, e ambas as edi\u00e7\u00f5es j\u00e1 est\u00e3o esgotadas. O caminho natural era verificar com essas editoras a quest\u00e3o dos direitos, mas ap\u00f3s in\u00fameras tentativas n\u00e3o conseguimos resposta. O pr\u00f3ximo passo, ent\u00e3o, foi tentar contatar o pr\u00f3prio Greg Fiering, o que foi um abacaxi ainda mais dif\u00edcil de descascar. N\u00e3o por ele, que \u00e9 uma pessoa excelente, mas o problema foi conseguir encontr\u00e1-lo. O Greg quase n\u00e3o tem presen\u00e7a online. N\u00e3o tem rede social, n\u00e3o tem site, nada. Para piorar, existe pouca informa\u00e7\u00e3o sobre \u201cMigraine Boy\u201d (o nome original do Garoto-Enxaqueca) na internet, e a\u00ed voc\u00ea v\u00ea que realmente \u00e9 um desses casos em que a coisa pegou mais no Brasil do que no resto do mundo (com exce\u00e7\u00e3o do resto da Am\u00e9rica Latina, em que o \u201cChico Migra\u00f1a\u201d tamb\u00e9m teve seu momento). Bom, ap\u00f3s alguns meses de tentativas frustradas, o amigo de um amigo conseguiu o contato do autor, e a partir da\u00ed foi tudo muito r\u00e1pido e f\u00e1cil. O Greg sugeriu que fiz\u00e9ssemos uma edi\u00e7\u00e3o exclusiva para o Brasil, e foi o que fizemos. A nossa edi\u00e7\u00e3o \u00e9 certamente a cole\u00e7\u00e3o mais completa do Garoto-Enxaqueca j\u00e1 publicada no planeta, que conta ainda com um belo posf\u00e1cio do \u00c9rico Assis (que tamb\u00e9m traduziu as tirinhas) com uma entrevista com o Greg Fiering. E vale tamb\u00e9m destacar o projeto gr\u00e1fico da Marcela Fehrenbach, que ficou incr\u00edvel.<\/p>\n<p><img decoding=\"async\" loading=\"lazy\" class=\"alignnone size-full wp-image-86460\" src=\"https:\/\/screamyell.com.br\/site\/wp-content\/uploads\/2025\/01\/minas1.jpg\" alt=\"\" width=\"750\" height=\"626\" srcset=\"https:\/\/screamyell.com.br\/site\/wp-content\/uploads\/2025\/01\/minas1.jpg 750w, https:\/\/screamyell.com.br\/site\/wp-content\/uploads\/2025\/01\/minas1-300x250.jpg 300w\" sizes=\"(max-width: 750px) 100vw, 750px\" \/><\/p>\n<p style=\"text-align: justify;\"><strong>A s\u00e9rie <a href=\"https:\/\/editorabarbante.com.br\/soundvision1\/\" target=\"_blank\" rel=\"noopener\">Sound-Vision<\/a>, inspirada em grandes discos, tamb\u00e9m ganhou novos lan\u00e7amentos. Vamos conversar primeiro sobre &#8220;Minas \u00e0 Beira-Mar: Calango e o Ver\u00e3o Sem Fim do Skank&#8221;, de Marceli Mengarda. Skank \u00e9 uma banda\u00e7a e &#8220;Calango&#8221; \u00e9 um greatest hits! Como foi desenvolver esse livro e o que voc\u00ea destaca nele?<\/strong><br \/>\nEu j\u00e1 conhecia a Marceli h\u00e1 algum tempo, sou super f\u00e3 do trabalho dela na <a href=\"https:\/\/www.instagram.com\/burocratacarimbos\/\" target=\"_blank\" rel=\"noopener\">Burocrata Carimbos<\/a>. Em 2023, ela publicou um texto absolutamente sensacional sobre os 30 anos do Skank no Jornal RelevO. Quando li, n\u00e3o pensei duas vezes e a convidei para escrever um volume da Sound+Vision sobre a banda. Ela topou e escolheu o \u201cCalango\u201d, que como voc\u00ea bem disse \u00e9 praticamente um greatest hits. O livro \u00e9 uma del\u00edcia: al\u00e9m de ter um texto muito divertido, a Marceli fez uma bela pesquisa, conversando com alguns nomes bem pr\u00f3ximos da banda \u2014 Chico Amaral, parceira\u00e7o da banda em v\u00e1rias composi\u00e7\u00f5es, \u00e9 uma presen\u00e7a constante no livro, por exemplo. E tem uma sacada muito legal, que \u00e9 a de posicionar o Skank como a trilha sonora de veraneio de toda uma gera\u00e7\u00e3o, uma banda incontorn\u00e1vel na vida de qualquer pessoa que tenha frequentado o litoral brasileiro nos anos 1990. O livro se equilibra muito bem entre essa vis\u00e3o nost\u00e1lgica e a pr\u00f3pria cria\u00e7\u00e3o do disco \u2014 indo inclusive um pouquinho al\u00e9m, porque est\u00e3o ali as hist\u00f3rias tanto da g\u00eanese do Skank como do que veio depois, passeando por todas as fases da banda. E, como se n\u00e3o bastasse, a pr\u00f3pria Marceli ilustrou o livro, que ficou muito bonito.<\/p>\n<p style=\"text-align: justify;\"><strong>Outro Sound-Vision novo \u00e9 de um grande cara, conhecido pelos leitores do Scream &amp; Yell, o Leonardo Vinhas, parceiro de longa data em carregar pianos nas costas nesse site (risos). <a href=\"https:\/\/screamyell.com.br\/site\/2023\/03\/03\/entrevista-na-decada-de-1970-eu-era-exatamente-isso-que-sou-hoje-diz-odair-jose-que-aqui-fala-de-passado-presente-e-futuro\/\" target=\"_blank\" rel=\"noopener\">Ele j\u00e1 tinha entrevistado<\/a> o Odair Jos\u00e9 para o Scream, e a proximidade o inspirou a escrever sobre esse disco maldito, &#8220;O Filho de Jos\u00e9 e Maria&#8221;, que muita gente sabe que \u00e9 foda, mas poucos ouviram com aten\u00e7\u00e3o. Como foi pra voc\u00ea se deparar com esse disco na vis\u00e3o do texto do Leonardo em &#8220;O Evangelho Segundo Odair: Censura, Igreja e O Filho de Jos\u00e9 e Maria&#8221;?<\/strong><br \/>\nA pesquisa que o Vinhas fez para este livro \u00e9 um neg\u00f3cio realmente impressionante. Ele conversou com praticamente todas as pessoas ainda vivas que participaram do disco, do Hyldon aos sobreviventes do Azymuth, e, \u00e9 claro, com o pr\u00f3prio Odair, que deu v\u00e1rios depoimentos. Isso n\u00e3o quer dizer que seja um livro chapa-branca, muito longe disso. O Vinhas n\u00e3o passa pano e aponta algumas posturas incompat\u00edveis com a atualidade, como o machismo que algumas letras carregam, al\u00e9m de derrubar alguns mitos, como o de que o Odair teria sido excomungado pela Igreja Cat\u00f3lica (na verdade, ele foi \u201capenas\u201d amea\u00e7ado). Mas muito mais do que isso, essa \u00e9 uma \u201cbiografia\u201d excelente de \u201cO Filho e Jos\u00e9 e Maria\u201d, que mostra que era um trabalho realmente muito \u00e0 frente do seu tempo. Esse \u00e9 um dos epis\u00f3dios mais interessantes da m\u00fasica brasileira \u2014 \u00e9 o disco em que o Odair decidiu romper com que vinha fazendo e virar, sei l\u00e1, o Peter Frampton. O segundo maior vendedor de discos do Brasil, somente atr\u00e1s do Roberto Carlos, vai l\u00e1 e resolve fazer uma \u00f3pera-rock sobre um Jesus sexualmente amb\u00edguo em plena ditadura militar, voc\u00ea imagina\u2026 Eu j\u00e1 gostava demais desse disco, mas o texto do VInhas \u00e9 t\u00e3o cheio de hist\u00f3rias e detalhes deliciosos, que passei a apreciar ainda mais. E o que o Andr\u00e9 Ducci, que j\u00e1 havia ilustrado outros t\u00edtulos da cole\u00e7\u00e3o, fez aqui, foi uma coisa de louco. Ele imaginou uma \u201cvia crucis\u201d do Odair em uma s\u00e9rie de vitrais, as artes ficaram espetaculares.<\/p>\n<p><img decoding=\"async\" loading=\"lazy\" class=\"alignnone size-full wp-image-86461\" src=\"https:\/\/screamyell.com.br\/site\/wp-content\/uploads\/2025\/01\/odair.jpg\" alt=\"\" width=\"750\" height=\"620\" srcset=\"https:\/\/screamyell.com.br\/site\/wp-content\/uploads\/2025\/01\/odair.jpg 750w, https:\/\/screamyell.com.br\/site\/wp-content\/uploads\/2025\/01\/odair-300x248.jpg 300w\" sizes=\"(max-width: 750px) 100vw, 750px\" \/><\/p>\n<p style=\"text-align: justify;\"><strong>Um outro lan\u00e7amento de voc\u00eas que me chamou a aten\u00e7\u00e3o, inclusive pela capa, que \u00e9 linda, foi &#8220;Museu&#8221;, de Javier S\u00e1ez Cast\u00e1n e Manuel Marsol, que ganhou pr\u00eamios na It\u00e1lia, Portugal e Cor\u00e9ia do Sul. Conta um pouco sobre esse lan\u00e7amento?<\/strong><br \/>\n\u201cMuseu\u201d foi a nossa segunda investida no mundo da literatura infantil \u2014 ou, como eu prefiro, literatura ilustrada, porque esse neg\u00f3cio de \u201cliteratura infantil\u201d meio que confina o livro em um p\u00fablico espec\u00edfico e faz parecer que n\u00e3o serve para adultos, o que muitas vezes n\u00e3o \u00e9 o caso. No \u201cMuseu\u201d, isso pra mim \u00e9 ainda mais evidente: \u00e9 um livro para o p\u00fablico infantil, sim, mas com uma hist\u00f3ria interessante para todas as idades e que traz nas entrelinhas refer\u00eancias que v\u00e3o divertir ainda mais as pessoas que as reconhecerem. A hist\u00f3ria \u2014 totalmente visual, ou seja, sem texto \u2014 mostra um homem cujo carro quebra em uma estrada que tem uma \u00fanica casa: um museu sem nenhum visitante. Ao entrar, coisas estranhas come\u00e7am a acontecer. \u00c9 uma hist\u00f3ria que tem muito de Alfred Hitchcock, David Lynch, Ren\u00e9 Magritte, Edward Hopper, Fritz Lang\u2026 enfim, um livro sensacional com um acabamento gr\u00e1fico muito bacana. Essa linha de ilustrados, que \u00e9 comandada pela Daisy Carias, minha s\u00f3cia na editora, vem crescendo: Agora em dezembro lan\u00e7amos \u201cA Praia\u201d, <a href=\"https:\/\/www.instagram.com\/p\/DDKDv-auRte\/\" target=\"_blank\" rel=\"noopener\">um livro em formato grande<\/a> da ilustradora chilena Sol Undurraga, que tamb\u00e9m traz uma narrativa super divertida.<\/p>\n<p style=\"text-align: justify;\"><strong>S\u00e3o 8 anos de Editora Barbante, com muita coisa legal no cat\u00e1logo. Mas eu queria abrir aqui um espa\u00e7o para voc\u00ea falar de outras editoras: o que voc\u00ea leu de muito bacana de outras editoras independentes em 2024? O que voc\u00ea indica para os leitores?<\/strong><br \/>\nNa seara musical, a Terreno Estranho continua fazendo um trabalho de encher os olhos. \u201c<a href=\"https:\/\/www.terrenoestranho.com.br\/pagina-de-produto\/good-pop-bad-pop-um-invent%C3%A1rio-jarvis-cocker\" target=\"_blank\" rel=\"noopener\">Good Pop, Bad Pop<\/a>\u201d, do Jarvis Cocker, \u00e9 sem d\u00favida um dos grandes lan\u00e7amentos no Brasil em 2024. O livro do Tony Sanchez que saiu pela Sapopemba, \u201c<a href=\"https:\/\/www.editorasapopemba.com.br\/\" target=\"_blank\" rel=\"noopener\">Eu Fui o Traficante do Keith Richards<\/a>\u201d, \u00e9 provavelmente a biografia mais louca j\u00e1 escrita sobre os Rolling Stones, e tamb\u00e9m \u00e9 sensacional. Na fic\u00e7\u00e3o, eu recomendo demais \u201c<a href=\"https:\/\/incompleta.com.br\/produto\/infelizes-a-sua-maneira\/\" target=\"_blank\" rel=\"noopener\">Infelizes \u00e0 Sua Maneira<\/a>\u201d, uma esp\u00e9cie de \u00e1lbum-livro cujas narrativas partem de fotografias antigas, escrito pelo Lucas Verzola e editado pela Incompleta. \u00c9 um livro assombroso.<\/p>\n<p style=\"text-align: justify;\"><strong>Empolgado para 2025? Teremos Editora Barbante on fire?<\/strong><br \/>\nAh, teremos. Eu acho que 2025 vai ser o melhor ano da editora. Das coisas que j\u00e1 d\u00e1 para contar, teremos \u201cThey Can\u00b4t Kill Us Until They Kill Us\u201d (ainda sem t\u00edtulo em portugu\u00eas), do poeta e cr\u00edtico cultural Hanif Abdurraqib, com tradu\u00e7\u00e3o de Rog\u00e9rio Galindo e Rosiane Correia de Freitas. Trata-se de uma colet\u00e2nea de ensaios, a maior parte sobre m\u00fasica, de uma das vozes mais singulares da cr\u00edtica americana. Tamb\u00e9m teremos novos volumes da Sound+Vision, focados em Mark Lanegan, Paralamas do Sucesso e Graforreia XIlarm\u00f4nica. E, finalmente, o adiado \u201c<a href=\"https:\/\/www.instagram.com\/screamyell\/p\/C-VCSJsOkIX\/\" target=\"_blank\" rel=\"noopener\">Eu Nem Queria Dar Entrevista: O Melhor do Scream &amp; Yell, Volume 1<\/a>\u201d, colet\u00e2nea de entrevistas originalmente publicadas neste prestigioso site, finalmente ver\u00e1 a luz do dia. E tem mais umas coisinhas, que vamos divulgar um pouco mais pra frente. Vai ser demais.<\/p>\n<figure id=\"attachment_86462\" aria-describedby=\"caption-attachment-86462\" style=\"width: 750px\" class=\"wp-caption alignnone\"><img decoding=\"async\" loading=\"lazy\" class=\"wp-image-86462 size-full\" src=\"https:\/\/screamyell.com.br\/site\/wp-content\/uploads\/2025\/01\/odairdaisy.jpg\" alt=\"\" width=\"750\" height=\"938\" srcset=\"https:\/\/screamyell.com.br\/site\/wp-content\/uploads\/2025\/01\/odairdaisy.jpg 750w, https:\/\/screamyell.com.br\/site\/wp-content\/uploads\/2025\/01\/odairdaisy-240x300.jpg 240w\" sizes=\"(max-width: 750px) 100vw, 750px\" \/><figcaption id=\"caption-attachment-86462\" class=\"wp-caption-text\"><em>Daisy Carias e Alessandro Andreola, s\u00f3cios da Editora Barbante<\/em><\/figcaption><\/figure>\n<p><em>\u2013 Marcelo Costa (<a href=\"https:\/\/twitter.com\/screamyell\" target=\"_blank\" rel=\"noopener noreferrer\">@screamyell<\/a>) \u00e9 editor do Scream &amp; Yell e assina a\u00a0<a href=\"https:\/\/screamyell.com.br\/blog\/\" target=\"_blank\" rel=\"noopener noreferrer\">Calmantes com Champagne<\/a>.<\/em><\/p>\n","protected":false},"excerpt":{"rendered":"Alessandro comenta sobre os livros da Barbante sobre o Skank, Odair Jos\u00e9, sobre \u201cMuseu\u201d e &#8220;Praia&#8221; e revela como foi o tramite para conseguir os direitos de &#8220;Garoto-Enxaqueca&#8221;, do Greg Fiering\n<a class=\"moretag\" href=\"https:\/\/screamyell.com.br\/site\/2025\/01\/15\/entrevista-alessandro-andreola-e-os-livros-da-editora-barbante-sobre-o-garoto-enxaqueca-skank-e-odair-jose\/\"> [...]<\/a>","protected":false},"author":2,"featured_media":86458,"comment_status":"open","ping_status":"open","sticky":false,"template":"","format":"standard","meta":[],"categories":[9,3],"tags":[4591,1039,275],"_links":{"self":[{"href":"https:\/\/screamyell.com.br\/site\/wp-json\/wp\/v2\/posts\/86326"}],"collection":[{"href":"https:\/\/screamyell.com.br\/site\/wp-json\/wp\/v2\/posts"}],"about":[{"href":"https:\/\/screamyell.com.br\/site\/wp-json\/wp\/v2\/types\/post"}],"author":[{"embeddable":true,"href":"https:\/\/screamyell.com.br\/site\/wp-json\/wp\/v2\/users\/2"}],"replies":[{"embeddable":true,"href":"https:\/\/screamyell.com.br\/site\/wp-json\/wp\/v2\/comments?post=86326"}],"version-history":[{"count":3,"href":"https:\/\/screamyell.com.br\/site\/wp-json\/wp\/v2\/posts\/86326\/revisions"}],"predecessor-version":[{"id":86465,"href":"https:\/\/screamyell.com.br\/site\/wp-json\/wp\/v2\/posts\/86326\/revisions\/86465"}],"wp:featuredmedia":[{"embeddable":true,"href":"https:\/\/screamyell.com.br\/site\/wp-json\/wp\/v2\/media\/86458"}],"wp:attachment":[{"href":"https:\/\/screamyell.com.br\/site\/wp-json\/wp\/v2\/media?parent=86326"}],"wp:term":[{"taxonomy":"category","embeddable":true,"href":"https:\/\/screamyell.com.br\/site\/wp-json\/wp\/v2\/categories?post=86326"},{"taxonomy":"post_tag","embeddable":true,"href":"https:\/\/screamyell.com.br\/site\/wp-json\/wp\/v2\/tags?post=86326"}],"curies":[{"name":"wp","href":"https:\/\/api.w.org\/{rel}","templated":true}]}}