{"id":85347,"date":"2024-11-19T00:02:00","date_gmt":"2024-11-19T03:02:00","guid":{"rendered":"https:\/\/screamyell.com.br\/site\/?p=85347"},"modified":"2024-12-18T17:29:31","modified_gmt":"2024-12-18T20:29:31","slug":"32o-festival-mixbrasil-avenida-beira-mar-trata-com-delicadeza-os-medos-e-as-angustias-de-adolescentes-lgbtqia","status":"publish","type":"post","link":"https:\/\/screamyell.com.br\/site\/2024\/11\/19\/32o-festival-mixbrasil-avenida-beira-mar-trata-com-delicadeza-os-medos-e-as-angustias-de-adolescentes-lgbtqia\/","title":{"rendered":"32\u00ba Festival MixBrasil: \u201cAvenida Beira-Mar\u201d trata com delicadeza os medos e as ang\u00fastias de adolescentes LGBTQIA+"},"content":{"rendered":"<h2 style=\"text-align: center;\"><strong><img decoding=\"async\" src=\"https:\/\/screamyell.com.br\/site\/wp-content\/uploads\/2024\/10\/av4.jpg\" \/>texto de\u00a0<\/strong><strong><a href=\"https:\/\/www.instagram.com\/_renanguerra\/\" target=\"_blank\" rel=\"noopener noreferrer\">Renan Guerra<\/a><\/strong><\/h2>\n<p style=\"text-align: justify;\">Piratininga, sub\u00farbio de Niter\u00f3i, no Rio de Janeiro. Um bairro de classe m\u00e9dia um tanto quanto abandonado pelo tempo. Nesse cen\u00e1rio, uma m\u00e3e e sua filha adolescente fazem a sua mudan\u00e7a para uma nova casa. Entendemos que essas duas personagens tem um passado que as levou at\u00e9 aquele ponto da hist\u00f3ria, mas n\u00e3o sabemos de forma clara o que aconteceu. O que sabemos \u00e9 que essa \u00e9 uma antiga casa que faz parte da hist\u00f3ria da fam\u00edlia da m\u00e3e, interpretada por Andrea Beltr\u00e3o. A adolescente Rebeca (Milena Pinheiro) est\u00e1 em uma esp\u00e9cie de castigo, sem poder sair, pelo medo que a m\u00e3e tem da crescente viol\u00eancia na regi\u00e3o. Esse panorama inicial j\u00e1 deixa um pouco claro que \u201cAvenida Beira-Mar\u201d (2024), de Maju de Paiva e Bernardo Florim, \u00e9 um filme que se constr\u00f3i em um recorte espec\u00edfico no qual o n\u00e3o dito e o n\u00e3o contado s\u00e3o tamb\u00e9m parte desse universo geral \u2013 e essa perspectiva tem um sentido quando pensamos que nossas mem\u00f3rias infantis e adolescentes s\u00e3o sempre permeadas por lacunas, por hist\u00f3rias que eram mais dos adultos do que nossas e as nossas, por sua vez, ganham um protagonismo muito maior.<\/p>\n<p style=\"text-align: justify;\">Nessa nova casa, Rebeca acaba ficando fascinada pela menina que passeia de patins rosa pela rua. De forma curiosa, ela acaba se tornando pr\u00f3xima de Mika (Milena Gerassi), sem questionar nada da nova amiga, apenas aberta aquela amizade de duas pessoas \u201coutsiders\u201d: a menina nova na cidade \/ escola e a menina que anda de patins sozinha pela rua e que apronta pra l\u00e1 e pra c\u00e1. A amizade que nasce entre elas cria elos nem sempre bem claros, mas fortes e s\u00f3lidos; e aqui faz lembrar as frases finais do filme \u201cConta Comigo\u201d (Rob Reiner, 1986), quando o nosso escritor \/ narrador finaliza dizendo: \u201cnunca tive amigos como aqueles que tive quando tinha doze anos. Jesus, e algu\u00e9m tem?\u201d, parece at\u00e9 uma pergunta tola, mas o fato \u00e9 que as amizades t\u00eam elos distintos em cada fase da vida e numa fase t\u00e3o formativa como a pr\u00e9-adolesc\u00eancia e adolesc\u00eancia, estes relacionamentos criam marcas muito fortes. \u201cAvenida Beira-Mar\u201d capta muito bem todas as nuances dessa fase da vida. E a partir daqui deixamos um aviso: o filme de Maju de Paiva e Bernardo Florim pode ser uma experi\u00eancia muito rica para quem nada sabe sobre a narrativa, ent\u00e3o se achar de bom grado, pode parar essa leitura por aqui e retornar ap\u00f3s assistir ao filme; n\u00e3o daremos nenhum spoiler, nem nada al\u00e9m do que est\u00e1 na sinopse, mas as reflex\u00f5es a seguir podem mudar algumas perspectivas iniciais do espectador.<\/p>\n<p style=\"text-align: justify;\">Ao acompanhar o dia a dia de Rebeca e Mika o filme se centra totalmente em nossas personagens adolescentes e deixa de lado o mundo adulto que as cerca, por\u00e9m esse mundo se imp\u00f5e sobre as duas. Mika \u00e9 uma menina trans que, em seus momentos de liberdade, aproveita para viver as experi\u00eancias mais l\u00fadicas que a constroem, seja passar um batom, vestir um biqu\u00edni ou sentir seus cabelos longos ao vento sobre seus patins; mas o seu universo ao redor responde a tudo isso com uma viol\u00eancia que vem de todos os lados, desde os meninos da rua at\u00e9 sua pr\u00f3pria fam\u00edlia dentro de casa. Para Rebeca, por\u00e9m, Mika \u00e9 e sempre ser\u00e1 uma menina, ela s\u00f3 trata a amiga no feminino e apenas mergulha nessa amizade descobrindo o mundo com outros olhos, a partir das perspectivas novas que Mika lhe apresenta. E \u00e9 nesse encontro que as duas embarcam em uma jornada de amadurecimento e de percal\u00e7os que s\u00e3o duros, mas que ainda assim desaguam em uma narrativa de poderosa delicadeza \u2013 parece quase dicot\u00f4mico que algo delicado e sutil seja poderoso e forte, mas \u201cAvenida Beira-Mar\u201d consegue filmar toda a pot\u00eancia que tem na delicadeza, no cuidado, no afeto e em um olhar carinhoso.<\/p>\n<p><img decoding=\"async\" loading=\"lazy\" class=\"alignnone size-full wp-image-85349\" src=\"https:\/\/screamyell.com.br\/site\/wp-content\/uploads\/2024\/11\/avenida2.jpg\" alt=\"\" width=\"750\" height=\"500\" srcset=\"https:\/\/screamyell.com.br\/site\/wp-content\/uploads\/2024\/11\/avenida2.jpg 750w, https:\/\/screamyell.com.br\/site\/wp-content\/uploads\/2024\/11\/avenida2-300x200.jpg 300w\" sizes=\"(max-width: 750px) 100vw, 750px\" \/><\/p>\n<p style=\"text-align: justify;\">Para que esse resultado seja alcan\u00e7ado, temos como base inicial o roteiro assinado por Paiva e Florim, que se apresenta simples, mas que \u00e9 cheio de camadas. De todo modo, a espinha dorsal do filme est\u00e1 no elenco. Fazer filmes com atores mirins \/ pr\u00e9-adolescentes \u00e9 sempre um caminho arriscado e que pode cair em atua\u00e7\u00f5es for\u00e7adas e que at\u00e9 mesmo podem afastar o espectador; mas n\u00e3o \u00e9 o caso aqui. Milena Pinheiro e Milena Gerassi s\u00e3o cativantes na tela, pois conseguem entregar aquele t\u00e9dio e aborrecimento t\u00edpico da puberdade, ao mesmo tempo em que nos envolvem em suas quest\u00f5es e complexidades \u2013 ambas caminham em atua\u00e7\u00f5es que conversam tanto com um certo naturalismo como tamb\u00e9m rememoram aqueles filmes juvenis t\u00edpicos de sess\u00e3o da tarde, num equil\u00edbrio muito bem ajustado.<\/p>\n<p style=\"text-align: justify;\">Milena Gerassi, a Mika, arrebata com a sua constru\u00e7\u00e3o de uma personagem que \u00e9 falha, que erra, que vacila, mas que enfrenta, que subverte e que n\u00e3o deixa de ter humor. No lado dos adultos, Andrea Beltr\u00e3o est\u00e1 soberba: aqui ela se despe de vaidades e sustenta de forma forte essa personagem cheia de hist\u00f3rias n\u00e3o-ditas, mas que carrega s\u00f3 no olhar uma exaust\u00e3o de quem enfrentou muito. Por outro lado, temos a presen\u00e7a de Isabel Teixeira como Viviane, a m\u00e3e de Mika, em uma atua\u00e7\u00e3o complexa e forte. Isabel cria um gestual para essa m\u00e3e que \u00e9 cheia de d\u00favidas e medos e rancores de uma forma que enche a tela a cada apari\u00e7\u00e3o (aqui um par\u00eantese, pois vamos roubar uma refer\u00eancia: na sa\u00edda da sess\u00e3o de abertura do 32\u00ba Festival MixBrasil algu\u00e9m afirmou que Isabel Teixeira tinha algo de grandioso e sedutor na tela tal qual Darlene Gl\u00f3ria e, sendo essa uma conex\u00e3o extremamente certeira, registramos aqui e deixamos o cr\u00e9dito para quem disse isso, mesmo que n\u00e3o saibamos quem). Para finalizar, vale apenas um destaque para a presen\u00e7a r\u00e1pida, mas bela, de Emiliano Queiroz, ator que faleceu h\u00e1 pouco, no m\u00eas de outubro, aos 88 anos.<\/p>\n<p style=\"text-align: justify;\">H\u00e1 outras belezas em \u201cAvenida Beira-Mar\u201d, como sua fotografia interessante, que nos coloca de novo em algum lugar da virada do s\u00e9culo, ou ainda seus figurinos e cen\u00e1rios que nos ajudam tamb\u00e9m a adentrar nesse universo est\u00e9tico daquele tempo. Enfim, \u00e9 poss\u00edvel se estender em diferentes quest\u00f5es t\u00e9cnicas, mas de todo modo, o que mais pulsa no filme de Maju de Paiva e Bernardo Florim \u00e9 sua sensibilidade, sua delicadeza e sua do\u00e7ura ao conseguir captar o que h\u00e1 de belo na amizade juvenil e no amadurecimento, tudo isso sem ignorar o quanto crescer \u00e9 doloroso, violento e o tanto que pode machucar.<\/p>\n<p style=\"text-align: center;\"><span style=\"color: #ff0000;\"><a style=\"color: #ff0000;\" href=\"https:\/\/screamyell.com.br\/site\/2024\/10\/09\/26o-festival-do-rio-avenida-beira-mar-investiga-sentimentos-profundos-que-ganham-o-mundo-por-meio-de-tres-mulheres\/\"><em>Leia tamb\u00e9m: \u201cAvenida Beira-Mar\u201d \u00e9 um filme que se importa com os detalhes, por Leandro Luz<\/em><\/a><\/span><\/p>\n<p><iframe loading=\"lazy\" title=\"Trailer Avenida Beira-Mar\" width=\"747\" height=\"420\" src=\"https:\/\/www.youtube.com\/embed\/e5a4jz1NG-A?feature=oembed\" frameborder=\"0\" allow=\"accelerometer; autoplay; clipboard-write; encrypted-media; gyroscope; picture-in-picture; web-share\" referrerpolicy=\"strict-origin-when-cross-origin\" allowfullscreen><\/iframe><\/p>\n<p style=\"text-align: justify;\"><em>\u2013\u00a0<a href=\"https:\/\/www.facebook.com\/renan.machadoguerra\" target=\"_blank\" rel=\"noopener noreferrer\">Renan Guerra<\/a>\u00a0\u00e9 jornalista<\/em>\u00a0e<em>\u00a0escreve para o Scream &amp; Yell desde 2014. Faz parte do\u00a0<a href=\"http:\/\/vamosfalarsobremusica.com.br\/\" target=\"_blank\" rel=\"noopener\" data-saferedirecturl=\"https:\/\/www.google.com\/url?q=http:\/\/vamosfalarsobremusica.com.br\/&amp;source=gmail&amp;ust=1630729890879000&amp;usg=AFQjCNGttyQx5OWOAKRyi7iGq8E4oacvuw\">Podcast Vamos Falar Sobre M\u00fasica<\/a>\u00a0e colabora com o\u00a0<a href=\"https:\/\/monkeybuzz.com.br\/\" target=\"_blank\" rel=\"noopener\" data-saferedirecturl=\"https:\/\/www.google.com\/url?q=https:\/\/monkeybuzz.com.br\/&amp;source=gmail&amp;ust=1630729890879000&amp;usg=AFQjCNFjG1FOw9vBGrawiUhocH4mshwTtw\">Monkeybuzz<\/a>\u00a0e a\u00a0<a href=\"https:\/\/revistabalaclava.com\/\" target=\"_blank\" rel=\"noopener\" data-saferedirecturl=\"https:\/\/www.google.com\/url?q=https:\/\/revistabalaclava.com\/&amp;source=gmail&amp;ust=1630729890879000&amp;usg=AFQjCNFqHswo4qEcyg8fw9VPM8IWsRH5oQ\">Revista Balaclava<\/a>.\u00a0<\/em><\/p>\n","protected":false},"excerpt":{"rendered":"Filme capta o que h\u00e1 de belo na amizade juvenil e no amadurecimento sem ignorar o quanto crescer \u00e9 doloroso, violento e o tanto que pode machucar.\n<a class=\"moretag\" href=\"https:\/\/screamyell.com.br\/site\/2024\/11\/19\/32o-festival-mixbrasil-avenida-beira-mar-trata-com-delicadeza-os-medos-e-as-angustias-de-adolescentes-lgbtqia\/\"> [...]<\/a>","protected":false},"author":3,"featured_media":85348,"comment_status":"open","ping_status":"open","sticky":false,"template":"","format":"standard","meta":[],"categories":[4],"tags":[7384,4943,7383],"_links":{"self":[{"href":"https:\/\/screamyell.com.br\/site\/wp-json\/wp\/v2\/posts\/85347"}],"collection":[{"href":"https:\/\/screamyell.com.br\/site\/wp-json\/wp\/v2\/posts"}],"about":[{"href":"https:\/\/screamyell.com.br\/site\/wp-json\/wp\/v2\/types\/post"}],"author":[{"embeddable":true,"href":"https:\/\/screamyell.com.br\/site\/wp-json\/wp\/v2\/users\/3"}],"replies":[{"embeddable":true,"href":"https:\/\/screamyell.com.br\/site\/wp-json\/wp\/v2\/comments?post=85347"}],"version-history":[{"count":1,"href":"https:\/\/screamyell.com.br\/site\/wp-json\/wp\/v2\/posts\/85347\/revisions"}],"predecessor-version":[{"id":85350,"href":"https:\/\/screamyell.com.br\/site\/wp-json\/wp\/v2\/posts\/85347\/revisions\/85350"}],"wp:featuredmedia":[{"embeddable":true,"href":"https:\/\/screamyell.com.br\/site\/wp-json\/wp\/v2\/media\/85348"}],"wp:attachment":[{"href":"https:\/\/screamyell.com.br\/site\/wp-json\/wp\/v2\/media?parent=85347"}],"wp:term":[{"taxonomy":"category","embeddable":true,"href":"https:\/\/screamyell.com.br\/site\/wp-json\/wp\/v2\/categories?post=85347"},{"taxonomy":"post_tag","embeddable":true,"href":"https:\/\/screamyell.com.br\/site\/wp-json\/wp\/v2\/tags?post=85347"}],"curies":[{"name":"wp","href":"https:\/\/api.w.org\/{rel}","templated":true}]}}