{"id":84091,"date":"2024-10-01T01:25:26","date_gmt":"2024-10-01T04:25:26","guid":{"rendered":"https:\/\/screamyell.com.br\/site\/?p=84091"},"modified":"2024-10-24T00:08:27","modified_gmt":"2024-10-24T03:08:27","slug":"entrevista-anderson-foca-fala-sobre-jovelho-segundo-disco-de-seu-projeto-f-o-c-a","status":"publish","type":"post","link":"https:\/\/screamyell.com.br\/site\/2024\/10\/01\/entrevista-anderson-foca-fala-sobre-jovelho-segundo-disco-de-seu-projeto-f-o-c-a\/","title":{"rendered":"Entrevista: Anderson Foca fala sobre &#8220;Jovelho&#8221;, segundo disco de seu projeto (comemorativo) F.O.C.A."},"content":{"rendered":"<h2 style=\"text-align: center;\"><strong>entrevista de <a href=\"https:\/\/twitter.com\/screamyell\" target=\"_blank\" rel=\"noopener\">Marcelo Costa<\/a><br \/>\ncolaborou <a href=\"https:\/\/screamyell.com.br\/site\/author\/bruno-capelas\/\" target=\"_blank\" rel=\"noopener\">Bruno Capelas<\/a><\/strong><\/h2>\n<p style=\"text-align: justify;\">Anderson Foca \u00e9, adaptando uma autodefini\u00e7\u00e3o de Edgard Scandurra (guitarrista do Ira!), um \u201coper\u00e1rio\u201d da m\u00fasica. Um dos respons\u00e1veis pelo DoSol, combo cultural que come\u00e7ou realizando <a href=\"https:\/\/screamyell.com.br\/site\/?s=DoSol\" target=\"_blank\" rel=\"noopener\">um dos festivais mais importantes<\/a> do Norte do pa\u00eds e do Brasil, e que hoje tamb\u00e9m \u00e9 <a href=\"https:\/\/dosol.com.br\/c\/dosol-netlabel\/\" target=\"_blank\" rel=\"noopener\">selo<\/a>, <a href=\"https:\/\/dosol.com.br\/c\/videos\/\" target=\"_blank\" rel=\"noopener\">TV<\/a>, <a href=\"https:\/\/dosol.com.br\/c\/sede-cultural-dosol\/\" target=\"_blank\" rel=\"noopener\">casa de shows<\/a> e <a href=\"https:\/\/dosol.com.br\/c\/radio-dosol\/\" target=\"_blank\" rel=\"noopener\">r\u00e1dio<\/a>, Foca tamb\u00e9m toca na Camarones Orquestra Guitarr\u00edstica e divide seu tempo entre outras cinco bandas: Ferve, Fettuccines, Orquestra Greiosa, The Sinks e Equilibristas do Mundo Torto. \u201cEnt\u00e3o, quando voc\u00ea tem seis bandas, disco solo parece uma doideira\u201d, ele comenta nos primeiros segundos dessa conversa, realizada dentro de uma piscina num momento de folga do festival <a href=\"https:\/\/screamyell.com.br\/site\/2024\/09\/17\/balanco-com-melhor-line-up-do-ano-no-pais-o-paraense-se-rasgum-2024-e-festival-pra-quem-gosta-de-musica\/\" target=\"_blank\" rel=\"noopener\">Se Rasgum 2024<\/a>, em Bel\u00e9m, PA.<\/p>\n<p style=\"text-align: justify;\">O motivo do bate papo \u00e9 \u201c<a href=\"https:\/\/open.spotify.com\/intl-pt\/album\/7JbhimqM3wNPt1YxAVaf77?si=M_Synv_vRxGkqrlXZhyPsQ&amp;nd=1&amp;dlsi=e96b12547d6144e7\" target=\"_blank\" rel=\"noopener\">Jovelho<\/a>\u201d (2024), rec\u00e9m-lan\u00e7ado segundo disco de seu projeto pessoal F.O.C.A., que ele criou em 2014 para marcar a data de seu anivers\u00e1rio de 40 anos. Em parceria com Luan (Rodrigues), da Red Boots, Foca comp\u00f4s, gravou, mixou e colocou no ar no mesmo dia \u201cFoundation Organization Corporation Association\u201d, disco cujo t\u00edtulo, uma piada interna, ele explica tamb\u00e9m na entrevista abaixo. Corta para 2024: para seu anivers\u00e1rio de 50 anos, Anderson Foca decidiu resgatar o F.O.C.A. e refor\u00e7ar o seu lado compositor e int\u00e9rprete em can\u00e7\u00f5es que ele assina ao lado de nomes como Lucas Gon\u00e7alves (Maglore), Felipe S. (Momboj\u00f3), Lipe Tavares (SeuZ\u00e9), Loreb, Barro, Luiz Gadelha e Igor Fortunato. Nascia \u201cJovelho\u201d.<\/p>\n<p style=\"text-align: justify;\">\u201cEu queria comemorar o meu anivers\u00e1rio com os meus amigos da m\u00fasica oferecendo a eles m\u00fasica de presente\u201d, revela Foca, que aprofunda o modus operandi do repert\u00f3rio: \u201c\u2019<a href=\"https:\/\/open.spotify.com\/intl-pt\/album\/7JbhimqM3wNPt1YxAVaf77?si=M_Synv_vRxGkqrlXZhyPsQ&amp;nd=1&amp;dlsi=e96b12547d6144e7\" target=\"_blank\" rel=\"noopener\">Jovelho<\/a>\u2019 \u00e9 basicamente eu mandando letras e os parceiros devolvendo can\u00e7\u00e3o\u201d, explica o pai de Chico, menino de dois anos que colocou a paternidade em pauta para Foca, um dos temas presentes em can\u00e7\u00f5es como \u201cNova Era\u201d e&#8230; \u201cChico\u201d. Inevitavelmente, \u201cJovelho\u201d tamb\u00e9m foi afetado pela pandemia e pelo desgoverno de extrema-direita que abandonou seu pr\u00f3prio povo numa das maiores crises sanit\u00e1rias da hist\u00f3ria. Uma das can\u00e7\u00f5es mais densas do \u00e1lbum, \u201cCora\u00e7\u00e3o Frio\u201d, nasceu ap\u00f3s uma crise nervosa de Foca na regi\u00e3o central da cidade de S\u00e3o Paulo, tomada por pessoas andando sobre moradores de rua como se fosse algo normalizado.<\/p>\n<p style=\"text-align: justify;\">Na conversa abaixo, Anderson Foca pincela seus v\u00e1rios projetos musicais, fala sobre parceiros e paternidade, e revela seu amor por George Harrison. Chega mais!<\/p>\n<p><iframe loading=\"lazy\" title=\"Jovelho\" width=\"747\" height=\"420\" src=\"https:\/\/www.youtube.com\/embed\/videoseries?list=OLAK5uy_nF0-1owcYjjs5bRTr1W5Vpbmj-E-vBq6k\" frameborder=\"0\" allow=\"accelerometer; autoplay; clipboard-write; encrypted-media; gyroscope; picture-in-picture; web-share\" referrerpolicy=\"strict-origin-when-cross-origin\" allowfullscreen><\/iframe><\/p>\n<p style=\"text-align: justify;\"><strong>Vamos l\u00e1: \u201cJovelho\u201d. Desde quando voc\u00ea tinha ideia de lan\u00e7ar esse \u00e1lbum solo?<\/strong><br \/>\nEnt\u00e3o, quando voc\u00ea tem seis bandas, que \u00e9 o meu caso (risos), disco solo parece uma doideira. Mas tudo aconteceu porque quando eu fiz 40 anos (em 2014), lancei o F.O.C.A., essa sigla, para comemorar. Na \u00e9poca, chamei o Luan (Rodrigues), de uma banda que eu amava, a Red Boots, e lhe disse: \u201cCara, vou lan\u00e7ar um disco comemorando 40 anos, mas vai ser assim: tu vai vir pra c\u00e1 \u00e0s 9 da manh\u00e3, e a gente vai compor, gravar, mixar e eu vou colocar no ar no mesmo dia. Tudo que a gente conseguir gravar\u201d. A gente gravou umas seis m\u00fasicas, e era um som muito hardcore, muito brabo. Eu nem tirei (esse \u00e1lbum) <a href=\"https:\/\/open.spotify.com\/intl-pt\/artist\/46cFkvsCd72RJwoFuBkYnC\" target=\"_blank\" rel=\"noopener\">da minha conta (nos streamings)<\/a> pra confundir mesmo as pessoas (risos). \u00c9 meio punk doido&#8230;<\/p>\n<p style=\"text-align: justify;\"><strong>Esse disco saiu ent\u00e3o?<\/strong><br \/>\nSim, est\u00e1 no mesmo <a href=\"https:\/\/open.spotify.com\/intl-pt\/artist\/46cFkvsCd72RJwoFuBkYnC\" target=\"_blank\" rel=\"noopener\">perfil (nos streamings)<\/a> em que est\u00e1 o \u201cJovelho\u201d (2024).<\/p>\n<p style=\"text-align: justify;\"><strong>Legal!<\/strong><br \/>\nE quando eu fui completar 50 anos&#8230; eu estou num per\u00edodo agora que eu me reconhe\u00e7o compositor, um cara minimamente respeitado por composi\u00e7\u00e3o. Tenho parceria de cinco ou seis m\u00fasicas com Teago Oliveria (Maglore), tenho quatro ou cinco m\u00fasicas com Felipe Cordeiro, tenho duas ou tr\u00eas com Felipe S. (Momboj\u00f3) e fui gravado por muita gente, isso tudo sem contar as minhas pr\u00f3prias bandas. E nessa coisa (de compor) tinham l\u00e1 umas nove can\u00e7\u00f5es que n\u00e3o tinham pra onde ir, e que eram feitas por gente foda: Barro, Felipe S., Igor Fortunato (que \u00e9 um cara de Mossor\u00f3 e um dos principais atores da TV Globo, novela das seis, um artista que eu amo, canetada foda)&#8230; Dai pensei: \u201cQuer saber? Vou fazer um disco comemorativo de 50 anos, mas com um motivo diferente (do disco de 40 anos), pra refor\u00e7ar esse meu lado (compositor), pra lembrar \u00e0s pessoas que eu sou m\u00fasico\u201d. Eu sou muito conhecido pelo Festival DoSol, pela produ\u00e7\u00e3o cultural&#8230;<\/p>\n<p style=\"text-align: justify;\"><strong>Eu diria que DoSol e Camarones Orquestra Guitarr\u00edstica&#8230;<\/strong><br \/>\nIsso. Quem me conhece de m\u00fasica, conhece nesses lugares. Quem est\u00e1 em Natal n\u00e3o porque me v\u00ea na Orquestra Greiosa, na Ferve, no The Sinks, mas quem est\u00e1 fora n\u00e3o (v\u00ea isso) muito. E eu quero ter esse lugar de reconhecimento como um cara que faz m\u00fasica, um songwriter.<\/p>\n<p style=\"text-align: justify;\"><strong>E a sigla F.O.C.A.?<\/strong><br \/>\n\u00c9 uma piada interna nossa&#8230; (risos). Quando voc\u00ea est\u00e1 fazendo coisas na sua cena regional, muita gente cola, e tem uma turma \u201chater\u201d que meio que fica \u201ctudo que rola aqui \u00e9 esse cara que faz, se ele n\u00e3o fizer ningu\u00e9m faz\u201d (risos). Hoje, depois de 30 anos fazendo isso, nem tanto, mas quando eu comecei rolava muito. Da\u00ed fiz uma piada que F.O.C.A. significava \u201cFoundation Organization Corporation Association\u201d (risos), uma piada sobre essa coisa de ser dono da cena. \u00c9 uma piada interna que fazia sentido 20 anos atr\u00e1s, mas fica como hist\u00f3ria. \u00c9 legal olhar pra tr\u00e1s e ver que os meus \u201chaters\u201d do come\u00e7o do DoSol s\u00e3o todos meus amigos hoje.<\/p>\n<p style=\"text-align: justify;\"><strong>N\u00e3o tem como fugir, a cena n\u00e3o \u00e9 t\u00e3o grande&#8230;<\/strong><br \/>\n\u00c9. Hoje a gente d\u00e1 risada disso: \u201cVoc\u00ea lembra que voc\u00ea foi no meu show e ficou l\u00e1 xingando a banda o tempo inteiro e eu falei que era desrespeitoso?\u201d (risos).<\/p>\n<figure id=\"attachment_19600\" aria-describedby=\"caption-attachment-19600\" style=\"width: 750px\" class=\"wp-caption aligncenter\"><img decoding=\"async\" loading=\"lazy\" class=\"wp-image-19600 size-full\" src=\"http:\/\/www.screamyell.com.br\/blog\/wp-content\/uploads\/2024\/10\/foca1.jpg\" alt=\"\" width=\"750\" height=\"440\" \/><figcaption id=\"caption-attachment-19600\" class=\"wp-caption-text\"><em>Uma entrevista dentro da piscina \/ Foto de Bruno Capelas<\/em><\/figcaption><\/figure>\n<p style=\"text-align: justify;\"><strong>Voltando ao \u201cJovelho\u201d: Voc\u00ea tinha um monte de m\u00fasicas de outros projetos e como foi trabalh\u00e1-las para funcionarem juntas num \u00e1lbum? Porque o disco tem uma unidade&#8230; ok, tem \u201cNova Era\u201d, que quebra um pouco&#8230;<\/strong><br \/>\n\u00c9, \u201cNova Era\u201d \u00e9 um hardcore&#8230; mas o legal \u00e9 que essas m\u00fasicas nem s\u00e3o sobras. S\u00e3o composi\u00e7\u00f5es feitas em momentos distintos, com pessoas distintas e energias distintas.<\/p>\n<p style=\"text-align: justify;\"><strong>Em quanto tempo?<\/strong><br \/>\nUm ano, talvez. Porque sou curioso demais da can\u00e7\u00e3o. Fico pensando: \u201cE se eu escrevesse isso e mandasse para aquele pensamento mel\u00f3dico ali?\u201d. No \u201cJovelho\u201d \u00e9 praticamente 100% a caneta minha e a melodia de parceiros. Eu sou um melodista, mas no \u201cJovelho\u201d \u00e9 basicamente eu mandando letras e os parceiros devolvendo can\u00e7\u00e3o. E isso fez com que o disco virasse um disco de can\u00e7\u00e3o porque os meus parceiros eram de can\u00e7\u00e3o. O momento menos can\u00e7\u00e3o do disco \u00e9 a m\u00fasica que fiz sozinho, que \u00e9 justamente \u201cNova Era\u201d, que \u00e9 um esporro, eu meio puto com o futuro do (meu filho) Chico, falando sobre um futuro dist\u00f3pico, que talvez n\u00e3o v\u00e1 existir: \u201cchegou a nova era, bem-vindo ao nada\u201d, essa coisa de um futuro bem incerto.<\/p>\n<p style=\"text-align: justify;\"><strong>J\u00e1 que falamos em Chico, ele d\u00e1 nome a uma m\u00fasica em que voc\u00ea aprofunda essa ideia de paternidade. Essa \u00e9 parceria com quem?<\/strong><br \/>\n\u201cChico\u201d \u00e9 minha e do Lu\u00eds Gadelha, que era do Talma &amp; Gadelha e \u00e9 meu parceiro no Fettuccines, uma banda totalmente can\u00e7\u00e3o na onda eletr\u00f4nica The XX, mas mais brasileira \u2013 na \u00e9poca em que comecei o Fettuccines eu estava ouvindo muito XX. Mas \u00e9 isso, uma parceria com o Lu\u00eds&#8230; Eu n\u00e3o queria ser pai. (Me separei e) Casei de novo. Minha companheira tem um neg\u00f3cio com comida de crian\u00e7a e eu fui me envolvendo. Eu nunca gostei nem desgostei de crian\u00e7a, eu sempre estava ali&#8230; convivendo, mas a paternidade me arrebatou.<\/p>\n<p style=\"text-align: justify;\"><strong>\u00c9 uma coisa muito forte, n\u00e9.<\/strong><br \/>\nMudou tudo pra mim. E eu n\u00e3o tinha escrito nada a respeito, ainda, porque o Chico s\u00f3 tem dois anos, mas eu fiquei \u201cnossa, cara, que coisa mais maluca\u201d. Eu fiquei imaginando como seria o caminho da barriga at\u00e9 a vida real. Para pais de primeira viagem, esse caminho \u00e9 muito maluco. M\u00e1gico! Porque voc\u00ea est\u00e1 vendo a sua esposa gr\u00e1vida, voc\u00ea tem que ajudar a cuidar e quando a crian\u00e7a nasce, ela nasce sem nenhuma energia, voc\u00ea tem que ficar dando tudo ali, e eu fiquei mentalizando o caminho&#8230;<\/p>\n<p style=\"text-align: justify;\"><strong>A paternidade pega a gente de uma maneira&#8230; intensa. A sua \u201cChico\u201d me fez fazer um paralelo com outra can\u00e7\u00e3o de paternidade, que \u00e9 a \u201c<a href=\"https:\/\/screamyell.com.br\/site\/2009\/04\/29\/terminal-guadalupe-para-download\/\" target=\"_blank\" rel=\"noopener\">Chico Balboa<\/a>\u201d, do Terminal Guadalupe, que o Dary fez para o filho dele&#8230; voc\u00eas dois vivendo em tempos diferentes a mesma sensa\u00e7\u00e3o&#8230;<\/strong><br \/>\n\u00c9 linda essa m\u00fasica! N\u00f3s dois somos contempor\u00e2neos, talvez. Dary deve ter meio que a minha idade.<\/p>\n<p style=\"text-align: justify;\"><strong>Uma das coisas que me surpreendeu no disco \u00e9 a voca\u00e7\u00e3o pop dele. \u00c9 um \u00e1lbum que come\u00e7a de uma maneira meio praieira, suave, com \u201cQuero Voc\u00ea Perto\u201d, depois vem \u201cCora\u00e7\u00e3o Frio\u201d, que tem um momento de guitarra se sobrepondo a voz&#8230; mas essas can\u00e7\u00f5es me trouxeram uma sensa\u00e7\u00e3o meio Skank&#8230;<\/strong><br \/>\nTalvez as nossas referencias (minha e do Samuel Rosa) sejam parecidas. Obviamente, voc\u00ea n\u00e3o fica querendo clonar, mas, de repente, voc\u00ea est\u00e1 atirando no George Harrison e est\u00e1 acertando em uma coisa que voc\u00ea n\u00e3o sabe o que \u00e9. Acho que as referencias iniciais de can\u00e7\u00e3o sejam baseadas nisso. Por exemplo: eu amo Weezer, e quando voc\u00ea tira todas as paredes de guitarras dos arranjos deles sobram can\u00e7\u00f5es de verdade. Cancioneiras mesmo. Funciona muito bem no viol\u00e3o. Tenho um pouco disso. E as bandas brasileiras de que mais gosto s\u00e3o as da can\u00e7\u00e3o. Gosto muito da Maglore, tenho parcerias com o Teago e a segunda m\u00fasica do disco, \u201cCora\u00e7\u00e3o Frio\u201d, \u00e9 do Luquinhas (Gon\u00e7alves). \u00c9 uma m\u00fasica que fala de pessoas de rua de S\u00e3o Paulo&#8230;<\/p>\n<p style=\"text-align: justify;\"><strong>Como \u00e9 a hist\u00f3ria dessa m\u00fasica?<\/strong><br \/>\nCara, foi foda. Quando voc\u00ea est\u00e1 no Nordeste, voc\u00ea tem uma energia. J\u00e1 a energia de uma cidade que tem 10 milh\u00f5es, 20 milh\u00f5es de pessoas como S\u00e3o Paulo, \u00e9 outra. Parece outro Brasil. N\u00e3o parece: \u00e9 outro Brasil! Da\u00ed junta um governo de extrema-direita que n\u00e3o cuida de ningu\u00e9m mais pandemia que fodeu geral. Eu tinha ido \u00e0 S\u00e3o Paulo para uma atividade logo depois da pandemia, e quando entrei no centro, que comecei a ver o que tinha acontecido, eu senti o impacto daquilo que eu n\u00e3o estava sentindo em Natal. Era muita gente na rua e eu perdi completamente as estribeiras. Chorava compulsivamente, n\u00e3o conseguia me controlar, fiquei num canto, tentando me acalmar, e n\u00e3o conseguindo. Entrei numa padaria e comecei a comprar coisas at\u00e9 acabar o dinheiro da minha conta. Eu fiquei tentando&#8230; (ajudar). Foi perto da casa do Fabricio (Nobre), perto da Santa Casa (na Vila Buarque). Tinha muita gente na rua! E era um misto de um monte de gente na rua e um monte de m\u00e9dico passando por cima das pessoas, e nem notando, e \u00e9 assim, voc\u00ea est\u00e1 em S\u00e3o Paulo, voc\u00ea vai atropelando as coisas ruins, S\u00e3o Paulo tem essa coisa e n\u00e3o \u00e9 culpa de ningu\u00e9m: a cidade grande faz isso com a gente.<\/p>\n<p style=\"text-align: justify;\"><strong>\u00c9 cruel, mas ela meio que vacina voc\u00ea porque sen\u00e3o voc\u00ea n\u00e3o vive&#8230;<\/strong><br \/>\n\u00c9 isso, voc\u00ea n\u00e3o consegue viver. E como dizia o Anthony Bourdain: \u201cEu n\u00e3o consigo viver nesse mundo. N\u00e3o consigo mais\u201d. E eu me senti desse jeito. Essa m\u00fasica se chama \u201cCora\u00e7\u00e3o Frio\u201d, e era isso, as pessoas frias e aquilo tudo me atingindo, e foi ampliando, me tomando. Corri para a casa de Fabricio e demorei um temp\u00e3o para me recuperar naquele dia. E eu s\u00f3 me recuperei desse epis\u00f3dio quando escrevi essa m\u00fasica. E eu a escrevi para o Marcelo Jeneci. A gente estava junto em Bras\u00edlia, Camarones e ele, e eu contei essa hist\u00f3ria, ficamos l\u00e1 eu e ele chorando, rolou uma energia, e eu escrevi essa m\u00fasica pra ele. S\u00f3 que o Jeneci faz mil coisas e nunca me respondia de volta sobre a m\u00fasica. Da\u00ed eu assisti a um show da Maglore e o Luquinhas \u00e9 o George Harrison brasileiro, o cara que mais ama \u00e9 mais consegue chegar perto da energia do Harrison aqui. Real.<\/p>\n<p style=\"text-align: justify;\"><strong>Somos <a href=\"https:\/\/screamyell.com.br\/site\/tag\/lucas-goncalves\/\" target=\"_blank\" rel=\"noopener\">todos admiradores do Luquinhas<\/a> aqui (risos)<\/strong><br \/>\nE eu mandei a letra pra ele e ele me mandou a m\u00fasica. O arranjo, inclusive, \u00e9 dele. Eu mudei muito pouca coisa do arranjo que ele me mandou na demo.<\/p>\n<figure id=\"attachment_19602\" aria-describedby=\"caption-attachment-19602\" style=\"width: 750px\" class=\"wp-caption alignnone\"><img decoding=\"async\" loading=\"lazy\" class=\"wp-image-19602 size-full\" src=\"http:\/\/www.screamyell.com.br\/blog\/wp-content\/uploads\/2024\/10\/jovelho.jpg\" alt=\"\" width=\"750\" height=\"750\" \/><figcaption id=\"caption-attachment-19602\" class=\"wp-caption-text\"><em>Capa de &#8220;Jovelho&#8221;, do F.O.C.A.<\/em><\/figcaption><\/figure>\n<p style=\"text-align: justify;\"><strong>Quem toca no disco?<\/strong><br \/>\nS\u00e3o tr\u00eas pessoas: eu, Yves Fernandes e Tiago Andrade. Essa banda \u00e9 a Jovens de Ontem, que \u00e9 Ana Morena, Yves e Tiago. A gente j\u00e1 gravou alguns discos com essa forma\u00e7\u00e3o. Eles eram do Talma &amp; Gadelha e montaram a Fortunato &amp; os Jovens de Ontem (com o Igor Fortunato). A Jovens de Ontem grava discos no est\u00fadio DoSol. \u00c0s vezes um artista chega l\u00e1 e n\u00e3o tem banda, e a gente mesmo grava. Para o \u201cJovelho\u201d, a Ana Morena (que \u00e9 baixista da Camarones) estava meio sem tempo, e falei para o Tiago gravar baixo, viol\u00f5es e a guitarra no disco. Yves assumiu a bateria e a dire\u00e7\u00e3o t\u00e9cnica. E eu fa\u00e7o a produ\u00e7\u00e3o e a dire\u00e7\u00e3o art\u00edstica com os dois. \u00c9 um disco que tem milhares de vozes, em que eu busco mostrar para as pessoas que eu consigo minimamente me expressar cantando. Eu sei cantar, abrir backings, o disco tem isso. E tamb\u00e9m tem algumas participa\u00e7\u00f5es: Daniel Jesi (Burro Morto) \u00e9 meu parceiro da Ferve e colocou alguns teclados no \u201cJovelho\u201d; e Silvio Franco e Ana Morena, que s\u00e3o a cozinha da Orquestra Greiosa, gravaram uma m\u00fasica, \u201cSentido Norte\u201d, parceria minha com Barro, uma m\u00fasica um pouco mais nordestina, um frevo meio estranho, uma coisa meio rock anos 1970, mas um frevo. \u00c9 a gente mirando no rock psicod\u00e9lico americano dos anos 1970 e acertando no Nordeste psicod\u00e9lico. \u00c9 uma pesquisa que estou fazendo, inclusive.<\/p>\n<p style=\"text-align: justify;\"><strong>Voc\u00ea gravou essas can\u00e7\u00f5es j\u00e1 pensando no disco? Ou voc\u00ea foi gravando uma coisa aqui, outra ali, e depois foi juntando?<\/strong><br \/>\nGravei come\u00e7o, meio e fim (pensando no disco). O esquema foi assim: a gente se encontrava num dia, e no dia saia com essa m\u00fasica gravada. Havia um pouco de discuss\u00e3o (de arranjo) no Whatsapp, e a gente chegava pra matar (no est\u00fadio). Foram dois meses gravando e mixando.<\/p>\n<p style=\"text-align: justify;\"><strong>E como voc\u00ea v\u00ea o resultado hoje? Como era o disco na sua cabe\u00e7a antes de grav\u00e1-lo e como voc\u00ea o v\u00ea agora?<\/strong><br \/>\nNa verdade, eu estou desfrutando-o. Porque esse disco comemora 30 anos da minha carreira como m\u00fasico e 50 anos de idade, ao mesmo tempo. Ele foi lan\u00e7ado na semana em que completei 50 anos. Ent\u00e3o ele \u00e9 um desfrute, eu n\u00e3o fiquei pensando \u201ceu vou tocar, eu vou pro Sesc, eu vou fazer turn\u00ea\u201d&#8230; n\u00e3o \u00e9 uma carreira, sabe. Eu fiquei tratando esse disco como um presente para mim mesmo, mas, claro, eu queria que as pessoas que eu conhe\u00e7o e sei que curtem m\u00fasica ouvissem. E recebi feedbacks maravilhosos. Eu queria era isso: vou comemorar o meu anivers\u00e1rio com os meus amigos da m\u00fasica e vou oferecer a eles m\u00fasica de presente, e possivelmente vou receber de volta a audi\u00e7\u00e3o deles dessas m\u00fasicas. A minha ideia era essa, s\u00f3 essa. Eu nem ensaiei esse disco ainda&#8230;<\/p>\n<p style=\"text-align: justify;\"><strong>Emendando ent\u00e3o: v\u00e3o rolar shows?<\/strong><br \/>\nEm Natal j\u00e1 est\u00e3o rolando uns planejamentos, em S\u00e3o Paulo tamb\u00e9m, mas confesso que estou com um pouquinho de pregui\u00e7a (risos), mas tamb\u00e9m porque a Camarones est\u00e1 num ano insano, a gente j\u00e1 fez uns cinquenta shows neste ano; a Ferve, que \u00e9 meu projeto de cumbia nordestina, engatou uma turn\u00ea com Felipe Cordeiro desde o ano passado que ainda n\u00e3o terminou (a gente foi pra Berlim, pra Marsella, Brasil e Europa). Ent\u00e3o isso tudo foi tirando meu tempo de ensaio, de encontro mesmo, e o disco n\u00e3o \u00e9 f\u00e1cil de fazer ao vivo, \u00e9 um show que vai precisar de dois guitarristas, ou um guitarrista e um viol\u00e3o, n\u00e3o d\u00e1 pra ir com power trio e fazer. Mas&#8230; talvez eu toque. Quem sabe&#8230;<\/p>\n<p><iframe loading=\"lazy\" title=\"F.O.C.A | JOVELHO TALKS | RESUMO DOS LAN\u00c7AMENTOS MUSICAIS!\" width=\"747\" height=\"420\" src=\"https:\/\/www.youtube.com\/embed\/C9kfl9SOjY0?feature=oembed\" frameborder=\"0\" allow=\"accelerometer; autoplay; clipboard-write; encrypted-media; gyroscope; picture-in-picture; web-share\" referrerpolicy=\"strict-origin-when-cross-origin\" allowfullscreen><\/iframe><\/p>\n<p style=\"text-align: justify;\"><em>\u2013 Marcelo Costa (<a href=\"https:\/\/twitter.com\/screamyell\" target=\"_blank\" rel=\"noopener noreferrer\">@screamyell<\/a>) \u00e9 editor do Scream &amp; Yell e assina a\u00a0<a href=\"https:\/\/screamyell.com.br\/blog\/\" target=\"_blank\" rel=\"noopener noreferrer\">Calmantes com Champagne<\/a>. A foto que abre o texto \u00e9 de Rafael Passos \/ Divulga\u00e7\u00e3o<\/em><\/p>\n","protected":false},"excerpt":{"rendered":"Foca pincela seus v\u00e1rios projetos musicais, fala sobre parceiros e paternidade, aprofunda o olhar sobre &#8220;Jovelho&#8221; e revela seu amor por George Harrison.\n<a class=\"moretag\" href=\"https:\/\/screamyell.com.br\/site\/2024\/10\/01\/entrevista-anderson-foca-fala-sobre-jovelho-segundo-disco-de-seu-projeto-f-o-c-a\/\"> [...]<\/a>","protected":false},"author":2,"featured_media":84092,"comment_status":"open","ping_status":"open","sticky":false,"template":"","format":"standard","meta":[],"categories":[3],"tags":[7373,7374],"_links":{"self":[{"href":"https:\/\/screamyell.com.br\/site\/wp-json\/wp\/v2\/posts\/84091"}],"collection":[{"href":"https:\/\/screamyell.com.br\/site\/wp-json\/wp\/v2\/posts"}],"about":[{"href":"https:\/\/screamyell.com.br\/site\/wp-json\/wp\/v2\/types\/post"}],"author":[{"embeddable":true,"href":"https:\/\/screamyell.com.br\/site\/wp-json\/wp\/v2\/users\/2"}],"replies":[{"embeddable":true,"href":"https:\/\/screamyell.com.br\/site\/wp-json\/wp\/v2\/comments?post=84091"}],"version-history":[{"count":7,"href":"https:\/\/screamyell.com.br\/site\/wp-json\/wp\/v2\/posts\/84091\/revisions"}],"predecessor-version":[{"id":84101,"href":"https:\/\/screamyell.com.br\/site\/wp-json\/wp\/v2\/posts\/84091\/revisions\/84101"}],"wp:featuredmedia":[{"embeddable":true,"href":"https:\/\/screamyell.com.br\/site\/wp-json\/wp\/v2\/media\/84092"}],"wp:attachment":[{"href":"https:\/\/screamyell.com.br\/site\/wp-json\/wp\/v2\/media?parent=84091"}],"wp:term":[{"taxonomy":"category","embeddable":true,"href":"https:\/\/screamyell.com.br\/site\/wp-json\/wp\/v2\/categories?post=84091"},{"taxonomy":"post_tag","embeddable":true,"href":"https:\/\/screamyell.com.br\/site\/wp-json\/wp\/v2\/tags?post=84091"}],"curies":[{"name":"wp","href":"https:\/\/api.w.org\/{rel}","templated":true}]}}