{"id":84015,"date":"2024-09-30T02:04:14","date_gmt":"2024-09-30T05:04:14","guid":{"rendered":"https:\/\/screamyell.com.br\/site\/?p=84015"},"modified":"2024-10-21T02:30:27","modified_gmt":"2024-10-21T05:30:27","slug":"faixa-a-faixa-a-banda-de-um-homem-so-ambivalente-apresenta-o-curioso-universo-de-seu-disco-adam-sampler-vol-1","status":"publish","type":"post","link":"https:\/\/screamyell.com.br\/site\/2024\/09\/30\/faixa-a-faixa-a-banda-de-um-homem-so-ambivalente-apresenta-o-curioso-universo-de-seu-disco-adam-sampler-vol-1\/","title":{"rendered":"Faixa a faixa: a banda-de-um-homem-s\u00f3 Ambivalente apresenta o curioso universo de seu disco \u201cAdam Sampler, Vol. 1\u201d"},"content":{"rendered":"<h2 style=\"text-align: center;\"><strong>texto de\u00a0<a href=\"https:\/\/www.instagram.com\/_renanguerra\/\" target=\"_blank\" rel=\"noopener noreferrer\">Renan Guerra<\/a><br \/>\nfaixa a faixa por\u00a0<a href=\"https:\/\/www.instagram.com\/ambivalente_____\/\" target=\"_blank\" rel=\"noopener\">Rodolfo Ribeiro<\/a><\/strong><\/h2>\n<p style=\"text-align: justify;\"><a href=\"https:\/\/www.instagram.com\/ambivalente_____\/\" target=\"_blank\" rel=\"noopener\">Ambivalente<\/a> \u00e9 a persona de Rodolfo Ribeiro, artista de Petr\u00f3polis, no Rio de Janeiro, uma esp\u00e9cie de homem-banda, com Rodolfo produzindo, mixando, cantando, compondo e tudo mais. \u00c9 nesse cen\u00e1rio que se cria a sua inter-rela\u00e7\u00e3o com a figura de Adam Sandler \u2013 o ator que se autoproduz e que criou um mercado de trabalho para seus amigos em seu entorno. \u00c9 de Adam Sandler que vem o nome do novo disco do artista fluminense, \u201c<a href=\"https:\/\/linktr.ee\/ambivalente_____\" target=\"_blank\" rel=\"noopener\">Adam Sampler, Vol. 1<\/a>\u201d (2024), um projeto que mescla efeitos, distor\u00e7\u00f5es e manipula\u00e7\u00f5es para a constru\u00e7\u00e3o de um som que soa ao mesmo tempo quebradi\u00e7o e intimista.<\/p>\n<p style=\"text-align: justify;\">&#8220;Tenho um fasc\u00ednio pela figura meio tr\u00e1gica do Adam Sandler. Ao mesmo tempo em que ele \u00e9 um cara de muito sucesso e manda muito bem na atua\u00e7\u00e3o de v\u00e1rios filmes (&#8216;<a href=\"https:\/\/www.screamyell.com.br\/cinemadois\/embriagado_de_amor.htm\" target=\"_blank\" rel=\"noopener\">Punch-Drunk Love<\/a>&#8216; e &#8216;<a href=\"https:\/\/screamyell.com.br\/site\/2020\/02\/07\/tres-filmes-joias-brutas-o-farol-e-adoraveis-mulheres\/\" target=\"_blank\" rel=\"noopener\">Joias Brutas<\/a>&#8216;, por exemplo) ele tamb\u00e9m \u00e9 uma piada pra muita gente. Essas coisas conflitantes me interessam muito porque me reconhe\u00e7o nelas&#8221;, explica Rodolfo. Para al\u00e9m dessa perspectiva, para o ouvinte se sobressai outra inter-rela\u00e7\u00e3o entre <a href=\"https:\/\/www.instagram.com\/ambivalente_____\/\" target=\"_blank\" rel=\"noopener\">Ambivalente<\/a> e Sandler: h\u00e1 uma certa galhofa que se amalgama na melancolia e na tristeza como se tudo formasse um emaranhado. \u201cAdam Sampler, Vol. 1\u201d \u00e9 uma esp\u00e9cie de explora\u00e7\u00e3o em torno de fracasso e sucesso, como se mede e se entende essas perspectivas \u2013 o que de novo se associa a Sandler, visto por alguns como um exemplo de sucesso no cinema e por outros como a representa\u00e7\u00e3o clara da mediocridade que o cinema comercial pode assumir.<\/p>\n<p><img decoding=\"async\" loading=\"lazy\" class=\"alignnone size-full wp-image-84021\" src=\"https:\/\/screamyell.com.br\/site\/wp-content\/uploads\/2024\/09\/capa_adam_sampler-copiar.jpg\" alt=\"\" width=\"750\" height=\"750\" srcset=\"https:\/\/screamyell.com.br\/site\/wp-content\/uploads\/2024\/09\/capa_adam_sampler-copiar.jpg 750w, https:\/\/screamyell.com.br\/site\/wp-content\/uploads\/2024\/09\/capa_adam_sampler-copiar-300x300.jpg 300w, https:\/\/screamyell.com.br\/site\/wp-content\/uploads\/2024\/09\/capa_adam_sampler-copiar-150x150.jpg 150w\" sizes=\"(max-width: 750px) 100vw, 750px\" \/><\/p>\n<p style=\"text-align: justify;\">Em \u201cAdam Sampler, Vol. 1\u201d temos uma nuvem de efeitos que escondem essas rachaduras de intimidade e exposi\u00e7\u00e3o propostas pelo artista, que ainda consegue soar pop e acess\u00edvel. Para expandir esse universo sonoro, Rodolfo Ribeiro construiu um visualizer que acompanha o disco e que foi gravado em Juiz de Fora, sob a dire\u00e7\u00e3o de Yan Gabriel. Al\u00e9m disso, as experi\u00eancias solit\u00e1rias de Ambivalente tamb\u00e9m se abrem \u00e0s parcerias com a participa\u00e7\u00e3o de Daniel Valle em &#8220;OFEGANTE&#8221; e a coprodu\u00e7\u00e3o de Maipo Beats em &#8220;DUPLA JORNADA&#8221; e &#8220;CELULAR&#8221;.<\/p>\n<p style=\"text-align: justify;\">Para destrinchar de forma mais completa o universo de \u201cAdam Sampler, Vol. 1\u201d, Rodolfo Ribeiro, o Ambivalente, escreveu um faixa a faixa especial para o Scream &amp; Yell contando detalhes da produ\u00e7\u00e3o, de suas refer\u00eancias e de suas composi\u00e7\u00f5es. Confira abaixo:<\/p>\n<p><iframe loading=\"lazy\" title=\"Ambivalente &quot;ADAM SAMPLER VOL.1&quot;Album Video\" width=\"747\" height=\"420\" src=\"https:\/\/www.youtube.com\/embed\/heJZDatdGBk?feature=oembed\" frameborder=\"0\" allow=\"accelerometer; autoplay; clipboard-write; encrypted-media; gyroscope; picture-in-picture; web-share\" referrerpolicy=\"strict-origin-when-cross-origin\" allowfullscreen><\/iframe><\/p>\n<p style=\"text-align: justify;\"><strong>01) \u201cDupla Jornada\u201d &#8211;<\/strong> Uma m\u00fasica que existe desde 2020. Fala um pouco sobre o processo de precariza\u00e7\u00e3o do m\u00fasico independente. Sou bastante c\u00e9tico com essas virtudes de hoje em dia, como a ideia de que o profissional tem que ser &#8220;multifacetado&#8221; e que o &#8220;mercado&#8221; exige isso. Geralmente, acho que \u00e9 uma hist\u00f3ria para fazer a gente exercer mais de uma fun\u00e7\u00e3o, cortar gastos e ser mal pago. \u00c9 a faixa que mais evidencia esse paralelo que quis fazer com o Adam Sandler, de meio que ter tudo, mas, ao mesmo tempo, n\u00e3o ter nada. O Sandler tem alguns filmes que, para mim, provam a excel\u00eancia dele como ator (\u201cPunch Drunk Love\u201d, \u201cUncut Gems\u201d&#8230;), mas, ao mesmo tempo, ele \u00e9 resumido a ser apenas um idiota por causa das com\u00e9dias e dos pap\u00e9is \u00f3bvios que j\u00e1 fez. Eu acho muito interessante, como artista independente, essa coisa de ter nossa capacidade questionada o tempo inteiro pelas expectativas dos outros sobre o que dever\u00edamos estar fazendo. Seja por acharem que voc\u00ea deveria postar demais ou de menos, ou por acreditarem que voc\u00ea n\u00e3o deveria mudar de som a cada \u00e1lbum, que deveria seguir uma linha espec\u00edfica. Sinto que as pessoas t\u00eam muitas opini\u00f5es sobre como dever\u00edamos nos projetar e uma ideia de &#8220;mercado&#8221; que acho muito engra\u00e7ada. Cada um tem uma rela\u00e7\u00e3o muito maior com a sua pr\u00f3pria fantasia sobre o projeto do que com o projeto em si.<\/p>\n<hr \/>\n<p style=\"text-align: justify;\"><strong>02) \u201cCelular\u201d \u2013<\/strong> Minha m\u00e3e tinha ficado com Covid bem no in\u00edcio da pandemia, e todo mundo estava morrendo de medo da doen\u00e7a devido \u00e0 pouca informa\u00e7\u00e3o. Quando confirmaram que ela havia contra\u00eddo o v\u00edrus, eu fui abra\u00e7\u00e1-la para consolar e tal, e a gente esqueceu que n\u00e3o pod\u00edamos mais nos abra\u00e7ar. Foi muito estranho n\u00e3o poder chegar perto e ter que manter uma dist\u00e2ncia, passar aquela tens\u00e3o de n\u00e3o saber se tinha pego a doen\u00e7a ou n\u00e3o, andando em casa de m\u00e1scara. Peguei essa experi\u00eancia e fiquei pensando como a doen\u00e7a retirou da gente os gestos mais normais de carinho, como o toque \u00e9 algo presente entre as pessoas. Essa m\u00fasica foi a primeira em que senti que consegui alcan\u00e7ar um objetivo pessoal: fazer uma m\u00fasica direta, mas que n\u00e3o soasse vazia. Uma das coisas que mais admiro na m\u00fasica pop \u00e9 quando voc\u00ea consegue ser experimental, mas com uma certa dire\u00e7\u00e3o. Acho isso muito dif\u00edcil. Pra mim, \u00e9 mais f\u00e1cil criar algo esparso e bizarro em uma composi\u00e7\u00e3o que n\u00e3o segue necessariamente uma linearidade<\/p>\n<hr \/>\n<p style=\"text-align: justify;\"><strong>03) \u201cDubl\u00ea De Sapatos\u201d \u2013<\/strong> Fiquei muito inspirado em artistas que usam do recurso da colagem de som pra mudar o arranjo de uma m\u00fasica. Essa m\u00fasica bebe muito desse lugar. Tentar fazer uma m\u00fasica que tenha letra e melodia forte, mas que utilize esse recurso foi o principal desafio pra mim. Essa tamb\u00e9m foi uma letra que demorou muito para ficar pronta. Melodia e harmonia s\u00e3o coisas que v\u00eam mais facilmente para mim, ent\u00e3o geralmente fico cantarolando uma melodia que surge e fa\u00e7o um embromation de palavras em ingl\u00eas. Nesse momento, fico muito atento aos fonemas que soam bem com a melodia e tento encontrar palavras em portugu\u00eas que tenham o mesmo som. \u00c9 um processo que d\u00e1 muito resultado, mas leva bastante tempo, porque a primeira vers\u00e3o geralmente resulta em uma letra que n\u00e3o faz o menor sentido hahaha. S\u00f3 numa segunda tentativa consigo acertar as coisas. Tudo isso para dizer que o sync entre palavra e melodia \u00e9 uma das coisas mais importantes para mim em uma can\u00e7\u00e3o.<\/p>\n<hr \/>\n<p style=\"text-align: justify;\"><strong>04) \u201cOfegante\u201d \u2013<\/strong> M\u00fasica muito especial para mim. \u00c9 a \u00faltima que fiz para o disco. Tem a participa\u00e7\u00e3o do Daniel Valle que \u00e9 um artista e amigo que eu produzo aqui no est\u00fadio e de v\u00e1rios outros amigos que curtem o projeto. Curto muito a simplicidade dela. A melodia principal vem de uma improvisa\u00e7\u00e3o de piano que eu picotei e constru\u00ed os elementos a partir da\u00ed. Para mim, essa m\u00fasica faz v\u00e1rias refer\u00eancias a estilos musicais que eu amo, como se a produ\u00e7\u00e3o fosse uma grande homenagem a esses estilos. At\u00e9 hoje, n\u00e3o sei muito bem sobre o que \u00e9 a letra desta m\u00fasica. Misturei v\u00e1rias situa\u00e7\u00f5es diferentes, e todas ressoam para mim quando escuto. Isso \u00e9 algo que tem me interessado muito: buscar um sentido menos explicativo pras m\u00fasicas, porque, no final das contas, tudo isso \u00e9 muito mais sobre sensa\u00e7\u00e3o do que sobre racioc\u00ednio.<\/p>\n<hr \/>\n<p style=\"text-align: justify;\"><strong>05) \u201cAutorretrato\u201d \u2013<\/strong> Essa m\u00fasica foi um marco porque foi a primeira vez que me senti confort\u00e1vel com algo que brinco no disco inteiro: a manipula\u00e7\u00e3o da voz e a mistura de v\u00e1rios estilos musicais que gosto e que n\u00e3o necessariamente se relacionam. Foi o &#8220;eureka&#8221; que eu precisava para continuar criando. O processo de mixagem e masteriza\u00e7\u00e3o do disco foi muito dif\u00edcil. Eu estava me aprimorando enquanto fazia as mixagens e masteriza\u00e7\u00f5es, ent\u00e3o ouvi tudo muitas vezes e n\u00e3o conseguia mais distinguir as diferen\u00e7as. Sentia que estava &#8216;assassinando&#8217; as m\u00fasicas, e conviver com isso por um tempo sem um resultado que eu realmente gostasse foi pesado. Essa m\u00fasica foi a primeira em que senti que acertei a m\u00e3o, e isso se refletiu num modus operandi pro disco inteiro.<\/p>\n<hr \/>\n<p style=\"text-align: justify;\"><strong>06) \u201cArmas e Vidra\u00e7as\u201d \u2013<\/strong> Muitos falam de uma cena musical, e a gente v\u00ea que, historicamente, as cenas s\u00e3o algo que movimentam e agitam a cultura local. S\u00e3o uma forma de resist\u00eancia independente. Mas eu sou muito sincero ao dizer que nunca vivi isso. Quando vi isso acontecendo na minha frente, era muito menos inclusivo e bem mais segregador do que \u00e9 pregado para a gente. Tenho um enorme respeito por v\u00e1rias movimenta\u00e7\u00f5es dessas pelo Brasil, mas tamb\u00e9m sou um pouco c\u00e9tico. A m\u00fasica \u00e9 um pouco sobre isso.<\/p>\n<p><img decoding=\"async\" loading=\"lazy\" class=\"alignnone size-full wp-image-84020\" src=\"https:\/\/screamyell.com.br\/site\/wp-content\/uploads\/2024\/09\/contracapa_adam-sampler_final-copiar.jpg\" alt=\"\" width=\"750\" height=\"750\" srcset=\"https:\/\/screamyell.com.br\/site\/wp-content\/uploads\/2024\/09\/contracapa_adam-sampler_final-copiar.jpg 750w, https:\/\/screamyell.com.br\/site\/wp-content\/uploads\/2024\/09\/contracapa_adam-sampler_final-copiar-300x300.jpg 300w, https:\/\/screamyell.com.br\/site\/wp-content\/uploads\/2024\/09\/contracapa_adam-sampler_final-copiar-150x150.jpg 150w\" sizes=\"(max-width: 750px) 100vw, 750px\" \/><\/p>\n<p style=\"text-align: justify;\"><em>\u2013\u00a0<a href=\"https:\/\/www.facebook.com\/renan.machadoguerra\" target=\"_blank\" rel=\"noopener noreferrer\">Renan Guerra<\/a>\u00a0\u00e9 jornalista<\/em>\u00a0e<em>\u00a0escreve para o Scream &amp; Yell desde 2014. Faz parte do\u00a0<a href=\"http:\/\/vamosfalarsobremusica.com.br\/\" target=\"_blank\" rel=\"noopener\" data-saferedirecturl=\"https:\/\/www.google.com\/url?q=http:\/\/vamosfalarsobremusica.com.br\/&amp;source=gmail&amp;ust=1630729890879000&amp;usg=AFQjCNGttyQx5OWOAKRyi7iGq8E4oacvuw\">Podcast Vamos Falar Sobre M\u00fasica<\/a>\u00a0e colabora com o\u00a0<a href=\"https:\/\/monkeybuzz.com.br\/\" target=\"_blank\" rel=\"noopener\" data-saferedirecturl=\"https:\/\/www.google.com\/url?q=https:\/\/monkeybuzz.com.br\/&amp;source=gmail&amp;ust=1630729890879000&amp;usg=AFQjCNFjG1FOw9vBGrawiUhocH4mshwTtw\">Monkeybuzz<\/a>\u00a0e a\u00a0<a href=\"https:\/\/revistabalaclava.com\/\" target=\"_blank\" rel=\"noopener\" data-saferedirecturl=\"https:\/\/www.google.com\/url?q=https:\/\/revistabalaclava.com\/&amp;source=gmail&amp;ust=1630729890879000&amp;usg=AFQjCNFqHswo4qEcyg8fw9VPM8IWsRH5oQ\">Revista Balaclava<\/a>.\u00a0<\/em><\/p>\n","protected":false},"excerpt":{"rendered":"Em \u201cAdam Sampler, Vol. 1\u201d temos uma nuvem de efeitos que escondem essas rachaduras de intimidade e exposi\u00e7\u00e3o propostas pelo artista, que ainda consegue soar pop e acess\u00edvel.\n<a class=\"moretag\" href=\"https:\/\/screamyell.com.br\/site\/2024\/09\/30\/faixa-a-faixa-a-banda-de-um-homem-so-ambivalente-apresenta-o-curioso-universo-de-seu-disco-adam-sampler-vol-1\/\"> [...]<\/a>","protected":false},"author":3,"featured_media":84019,"comment_status":"open","ping_status":"open","sticky":false,"template":"","format":"standard","meta":[],"categories":[3],"tags":[7371],"_links":{"self":[{"href":"https:\/\/screamyell.com.br\/site\/wp-json\/wp\/v2\/posts\/84015"}],"collection":[{"href":"https:\/\/screamyell.com.br\/site\/wp-json\/wp\/v2\/posts"}],"about":[{"href":"https:\/\/screamyell.com.br\/site\/wp-json\/wp\/v2\/types\/post"}],"author":[{"embeddable":true,"href":"https:\/\/screamyell.com.br\/site\/wp-json\/wp\/v2\/users\/3"}],"replies":[{"embeddable":true,"href":"https:\/\/screamyell.com.br\/site\/wp-json\/wp\/v2\/comments?post=84015"}],"version-history":[{"count":4,"href":"https:\/\/screamyell.com.br\/site\/wp-json\/wp\/v2\/posts\/84015\/revisions"}],"predecessor-version":[{"id":84022,"href":"https:\/\/screamyell.com.br\/site\/wp-json\/wp\/v2\/posts\/84015\/revisions\/84022"}],"wp:featuredmedia":[{"embeddable":true,"href":"https:\/\/screamyell.com.br\/site\/wp-json\/wp\/v2\/media\/84019"}],"wp:attachment":[{"href":"https:\/\/screamyell.com.br\/site\/wp-json\/wp\/v2\/media?parent=84015"}],"wp:term":[{"taxonomy":"category","embeddable":true,"href":"https:\/\/screamyell.com.br\/site\/wp-json\/wp\/v2\/categories?post=84015"},{"taxonomy":"post_tag","embeddable":true,"href":"https:\/\/screamyell.com.br\/site\/wp-json\/wp\/v2\/tags?post=84015"}],"curies":[{"name":"wp","href":"https:\/\/api.w.org\/{rel}","templated":true}]}}