{"id":82416,"date":"2024-07-10T23:50:00","date_gmt":"2024-07-11T02:50:00","guid":{"rendered":"https:\/\/screamyell.com.br\/site\/?p=82416"},"modified":"2024-09-06T08:47:15","modified_gmt":"2024-09-06T11:47:15","slug":"entrevista-com-17-anos-e-um-viral-no-tiktok-tontom-lanca-ep-buscando-ir-alem","status":"publish","type":"post","link":"https:\/\/screamyell.com.br\/site\/2024\/07\/10\/entrevista-com-17-anos-e-um-viral-no-tiktok-tontom-lanca-ep-buscando-ir-alem\/","title":{"rendered":"Entrevista: Com 17 anos e um viral no TikTok, Tontom lan\u00e7a EP de olho nos anos 2000"},"content":{"rendered":"<h2 style=\"text-align: center;\"><strong>entrevista de <a href=\"https:\/\/www.facebook.com\/renan.machadoguerra\" target=\"_blank\" rel=\"noopener noreferrer\">Renan Guerra<\/a><\/strong><\/h2>\n<p style=\"text-align: justify;\">O algoritmo do TikTok ainda tem algumas coisas aleat\u00f3rias e \u00e9 poss\u00edvel viralizar por l\u00e1 sem necessariamente investir dinheiro. \u00c9 um tanto quanto rand\u00f4mico e n\u00e3o tem muita l\u00f3gica, mas o fato \u00e9 que <a href=\"https:\/\/www.instagram.com\/tontommmmm\/\" target=\"_blank\" rel=\"noopener\">Tontom<\/a> come\u00e7ou a aparecer na p\u00e1gina \u201cpara voc\u00ea\u201d de muita gente \u2013 explicando para quem n\u00e3o \u00e9 tiktoker, o \u2018para voc\u00ea\u2019 \u00e9 a p\u00e1gina que navegamos de forma livre, recebendo conte\u00fado de p\u00e1ginas que n\u00e3o seguimos e que podem nos interessar. Muita gente se interessou por aqueles versos pegajosos de \u201cTontom Perigosa\u201d e a faixa come\u00e7ou a crescer de forma org\u00e2nica, sendo usada de trilha para os mais diversos v\u00eddeos \u2013 geralmente as faixas crescem na plataforma porque est\u00e3o atreladas a alguma trend espec\u00edfica, como uma dan\u00e7a, um formato de v\u00eddeo ou um estilo de filmagem. \u201cTontom Perigosa\u201d n\u00e3o segue nenhum desses padr\u00f5es, \u00e9 um desses casos aleat\u00f3rios da rede social.<\/p>\n<p style=\"text-align: justify;\">O single virou trilha de gente fazendo receitas, look do dia, moodboard de refer\u00eancias e edits do filme \u201cO Di\u00e1rio de Tati\u201d (2012), a adapta\u00e7\u00e3o cinematogr\u00e1fica da personagem adolescente de Helo\u00edsa Periss\u00e9. Periss\u00e9, no caso, \u00e9 a m\u00e3e de Tontom, fato que muitos ouvintes descobriram depois da viraliza\u00e7\u00e3o da faixa, assim como a lembran\u00e7a fugaz de alguns ouvintes de que Tontom seria a protagonista de \u201cUma Fada Veio Me Visitar\u201d (2023), o mais recente filme de Xuxa, longa que marcou o comeback da rainha dos baixinhos aos cinemas ap\u00f3s 14 anos. Enfim, Tontom foi descoberta como uma nepobaby, a palavra que virou moda nos \u00faltimos anos e que classifica os filhos de famosos e artistas, aqueles que j\u00e1 tem uma ajudinha familiar para entrar na ind\u00fastria do entretenimento. Fato \u00e9 que Tontom poderia simplesmente depender do nome da m\u00e3e para \u201cconquistar\u201d espa\u00e7os cl\u00e1ssicos dos antigos, tipo aquelas coisas como notinhas na coluna da M\u00f4nica Bergamo ou inser\u00e7\u00f5es em programas do GNT e Multishow, como faziam os nepobabys vintage.<\/p>\n<p style=\"text-align: justify;\">Tontom, por\u00e9m, foi mais sagaz e tentou caminhar por seus pr\u00f3prios passos em universos que fariam muito mais sentido para sua gera\u00e7\u00e3o. Vamos l\u00e1: ela tem uma fam\u00edlia do mundo das artes, mas o fato \u00e9 que ainda \u00e9 uma menina com 17 anos, que est\u00e1 terminando a escola e que encontrou na m\u00fasica um universo para falar sobre suas quest\u00f5es e sentimentos. \u201cMania 2000\u201d, <a href=\"https:\/\/open.spotify.com\/intl-pt\/album\/3vAgUo1miPIbN2EBRlZbEm?si=7XhJDQDmQySqvYcVDN3Pkg&amp;nd=1&amp;dlsi=eb4ee63c2efa4f15\" target=\"_blank\" rel=\"noopener\">seu primeiro EP lan\u00e7ado em maio deste ano<\/a>, \u00e9 reflexo disso, trazendo o frescor e a urg\u00eancia que s\u00f3 a juventude proporciona. Mas Tontom tem uma caracter\u00edstica peculiar, diferente de muitos jovens que acham que tudo foi inventado depois do ano 2000, ela j\u00e1 traz na bagagem refer\u00eancias diversas que v\u00e3o dos Beatles \u00e0 Rita Lee, tanto que seu som traz pitadas do humor dos artistas pop rock brasileiros dos anos 80 e a despojamento que existia por aqui na virada do s\u00e9culo. A jovem n\u00e3o busca ser hype nem cool, mas ser sincera consigo mesma \u2013 e isso \u00e9 invej\u00e1vel quando pensamos que ela ainda est\u00e1 na adolesc\u00eancia e muitos de n\u00f3s s\u00f3 conquistamos isso depois de, sabe-se l\u00e1, o retorno de Saturno.<\/p>\n<p style=\"text-align: justify;\">Tontom mora no Rio de Janeiro, mas conversamos com ela em um caf\u00e9 em S\u00e3o Paulo \u2013 entrevista ao vivo, cara a cara, \u00e9 quase algo vintage depois da pandemia. Com certa timidez, ela fala com maturidade sobre seu trabalho e conta com orgulho todos os processos e caminhos que a levaram ao lan\u00e7amento de seu primeiro EP. Com sua pouca idade, Tontom \u00e9 fruto dessa experi\u00eancia maluca que foi crian\u00e7as e adolescentes vivendo uma pandemia mundial, tanto que foi durante o isolamento social que ela se dedicou ainda mais as suas can\u00e7\u00f5es e composi\u00e7\u00f5es. Ali\u00e1s, o sucesso viral de \u201cTontom Perigosa\u201d e de seu ep \u201cMania 2000\u201d apenas refor\u00e7am que essa nova gera\u00e7\u00e3o \u00e9 m\u00faltipla e aberta a diferentes formatos e possibilidades, al\u00e9m de qualquer caixinha que os mais velhos tentam encaixar.<\/p>\n<p style=\"text-align: justify;\">No papo com o Scream &amp; Yell, Tontom falou sobre suas can\u00e7\u00f5es, sobre fam\u00edlia, sobre refer\u00eancias e sobre seus projetos. Confira a entrevista na \u00edntegra abaixo:<\/p>\n<p><iframe loading=\"lazy\" title=\"Tontom: Tontom Perigosa\" width=\"747\" height=\"420\" src=\"https:\/\/www.youtube.com\/embed\/4zkQKGJhyWE?list=PLBaFBw3hbtD09khIwHREBj3gYHjHrNq8n\" frameborder=\"0\" allow=\"accelerometer; autoplay; clipboard-write; encrypted-media; gyroscope; picture-in-picture; web-share\" referrerpolicy=\"strict-origin-when-cross-origin\" allowfullscreen><\/iframe><\/p>\n<p style=\"text-align: justify;\"><strong>Para come\u00e7ar, queria que voc\u00ea falasse um pouco sobre a sua forma\u00e7\u00e3o, porque voc\u00ea \u00e9 muito jovem, mas voc\u00ea j\u00e1 tem um trabalho art\u00edstico que vem de alguns anos e eu queria entender um pouco como que voc\u00ea entrou nesse universo e como foi essa primeira fase antes do lan\u00e7amento musical.<\/strong><br \/>\nComecei a fazer aula de piano quando eu tinha uns 7 anos de idade e nessa \u00e9poca, mais ou menos, eu j\u00e1 fazia Tabladinho tamb\u00e9m, que \u00e9 um curso de teatro no Rio. Enfim, tive alguns altos e baixos, entrei e sa\u00ed algumas vezes \u2013 n\u00e3o altos e baixos no quesito de bons e ruins, mas no sentido de que entrei e sa\u00ed algumas vezes s\u00f3 \u2013, mas com 11 anos comecei a fazer aula de canto com a F\u00e1tima Regina, que foi a preparadora vocal de uma pe\u00e7a que eu fiz que se chama \u201cAlice no Pa\u00eds da Internet\u201d, com a minha m\u00e3e e com a minha irm\u00e3. E a\u00ed a gente se conheceu l\u00e1, eu j\u00e1 tinha muita vontade de fazer aula de canto e pedi pros meus pais, eles super apoiaram e comecei a fazer. Na pandemia, comecei a estudar mais isso, me aprofundar nos estudos, aprendi a tocar viol\u00e3o, guitarra, me aprofundei no piano, na voz e fiquei muito focada, absorvendo muita coisa. E depois de um tempo, percebi que eu estava precisando colocar pra fora tudo aquilo que eu tinha absorvido e comecei a tentar compor, tentar escrever minhas pr\u00f3prias m\u00fasicas. E foi um processo, mas depois de um tempo tentando, as m\u00fasicas come\u00e7aram a sair.<\/p>\n<p style=\"text-align: justify;\"><strong>Voc\u00ea tinha que idade quando come\u00e7aram a surgir essas primeiras composi\u00e7\u00f5es?<\/strong><br \/>\nMais ou menos uns 14, 15&#8230;<\/p>\n<p style=\"text-align: justify;\"><strong>A gente ainda estava na pandemia, n\u00e9?<\/strong><br \/>\nJ\u00e1.<\/p>\n<p style=\"text-align: justify;\"><strong>Como foi esse processo da pandemia pra voc\u00ea? Eu imagino que tenha sido uma outra experi\u00eancia, voc\u00ea devia estar na escola, todos esses projetos, essas coisas parando.<\/strong><br \/>\nTotal. Foi um per\u00edodo dif\u00edcil, imagino que pra todo mundo, mas acho que depois de um tempo eu ressignifiquei todo o tempo que eu tinha em casa sozinha, sabe? Comecei a perceber que isso poderia ser material de estudo pra mim e talvez um tempo que eu n\u00e3o teria de novo pra focar e mergulhar tanto nesse universo.<\/p>\n<p style=\"text-align: justify;\"><strong>Entendo. Uma das coisas do seu EP (que chamam a aten\u00e7\u00e3o) \u00e9 que ele tem muitas refer\u00eancias que s\u00e3o mais antigas, e que \u00e0s vezes as pessoas n\u00e3o relacionam a algu\u00e9m t\u00e3o jovem. E eu queria entender um pouco o que s\u00e3o as coisas que te formaram pra chegar nesse EP, o que voc\u00ea estava ouvindo, o que voc\u00ea estava vendo, lendo?<\/strong><br \/>\nAcredito que todas essas coisas ajudam a formatar o que eu fa\u00e7o. Eu sempre escutei muito Beatles, mas acho que na pandemia tamb\u00e9m foi o momento em que comecei a entender mais e mais e comecei a estudar um pouco da m\u00fasica daquela \u00e9poca. A gente estava falando do Bob Dylan ontem tamb\u00e9m, que \u00e9 uma pessoa que tamb\u00e9m me inspira muito nessa \u00e1rea do folk, que eu acho que tem muito a ver com o meu som. Quem mais? Stevie Wonder, at\u00e9 Queen. De bandas mais atuais tem o Mac DeMarco, que \u00e9 um artista mais esquisito, de certa forma, mas que me inspira tamb\u00e9m. A pr\u00f3pria Billie Eilish. Tenho vontade de explorar mais esses lados n\u00e3o t\u00e3o \u00f3bvios, sabe? Como Connan Mockasin tamb\u00e9m. Tenho vontade de criar a minha pr\u00f3pria identidade. Acho que isso \u00e9 uma coisa que vem surgindo de uma forma muito natural e que j\u00e1 \u00e9 n\u00edtida no EP, mas sempre tive esse desejo natural de sair do \u00f3bvio.<\/p>\n<p style=\"text-align: justify;\"><strong>Sim. E pra chegar nesse processo de lan\u00e7ar o EP, qual foi o caminho que voc\u00ea passou? Quando voc\u00ea sentiu que era o momento certo de gravar essas can\u00e7\u00f5es?<\/strong><br \/>\nEu as escrevi em 2022, a maioria, e comecei a mostrar para as pessoas aos poucos. Eu tinha um certo receio de expor, no in\u00edcio, porque, de certa forma, s\u00e3o (can\u00e7\u00f5es) muito pessoais. E eu acho que qualquer processo criativo \u00e9 uma coisa que d\u00e1 um friozinho na barriga. Mas comecei a mostrar para as pessoas que mais confio e todo mundo gostava, sempre tive uma resposta muito positiva. E quando eu escrevi, eu n\u00e3o necessariamente tinha em mente lan\u00e7ar logo. Mas as pessoas iam falando e eu tamb\u00e9m tinha o desejo de trabalhar com m\u00fasica. A minha irm\u00e3 Raquel [Dimantas], que j\u00e1 \u00e9 do meio, ela tem um \u00e1lbum chamado \u201c8 Hits!\u201d, e ela \u00e9 muito amiga do Guilherme L\u00edrio, que foi quem produziu o meu EP. Ela fez essa ponte e foi uma uni\u00e3o perfeita. Acho que n\u00e3o poderia ter sido outra pessoa para me ajudar com isso, mas foi um processo longo de amadurecimento das ideias at\u00e9 eu ter certeza de que eu queria expor isso pro mundo.<\/p>\n<p style=\"text-align: justify;\"><strong>Imagino que esse processo de expor \u00e9 tamb\u00e9m se colocar meio vulner\u00e1vel para que os outros olhem o que voc\u00ea est\u00e1 criando de uma forma muito pessoal. E imagino que, como voc\u00ea j\u00e1 tem uma fam\u00edlia que vem de um universo art\u00edstico, essa exposi\u00e7\u00e3o j\u00e1 \u00e9 algo meio presente, mas pode ser uma experi\u00eancia diferente. E a\u00ed queria entender como foi pra voc\u00ea esse processo de disponibilizar as m\u00fasicas. Voc\u00ea divulgou nas suas redes, tentando criar o seu universo, o seu repert\u00f3rio. Voc\u00ea tinha algum receio, algum medo na hora de lan\u00e7ar essas can\u00e7\u00f5es?<\/strong><br \/>\nAcho que esse receio sempre existe. No caminho da produ\u00e7\u00e3o, at\u00e9 lan\u00e7ar, sempre tiveram altos e baixos, momentos em que eu amava tudo e momentos em que eu odiava tudo, momentos em que eu acreditava muito que ia dar certo e momentos que eu achava que ningu\u00e9m ia ouvir. Mas eu j\u00e1 estava muito confiante com tudo que eu tinha feito quando lancei. E acostumada. Como foi um longo processo, eu tive bastante tempo para pensar. Lancei no momento perfeito, porque se passasse mais um pouco talvez n\u00e3o fizesse mais sentido, e se fosse antes demais seria muito cedo pra mim. Sinto que eu estava nesse momento ideal de muito amor e paix\u00e3o pelo que eu tinha feito, mesmo se bombasse ou se ningu\u00e9m escutasse.<\/p>\n<p style=\"text-align: justify;\"><strong>\u00c9 interessante que nesse processo as pessoas \u00e0s vezes relacionam muito voc\u00ea e a sua m\u00e3e pela figura que ela \u00e9 no imagin\u00e1rio popular do Brasil, mas \u00e9 curioso que voc\u00ea tenha chegado, por causa das redes sociais, em um outro p\u00fablico que descobre depois quem \u00e9 a sua m\u00e3e. Tanto que a gente tem visto v\u00e1rias montagens que, por exemplo, colocam a imagem de \u201cO Di\u00e1rio de Tati\u201d junto da m\u00fasica \u201cTontom Perigosa\u201d, e \u00e0s vezes as pessoas n\u00e3o relacionam necessariamente que ela \u00e9 a sua m\u00e3e. Como foi para voc\u00ea essa sensa\u00e7\u00e3o de conseguir fazer com que o seu trabalho tamb\u00e9m chegasse nas pessoas por um outro caminho?<\/strong><br \/>\nEu acho muito legal, maravilhoso. Porque eu tenho muita vontade de seguir esse caminho por mim, pela imagem que eu crio, pelas m\u00fasicas que eu crio, sem necessariamente ser vinculada \u00e0 minha m\u00e3e, que obviamente \u00e9 uma pessoa que me ajuda muito em v\u00e1rios aspectos, mas eu tenho muita vontade de criar o meu p\u00fablico. Independente dela. Somos duas pessoas diferentes, duas artistas diferentes. Ent\u00e3o \u00e9 muito legal ver o p\u00fablico se identificando comigo e com a minha arte, independente dela.<\/p>\n<p style=\"text-align: justify;\"><strong>Nesse mesmo universo, como \u00e9 para voc\u00ea essa rela\u00e7\u00e3o com as redes sociais? Hoje em dia sua m\u00e3e e sua irm\u00e3 usam mais essa coisa de expor experi\u00eancias cotidianas de voc\u00eas. E as redes sociais foram um ponto importante para que voc\u00ea chegasse, com um trabalho que \u00e9 independente, em outros p\u00fablicos que \u00e0s vezes talvez voc\u00ea n\u00e3o tivesse chegado por caminhos mais formais&#8230;<\/strong><br \/>\nSim. Sou mais reservada que minha m\u00e3e e que minha irm\u00e3 em rela\u00e7\u00e3o \u00e0 minha vida pessoal. Me exponho menos, de certa forma. Sempre mantive uma imagem minha na rede social e uma imagem minha na vida real. E venho entendendo cada vez mais a import\u00e2ncia de voc\u00ea se expor tamb\u00e9m e mostrar um pouco de quem voc\u00ea \u00e9 pro seu p\u00fablico, at\u00e9 para voc\u00ea atrair quem \u00e9 semelhante. Acho que como a minha arte \u00e9 muito feita por mim e pra mim, eu acho que as pessoas que escutam tamb\u00e9m se identificariam com quem eu sou, de certa forma, e \u00e9 quem eu quero que se identifique. Ent\u00e3o, com o tempo, fui tomando coragem para postar, at\u00e9 porque \u00e9 uma coisa que eu quero fazer acontecer. E a vontade de fazer acontecer \u00e9 maior do que qualquer vergonha ou medo de se expor. E eu acho que foi acontecendo&#8230;<\/p>\n<p style=\"text-align: justify;\"><strong>De alguma forma, a sua m\u00fasica chegou em playlists e lugares que, geralmente, s\u00e3o ocupados por artistas que fazem algum investimento financeiro muito alto naquilo. E a sua m\u00fasica conseguiu chegar atrav\u00e9s da viraliza\u00e7\u00e3o. Qual foi a sensa\u00e7\u00e3o de ver a sua m\u00fasica ocupando esse espa\u00e7o?<\/strong><br \/>\nFoi uma surpresa muito grande, um choque, porque, como voc\u00ea falou, foi tudo de uma forma muito org\u00e2nica. Tanto no Spotify quanto nas redes sociais. N\u00e3o teve tr\u00e1fego pago, nem nenhum dinheiro investido na viraliza\u00e7\u00e3o da m\u00fasica. Ent\u00e3o, foi um choque, primeiramente, da forma mais positiva poss\u00edvel. Eu estava indo dormir, e peguei o celular pra ver as playlists que haviam inclu\u00eddo minhas m\u00fasicas, porque no aplicativo do Spotify para artistas voc\u00ea consegue ter acesso a essas playlists. E uma delas era uma playlist do Spotify. Fiquei assim \u201cu\u00e9, playlist do Spotify? Ser\u00e1 que \u00e9 daquelas que o algoritmo faz? Sei l\u00e1\u201d. Entrei pra ver, e \u201cTontom Perigosa\u201d estava tipo primeiro lugar. Fiquei tipo \u201cgente, que estranho, o que ser\u00e1 que \u00e9 isso?\u201d. Comecei a perguntar para as pessoas e percebi mesmo que estava no top virais das m\u00fasicas do Spotify. E foi louco. Fiquei muito feliz, muito surpresa.<\/p>\n<figure id=\"attachment_82423\" aria-describedby=\"caption-attachment-82423\" style=\"width: 750px\" class=\"wp-caption aligncenter\"><img decoding=\"async\" loading=\"lazy\" class=\"size-full wp-image-82423\" src=\"https:\/\/screamyell.com.br\/site\/wp-content\/uploads\/2024\/07\/Capa-Mania-Final-copiar-Copia.jpg\" alt=\"\" width=\"750\" height=\"752\" srcset=\"https:\/\/screamyell.com.br\/site\/wp-content\/uploads\/2024\/07\/Capa-Mania-Final-copiar-Copia.jpg 750w, https:\/\/screamyell.com.br\/site\/wp-content\/uploads\/2024\/07\/Capa-Mania-Final-copiar-Copia-300x300.jpg 300w, https:\/\/screamyell.com.br\/site\/wp-content\/uploads\/2024\/07\/Capa-Mania-Final-copiar-Copia-150x150.jpg 150w\" sizes=\"(max-width: 750px) 100vw, 750px\" \/><figcaption id=\"caption-attachment-82423\" class=\"wp-caption-text\"><em>Capa de &#8220;Mania 2000&#8221;<\/em><\/figcaption><\/figure>\n<p style=\"text-align: justify;\"><strong>Voc\u00ea vem de um background que tamb\u00e9m inclui o teatro e voc\u00ea tem experi\u00eancias de cinema, a preocupa\u00e7\u00e3o visual tamb\u00e9m \u00e9 uma quest\u00e3o importante para voc\u00ea. Ent\u00e3o eu vejo que ali no EP tem uma constru\u00e7\u00e3o est\u00e9tica muito clara, que dialoga com essa coisa da virada do s\u00e9culo, in\u00edcio dos anos 2000. Como \u00e9 esse cuidado est\u00e9tico para voc\u00ea, como foi pensar na capa do EP e em todas as imagens que comp\u00f5em esse universo?<\/strong><br \/>\nFoi um processo que fiz muito com a minha irm\u00e3, Raquel Dimantas, que foi a diretora art\u00edstica desse meu lan\u00e7amento. Ela fez as capas e os visualizers. A gente teve as ideias juntas. Ent\u00e3o foi muito uma troca minha com ela, pesquisando refer\u00eancias em Pinterest, por exemplo. A gente tinha essa ideia dos anos 2000 e foi meio que encaixando outras ideias. Ela lembrou de um amigo dela que coleciona celulares Nokia antigos e em v\u00e1rias das minhas refer\u00eancias tinham telas que eram divididas em v\u00e1rios peda\u00e7os diferentes. Tipo telas pol\u00edpticas, que s\u00e3o divididas em v\u00e1rios quadradinhos. E a\u00ed a gente come\u00e7ou a pensar nessas ideias que se relacionam muito com os anos 2000 e artistas dessa \u00e9poca tamb\u00e9m. A gente fez uma pesquisa sobre isso e foi transformando em uma coisa aut\u00eantica e nossa.<\/p>\n<p style=\"text-align: justify;\"><strong>Para uma parcela do p\u00fablico voc\u00ea \u00e9 conhecida por ter trabalhado com a Xuxa no mais recente filme dela. Como foi essa experi\u00eancia de cinema pra voc\u00ea? Entendo que tenha sido um outro processo muito diferente, ainda mais ao lado da Xuxa.<\/strong><br \/>\nPois \u00e9, um processo totalmente diferente. At\u00e9 porque foi uma produ\u00e7\u00e3o muito maior do que a produ\u00e7\u00e3o do meu EP. O meu EP \u00e9 uma coisa totalmente minha, que eu fiz acontecer de certa forma e idealizei tudo. E o filme da Xuxa, eu era tipo uma das partes de uma produ\u00e7\u00e3o gigantesca. Foi muito legal trabalhar no cinema. \u00c9 incr\u00edvel, tanto que depois eu continuei fazendo aula de teatro, muito por causa do filme tamb\u00e9m, que surgiu meio que de uma maneira inesperada. Anos atr\u00e1s eu tinha feito um teste com a mesma diretora deste filme. Anos atr\u00e1s mesmo, eu tinha uns 11 anos. E ela anotou o meu nome. Eu n\u00e3o passei pra aquele teste, mas ela gostou muito de mim e depois foi me procurar. E a\u00ed eu refiz o teste e fui passando, passando, passando, passando, at\u00e9 que eu passei pra fazer o filme. E eu estava meio afastada da atua\u00e7\u00e3o na \u00e9poca em que eu passei pra esse filme. Ent\u00e3o, eu era a protagonista de um filme grande com a Xuxa. \u00c9 uma impress\u00e3o diferente. Mas, ao mesmo tempo, muito gostosa e eu fui muito bem recebida. Eu tenho um carinho muito grande por esse filme e por esse trabalho tamb\u00e9m. Apesar de ser algo menos autoral&#8230;<\/p>\n<p style=\"text-align: justify;\"><strong>Voc\u00ea \u00e9 jovem e est\u00e1 lan\u00e7ando o EP. Voc\u00ea tem um trabalho de atriz. Em que momento voc\u00ea est\u00e1 da sua vida profissional? Voc\u00ea terminou a escola? O que voc\u00ea pretende fazer? Quais s\u00e3o as suas ideias agora de futuro?<\/strong><br \/>\nEstou terminando a escola esse ano e eu tenho muita vontade de seguir nesse caminho, lan\u00e7ar o meu primeiro disco e crescer no mundo da m\u00fasica, entendendo mais como essa ind\u00fastria funciona, porque ela \u00e9 cheia de camadas. E ainda estou no in\u00edcio. Ent\u00e3o, o meu plano \u00e9 seguir com isso at\u00e9 que um dia eu possa viver tranquilamente da arte que eu fa\u00e7o.<\/p>\n<p style=\"text-align: justify;\"><strong>E do lado de atriz, voc\u00ea tamb\u00e9m pretende seguir?<\/strong><br \/>\nN\u00e3o estou focando tanto nesse momento no lado atriz, principalmente porque acabei de lan\u00e7ar esse primeiro EP. Mas a atua\u00e7\u00e3o \u00e9 uma coisa que sempre acaba voltando pra mim de alguma forma. Esse ano eu parei de fazer aula de teatro, mas pretendo voltar em algum momento tamb\u00e9m. Porque \u00e9 algo que me ajuda muito tamb\u00e9m na parte perform\u00e1tica da m\u00fasica. E tamb\u00e9m porque \u00e9 um lugar que eu tenho muito carinho.<\/p>\n<p style=\"text-align: justify;\"><strong>Voc\u00ea falou isso da performance e como est\u00e1 a expectativa de fazer shows, de poder circular com o seu trabalho. Vi que voc\u00ea cantou no Doming\u00e3o do Hulk, uma homenagem pra sua m\u00e3e. Imagino que foi uma experi\u00eancia um pouco assustadora, n\u00e3o?<\/strong><br \/>\n\u00c9, pois \u00e9, uma ansiedade estar l\u00e1. Mas uma das coisas que eu mais amo \u00e9 estar no palco. Ent\u00e3o bate aquele nervosismo, at\u00e9 porque eu estava h\u00e1 um tempo sem fazer show. Mas \u00e9 muito louco como esse nervosismo e essa ansiedade se transformam no momento em que voc\u00ea entra no palco e est\u00e1 em contato com o p\u00fablico. Ent\u00e3o antes de entrar eu estava tipo \u201cmeu Deus, quando eu entrar, o Brasil inteiro vai me ver\u201d, mas depois que voc\u00ea entra e, sei l\u00e1, a alma enche mesmo. Me nutre.<\/p>\n<p style=\"text-align: justify;\"><strong>Sim. E a\u00ed voc\u00ea tem expectativa de fazer shows, de montar um espet\u00e1culo espec\u00edfico do \u201cMania 2000\u201d?<\/strong><br \/>\nTenho, tenho. J\u00e1 estou come\u00e7ando a planejar esses shows que v\u00e3o acontecer em breve. A primeira data \u00e9 dia 28 de julho, na Audio Rebel, no Rio. Vou come\u00e7ar a divulgar outras datas logo. Mas os shows s\u00e3o os pr\u00f3ximos passos, eu estou muito animada.<\/p>\n<p><img decoding=\"async\" loading=\"lazy\" class=\"alignnone size-full wp-image-82422\" src=\"https:\/\/screamyell.com.br\/site\/wp-content\/uploads\/2024\/07\/tontom-08050-copiar-Copia-Copia.jpg\" alt=\"\" width=\"750\" height=\"1122\" srcset=\"https:\/\/screamyell.com.br\/site\/wp-content\/uploads\/2024\/07\/tontom-08050-copiar-Copia-Copia.jpg 750w, https:\/\/screamyell.com.br\/site\/wp-content\/uploads\/2024\/07\/tontom-08050-copiar-Copia-Copia-201x300.jpg 201w\" sizes=\"(max-width: 750px) 100vw, 750px\" \/><\/p>\n<p style=\"text-align: justify;\"><em>\u2013\u00a0<a href=\"https:\/\/www.facebook.com\/renan.machadoguerra\" target=\"_blank\" rel=\"noopener noreferrer\">Renan Guerra<\/a>\u00a0\u00e9 jornalista<\/em>\u00a0e<em>\u00a0escreve para o Scream &amp; Yell desde 2014. Faz parte do\u00a0<a href=\"http:\/\/vamosfalarsobremusica.com.br\/\" target=\"_blank\" rel=\"noopener\" data-saferedirecturl=\"https:\/\/www.google.com\/url?q=http:\/\/vamosfalarsobremusica.com.br\/&amp;source=gmail&amp;ust=1630729890879000&amp;usg=AFQjCNGttyQx5OWOAKRyi7iGq8E4oacvuw\">Podcast Vamos Falar Sobre M\u00fasica<\/a>\u00a0e colabora com o\u00a0<a href=\"https:\/\/monkeybuzz.com.br\/\" target=\"_blank\" rel=\"noopener\" data-saferedirecturl=\"https:\/\/www.google.com\/url?q=https:\/\/monkeybuzz.com.br\/&amp;source=gmail&amp;ust=1630729890879000&amp;usg=AFQjCNFjG1FOw9vBGrawiUhocH4mshwTtw\">Monkeybuzz<\/a>\u00a0e a\u00a0<a href=\"https:\/\/revistabalaclava.com\/\" target=\"_blank\" rel=\"noopener\" data-saferedirecturl=\"https:\/\/www.google.com\/url?q=https:\/\/revistabalaclava.com\/&amp;source=gmail&amp;ust=1630729890879000&amp;usg=AFQjCNFqHswo4qEcyg8fw9VPM8IWsRH5oQ\">Revista Balaclava<\/a>.\u00a0<\/em><\/p>\n","protected":false},"excerpt":{"rendered":"Tontom tem uma caracter\u00edstica peculiar, diferente de muitos jovens que acham que tudo foi inventado depois do ano 2000, ela j\u00e1 traz na bagagem refer\u00eancias diversas que v\u00e3o dos Beatles \u00e0 Rita Lee\n<a class=\"moretag\" href=\"https:\/\/screamyell.com.br\/site\/2024\/07\/10\/entrevista-com-17-anos-e-um-viral-no-tiktok-tontom-lanca-ep-buscando-ir-alem\/\"> [...]<\/a>","protected":false},"author":3,"featured_media":82421,"comment_status":"open","ping_status":"open","sticky":false,"template":"","format":"standard","meta":[],"categories":[3],"tags":[7288],"_links":{"self":[{"href":"https:\/\/screamyell.com.br\/site\/wp-json\/wp\/v2\/posts\/82416"}],"collection":[{"href":"https:\/\/screamyell.com.br\/site\/wp-json\/wp\/v2\/posts"}],"about":[{"href":"https:\/\/screamyell.com.br\/site\/wp-json\/wp\/v2\/types\/post"}],"author":[{"embeddable":true,"href":"https:\/\/screamyell.com.br\/site\/wp-json\/wp\/v2\/users\/3"}],"replies":[{"embeddable":true,"href":"https:\/\/screamyell.com.br\/site\/wp-json\/wp\/v2\/comments?post=82416"}],"version-history":[{"count":2,"href":"https:\/\/screamyell.com.br\/site\/wp-json\/wp\/v2\/posts\/82416\/revisions"}],"predecessor-version":[{"id":82425,"href":"https:\/\/screamyell.com.br\/site\/wp-json\/wp\/v2\/posts\/82416\/revisions\/82425"}],"wp:featuredmedia":[{"embeddable":true,"href":"https:\/\/screamyell.com.br\/site\/wp-json\/wp\/v2\/media\/82421"}],"wp:attachment":[{"href":"https:\/\/screamyell.com.br\/site\/wp-json\/wp\/v2\/media?parent=82416"}],"wp:term":[{"taxonomy":"category","embeddable":true,"href":"https:\/\/screamyell.com.br\/site\/wp-json\/wp\/v2\/categories?post=82416"},{"taxonomy":"post_tag","embeddable":true,"href":"https:\/\/screamyell.com.br\/site\/wp-json\/wp\/v2\/tags?post=82416"}],"curies":[{"name":"wp","href":"https:\/\/api.w.org\/{rel}","templated":true}]}}