{"id":82359,"date":"2024-07-04T12:28:00","date_gmt":"2024-07-04T15:28:00","guid":{"rendered":"https:\/\/screamyell.com.br\/site\/?p=82359"},"modified":"2024-08-22T01:38:52","modified_gmt":"2024-08-22T04:38:52","slug":"apca-escolhe-os-25-melhores-discos-do-primeiro-semestre-de-2024","status":"publish","type":"post","link":"https:\/\/screamyell.com.br\/site\/2024\/07\/04\/apca-escolhe-os-25-melhores-discos-do-primeiro-semestre-de-2024\/","title":{"rendered":"APCA escolhe os 25 melhores discos do primeiro semestre de 2024"},"content":{"rendered":"<p style=\"text-align: justify;\">Encerrado o primeiro semestre, o j\u00fari de Musica Popular da Associa\u00e7\u00e3o Paulista dos Cr\u00edticos de Arte (APCA) se reuniu para selecionar os melhores 25 discos do per\u00edodo numa vota\u00e7\u00e3o que contou com a participa\u00e7\u00e3o de <a href=\"https:\/\/www.instagram.com\/dribarrosreal\/\" target=\"_blank\" rel=\"noopener\">Adriana de Barros<\/a> (TV Cultura e Mistura Cultural), <a href=\"https:\/\/trabalhosujo.com.br\/eis-os-melhores-de-2023-na-categoria-musica-popular-segundo-a-apca\/\" target=\"_blank\" rel=\"noopener\">Alexandre Matias <\/a>(Trabalho Sujo), <a href=\"https:\/\/www.instagram.com\/noacapelas\/\" target=\"_blank\" rel=\"noopener\">Bruno Capelas<\/a> (Programa de Indie), <a href=\"https:\/\/www.instagram.com\/bateestaca\/\" target=\"_blank\" rel=\"noopener\">Camilo Rocha <\/a>(Bate Estaca), <a href=\"https:\/\/www.instagram.com\/cleberfacchi\/\" target=\"_blank\" rel=\"noopener\">Cleber Facchi<\/a> (M\u00fasica Instant\u00e2nea e Podcast VFSM), <a href=\"https:\/\/www.instagram.com\/felipemachado_oficial\/\" target=\"_blank\" rel=\"noopener\">Felipe Machado<\/a> (Isto\u00c9) <a href=\"https:\/\/www.instagram.com\/guiwerneck\/\" target=\"_blank\" rel=\"noopener\">Guilherme Werneck<\/a> (Canal Meio e Ladrilho Hidr\u00e1ulico) <a href=\"https:\/\/www.instagram.com\/jnflesch\/\" target=\"_blank\" rel=\"noopener\">Jos\u00e9 Norberto Flesch<\/a> (Canal do Flesch),\u00a0<a href=\"https:\/\/www.instagram.com\/screamyell\/\" target=\"_blank\" rel=\"noopener\">Marcelo Costa<\/a> (Scream &amp; Yell),\u00a0<a href=\"https:\/\/www.instagram.com\/poantunes\/\" target=\"_blank\" rel=\"noopener\">Pedro Antunes<\/a> (Estado de S\u00e3o Paulo)\u00a0e\u00a0<a href=\"https:\/\/www.instagram.com\/poroaberto\/\" target=\"_blank\" rel=\"noopener\">P\u00e9rola Mathias<\/a> (Poro Aberto e Resenhas Mi\u00fadas).<\/p>\n<p style=\"text-align: justify;\">&#8220;Mais do que apenas eleger os trabalhos mais interessantes lan\u00e7ados neste primeiro semestre movimentado, a lista reflete uma variedade de estilos, g\u00eaneros e vis\u00f5es sobre a forma de fazer m\u00fasica no Brasil neste s\u00e9culo XXI, do jazz ao rap, do funk ao rock, passando pelas formas mais tradicionais da can\u00e7\u00e3o brasileira&#8221;, destaca o jornalista Bruno Capelas. &#8220;A pluralidade tamb\u00e9m se reflete no fato de que a lista contempla artistas de diferentes origens do Pa\u00eds, trajet\u00f3rias e faixas et\u00e1rias, em uma amostra da vitalidade da produ\u00e7\u00e3o nacional neste momento \u2013 e olha que ainda temos todo um semestre pela frente!&#8221;, completa<\/p>\n<p style=\"text-align: justify;\">No come\u00e7o de 2025, a APCA divulgar\u00e1 uma segunda lista com os 25 melhores discos do segundo semestre (somando os 50 discos do ano) e, ainda, uma lista com os indicados em outras categorias da premia\u00e7\u00e3o (Show, Artista do Ano, Artista Revela\u00e7\u00e3o, entre outros). Confira abaixo os 25 discos escolhidos (em ordem alfab\u00e9tica) do primeiro semestre pelos cr\u00edticos (<a href=\"https:\/\/screamyell.com.br\/site\/2024\/01\/30\/apca-elege-os-melhores-de-2023-em-nove-categorias\/\" target=\"_blank\" rel=\"noopener\">e aqui os vencedores de 2023<\/a>).<\/p>\n<p style=\"text-align: justify;\">Ps. O editor do Scream &amp; Yell, Marcelo Costa, tamb\u00e9m divulgou o seu Top 40 pessoal (20 discos nacionais e 20 discos internacionais) al\u00e9m dos 15 shows mais marcantes do primeiro semestre. <a href=\"https:\/\/screamyell.com.br\/site\/2024\/07\/01\/listinha-do-editor-40-discos-e-15-shows-favoritos-do-primeiro-semestre\/\">Tudo aqui<\/a>.<\/p>\n<p style=\"text-align: center;\"><strong>TOP 25 DISCOS DA APCA &#8211; PRIMEIRO SEMESTRE 2024<\/strong><\/p>\n<p style=\"text-align: justify;\">Amaro Freitas \u2013 \u201c<a href=\"https:\/\/open.spotify.com\/intl-pt\/album\/6uau7dao159A94pxtGIoMj\" target=\"_blank\" rel=\"noopener\">Y&#8217;Y<\/a>\u201d (Psychic Hotline)<br \/>\nBeb\u00e9 \u2013 \u201c<a href=\"https:\/\/open.spotify.com\/intl-pt\/album\/78EDQWddL1J80CnDO9w5T3\" target=\"_blank\" rel=\"noopener\">Salve-se!<\/a>\u201d (Coala Records)<br \/>\nBlack Pantera \u2013 \u201c<a href=\"https:\/\/open.spotify.com\/intl-pt\/track\/2OIkwlfcRxzsAAX6CbIyYx\" target=\"_blank\" rel=\"noopener\">Perp\u00e9tuo<\/a>\u201d (Deck)<br \/>\nC\u00e1tia de Fran\u00e7a \u2013 \u201c<a href=\"https:\/\/open.spotify.com\/intl-pt\/album\/4gYVttpxy9hYycFdT3uaWI\" target=\"_blank\" rel=\"noopener\">No Rastro de Catarina<\/a>\u201d (Independente)<br \/>\nC\u00e9u \u2013 \u201c<a href=\"https:\/\/open.spotify.com\/intl-pt\/album\/7n5kZhxjk76GU7ssMkgjOd\" target=\"_blank\" rel=\"noopener\">Novela<\/a>\u201d (Urban Jungle)<br \/>\nChico Bernardes \u2013 \u201c<a href=\"https:\/\/open.spotify.com\/intl-pt\/album\/7uk23fLdxYyrN9j3EAaLl2\" target=\"_blank\" rel=\"noopener\">Outros Fios<\/a>\u201d (Independente)<br \/>\nChico Cesar e Zeca Baleiro \u2013 \u201c<a href=\"https:\/\/open.spotify.com\/intl-pt\/album\/1UwTMohdeycHtJFsRJ4nCY\" target=\"_blank\" rel=\"noopener\">Ao Arrepio da Lei<\/a>\u201d (Sarav\u00e1 Discos \/ Chita Produ\u00e7\u00f5es)<br \/>\nCrizin da Z.O. \u2013 \u201c<a href=\"https:\/\/open.spotify.com\/intl-pt\/album\/5ggVUSkR8gbz24uJSxQOLD\" target=\"_blank\" rel=\"noopener\">Acelero<\/a>\u201d (QTV)<br \/>\nDuda Beat \u2013 \u201c<a href=\"https:\/\/open.spotify.com\/intl-pt\/album\/6Qj13mDyBZod5IYTUbTLOp\" target=\"_blank\" rel=\"noopener\">Tara e Tal<\/a>\u201d (Universal Music)<br \/>\nFresno \u2013 \u201c<a href=\"https:\/\/open.spotify.com\/intl-pt\/album\/4LketVVipjzizVzYqTojSE\" target=\"_blank\" rel=\"noopener\">Eu Nunca Fui Embora &#8211; Parte 1<\/a>\u201d (Elemess)<br \/>\nHermeto Pascoal \u2013 \u201c<a href=\"https:\/\/open.spotify.com\/intl-pt\/album\/5zMdCuMOOewJquA1lx4w04\" target=\"_blank\" rel=\"noopener\">Pra voc\u00ea, Ilza<\/a>\u201d (Rocinante)<br \/>\nJosyara \u2013 \u201c<a href=\"https:\/\/open.spotify.com\/intl-pt\/album\/6GAQFUj5yXIUmyhz6qIzy3\" target=\"_blank\" rel=\"noopener\">Mandinga Multiplica\u00e7\u00e3o &#8211; Josyara Canta Timbalada<\/a>\u201d (Deck)<br \/>\nJunio Barreto \u2013 \u201c<a href=\"https:\/\/open.spotify.com\/intl-pt\/album\/5aKfzMHcOQN0DC6PMDigp5\" target=\"_blank\" rel=\"noopener\">O Sol e o Sal do Suor<\/a>\u201d (Samba Rock Discos)<br \/>\nKamau \u2013 \u201c<a href=\"https:\/\/open.spotify.com\/intl-pt\/album\/4bAbUUH5bndP2unEm1lwed\" target=\"_blank\" rel=\"noopener\">Document\u00e1rio<\/a>\u201d (Plano Audio)<br \/>\nLauiz \u2013 \u201c<a href=\"https:\/\/open.spotify.com\/intl-pt\/album\/0y2zFZVIG2H8eKUvCWjEYF\" target=\"_blank\" rel=\"noopener\">Perigo Imediato<\/a>\u201d (Matraca \/ YB)<br \/>\nLuiza Brina \u2013 \u201c<a href=\"https:\/\/open.spotify.com\/intl-pt\/album\/4sup6uVaOfKXif8cgFgB8E\" target=\"_blank\" rel=\"noopener\">Prece<\/a>\u201d (dobra discos)<br \/>\nN\u00e1 Ozzetti e Luiz Tatit \u2013 \u201c<a href=\"https:\/\/open.spotify.com\/intl-pt\/album\/4cPALGyBRwRkZgZsHMNbvQ\" target=\"_blank\" rel=\"noopener\">De Lua<\/a>\u201d (Circus)<br \/>\nNomade Orquestra \u2013 \u201c<a href=\"https:\/\/open.spotify.com\/intl-pt\/album\/4rdMTFqPBz2yHp0m8XN2oV\" target=\"_blank\" rel=\"noopener\">Terceiro Mundo<\/a>\u201d (Morning Birds Music \/ Nublu Recors)<br \/>\nPaula Cavalciuk \u2013 \u201c<a href=\"https:\/\/open.spotify.com\/intl-pt\/album\/7rNGPpACGpqhUtFdk6iPPV\" target=\"_blank\" rel=\"noopener\">Pangeia<\/a>\u201d (Independente)<br \/>\nSamuel Rosa \u2013 \u201c<a href=\"https:\/\/open.spotify.com\/intl-pt\/album\/6DV3tGb5DBxry07vXqQAng\" target=\"_blank\" rel=\"noopener\">Rosa<\/a>\u201d (Sam Music \/ Altafonte)<br \/>\nSelton \u2013 \u201c<a href=\"https:\/\/open.spotify.com\/intl-pt\/album\/5AbTL8zPjVsbHG0vZ9En5d\" target=\"_blank\" rel=\"noopener\">Gringo Vol. 1<\/a>\u201d (Universal)<br \/>\nSergio Krakowski Trio e Jards Macal\u00e9 \u2013 \u201c<a href=\"https:\/\/open.spotify.com\/intl-pt\/album\/25xR5Qi8e6fj2JfgoASd2c\" target=\"_blank\" rel=\"noopener\">Mascarada: Z\u00e9 K\u00e9ti<\/a>\u201d (Rocinante)<br \/>\nSilvia Machete \u2013 \u201c<a href=\"https:\/\/open.spotify.com\/intl-pt\/album\/7bvGHREN1g1gZWEnWyyyty\" target=\"_blank\" rel=\"noopener\">Invisible Woman<\/a>\u201d (Biscoito Fino)<br \/>\nSofia Freire \u2013 \u201c<a href=\"https:\/\/open.spotify.com\/intl-pt\/album\/08YInO2jLBRO87MJlJwlAS\" target=\"_blank\" rel=\"noopener\">Ponta da L\u00edngua<\/a>\u201d (Independente)<br \/>\nTaxidermia \u2013 \u201c<a href=\"https:\/\/open.spotify.com\/intl-pt\/album\/4ufLhNC8imTRP9xGALF9Vx\" target=\"_blank\" rel=\"noopener\">Vera Cruz Island<\/a>\u201d (Independente)<\/p>\n<p><img decoding=\"async\" loading=\"lazy\" class=\"alignnone size-full wp-image-82360\" src=\"https:\/\/screamyell.com.br\/site\/wp-content\/uploads\/2024\/07\/APCA_2024_1_750.jpg\" alt=\"\" width=\"750\" height=\"750\" srcset=\"https:\/\/screamyell.com.br\/site\/wp-content\/uploads\/2024\/07\/APCA_2024_1_750.jpg 750w, https:\/\/screamyell.com.br\/site\/wp-content\/uploads\/2024\/07\/APCA_2024_1_750-300x300.jpg 300w, https:\/\/screamyell.com.br\/site\/wp-content\/uploads\/2024\/07\/APCA_2024_1_750-150x150.jpg 150w\" sizes=\"(max-width: 750px) 100vw, 750px\" \/><\/p>\n<p><strong>Leia tamb\u00e9m:<\/strong><br \/>\n\u2013 Top 50 Discos da APCA:\u00a0<a href=\"https:\/\/screamyell.com.br\/site\/2017\/12\/01\/os-50-discos-de-2017-para-a-apca\/\" target=\"_blank\" rel=\"noopener\">2017<\/a>,\u00a0<a href=\"https:\/\/screamyell.com.br\/site\/2018\/11\/30\/os-50-discos-de-2018-para-a-apca\/\" target=\"_blank\" rel=\"noopener\">2018<\/a>,\u00a0<a href=\"https:\/\/screamyell.com.br\/site\/2019\/12\/08\/os-50-discos-nacionais-de-2019-para-a-apca\/\" target=\"_blank\" rel=\"noopener\">2019<\/a>,\u00a0<a href=\"https:\/\/screamyell.com.br\/site\/2020\/12\/22\/apca-anuncia-indicados-em-musica-2020\/\" target=\"_blank\" rel=\"noopener\">2020<\/a>,\u00a0<a href=\"https:\/\/screamyell.com.br\/site\/2021\/12\/20\/apca-revela-lista-com-50-melhores-albuns-brasileiros-de-2021\/\" target=\"_blank\" rel=\"noopener\">2021<\/a>,\u00a0<a href=\"https:\/\/screamyell.com.br\/site\/2022\/12\/19\/apca-escolhe-os-50-melhores-discos-de-2022\/\" target=\"_blank\" rel=\"noopener\">2022<\/a>\u00a0e\u00a0<a href=\"https:\/\/screamyell.com.br\/site\/2024\/01\/19\/os-50-discos-nacionais-de-2023-para-a-apca\/\" target=\"_blank\" rel=\"noopener\">2023<\/a><br \/>\n\u2013 Premiados APCA: <a href=\"https:\/\/screamyell.com.br\/site\/2012\/12\/11\/apca-elege-os-melhores-de-2012\/\" target=\"_blank\" rel=\"noopener\">2012<\/a>,\u00a0<a href=\"https:\/\/screamyell.com.br\/site\/2013\/12\/10\/apca-elege-os-melhores-de-2013\/\" target=\"_blank\" rel=\"noopener\">2013<\/a>, <a href=\"https:\/\/screamyell.com.br\/site\/2014\/12\/02\/apca-elege-os-melhores-de-2014\/\" target=\"_blank\" rel=\"noopener\">2014<\/a>, <a href=\"https:\/\/screamyell.com.br\/site\/2015\/12\/03\/apca-elege-os-melhores-de-2015\/\" target=\"_blank\" rel=\"noopener\">2015<\/a>, <a href=\"https:\/\/screamyell.com.br\/site\/2016\/12\/01\/apca-elege-os-melhores-de-2016\/\" target=\"_blank\" rel=\"noopener\">2016<\/a>, <a href=\"https:\/\/screamyell.com.br\/site\/2017\/12\/12\/apca-elege-os-melhores-de-2017\/\" target=\"_blank\" rel=\"noopener\">2017<\/a>, <a href=\"https:\/\/www.metroworldnews.com.br\/entretenimento\/2018\/12\/13\/apca-anuncia-os-melhores-de-2018-veja-lista-completa-de-vencedores.html\" target=\"_blank\" rel=\"noopener\">2018,<\/a> <a href=\"https:\/\/screamyell.com.br\/site\/2019\/12\/10\/apca-elege-os-melhores-de-2019-em-10-categorias\/\" target=\"_blank\" rel=\"noopener\">2019<\/a>, <a href=\"https:\/\/screamyell.com.br\/site\/2021\/01\/19\/apca-elege-os-melhores-de-2020-em-10-categorias\/\" target=\"_blank\" rel=\"noopener\">2020<\/a>, <a href=\"https:\/\/screamyell.com.br\/site\/2022\/02\/01\/apca-divulga-os-premiados-de-2021\/\" target=\"_blank\" rel=\"noopener\">2021<\/a>,\u00a0<a href=\"https:\/\/screamyell.com.br\/site\/2023\/02\/06\/apca-define-os-premiados-de-2022-em-10-categorias\/\" target=\"_blank\" rel=\"noopener\">2022<\/a> e <a href=\"https:\/\/screamyell.com.br\/site\/2024\/01\/30\/apca-elege-os-melhores-de-2023-em-nove-categorias\/\" target=\"_blank\" rel=\"noopener\">2023<\/a><\/p>\n","protected":false},"excerpt":{"rendered":"Encerrado o primeiro semestre, o j\u00fari de Musica Popular da Associa\u00e7\u00e3o Paulista dos Cr\u00edticos de Arte (APCA) se reuniu para selecionar os melhores 25 discos do per\u00edodo&#8230;\n<a class=\"moretag\" href=\"https:\/\/screamyell.com.br\/site\/2024\/07\/04\/apca-escolhe-os-25-melhores-discos-do-primeiro-semestre-de-2024\/\"> [...]<\/a>","protected":false},"author":2,"featured_media":82362,"comment_status":"open","ping_status":"open","sticky":false,"template":"","format":"standard","meta":[],"categories":[3],"tags":[380],"_links":{"self":[{"href":"https:\/\/screamyell.com.br\/site\/wp-json\/wp\/v2\/posts\/82359"}],"collection":[{"href":"https:\/\/screamyell.com.br\/site\/wp-json\/wp\/v2\/posts"}],"about":[{"href":"https:\/\/screamyell.com.br\/site\/wp-json\/wp\/v2\/types\/post"}],"author":[{"embeddable":true,"href":"https:\/\/screamyell.com.br\/site\/wp-json\/wp\/v2\/users\/2"}],"replies":[{"embeddable":true,"href":"https:\/\/screamyell.com.br\/site\/wp-json\/wp\/v2\/comments?post=82359"}],"version-history":[{"count":4,"href":"https:\/\/screamyell.com.br\/site\/wp-json\/wp\/v2\/posts\/82359\/revisions"}],"predecessor-version":[{"id":82371,"href":"https:\/\/screamyell.com.br\/site\/wp-json\/wp\/v2\/posts\/82359\/revisions\/82371"}],"wp:featuredmedia":[{"embeddable":true,"href":"https:\/\/screamyell.com.br\/site\/wp-json\/wp\/v2\/media\/82362"}],"wp:attachment":[{"href":"https:\/\/screamyell.com.br\/site\/wp-json\/wp\/v2\/media?parent=82359"}],"wp:term":[{"taxonomy":"category","embeddable":true,"href":"https:\/\/screamyell.com.br\/site\/wp-json\/wp\/v2\/categories?post=82359"},{"taxonomy":"post_tag","embeddable":true,"href":"https:\/\/screamyell.com.br\/site\/wp-json\/wp\/v2\/tags?post=82359"}],"curies":[{"name":"wp","href":"https:\/\/api.w.org\/{rel}","templated":true}]}}