{"id":81843,"date":"2024-05-30T00:02:00","date_gmt":"2024-05-30T03:02:00","guid":{"rendered":"https:\/\/screamyell.com.br\/site\/?p=81843"},"modified":"2024-06-29T00:03:53","modified_gmt":"2024-06-29T03:03:53","slug":"filipe-braganca-giovanna-cordeiro-e-paulo-machline-falam-sobre-meu-sangue-ferve-por-voce-um-cinderela-baiana-que-deu-certo","status":"publish","type":"post","link":"https:\/\/screamyell.com.br\/site\/2024\/05\/30\/filipe-braganca-giovanna-cordeiro-e-paulo-machline-falam-sobre-meu-sangue-ferve-por-voce-um-cinderela-baiana-que-deu-certo\/","title":{"rendered":"Filipe Bragan\u00e7a, Giovanna Cordeiro e Paulo Machline falam de &#8220;Meu Sangue Ferve Por Voc\u00ea&#8221;, um &#8220;Cinderela Baiana&#8221; que deu certo"},"content":{"rendered":"<h2 style=\"text-align: center;\"><strong>entrevista de&nbsp;<a href=\"https:\/\/www.facebook.com\/PeliculaVirtual\" target=\"_blank\" rel=\"noopener noreferrer\">Jo\u00e3o Paulo Barreto<\/a><\/strong><\/h2>\n<p style=\"text-align: justify;\">N\u00e3o se engane com a chamada dessa entrevista. Apesar de fazer uma refer\u00eancia direta a um dos &#8220;melhores piores&#8221; filmes de todos os tempos, sua alus\u00e3o aqui s\u00f3 cabe no sentido de destacar a ideia do romance cl\u00e1ssico e dos contos de fadas envolvendo um pr\u00edncipe encantado e uma bela donzela (aqui, tamb\u00e9m, baiana) que tem sua vida modificada em 180 graus ap\u00f3s o &#8220;charming&#8221; bonit\u00e3o surgir em sua exist\u00eancia. Diferente do cl\u00e1ssico da Disney, por\u00e9m, temos uma mulher de pulso filme, decidida e que n\u00e3o se deixa abater por adversidades, tampouco ser humilhada por pretensos vil\u00f5es que buscam atrasar sua vida.<\/p>\n<p style=\"text-align: justify;\">Na figura do pr\u00edncipe, um carism\u00e1tico e marcante personagem da cultura pop brasileira, personifica\u00e7\u00e3o exata da extravag\u00e2ncia (no melhor sentido da palavra) em vestimentas e na aplicabilidade do conceito de &#8220;insaci\u00e1vel e sedutor amante latino&#8221;. Tal persona, no entanto, n\u00e3o passa disso: um personagem. Por tr\u00e1s dessa figura de voz aveludada, presen\u00e7a e beleza contagiantes, um homem apaixonado que busca a serenidade de uma pac\u00edfica vida \u00e0 dois e a tranquilidade de quem tem a sorte de um matrim\u00f4nio feliz.<\/p>\n<p style=\"text-align: justify;\">Tal s\u00edmbolo da cultura pop, como voc\u00ea j\u00e1 deve ter percebido, \u00e9 o cantor Sidney Magal. J\u00e1 a sua presen\u00e7a real e apaixonada em busca de paz no amor \u00e9 <a href=\"https:\/\/screamyell.com.br\/site\/2023\/01\/16\/entrevista-sidney-magal-fala-sobre-o-revisitar-de-sua-trajetoria-com-o-otimo-documentario-me-chama-que-eu-vou\/\" target=\"_blank\" rel=\"noopener\">Sidney Magalh\u00e3es<\/a>, que, no auge de sua carreira de sucesso no come\u00e7o dos anos 1980, em uma visita profissional a Salvador, se apaixona por uma jovem de 17 anos, a baiana Magali West, que tamb\u00e9m j\u00e1 teve seus percal\u00e7os no amor. \u201cMeu Sangue Ferve por Voc\u00ea\u201d (2024), simp\u00e1tico conto de fadas em forma de com\u00e9dia-musical rom\u00e2ntica, narra com liberdade criativa e diversos n\u00fameros de dan\u00e7a ilustrados com as can\u00e7\u00f5es marcantes de Magal (uma delas, marcante, com um Caco Ciocler na pele de um inescrupuloso empres\u00e1rio) essa hist\u00f3ria de amor que come\u00e7ou naquela soteropolis e dura at\u00e9 hoje na vida de Magal e Magali.<\/p>\n<p><img decoding=\"async\" loading=\"lazy\" class=\"alignnone size-full wp-image-81847\" src=\"https:\/\/screamyell.com.br\/site\/wp-content\/uploads\/2024\/05\/EM-CENA-MAGAL-FILIPE-BRAGANCA-E-ROBERTO-CACO-CIOCLER-copiar.jpg\" alt=\"\" width=\"750\" height=\"440\" srcset=\"https:\/\/screamyell.com.br\/site\/wp-content\/uploads\/2024\/05\/EM-CENA-MAGAL-FILIPE-BRAGANCA-E-ROBERTO-CACO-CIOCLER-copiar.jpg 750w, https:\/\/screamyell.com.br\/site\/wp-content\/uploads\/2024\/05\/EM-CENA-MAGAL-FILIPE-BRAGANCA-E-ROBERTO-CACO-CIOCLER-copiar-300x176.jpg 300w\" sizes=\"(max-width: 750px) 100vw, 750px\" \/><\/p>\n<p style=\"text-align: justify;\">Filipe Bragan\u00e7a, em conversa com o Scream &amp; Yell, falou sobre essa miss\u00e3o em seu trabalho como ator na busca equilibrar as duas facetas de Magal, personagem principal que ele encarna com exatid\u00e3o. &#8220;\u00c9 menos sobre mostrar o meu trabalho e mais sobre entender o que \u00e9 esse personagem. Entender os dois. O Sidney Magal e o Sidney Magalh\u00e3es. Entender essas duas facetas e tentar capturar essa ess\u00eancia. Mas quando eu soube que eu ia interpretar o Sidney Magal, eu tinha, mais ou menos, uma vis\u00e3o clara do que \u00e9 que eu teria que fazer. Quer dizer, \u00e9 o Sidney Magal. Todo mundo conhece e eu j\u00e1 o conhecia&#8221;, explica o jovem ator.<\/p>\n<p style=\"text-align: justify;\">A atriz Giovanna Cordeiro traz para sua vers\u00e3o de Magali West uma baianidade que escapa das armadilhas do caricato, t\u00e3o comuns quando atores sudestinos representam nordestinos. &#8220;Eu acho que tem um lugar muito gostoso na constru\u00e7\u00e3o de personagem, independente da regi\u00e3o, que \u00e9 essa quest\u00e3o: pelo que ela est\u00e1 lutando? O que ela quer ali? A Magali tem 17 anos no nosso filme. Ela tem uma sede pela liberdade, uma vontade de querer viver, de descobrir o mundo. E uma m\u00e3e muito amorosa, mas muito controladora. E o personagem do Magal \u00e9 esse cara que abre esse caminho para essa poss\u00edvel liberdade e, tamb\u00e9m, para o encantamento. Eu levei muito pra esse lugar&#8221;, explica Giovanna.<\/p>\n<p style=\"text-align: justify;\">A op\u00e7\u00e3o acertada de estruturar o filme a partir de uma com\u00e9dia-musical rom\u00e2ntica \u00e9 abordada pelo diretor Paulo Machline: &#8220;Eu nunca tinha feito um musical antes. E eu sempre tive muita vontade, mas n\u00e3o era o g\u00eanero que eu consumia como cin\u00e9filo. N\u00e3o era. Mas quando comecei a trabalhar no roteiro e entendi que as m\u00fasicas do Magal poderiam entrar no filme, falei: &#8216;deixa eu entender esse g\u00eanero&#8217;. E da\u00ed eu fiz uma pesquisa bastante ampla, o que \u00e9 um dos momentos mais legais de um projeto: quando voc\u00ea vai entender o que voc\u00ea quer fazer. S\u00e3o os momentos mais legais do processo de se fazer um filme&#8221;, explica Paulo.<\/p>\n<p style=\"text-align: justify;\">Neste papo com o Scream &amp; Yell, Filipe, Giovanna e Paulo falam um pouco mais sobre construir essa f\u00e1bula musical. Confira!<\/p>\n<p><iframe loading=\"lazy\" title=\"MEU SANGUE FERVE POR VOC\u00ca | Trailer Oficial\" width=\"747\" height=\"420\" src=\"https:\/\/www.youtube.com\/embed\/VdOprycq9tc?feature=oembed\" frameborder=\"0\" allow=\"accelerometer; autoplay; clipboard-write; encrypted-media; gyroscope; picture-in-picture; web-share\" referrerpolicy=\"strict-origin-when-cross-origin\" allowfullscreen><\/iframe><\/p>\n<p style=\"text-align: justify;\"><strong>Na <a href=\"https:\/\/screamyell.com.br\/site\/2023\/01\/16\/entrevista-sidney-magal-fala-sobre-o-revisitar-de-sua-trajetoria-com-o-otimo-documentario-me-chama-que-eu-vou\/\" target=\"_blank\" rel=\"noopener\">entrevista que fiz com o Sidney Magal no ano passado<\/a>, ele falou sobre encontrar esse equil\u00edbrio entre o Magal e o Magalh\u00e3es em sua vida pessoal e como artista. Como foi para voc\u00ea encontrar esse mesmo caminho representando as duas facetas do homem?<\/strong><br \/>\nFilipe Bragan\u00e7a \u2013 \u00c9 menos sobre mostrar o meu trabalho e mais sobre entender o que \u00e9 esse personagem. (No caso) Entender os dois: o Sidney Magal e o Sidney Magalh\u00e3es. Entender essas duas facetas e tentar capturar essa ess\u00eancia. Quando soube que eu ia interpretar o Sidney Magal, eu tinha, mais ou menos, uma vis\u00e3o clara do que \u00e9 que eu teria que fazer. Quer dizer, \u00e9 o Sidney Magal. Todo mundo conhece e eu j\u00e1 o conhecia. Claro que eu n\u00e3o o conhecia t\u00e3o profundamente quanto viria a conhecer depois de pesquisar para fazer o papel. S\u00f3 que depois entendi melhor a proposta do Paulinho (Machline, diretor) para esse filme. Entendi melhor qual seria a linguagem. E, a\u00ed, sim, entendi que est\u00e1 tudo muito claro. O Sidney Magal est\u00e1 ali. Ele come\u00e7a o filme como Sidney Magal. E a\u00ed, depois, cada vez mais se torna e se agarra ao Sidney Magalh\u00e3es. Acho que \u00e9 um pouco esse o caminho do personagem. Talvez esse seja o seu grande arco no filme: ele se apropriar do Sidney Magalh\u00e3es de uma vez por todas. O personagem tem essas duas facetas muito claras no filme. O artista, o amante latino, querido por todos e todas. E o Sidney Magalh\u00e3es apaixonado, desejando uma fam\u00edlia e desejando um amor para a vida. Para mim, \u00e9 isso. Foi um processo natural. Tive o Paulinho junto comigo. Tinha a Joana Mariani, tamb\u00e9m, que \u00e9 uma das produtoras do filme. Ela tinha muito material por ter dirigido o document\u00e1rio \u201cMe Chama Que Eu Vou\u201d (2021). Ela tinha muito material que eu n\u00e3o encontraria na internet com tanta facilidade. Ela me passou tudo isso. E, al\u00e9m de tudo, pude conhecer o pr\u00f3prio Magal, falar com ele. E ele me contou muita coisa. Muitas hist\u00f3rias e experi\u00eancias. E isso era o mais importante para mim. Era ouvir como ele lidava com a carreira e como ele lida com o mundo e com esse amor que existe na vida dele. Essa foi a forma natural de entender esses dois.<\/p>\n<p style=\"text-align: justify;\"><strong>Giovana, eu nasci na Bahia e vivi aqui toda a minha vida. Por isso, posso afirmar com seguran\u00e7a que \u00e9 percept\u00edvel em sua constru\u00e7\u00e3o de Magali uma naturalidade dentro de um comportamento regional org\u00e2nico, com sotaques que escapam do cartunesco. Como foi esse processo junto ao Paulo e \u00e0 Emanuelle Ara\u00fajo e T\u00e3nia Toko, duas atrizes daqui?<\/strong><br \/>\nGiovana Cordeiro \u2013 Eu acho que tem um lugar muito gostoso na constru\u00e7\u00e3o de personagem, independente da regi\u00e3o, que \u00e9 essa quest\u00e3o: pelo que ela est\u00e1 lutando? O que ela quer ali? A Magali tem 17 anos no nosso filme. Ela tem uma sede pela liberdade, uma vontade de querer viver, de descobrir o mundo. E uma m\u00e3e muito muito amorosa e protetora, mas controladora, que j\u00e1 viveu uma hist\u00f3ria parecida com essa que ela est\u00e1 agora querendo se aventurar para viver romanticamente. E o personagem do Magal \u00e9 esse cara que abre esse caminho para ela. Um caminho para essa poss\u00edvel liberdade e, tamb\u00e9m, para o encantamento. Eu levei muito pra esse lugar. Ele apresentando para ela uma fantasia gostosa de ser vivida. Acho que o elenco foi muito generoso comigo. A Emanuelle e a T\u00e2nia me trouxeram muita coisa do que \u00e9 ser baiana, da forma de falar, da maneira de falar entre a fam\u00edlia. E eu, muito malandramente, s\u00f3 ia absorvendo, ouvindo, recebendo, incorporando. Eu e a Sol, que faz a minha prima, a Ana Maria, a gente estava muito nesse lugar de descoberta. A gente foi muito uma ao lado da outra. Acho que, nesse sentido, o nosso filme foi muito feliz com a uni\u00e3o dentro do processo. Fui descobrindo essa baianidade. Acho que, depois, fazendo, vendo e ouvindo, confesso que durante o processo eu fui ficando naturalmente insegura com esse lugar. Muito pouco por querer representar de uma maneira respeitosa. Mas fui encontrando um acolhimento muito gostoso desse lugar, dessa fam\u00edlia. E, nesse sentido, eu me aproximava disso. Porque hist\u00f3rias familiares fazem muito parte de quem eu sou e da maneira como eu gosto de me relacionar. Eu tamb\u00e9m sou de uma fam\u00edlia que tem muitas mulheres, como a Magali. E essa troca, esse lugar dessa intimidade feminina, tamb\u00e9m, me ajudou a criar naturalidade. Acho que a gente vai somando todas essas coisas, sabe? Entender o que essa personagem est\u00e1, de fato, querendo. O que ela quer de todos esses personagens? por que ela age dessa maneira? Como filha, eu poderia roubar tudo dessa m\u00e3e. Poderia herdar todas essas caracter\u00edsticas. Eu fiz isso e fiquei bastante feliz. E estou muito feliz de voc\u00eas aqui, em Salvador, falando que encontra essa baianidade na Magali, nessa fam\u00edlia. Porque \u00e9 um objetivo que foi alcan\u00e7ado e era muito esperado.<\/p>\n<p><img decoding=\"async\" loading=\"lazy\" class=\"alignnone size-full wp-image-81849\" src=\"https:\/\/screamyell.com.br\/site\/wp-content\/uploads\/2024\/05\/GIOVANA-CORDEIRO-E-FILIPE-BRAGANCA-copiar.jpg\" alt=\"\" width=\"750\" height=\"440\" srcset=\"https:\/\/screamyell.com.br\/site\/wp-content\/uploads\/2024\/05\/GIOVANA-CORDEIRO-E-FILIPE-BRAGANCA-copiar.jpg 750w, https:\/\/screamyell.com.br\/site\/wp-content\/uploads\/2024\/05\/GIOVANA-CORDEIRO-E-FILIPE-BRAGANCA-copiar-300x176.jpg 300w\" sizes=\"(max-width: 750px) 100vw, 750px\" \/><\/p>\n<p style=\"text-align: justify;\"><strong>E como foi esse contato com a Magali para resgatar suas mem\u00f3rias e us\u00e1-las no filme?<\/strong><br \/>\nGiovanna \u2013 Ela me contou bastante sobre situa\u00e7\u00f5es da sua vida. E ela era muito moleca, muito solta. E isso \u00e9 muito legal de perceber. Porque a gente est\u00e1 falando desses dois p\u00f3los, desses opostos do Magal e da Magali. Ela \u00e9 muito pr\u00e1tica e solta, mas, ao mesmo tempo, menina. Ela tinha essa vontade de ser livre e tudo mais. E, atrav\u00e9s disso, eu fui entendendo um pouco dessa energia dela. Essa energia mais da execu\u00e7\u00e3o, mais pr\u00e1tica, mais acelerada. E esse contraponto que a gente foi construindo aqui tamb\u00e9m, que a gente enxergou no casal, que \u00e9 um Magal mais rom\u00e2ntico, em um tempo alargado das coisas. Mas mais acelerado, tamb\u00e9m, no lugar da paix\u00e3o. E ela mais: &#8220;opa, pera a\u00ed, vamos com calma&#8221;. Ent\u00e3o, acho que, atrav\u00e9s disso, eu fui entendendo essa persona como um todo. E a baianidade, hoje em dia, est\u00e1 muito no casal. Quando a gente foi ver o material do \u201cMe Chama que Eu Vou\u201d, tinha muita coisa com a Bahia nesse pano de fundo. Ent\u00e3o, nesse sentido veio, veio tudo junto<\/p>\n<p style=\"text-align: justify;\"><strong>Paulo, ao construir o roteiro do filme, a ideia de ser um musical que brinca com a quebra da quarta parede e insere os n\u00fameros musicais com as can\u00e7\u00f5es de Sidney Magal, as refer\u00eancias a Bollywood, sempre foi algo que esteve na g\u00eanese do projeto?<\/strong><br \/>\nPaulo Machiline \u2013 Quando a gente come\u00e7ou a trabalhar nesse projeto, eu nunca tinha feito um musical antes. Sempre tive muita vontade, mas n\u00e3o era o g\u00eanero que eu consumia como cin\u00e9filo. N\u00e3o era. Eu conhecia, obviamente. Eu assistia aos grandes filmes e tal, mas quando comecei a trabalhar no roteiro, quando entendi que as m\u00fasicas do Magal poderiam entrar no filme, falei: &#8220;deixa eu entender esse g\u00eanero&#8221;. E da\u00ed eu fiz uma pesquisa bastante ampla, o que (sempre) \u00e9 um dos momentos mais legais de um projeto: quando voc\u00ea vai entender o que voc\u00ea quer fazer. Quando vai entender qual \u00e9 a linguagem, qual \u00e9 o g\u00eanero e subg\u00eanero. Para mim, s\u00e3o os momentos mais legais e mais ricos do processo de se fazer um filme. Fui conhecer os filmes de Bollywood, fui conhecer a escola francesa de musicais, que \u00e9 muito diferente da escola americana. E me aprofundei na americana para descobrir da\u00ed o que eu queria fazer. E encontrei uma linguagem h\u00edbrida. Bebo na fonte dos musicais americanos, mas trago isso que cria um diferencial para o filme. Eu trago Bollywood para esse filme. E foi uma coisa proposital. A gente queria fazer isso. A gente, inclusive, tinha vers\u00f5es que era mais Bollywood ainda, sabe? Mas acho que essa forma h\u00edbrida que encontramos \u00e9 o que transformou o filme no que ele \u00e9. \u00c9 muito bacana quando vemos que algo que planejamos com um determinado objetivo foi cumprido. Com esse filme, a gente buscava uma com\u00e9dia rom\u00e2ntica com um subg\u00eanero musical. E deu certo.<\/p>\n<p><iframe loading=\"lazy\" title=\"MEU SANGUE FERVE POR VOC\u00ca | Trailer Oficial\" width=\"747\" height=\"420\" src=\"https:\/\/www.youtube.com\/embed\/VdOprycq9tc?feature=oembed\" frameborder=\"0\" allow=\"accelerometer; autoplay; clipboard-write; encrypted-media; gyroscope; picture-in-picture; web-share\" referrerpolicy=\"strict-origin-when-cross-origin\" allowfullscreen><\/iframe><\/p>\n<p style=\"text-align: justify;\"><em>&#8211; <a href=\"https:\/\/www.facebook.com\/profile.php?id=100009655066720\" target=\"_blank\" rel=\"noopener noreferrer\">Jo\u00e3o Paulo Barreto&nbsp;<\/a>\u00e9 jornalista, cr\u00edtico de cinema e curador do&nbsp;<a href=\"http:\/\/coisadecinema.com.br\/xiii-panorama\/apresentacao\/panorama-2017\/\" target=\"_blank\" rel=\"noopener noreferrer\">Festival Panorama Internacional Coisa de Cinema<\/a>. Membro da Abraccine, colabora para o Jornal A Tarde, de Salvador.&nbsp;<\/em><\/p>\n","protected":false},"excerpt":{"rendered":"Na figura do pr\u00edncipe, um carism\u00e1tico e marcante personagem da cultura pop brasileira, personifica\u00e7\u00e3o exata da extravag\u00e2ncia em vestimentas e na aplicabilidade do conceito de &#8220;insaci\u00e1vel e sedutor amante latino&#8221;.\n<a class=\"moretag\" href=\"https:\/\/screamyell.com.br\/site\/2024\/05\/30\/filipe-braganca-giovanna-cordeiro-e-paulo-machline-falam-sobre-meu-sangue-ferve-por-voce-um-cinderela-baiana-que-deu-certo\/\"> [...]<\/a>","protected":false},"author":21,"featured_media":81848,"comment_status":"open","ping_status":"open","sticky":false,"template":"","format":"standard","meta":[],"categories":[4],"tags":[7238,7239,7240,6539],"_links":{"self":[{"href":"https:\/\/screamyell.com.br\/site\/wp-json\/wp\/v2\/posts\/81843"}],"collection":[{"href":"https:\/\/screamyell.com.br\/site\/wp-json\/wp\/v2\/posts"}],"about":[{"href":"https:\/\/screamyell.com.br\/site\/wp-json\/wp\/v2\/types\/post"}],"author":[{"embeddable":true,"href":"https:\/\/screamyell.com.br\/site\/wp-json\/wp\/v2\/users\/21"}],"replies":[{"embeddable":true,"href":"https:\/\/screamyell.com.br\/site\/wp-json\/wp\/v2\/comments?post=81843"}],"version-history":[{"count":5,"href":"https:\/\/screamyell.com.br\/site\/wp-json\/wp\/v2\/posts\/81843\/revisions"}],"predecessor-version":[{"id":81858,"href":"https:\/\/screamyell.com.br\/site\/wp-json\/wp\/v2\/posts\/81843\/revisions\/81858"}],"wp:featuredmedia":[{"embeddable":true,"href":"https:\/\/screamyell.com.br\/site\/wp-json\/wp\/v2\/media\/81848"}],"wp:attachment":[{"href":"https:\/\/screamyell.com.br\/site\/wp-json\/wp\/v2\/media?parent=81843"}],"wp:term":[{"taxonomy":"category","embeddable":true,"href":"https:\/\/screamyell.com.br\/site\/wp-json\/wp\/v2\/categories?post=81843"},{"taxonomy":"post_tag","embeddable":true,"href":"https:\/\/screamyell.com.br\/site\/wp-json\/wp\/v2\/tags?post=81843"}],"curies":[{"name":"wp","href":"https:\/\/api.w.org\/{rel}","templated":true}]}}