{"id":81456,"date":"2024-05-03T14:50:23","date_gmt":"2024-05-03T17:50:23","guid":{"rendered":"https:\/\/screamyell.com.br\/site\/?p=81456"},"modified":"2024-05-25T23:21:34","modified_gmt":"2024-05-26T02:21:34","slug":"faixa-a-faixa-beth-carvalho-apresenta-as-15-cancoes-de-nosso-samba-ta-na-rua-que-ganha-enfim-lancamento-digital","status":"publish","type":"post","link":"https:\/\/screamyell.com.br\/site\/2024\/05\/03\/faixa-a-faixa-beth-carvalho-apresenta-as-15-cancoes-de-nosso-samba-ta-na-rua-que-ganha-enfim-lancamento-digital\/","title":{"rendered":"Faixa a faixa: Beth Carvalho apresenta as 15 can\u00e7\u00f5es de \u201cNosso Samba T\u00e1 na Rua\u201d, que ganha, enfim, lan\u00e7amento digital"},"content":{"rendered":"<h2 style=\"text-align: center;\"><strong>faixa a faixa por Beth Carvalho<\/strong><\/h2>\n<p style=\"text-align: justify;\">No pr\u00f3ximo dia 5 de maio, Beth Carvalho completaria 78 anos. Para homenagear o legado da cantora, a Universal Music Brasil disponibiliza \u201cNosso Samba T\u00e1 na Rua\u201d, que chega pela primeira vez \u00e0s plataformas digitais. Lan\u00e7ado em novembro de 2011 pelo selo Andan\u00e7a\/EMI Music, \u201cNosso Samba T\u00e1 na Rua\u201d foi o primeiro disco de in\u00e9ditas da sambista depois de uma pausa 15 anos (seu trabalho de est\u00fadio anterior foi \u201cBrasileira da Gema\u201d, de 1996) e conta ao todo com 15 faixas, a maioria delas in\u00e9ditas \u00e0 \u00e9poca de seu lan\u00e7amento f\u00edsico.<\/p>\n<p style=\"text-align: justify;\">Aclamado pela cr\u00edtica e pelo p\u00fablico, \u201cNosso Samba T\u00e1 na Rua\u201d ganhou em 2012 o Grammy Latino na categoria de \u201cMelhor \u00c1lbum de Samba e Pagode\u201d. O disco tamb\u00e9m marcou o reencontro de Beth com Rildo Hora, ap\u00f3s um hiato de 27 anos. Rildo foi respons\u00e1vel pela produ\u00e7\u00e3o de antol\u00f3gicos discos da cantora, como \u201cDe P\u00e9 no Ch\u00e3o\u201d (1978) e \u201cNa Fonte\u201d (1981). Seu \u00faltimo trabalho com a cantora havia sido \u201cCora\u00e7\u00e3o Feliz\u201d, lan\u00e7ado em 1984.<\/p>\n<p style=\"text-align: justify;\">Al\u00e9m de Rildo Hora, que tamb\u00e9m assinou os arranjos de nove faixas do disco, Beth Carvalho se reencontrou com outros importantes profissionais, como o engenheiro de som Luiz Carlos T. Reis, o maestro Ivan Paulo (que assinou a reg\u00eancia e o arranjo de seis faixas) e o maestro Leonardo Bruno (que assinou o arranjo do coro). Todos trabalharam juntos em v\u00e1rios discos importantes da cantora, nas d\u00e9cadas de 1970 e 1980.<\/p>\n<p style=\"text-align: justify;\">O disco trouxe em sua capa\/encarte a reuni\u00e3o da Madrinha com diversos compositores, cantores e m\u00fasicos do samba em registro feito por Guto Costa. Feita no Cacique de Ramos, a foto reuniu nomes como os maestros Ivan Paulo, Leonardo Bruno e Rildo Hora; os compositores Zeca Pagodinho, Arlindo Cruz, Sombrinha, Almir Guineto, Dona Ivone Lara, Alamir, Nilo Penetra, Marquinho PQD, Ciraninho, Leandro Fregonesi, Rafael dos Santos, Wanderley Monteiro, Claudinho Guimar\u00e3es, Dayse do Banjo e Luana Carvalho, filha da cantora, al\u00e9m de integrantes do Grupo Fundo de Quintal.<\/p>\n<p style=\"text-align: justify;\">Como fazia tradicionalmente, Beth Carvalho dedicava o \u00e1lbum a um nome importante do samba. Nesse disco, a cantora fez uma homenagem \u00e0 outra grande dama do samba, Dona Ivone Lara, que havia completado 90 anos em 2011: \u201cDedico este CD \u00e0 D. Ivone Lara, a Deusa do Samba, a grande compositora e int\u00e9rprete e a que faz os lararas mais bonitos da MPB!\u201d. No disco, Beth regravou o cl\u00e1ssico \u201cEm cada canto uma esperan\u00e7a\u201d, composi\u00e7\u00e3o de D. Ivone com seu fiel parceiro, D\u00e9lcio Carvalho.<\/p>\n<p style=\"text-align: justify;\">Abaixo, em texto da \u00e9poca, Beth Carvalho comenta cada uma das 15 faixas:<\/p>\n<p><iframe loading=\"lazy\" title=\"Nosso Samba T\u00e1 Na Rua\" width=\"747\" height=\"420\" src=\"https:\/\/www.youtube.com\/embed\/videoseries?list=OLAK5uy_k9ZDeqhQ5gKvFdwEs31nYOCk4FcXDg2g0\" frameborder=\"0\" allow=\"accelerometer; autoplay; clipboard-write; encrypted-media; gyroscope; picture-in-picture; web-share\" referrerpolicy=\"strict-origin-when-cross-origin\" allowfullscreen><\/iframe><\/p>\n<p style=\"text-align: justify;\"><strong>01) \u201cNosso Samba T\u00e1 na Rua\u201d<\/strong> (Roberto Lopes\/Alamir\/Nilo Penetra\/Can\u00e1rio) \u2013 In\u00e9dita que batiza o disco. A letra faz uma verdadeira exalta\u00e7\u00e3o ao samba (&#8220;\u00c9 de Deus esse som que a gente faz&#8221;).<\/p>\n<p style=\"text-align: justify;\"><strong>02) \u201cTambor\u201d<\/strong> (Almir Guineto\/Adalto Magalha\/Daniel Oliveira) &#8211; \u00c9 um samba religioso e forte.<\/p>\n<p style=\"text-align: justify;\"><strong>03) \u201cChega\u201d<\/strong> (Leandro Fregonesi\/Rafael dos Santos) &#8211; Samba de amor e de bloco, no estilo dos sambas do Cacique de Ramos, com direito a tamanco e tudo. Foi criado por dois \u00f3timos compositores da nova gera\u00e7\u00e3o.<\/p>\n<p style=\"text-align: justify;\"><strong>04) \u201cArrasta a Sand\u00e1lia\u201d<\/strong> (Dayse do Banjo\/Luana Carvalho) \u2013 Samba in\u00e9dito que ganhei de presente da minha filha, Luana Carvalho, em parceria com a Dayse do Banjo, sambista da melhor qualidade. \u00c9 um partido alto com refr\u00e3o contagiante e que ainda ganhou a participa\u00e7\u00e3o mais que especial do meu afilhado Zeca Pagodinho nos vocais.<\/p>\n<p style=\"text-align: justify;\"><strong>05) \u201cColabora\u201d<\/strong> (Serginho Meriti) &#8211; Samba de carnaval in\u00e9dito, criado por um dos maiores compositores do samba, autor de sucessos como \u201cDeixa a vida me levar\u201d, dentre outros.<\/p>\n<p style=\"text-align: justify;\"><strong>06) \u201cSamba Mesti\u00e7o\u201d<\/strong> (Ciraninho\/Rafael dos Santos\/Leandro Fregonesi) \u2013 Samba de embalo in\u00e9dito que tem um refr\u00e3o que contagia, criado por tr\u00eas grandes compositores da nova gera\u00e7\u00e3o, vencedores de quatro sambas enredo da Portela.<\/p>\n<p style=\"text-align: justify;\"><strong>07) \u201cNegro Sim Sinh\u00f4\u201d<\/strong> (Efson\/Marquinho PQD\/Franco) \u2013 Criada por tr\u00eas grandes compositores do samba. Original em sua forma, a m\u00fasica faz uma apologia \u00e0 ra\u00e7a afrodescendente.<\/p>\n<p><img decoding=\"async\" loading=\"lazy\" class=\"alignnone size-full wp-image-81458\" src=\"https:\/\/screamyell.com.br\/site\/wp-content\/uploads\/2024\/05\/beth2.jpg\" alt=\"\" width=\"750\" height=\"762\" srcset=\"https:\/\/screamyell.com.br\/site\/wp-content\/uploads\/2024\/05\/beth2.jpg 750w, https:\/\/screamyell.com.br\/site\/wp-content\/uploads\/2024\/05\/beth2-295x300.jpg 295w\" sizes=\"(max-width: 750px) 100vw, 750px\" \/><\/p>\n<p style=\"text-align: justify;\"><strong>08) \u201cSe vira\u201d<\/strong> (Arlindo Cruz\/Marquinho PQD) &#8211; Com uma melodia muito rica, essa in\u00e9dita do Arlindo e do Marquinho PQD tem uma letra feminista.<\/p>\n<p style=\"text-align: justify;\"><strong>09) \u201cT\u00f4 Feliz Demais\u201d<\/strong> (Edinho do Samba) \u2013 Outra m\u00fasica in\u00e9dita. Samba rom\u00e2ntico de um excelente compositor estreante que estou lan\u00e7ando nesse disco.<\/p>\n<p style=\"text-align: justify;\"><strong>10) \u201cIsso Acontece\u201d<\/strong> (Wanderley Monteiro\/ Jorgito S\u00e1pia\/Agenor de Oliveira) &#8211; Samba de amor, de co-autoria de Wanderley Monteiro, de quem eu gravei o sucesso \u201c\u00c1gua de chuva no mar\u201d.<\/p>\n<p style=\"text-align: justify;\"><strong>11) \u201cPalavras Malditas\u201d<\/strong> (Nelson Cavaquinho\/Guilherme de Brito) &#8211; Como o Nelson \u00e9 bem tr\u00e1gico na maioria de suas m\u00fasicas, pedi ao Rildo Hora que fizesse um arranjo bem dram\u00e1tico, como um tango de Piazzola. A can\u00e7\u00e3o \u00e9 pouco conhecida do grande p\u00fablico, somente foi gravada por um cantor chamado Ari Cordovil em um disco de 78 rota\u00e7\u00f5es.<\/p>\n<p style=\"text-align: justify;\"><strong>12) \u201cEm Cada canto Uma Esperan\u00e7a\u201d<\/strong> (D. Ivone Lara\/D\u00e9lcio Carvalho) &#8211; Obra prima da D. Ivone Lara, a quem dedico este CD, e do seu fiel parceiro, Delcio Carvalho.<\/p>\n<p style=\"text-align: justify;\"><strong>13) \u201cGuaracy\u201d<\/strong> (Zeca Pagodinho\/Arlindo Cruz\/Sombrinha) \u2013 In\u00e9dita, de tr\u00eas grandes compositores que dispensam apresenta\u00e7\u00f5es.<\/p>\n<p style=\"text-align: justify;\"><strong>14) \u201cVerde e Roda de Paix\u00e3o\u201d<\/strong> (Claudinho Guimar\u00e3es) \u2013 M\u00fasica in\u00e9dita. Como n\u00e3o poderia deixar de ser, trago neste novo \u00e1lbum mais um samba em homenagem \u00e0 minha querida Mangueira.<\/p>\n<p style=\"text-align: justify;\"><strong>15) \u201cMinha Hist\u00f3ria\u201d<\/strong> (L\u00facio Dalla\/Paola Pallottino &#8211; vers\u00e3o de Chico Buarque) &#8211; Cl\u00e1ssico de dois italianos, que teve uma antol\u00f3gica vers\u00e3o do Chico Buarque. A m\u00fasica ficou em primeiro lugar no bate-bola que eu promovi para escolher o repert\u00f3rio final do disco (em junho desse ano, como de costume, reuni amigos e formadores de opini\u00e3o para me ajudarem na sele\u00e7\u00e3o das can\u00e7\u00f5es, atrav\u00e9s de uma pr\u00e9-grava\u00e7\u00e3o de 25 m\u00fasicas).<\/p>\n<p><img decoding=\"async\" loading=\"lazy\" class=\"alignnone size-full wp-image-81459\" src=\"https:\/\/screamyell.com.br\/site\/wp-content\/uploads\/2024\/05\/beth3.jpg\" alt=\"\" width=\"750\" height=\"750\" srcset=\"https:\/\/screamyell.com.br\/site\/wp-content\/uploads\/2024\/05\/beth3.jpg 750w, https:\/\/screamyell.com.br\/site\/wp-content\/uploads\/2024\/05\/beth3-300x300.jpg 300w, https:\/\/screamyell.com.br\/site\/wp-content\/uploads\/2024\/05\/beth3-150x150.jpg 150w\" sizes=\"(max-width: 750px) 100vw, 750px\" \/><\/p>\n","protected":false},"excerpt":{"rendered":"Aclamado pela cr\u00edtica e pelo p\u00fablico, \u201cNosso Samba T\u00e1 na Rua\u201d ganhou em 2012 o Grammy Latino na categoria de \u201cMelhor \u00c1lbum de Samba e Pagode\u201d.\n<a class=\"moretag\" href=\"https:\/\/screamyell.com.br\/site\/2024\/05\/03\/faixa-a-faixa-beth-carvalho-apresenta-as-15-cancoes-de-nosso-samba-ta-na-rua-que-ganha-enfim-lancamento-digital\/\"> [...]<\/a>","protected":false},"author":1,"featured_media":81457,"comment_status":"open","ping_status":"open","sticky":false,"template":"","format":"standard","meta":[],"categories":[3],"tags":[4159],"_links":{"self":[{"href":"https:\/\/screamyell.com.br\/site\/wp-json\/wp\/v2\/posts\/81456"}],"collection":[{"href":"https:\/\/screamyell.com.br\/site\/wp-json\/wp\/v2\/posts"}],"about":[{"href":"https:\/\/screamyell.com.br\/site\/wp-json\/wp\/v2\/types\/post"}],"author":[{"embeddable":true,"href":"https:\/\/screamyell.com.br\/site\/wp-json\/wp\/v2\/users\/1"}],"replies":[{"embeddable":true,"href":"https:\/\/screamyell.com.br\/site\/wp-json\/wp\/v2\/comments?post=81456"}],"version-history":[{"count":1,"href":"https:\/\/screamyell.com.br\/site\/wp-json\/wp\/v2\/posts\/81456\/revisions"}],"predecessor-version":[{"id":81460,"href":"https:\/\/screamyell.com.br\/site\/wp-json\/wp\/v2\/posts\/81456\/revisions\/81460"}],"wp:featuredmedia":[{"embeddable":true,"href":"https:\/\/screamyell.com.br\/site\/wp-json\/wp\/v2\/media\/81457"}],"wp:attachment":[{"href":"https:\/\/screamyell.com.br\/site\/wp-json\/wp\/v2\/media?parent=81456"}],"wp:term":[{"taxonomy":"category","embeddable":true,"href":"https:\/\/screamyell.com.br\/site\/wp-json\/wp\/v2\/categories?post=81456"},{"taxonomy":"post_tag","embeddable":true,"href":"https:\/\/screamyell.com.br\/site\/wp-json\/wp\/v2\/tags?post=81456"}],"curies":[{"name":"wp","href":"https:\/\/api.w.org\/{rel}","templated":true}]}}