{"id":78868,"date":"2024-01-03T02:16:31","date_gmt":"2024-01-03T05:16:31","guid":{"rendered":"https:\/\/screamyell.com.br\/site\/?p=78868"},"modified":"2024-01-25T01:41:08","modified_gmt":"2024-01-25T04:41:08","slug":"meu-disco-favorito-de-2023-blur-por-wilson-farina","status":"publish","type":"post","link":"https:\/\/screamyell.com.br\/site\/2024\/01\/03\/meu-disco-favorito-de-2023-blur-por-wilson-farina\/","title":{"rendered":"Meu disco favorito de 2023: Blur, por Wilson Farina"},"content":{"rendered":"<h2 style=\"text-align: center;\"><strong>MEU DISCO FAVORITO DE 2023 #7<br \/>\n&#8220;The Ballad of Darren&#8221;, Blur<br \/>\nescolha de <a href=\"https:\/\/www.instagram.com\/heatwave.com.br\/\" target=\"_blank\" rel=\"noopener\">Wilson Farina<\/a><\/strong><\/h2>\n<p style=\"text-align: center;\">Lan\u00e7amento \u2013 21\/07\/2023<br \/>\nSelo \u2013 Parlophone \/ Warner<br \/>\nOu\u00e7a \u2013\u00a0<a href=\"https:\/\/open.spotify.com\/intl-pt\/album\/6wIkkwi1ZFrtXD9z5hON25\" target=\"_blank\" rel=\"noopener\">Spotify<\/a>\u00a0\/\u00a0<a href=\"https:\/\/www.youtube.com\/watch?v=zop9VEllG3c&amp;list=OLAK5uy_ngG9c06C8rkYhY4KaA302aXiujzm1Elos&amp;index=1\" target=\"_blank\" rel=\"noopener\">Youtube<\/a><\/p>\n<p style=\"text-align: justify;\">&#8220;The Ballad of Darren&#8221; parece o disco perfeito para 2023. Pelo menos para um f\u00e3 de britpop que passou dos 40 anos e j\u00e1 tem um bocado de vida pra olhar pra tr\u00e1s, e uma mistura de disposi\u00e7\u00e3o, medos e incertezas sobre o futuro. Porque \u00e9 um disco exatamente sobre isso: reflex\u00f5es sobre a vida at\u00e9 aqui, esperan\u00e7a e d\u00favida sobre o que ainda h\u00e1 por viver.<\/p>\n<p style=\"text-align: justify;\">Um dos momentos mais memor\u00e1veis desse ano foi o dia, l\u00e1 em maio, em que eu andava pelo supermercado e chegou uma mensagem de um amigo: o Blur anunciou disco novo, do nada. Parecia completamente improv\u00e1vel, at\u00e9 por que Gorillaz e The Waeve (<a href=\"https:\/\/screamyell.com.br\/site\/2023\/02\/25\/musica-o-casal-graham-coxon-blur-e-rose-elinor-dougall-the-pipettes-e-o-belo-disco-de-estreia-do-projeto-the-waeve\/\" target=\"_blank\" rel=\"noopener\">projeto novo do Graham com a Rose Elinor Dougall<\/a>, que foi das Pipettes) tinham acabado de lan\u00e7ar discos. Mas era verdade, o perfil oficial do Blur postou um v\u00eddeo com imagens das grava\u00e7\u00f5es, a banda no est\u00fadio, se divertindo e tocando.<\/p>\n<p><iframe loading=\"lazy\" title=\"Blur - The Ballad Of Darren (Announcement)\" width=\"747\" height=\"420\" src=\"https:\/\/www.youtube.com\/embed\/oEAZMsD3bkg?feature=oembed\" frameborder=\"0\" allow=\"accelerometer; autoplay; clipboard-write; encrypted-media; gyroscope; picture-in-picture; web-share\" allowfullscreen><\/iframe><\/p>\n<p style=\"text-align: justify;\">Esse momento \u00e9 um microcosmo da coisa toda: a possibilidade de m\u00fasicas novas de uma das minhas bandas preferidas da vida \u00e9 empolgante. E eu sou um entusiasta da vida em geral, obviamente me emocionei com o v\u00eddeo postado, tive que encostar numa parede num canto pra ver com calma e me recompor. Mas ao mesmo tempo vem a leve incerteza da necessidade daquilo, do medo de ser ruim, da decep\u00e7\u00e3o.<\/p>\n<p style=\"text-align: justify;\">Veio o disco e a empolga\u00e7\u00e3o foi compensada. Uma cole\u00e7\u00e3o de dez m\u00fasicas bonitas, feitas por gente experiente, que sabe o que pode fazer de melhor, e que n\u00e3o tem medo de encarar onde est\u00e1. Muitos discos de reuni\u00e3o caem num pastiche de gl\u00f3rias passadas. Mas assim como j\u00e1 tinha feito no maravilhoso &#8220;<a href=\"https:\/\/screamyell.com.br\/site\/2015\/05\/12\/cd-the-magic-whip-blur\/\" target=\"_blank\" rel=\"noopener\">The Magic Whip<\/a>&#8221; de 2015, o Blur lan\u00e7ou mais um disco que condiz com a idade que seus integrantes t\u00eam, que a maioria de seus f\u00e3s t\u00eam, com o momento atual do mundo. Arte viva, n\u00e3o meramente revisionista.<\/p>\n<p style=\"text-align: justify;\">2023 marcou os trinta anos do lan\u00e7amento de &#8220;Modern Life Is Rubbish&#8221;, o disco que definiu uma personalidade pr\u00f3pria para o grupo. Um novo lan\u00e7amento poderia muito bem tratar de uma nostalgia celebrat\u00f3ria. Mas <a href=\"https:\/\/screamyell.com.br\/site\/2023\/07\/24\/musica-the-ballad-of-darren-e-tudo-que-se-poderia-esperar-do-blur-em-2023-no-bom-sentido\/\" target=\"_blank\" rel=\"noopener\">&#8220;The Ballad Of Darren&#8221; n\u00e3o \u00e9 assim<\/a>. As letras falam sobre traumas antigos, excessos ao longo do caminho, cicatrizes abertas, guerras russas, isolamento social, efemeridade das rela\u00e7\u00f5es virtuais.<\/p>\n<p style=\"text-align: justify;\">Mas tamb\u00e9m fala &#8220;n\u00e3o vamos fugir \/ vamos crescer com a dor&#8221;, e &#8220;ver atrav\u00e9s do coma em nossas vidas \/ algo t\u00e3o brilhante l\u00e1 fora&#8221;. Tudo embalado em can\u00e7\u00f5es t\u00e3o boas como &#8220;The Narcissist&#8221;, &#8220;Barbaric&#8221; e &#8220;The Heights&#8221;. Damon, Graham, Dave e Alex entregam boas melodias e performances emocionadas, mostrando que ainda tocam e criam m\u00fasica juntos muito bem. Depois de separa\u00e7\u00f5es e diante de incertezas sobre o futuro, fica o registro de mais um disco lindo que fizeram.<\/p>\n<hr \/>\n<p><em>\u2013\u00a0<a href=\"https:\/\/www.instagram.com\/heatwave.com.br\/\" target=\"_blank\" rel=\"noopener\">Wilson Farina<\/a>\u00a0apresenta o\u00a0<a href=\"http:\/\/antenazero.com\/programa\/heatwave\/\" target=\"_blank\" rel=\"noopener\">Heatwave!<\/a>\u00a0e o AntenaPress na webradio\u00a0<a href=\"http:\/\/antenazero.com\/programa\/heatwave\/\" target=\"_blank\" rel=\"noopener\">Antena Zero<\/a>. Tem saudades das amizades, de ir ao cinema, shows, festas, do D\u2019Alessandro e do Eduardo Coudet.<\/em><\/p>\n<p><iframe loading=\"lazy\" title=\"The Ballad of Darren\" width=\"747\" height=\"420\" src=\"https:\/\/www.youtube.com\/embed\/videoseries?list=OLAK5uy_ngG9c06C8rkYhY4KaA302aXiujzm1Elos\" frameborder=\"0\" allow=\"accelerometer; autoplay; clipboard-write; encrypted-media; gyroscope; picture-in-picture; web-share\" allowfullscreen><\/iframe><\/p>\n<h2 style=\"text-align: center;\"><a href=\"https:\/\/screamyell.com.br\/site\/tag\/favorito\/\"><strong>CONHE\u00c7A OUTROS DISCOS FAVORITOS<\/strong><\/a><\/h2>\n","protected":false},"excerpt":{"rendered":"&#8220;The Ballad of Darren&#8221; parece o disco perfeito para 2023. Pelo menos para um f\u00e3 de britpop que passou dos 40 anos e tem uma mistura de disposi\u00e7\u00e3o, medos e incertezas sobre o futuro.\n<a class=\"moretag\" href=\"https:\/\/screamyell.com.br\/site\/2024\/01\/03\/meu-disco-favorito-de-2023-blur-por-wilson-farina\/\"> [...]<\/a>","protected":false},"author":1,"featured_media":78870,"comment_status":"open","ping_status":"open","sticky":false,"template":"","format":"standard","meta":[],"categories":[3],"tags":[1861,6512],"_links":{"self":[{"href":"https:\/\/screamyell.com.br\/site\/wp-json\/wp\/v2\/posts\/78868"}],"collection":[{"href":"https:\/\/screamyell.com.br\/site\/wp-json\/wp\/v2\/posts"}],"about":[{"href":"https:\/\/screamyell.com.br\/site\/wp-json\/wp\/v2\/types\/post"}],"author":[{"embeddable":true,"href":"https:\/\/screamyell.com.br\/site\/wp-json\/wp\/v2\/users\/1"}],"replies":[{"embeddable":true,"href":"https:\/\/screamyell.com.br\/site\/wp-json\/wp\/v2\/comments?post=78868"}],"version-history":[{"count":3,"href":"https:\/\/screamyell.com.br\/site\/wp-json\/wp\/v2\/posts\/78868\/revisions"}],"predecessor-version":[{"id":78899,"href":"https:\/\/screamyell.com.br\/site\/wp-json\/wp\/v2\/posts\/78868\/revisions\/78899"}],"wp:featuredmedia":[{"embeddable":true,"href":"https:\/\/screamyell.com.br\/site\/wp-json\/wp\/v2\/media\/78870"}],"wp:attachment":[{"href":"https:\/\/screamyell.com.br\/site\/wp-json\/wp\/v2\/media?parent=78868"}],"wp:term":[{"taxonomy":"category","embeddable":true,"href":"https:\/\/screamyell.com.br\/site\/wp-json\/wp\/v2\/categories?post=78868"},{"taxonomy":"post_tag","embeddable":true,"href":"https:\/\/screamyell.com.br\/site\/wp-json\/wp\/v2\/tags?post=78868"}],"curies":[{"name":"wp","href":"https:\/\/api.w.org\/{rel}","templated":true}]}}