{"id":78841,"date":"2024-01-01T23:48:45","date_gmt":"2024-01-02T02:48:45","guid":{"rendered":"https:\/\/screamyell.com.br\/site\/?p=78841"},"modified":"2024-01-23T23:52:36","modified_gmt":"2024-01-24T02:52:36","slug":"meu-disco-favorito-de-2023-el-mato-por-marcelo-costa","status":"publish","type":"post","link":"https:\/\/screamyell.com.br\/site\/2024\/01\/01\/meu-disco-favorito-de-2023-el-mato-por-marcelo-costa\/","title":{"rendered":"Meu disco favorito de 2023: El Mat\u00f3, por Marcelo Costa"},"content":{"rendered":"<h2 style=\"text-align: center;\"><strong>MEU DISCO FAVORITO DE 2023 #6<br \/>\n\u201cSuper Terror\u201c, El Mat\u00f3 a un Polic\u00eda Motorizado<br \/>\nescolha de\u00a0<a href=\"https:\/\/twitter.com\/screamyell\" target=\"_blank\" rel=\"noopener\">Marcelo Costa<\/a><\/strong><\/h2>\n<p style=\"text-align: center;\">Lan\u00e7amento \u2013 07\/07\/2023<br \/>\nSelo \u2013 Nacional Records<br \/>\nOu\u00e7a \u2013\u00a0<a href=\"https:\/\/open.spotify.com\/intl-pt\/album\/7GkZmrWiSAdDZvYwnF6SqV\" target=\"_blank\" rel=\"noopener\">Spotify<\/a>\u00a0\/\u00a0<a href=\"https:\/\/www.youtube.com\/watch?v=s1mNM7UmEnc&amp;list=OLAK5uy_n2W7_h1VFu_5BwBnuyWFFe0GQCBRrUKXc\" target=\"_blank\" rel=\"noopener\">Youtube<\/a><\/p>\n<p style=\"text-align: justify;\">2023 foi, particularmente, um dos anos mais dif\u00edceis para eu me conectar com m\u00fasica. Vi mais de uma (talvez duas) centena(s) de shows, muitos deles maravilhosos, mas os discos, essa grande bobagem que me trouxe at\u00e9 aqui me expondo com meus v\u00edcios sei l\u00e1 desde quando na minha vida, eles foram passando por mim sem que eu me apagasse tanto a eles&#8230; como eu costumava me apegar.<\/p>\n<p style=\"text-align: justify;\">Tenho leves certezas sobre os motivos desse infort\u00fanio musical, uma combina\u00e7\u00e3o de fatores que destaca, como item principal, a maneira de ouvir m\u00fasica: ainda n\u00e3o consegui largar os discos f\u00edsicos num mundo que &#8216;prensa&#8217; em vinil e CDs algo em torno de 1% de sua produ\u00e7\u00e3o mensal &#8211; \u00e9 um chute, mas tanto faz se \u00e9 1% ou 20%, o que importa \u00e9 que a maior parte da produ\u00e7\u00e3o jogada todos os dias nos portais de streaming n\u00e3o me pega como antes a m\u00fasica me pegava. Finalmente envelheci (sorriso desconcertado).<\/p>\n<p style=\"text-align: justify;\">Da\u00ed que nesse cen\u00e1rio in\u00f3spito de velho rabugento com uma vasta cole\u00e7\u00e3o de discos competindo por espa\u00e7o com lan\u00e7amentos virtuais pouco sedutores e algoritmos malfeitores, algo chamou a minha aten\u00e7\u00e3o, n\u00e3o necessariamente&#8230; positivamente. E aqui mergulhamos em outro buraco negro pessoal, do qual espero que encontremos uma sa\u00edda ao final destas mal digitadas linhas: hypes me incomodam mais do que uva passa na farofa e ketchup na pizza (hummm, ok, o segundo item \u00e9 pau a pau), me d\u00e3o quase enxaqueca (algo que raramente tenho, afinal, anos de abstra\u00e7\u00e3o) e me tiram do s\u00e9rio.<\/p>\n<p style=\"text-align: justify;\">Sigamos em frente porque dentro desse buraco negro h\u00e1 uma chuva de meteoros: nessa coisa toda de hype, l\u00e1 no come\u00e7o dos anos 2000 (voou, hein) criei uma birra estratosf\u00e9rica com os Strokes, uma bandinha cafajeste que lan\u00e7ou um primeiro disco fenomenal (<a href=\"https:\/\/screamyell.com.br\/site\/2010\/01\/14\/is-this-it-e-realmente-importante\/\" target=\"_blank\" rel=\"noopener\">\u201cIs This It\u201d \u00e9 realmente importante?<\/a>), uns dois bons discos posteriores com singles matadores at\u00e9 chafurdar na lama do t\u00e9dio jur\u00e1ssico que acomete bandas med\u00edocres com o passar dos anos. Reconhe\u00e7o o valor deles, tenho amigos que gostam (hehe) e me divirto colocando &#8220;Juicebox&#8221; para tocar na pista, mas n\u00e3o estava preparado para ouvir uma das minhas bandas favoritas deste mil\u00eanio soando como eles. Foi um choque.<\/p>\n<p><iframe loading=\"lazy\" title=\"El Mat\u00f3 un Polic\u00eda Motorizado - Un Segundo Plan  (desde Foro Land\u00f3)\" width=\"747\" height=\"420\" src=\"https:\/\/www.youtube.com\/embed\/Np_hjfHVgIk?feature=oembed\" frameborder=\"0\" allow=\"accelerometer; autoplay; clipboard-write; encrypted-media; gyroscope; picture-in-picture; web-share\" allowfullscreen><\/iframe><\/p>\n<p style=\"text-align: justify;\">&#8220;Un Segundo Plan&#8221;, m\u00fasica que abre &#8220;Super Terror&#8221;, o bel\u00edsismo quarto disco da carreira dos platenses do El Mat\u00f3 a un Polic\u00eda Motorizado, poderia figurar facilmente em &#8220;Room of Fire&#8221;, o segundo disco do grupo de Julian Casablancas, lan\u00e7ado 20 anos atr\u00e1s. Ou ao menos a estrutura da can\u00e7\u00e3o e, principalmente, da introdu\u00e7\u00e3o, remete a isso. E esses poucos segundos introdut\u00f3rios da m\u00fasica causaram uma avalanche de sentimentos, alguns dos quais ainda n\u00e3o consegui me livrar. Fato \u00e9 que, ap\u00f3s algumas audi\u00e7\u00f5es receosas naquela vibe &#8220;est\u00e3o pregando uma pe\u00e7a em mim, n\u00e9&#8221;, &#8220;Super Terror&#8221; foi ficando, se aconchegando e ganhando um espa\u00e7o carinhoso nesses dias em que muitos discos novos passam, e quase nenhum fica.<\/p>\n<p style=\"text-align: justify;\">A coisa toda rolou com uma intensidade t\u00e3o grande e de tal forma que quando <a href=\"https:\/\/screamyell.com.br\/site\/2023\/12\/05\/primavera-sound-sp-the-cure-lava-a-alma-dos-fas-em-fim-de-semana-de-grandes-shows\/\" target=\"_blank\" rel=\"noopener\">me coloquei frente \u00e0 banda no Primavera Sound S\u00e3o Paulo<\/a>, a ficha demorou a cair: nos meus fones, &#8220;Super Terror&#8221; era um universo em expans\u00e3o, algo t\u00e3o explosivo que conseguia me tirar da letargia di\u00e1ria. Can\u00e7\u00f5es como &#8220;Medalla de Ouro&#8221; e &#8220;Diamante Roto&#8221; me faziam ter vontade de gritar, pular e sacudir as pessoas sonolentas nos vag\u00f5es do metr\u00f4. E ali, no aut\u00f3dromo de Interlagos, essas can\u00e7\u00f5es soaram&#8230; l\u00edricas, cristalinas e delicadas (como boa parte das can\u00e7\u00f5es soam nos shows do El Mato&#8230; SEMPRE), n\u00fameros para se cantar sem vergonha com olhos fechados debaixo de um sol do caralho. Alguma coisa havia se desconectado&#8230; ou estava se reconectando.<\/p>\n<p><iframe loading=\"lazy\" title=\"El mat\u00f3 a un polic\u00eda motorizado - Medalla de oro (Video oficial)\" width=\"747\" height=\"420\" src=\"https:\/\/www.youtube.com\/embed\/_d9XGPtH0fc?feature=oembed\" frameborder=\"0\" allow=\"accelerometer; autoplay; clipboard-write; encrypted-media; gyroscope; picture-in-picture; web-share\" allowfullscreen><\/iframe><\/p>\n<p style=\"text-align: justify;\">Sei l\u00e1 quantas vezes vi o El Mato ao vivo (s\u00f3 no Primavera Sound Barcelona foram duas, a primeira 15 anos atr\u00e1s), o que denota uma certa zona de conforto musical, afinal a gente vai ao show sabendo tudo que vai acontecer (num showbusiness cuja certeza n\u00e3o apenas se sobrep\u00f5e a surpresa \u2013 vide <a href=\"https:\/\/screamyell.com.br\/site\/2023\/06\/19\/ao-vivo-mesmo-engessada-formacao-classica-dos-titas-mostra-em-sp-que-ainda-faz-um-dos-melhores-shows-do-pais\/\" target=\"_blank\" rel=\"noopener\">Tit\u00e3s<\/a>, <a href=\"https:\/\/screamyell.com.br\/site\/2023\/12\/08\/ao-vivo-paul-mccartney-versao-2023-e-inferior-a-2019-mas-emociona-igual\/\" target=\"_blank\" rel=\"noopener\">Macca<\/a> e tantos outros \u2013 como \u00e9 enfaticamente esperada: grande parte do p\u00fablico &#8220;paga&#8221; esperando obviedade) na busca por uma emo\u00e7\u00e3o planejada, pequenas inje\u00e7\u00f5es de animo num mundo que constantemente nos desanima.<\/p>\n<p style=\"text-align: justify;\">Dai que o fato de um disco entortar essa narrativa pode dizer (e diz) muito mais sobre a maneira (ou o momento pessoal) que o ouvinte o recebeu do que, necessariamente, sua qualidade, ainda que &#8220;Super Terror&#8221; seja um disca\u00e7o, com mais ecos de Strokes do que eu gostaria de admitir, mas com a capacidade de trazer l\u00e1grimas de felicidade em meio a gotas de suor numa tarde ensolarada. J\u00e1 experimentou a sensa\u00e7\u00e3o? \u00c9 uma das coisas mais maravilhosas que a arte, em geral, e a m\u00fasica, em particular, pode fazer por n\u00f3s, humanos demasiadamente humanos.<\/p>\n<p style=\"text-align: justify;\">Muitos diriam: &#8220;\u00e9 s\u00f3 um disco&#8221;. Sim, \u00e9 s\u00f3 um disco, o meu disco favorito de 2023. \u00c9 bom demais ainda se conectar emocionalmente com um \u00e1lbum, uma banda. Obrigado, El Mat\u00f3.<\/p>\n<hr \/>\n<p><em>\u2013 Marcelo Costa (<a href=\"https:\/\/twitter.com\/screamyell\" target=\"_blank\" rel=\"noopener noreferrer\">@screamyell<\/a>) \u00e9 editor do Scream &amp; Yell e assina o blog\u00a0<a href=\"https:\/\/screamyell.com.br\/blog\/\" target=\"_blank\" rel=\"noopener noreferrer\">Calmantes com Champagne<\/a><\/em><\/p>\n<p><iframe loading=\"lazy\" title=\"Un Segundo Plan\" width=\"747\" height=\"560\" src=\"https:\/\/www.youtube.com\/embed\/s1mNM7UmEnc?list=OLAK5uy_n2W7_h1VFu_5BwBnuyWFFe0GQCBRrUKXc\" frameborder=\"0\" allow=\"accelerometer; autoplay; clipboard-write; encrypted-media; gyroscope; picture-in-picture; web-share\" allowfullscreen><\/iframe><\/p>\n<h2 style=\"text-align: center;\"><a href=\"https:\/\/screamyell.com.br\/site\/tag\/favorito\/\"><strong>CONHE\u00c7A OUTROS DISCOS FAVORITOS<\/strong><\/a><\/h2>\n","protected":false},"excerpt":{"rendered":"&#8220;Un Segundo Plan&#8221;, m\u00fasica que abre &#8220;Super Terror&#8221;, o quarto disco da carreira dos platenses do El Mat\u00f3 a un Polic\u00eda Motorizado, poderia figurar facilmente em &#8220;Room of Fire&#8221;, o segundo disco do grupo de Julian Casablancas, lan\u00e7ado 20 anos atr\u00e1s.\n<a class=\"moretag\" href=\"https:\/\/screamyell.com.br\/site\/2024\/01\/01\/meu-disco-favorito-de-2023-el-mato-por-marcelo-costa\/\"> [...]<\/a>","protected":false},"author":2,"featured_media":78848,"comment_status":"open","ping_status":"open","sticky":false,"template":"","format":"standard","meta":[],"categories":[3],"tags":[6338,4817,6512],"_links":{"self":[{"href":"https:\/\/screamyell.com.br\/site\/wp-json\/wp\/v2\/posts\/78841"}],"collection":[{"href":"https:\/\/screamyell.com.br\/site\/wp-json\/wp\/v2\/posts"}],"about":[{"href":"https:\/\/screamyell.com.br\/site\/wp-json\/wp\/v2\/types\/post"}],"author":[{"embeddable":true,"href":"https:\/\/screamyell.com.br\/site\/wp-json\/wp\/v2\/users\/2"}],"replies":[{"embeddable":true,"href":"https:\/\/screamyell.com.br\/site\/wp-json\/wp\/v2\/comments?post=78841"}],"version-history":[{"count":9,"href":"https:\/\/screamyell.com.br\/site\/wp-json\/wp\/v2\/posts\/78841\/revisions"}],"predecessor-version":[{"id":78859,"href":"https:\/\/screamyell.com.br\/site\/wp-json\/wp\/v2\/posts\/78841\/revisions\/78859"}],"wp:featuredmedia":[{"embeddable":true,"href":"https:\/\/screamyell.com.br\/site\/wp-json\/wp\/v2\/media\/78848"}],"wp:attachment":[{"href":"https:\/\/screamyell.com.br\/site\/wp-json\/wp\/v2\/media?parent=78841"}],"wp:term":[{"taxonomy":"category","embeddable":true,"href":"https:\/\/screamyell.com.br\/site\/wp-json\/wp\/v2\/categories?post=78841"},{"taxonomy":"post_tag","embeddable":true,"href":"https:\/\/screamyell.com.br\/site\/wp-json\/wp\/v2\/tags?post=78841"}],"curies":[{"name":"wp","href":"https:\/\/api.w.org\/{rel}","templated":true}]}}