{"id":78001,"date":"2023-11-16T16:37:35","date_gmt":"2023-11-16T19:37:35","guid":{"rendered":"https:\/\/screamyell.com.br\/site\/?p=78001"},"modified":"2024-05-21T02:26:30","modified_gmt":"2024-05-21T05:26:30","slug":"tres-filmes-italianos-as-minhas-garotas-de-papel-a-sombra-de-caravaggio-o-primeiro-dia-da-minha-vida","status":"publish","type":"post","link":"https:\/\/screamyell.com.br\/site\/2023\/11\/16\/tres-filmes-italianos-as-minhas-garotas-de-papel-a-sombra-de-caravaggio-o-primeiro-dia-da-minha-vida\/","title":{"rendered":"Tr\u00eas filmes italianos: \u201cAs Minhas Garotas de Papel\u201d, \u201cO Primeiro Dia da Minha Vida\u201d, \u201cA Sombra de Caravaggio\u201d,"},"content":{"rendered":"<p style=\"text-align: center;\"><em>Tr\u00eas filmes presentes na 18\u00aa edi\u00e7\u00e3o do\u00a0<a href=\"https:\/\/festivalcinemaitaliano.com\/\" target=\"_blank\" rel=\"noopener\">Festival de Cinema Italiano no Brasil<\/a>, evento anual gratuito que selecionou 32\u00a0 filmes, entre lan\u00e7amentos e cl\u00e1ssicos do cinema italiano, para o p\u00fablico brasileiro em sess\u00f5es presenciais e via streaming entre 8\/11 e 9\/12\/23. Consulte a programa\u00e7\u00e3o (presencial e virtual) no\u00a0<a href=\"https:\/\/festivalcinemaitaliano.com\/programacao-2023\/\" target=\"_blank\" rel=\"noopener\">site oficial<\/a>.<\/em><\/p>\n<p><img decoding=\"async\" loading=\"lazy\" class=\"alignnone size-full wp-image-78009 aligncenter\" src=\"https:\/\/screamyell.com.br\/site\/wp-content\/uploads\/2023\/11\/LE-MIE-RAGAZZE-DI-CARTA-1.jpg\" alt=\"\" width=\"420\" height=\"600\" srcset=\"https:\/\/screamyell.com.br\/site\/wp-content\/uploads\/2023\/11\/LE-MIE-RAGAZZE-DI-CARTA-1.jpg 420w, https:\/\/screamyell.com.br\/site\/wp-content\/uploads\/2023\/11\/LE-MIE-RAGAZZE-DI-CARTA-1-210x300.jpg 210w\" sizes=\"(max-width: 420px) 100vw, 420px\" \/><\/p>\n<p style=\"text-align: justify;\"><strong>\u201cAs Minhas Garotas de Papel\u201d, de Luca Lucini (2023)<\/strong><br \/>\nNos primeiros minutos de proje\u00e7\u00e3o, o travado Primo Bottaccin (Andrea Pennacchi, \u00f3timo) est\u00e1 prestando uma \u201cprova\u201d para um cargo p\u00fablico. Assim como toda a sua fam\u00edlia, ele cresceu no campo, afastado da \u201ccidade grande\u201d, mas Primo anseia por mudan\u00e7as. Casado com Anna (Maya Sansa) e pai do adolescente Tib\u00e9rio (Alvise Marascalchi), Primo parte com os dois para Treviso, cidade de pouco mais de 80 mil habitantes pr\u00f3xima de Veneza, para assumir o cargo de carteiro, e encarar de frente todas as mudan\u00e7as e adapta\u00e7\u00f5es que uma pessoa do final dos anos 1970 precisa enfrentar ao sair do campo (onde o banheiro, \u00fanico para toda a enorme fam\u00edlia, era fora de casa, no meio do mato) para viver em um apartamento numa cidade (com banheiro dentro). \u201cLe Mie Ragazze di Carta\u201d (t\u00edtulo original), por\u00e9m, n\u00e3o \u00e9 sobre Primo, ou apenas sobre ele. \u00c9 tamb\u00e9m sobre a esposa Anna com seus desejos (uma TV colorida de 99 canais!) e, principalmente, sobre o jovem Tib\u00e9rio, que est\u00e1 passando por todas as transforma\u00e7\u00f5es da adolesc\u00eancia, incluindo descobrir o sexo \u2013 o t\u00edtulo, ruim, pois n\u00e3o d\u00e1 conta de tudo que acontece nos 101 minutos de proje\u00e7\u00e3o, \u00e9 uma alus\u00e3o a paix\u00e3o do garoto por revistas pornogr\u00e1ficas \u2013 e uma atriz porn\u00f4 em particular. Lucini cria pequenos n\u00facleos narrativos independentes, e tanto n\u00e3o coloca nenhum em evid\u00eancia, deixando todos com um mesmo peso narrativo, quanto n\u00e3o acaba aprofundando nenhum, como exemplifica o melhor, que flagra o contato do pai carteiro com um travesti (Cristiano Caccamo, outro destaque do longa), situa\u00e7\u00e3o que vai do asco a uma amizade bonita e delicada baseada em&#8230; jogos de xadrez (que em outras m\u00e3os poderia se transformar em uma deliciosa met\u00e1fora&#8230; mas que aqui n\u00e3o deixa margens para segundas inten\u00e7\u00f5es). O resultado final \u00e9 um filme terno, mas simpl\u00f3rio, que transpira inoc\u00eancia e nostalgia, piscando o olho para temas tabu sem ousar falar deles com convic\u00e7\u00e3o. Os personagens, repletos de potencial, s\u00e3o tratados de forma rasa numa hist\u00f3ria agrad\u00e1vel, mas que frustra exatamente por ser muito menos do que poderia.<\/p>\n<p style=\"text-align: justify;\">Nota: 6.5<\/p>\n<hr \/>\n<p><img decoding=\"async\" loading=\"lazy\" class=\"alignnone size-full wp-image-78008 aligncenter\" src=\"https:\/\/screamyell.com.br\/site\/wp-content\/uploads\/2023\/11\/L-OMBRA-DEL-CARAVAGGIO-1.jpg\" alt=\"\" width=\"420\" height=\"600\" srcset=\"https:\/\/screamyell.com.br\/site\/wp-content\/uploads\/2023\/11\/L-OMBRA-DEL-CARAVAGGIO-1.jpg 420w, https:\/\/screamyell.com.br\/site\/wp-content\/uploads\/2023\/11\/L-OMBRA-DEL-CARAVAGGIO-1-210x300.jpg 210w\" sizes=\"(max-width: 420px) 100vw, 420px\" \/><\/p>\n<p style=\"text-align: justify;\"><strong>\u201cA Sombra de Caravaggio\u201d, de Michele Placido (2022)<\/strong><br \/>\nMichelangelo Merisi, conhecido como Caravaggio (nome herdado da vila em que nasceu na regi\u00e3o italiana da Lombardia) foi um revolucion\u00e1rio que pintou, fundamentalmente, temas religiosos, radicalizando o chiaroscuro at\u00e9 criar o tenebrismo. De temperamento impetuoso e claramente im\u00e3 de confus\u00e3o (a NPR o definiu como <a href=\"https:\/\/www.npr.org\/2010\/02\/20\/123892179\/celebrating-caravaggio-first-of-the-bad-boy-artists\" target=\"_blank\" rel=\"noopener\">o primeiro \u201cbad boy\u201d da arte<\/a>), Caravaggio ati\u00e7ou a ira (de parte) da igreja cat\u00f3lica (no auge da inquisi\u00e7\u00e3o), primeiro por assassinar um desafeto em 1606, segundo por sua vida \u201cblasfema\u201d, pois, bissexual, mantinha um romance com um jovem auxiliar tanto quanto com prostitutas, e, principalmente, por utiliz\u00e1-las como modelos para suas obras religiosas ao lado de enfermos e ciganos em clima de tristeza, desolamento e viol\u00eancia, algo proibido pelo Concilio de Trento, de 1563 \u2013 a Igreja provavelmente perdoaria o crime e faria vista grossa para as quest\u00f5es sexuais, mas recrimanaria a representa\u00e7\u00e3o art\u00edstica de seus santos por pessoas mundanas. \u201cL&#8217;Ombra di Caravaggio\u201d flagra o per\u00edodo final da vida do pintor, interpretado por Riccardo Scamarcio. O roteiro desenha seu crime como uma emboscada e centra foco no trabalho do inquisidor Ombra (Louis Garrel, deslocado), escolhido pelo Papa Paulo V para analisar o pedido de perd\u00e3o do pintor. Pessoas da alta sociedade romana (de rica\u00e7os como Costanza Sforza Colonna, interpretada por Isabelle Huppert, cuja voz foi dublada, a futuros candidatos ao papado, como o Cardial Del Monte, vivido pelo diretor Michele Placido, ou mesmo um sobrinho do pr\u00f3prio Papa Paulo V, o cardeal Scipione Borghese \u2013 grandes obras de Caravaggio foram protegidas por ele e hoje est\u00e3o expostas na bela <a href=\"https:\/\/www.screamyell.com.br\/blog\/2009\/07\/23\/arte-sacra-bernini-caravaggio-e-tiramisu\/\" target=\"_blank\" rel=\"noopener\">Galeria Borghese<\/a>, em Roma), ent\u00e3o, s\u00e3o entrevistadas e contam sobre suas rela\u00e7\u00f5es com o artista (muitas delas tamb\u00e9m sexuais). Placido \u201cilumina espa\u00e7os escuros\u201d da vida de Caravaggio de forma romanceada (o pintor pouco escreveu sobre si, e muito do que se sabe sobre ele surge de sua extensa ficha policial), o que esvazia o final do filme, hipot\u00e9tico demais, ainda que poss\u00edvel \u2013 morto em 1610 aos 39 anos, seu corpo s\u00f3 foi identificado 400 anos depois \u2013 numa obra que soa a pontinha pequenina de um enorme iceberg. Assista&#8230; e mergulhe na obra. Ela \u00e9 espetacular (o filme \u00e9 apenas mediano).<\/p>\n<p style=\"text-align: justify;\">Nota: 6.5<\/p>\n<hr \/>\n<p><img decoding=\"async\" loading=\"lazy\" class=\"alignnone size-full wp-image-78010 aligncenter\" src=\"https:\/\/screamyell.com.br\/site\/wp-content\/uploads\/2023\/11\/IL-PRIMO-GIORNO-DELLA-MIA-VITA.jpg\" alt=\"\" width=\"420\" height=\"600\" srcset=\"https:\/\/screamyell.com.br\/site\/wp-content\/uploads\/2023\/11\/IL-PRIMO-GIORNO-DELLA-MIA-VITA.jpg 420w, https:\/\/screamyell.com.br\/site\/wp-content\/uploads\/2023\/11\/IL-PRIMO-GIORNO-DELLA-MIA-VITA-210x300.jpg 210w\" sizes=\"(max-width: 420px) 100vw, 420px\" \/><\/p>\n<p style=\"text-align: justify;\"><strong>\u201cO Primeiro Dia da Minha Vida\u201d, de Paolo Genovese (2023)<\/strong><br \/>\nNum primeiro momento, a sensa\u00e7\u00e3o \u00e9 de que um motorista de Uber est\u00e1 pegando pessoas em pontos de uma cidade italiana numa noite chuvosa. A coisa toda muda de figura quando percebemos dois policiais em um carro, um homem e uma mulher, numa leve discuss\u00e3o. Ele entra numa cafeteria enquanto ela, no carro, encosta sua pistola na parte inferior do queixo. Antes que ela aperte o gatilho, por\u00e9m, o tal motorista de Uber a resgata e a \u201csepara de seu corpo\u201d inerte no banco do carro. No final desta noite de muito trabalho ele resgatar\u00e1 quatro suicidas pedindo a eles uma semana de reflex\u00e3o em que, envoltos em um espa\u00e7o\/tempo em que n\u00e3o \u00e9 permitido comer nem beber, eles poder\u00e3o pensar um pouco mais sobre a decis\u00e3o que tomaram, e, quem sabe, voltar atr\u00e1s. Esse tal homem (vivido por Toni Servillo, do maravilhoso \u201cA Grande Beleza\u201d) ir\u00e1 mostrar, nestes setes dias, o que acontecer\u00e1 quando eles n\u00e3o estiverem mais entre os seus, o que eles v\u00e3o deixar para tr\u00e1s, o que perder\u00e3o, qual ser\u00e1 a rea\u00e7\u00e3o de amigos e parentes. A policial se chama Arianna, e a perda da filha fez com que sua vida perdesse o sentido; h\u00e1 um rapaz chamado Napoleon, que ganha a vida como um guia motivacional (que n\u00e3o consegue encontrar sentido na pr\u00f3pria vida); Em\u00edlia \u00e9 uma ginasta condenada a ser sempre segundo lugar, e que v\u00ea os sonhos de uma medalha de ouro irem embora devido a um problema nas pernas; por fim, o garoto Daniele \u00e9 um Youtuber que sofre bullying tanto quanto \u00e9 explorado pelos pais. Nem mortos, nem vivos, essas quatro almas s\u00e3o convidadas a refletir sobre sua decis\u00e3o, um tema delicad\u00edssimo e repleto de gatilhos, que Genovese explorou primeiramente num livro de mesmo nome, &#8220;Il Primo Giorno Della Mia Vita&#8221;, lan\u00e7ado em 2018. O ingl\u00eas Nick Hornby j\u00e1 havia explorado o tema em \u201c<a href=\"https:\/\/screamyell.com.br\/site\/2006\/03\/17\/livro-uma-longa-queda-nick-hornby\/\" target=\"_blank\" rel=\"noopener\">Uma Longa Queda<\/a>\u201d, de 2005, tamb\u00e9m com quatro suicidas, e se em seu livro havia gordura demais, e <a href=\"https:\/\/screamyell.com.br\/site\/2014\/06\/03\/cinema-uma-longa-queda\/\" target=\"_blank\" rel=\"noopener\">a adapta\u00e7\u00e3o cinematogr\u00e1fica se saia melhor<\/a> (com uso de humor, inclusive), as escolhas de Genovese soam excessivamente reflexivas, mec\u00e2nicas, frias. Na luta por devolver esse grupo de pessoas \u00e0 vida, o roteiro racionaliza demais coisas n\u00e3o racionais como a emo\u00e7\u00e3o, o amor, a alegria, os pequenos milagres que tornam nossos dias super\u00e1veis, o que torna seu desenrolar cansativo, e seu desfecho, artificial.<\/p>\n<p style=\"text-align: justify;\">Nota: 5<\/p>\n<p><iframe loading=\"lazy\" title=\"LE MIE RAGAZZE DI CARTA | Trailer Ufficiale | Dal 13 luglio al cinema\" width=\"747\" height=\"420\" src=\"https:\/\/www.youtube.com\/embed\/VnxDYY_hCV0?feature=oembed\" frameborder=\"0\" allow=\"accelerometer; autoplay; clipboard-write; encrypted-media; gyroscope; picture-in-picture; web-share\" allowfullscreen><\/iframe><\/p>\n<p><iframe loading=\"lazy\" title=\"L&#039;OMBRA DI CARAVAGGIO di Michele Placido (2022) - Trailer ufficiale HD\" width=\"747\" height=\"420\" src=\"https:\/\/www.youtube.com\/embed\/vezw7dkVvuE?feature=oembed\" frameborder=\"0\" allow=\"accelerometer; autoplay; clipboard-write; encrypted-media; gyroscope; picture-in-picture; web-share\" allowfullscreen><\/iframe><\/p>\n<p><iframe loading=\"lazy\" title=\"Il primo giorno della mia vita | Trailer Ufficiale HD | Dal 26 gennaio al cinema\" width=\"747\" height=\"420\" src=\"https:\/\/www.youtube.com\/embed\/oWElOMT3j9w?feature=oembed\" frameborder=\"0\" allow=\"accelerometer; autoplay; clipboard-write; encrypted-media; gyroscope; picture-in-picture; web-share\" allowfullscreen><\/iframe><\/p>\n<p><em>\u2013 Marcelo Costa (<a href=\"https:\/\/twitter.com\/screamyell\" target=\"_blank\" rel=\"noopener noreferrer\">@screamyell<\/a>) \u00e9 editor do Scream &amp; Yell e assina a\u00a0<a href=\"https:\/\/screamyell.com.br\/blog\/\" target=\"_blank\" rel=\"noopener noreferrer\">Calmantes com Champagne<\/a>.\u00a0<\/em><\/p>\n","protected":false},"excerpt":{"rendered":"\u201cAs Minhas Garotas de Papel\u201d \u00e9 um filme terno, mas simpl\u00f3rio; \u201cA Sombra de Caravaggio\u201d \u00e9 apenas mediano, mas a obra do pintor \u00e9 divina; \u201cO Primeiro Dia da Minha Vida\u201d \u00e9 artificial\n<a class=\"moretag\" href=\"https:\/\/screamyell.com.br\/site\/2023\/11\/16\/tres-filmes-italianos-as-minhas-garotas-de-papel-a-sombra-de-caravaggio-o-primeiro-dia-da-minha-vida\/\"> [...]<\/a>","protected":false},"author":2,"featured_media":78015,"comment_status":"open","ping_status":"open","sticky":false,"template":"","format":"standard","meta":[],"categories":[4],"tags":[5370],"_links":{"self":[{"href":"https:\/\/screamyell.com.br\/site\/wp-json\/wp\/v2\/posts\/78001"}],"collection":[{"href":"https:\/\/screamyell.com.br\/site\/wp-json\/wp\/v2\/posts"}],"about":[{"href":"https:\/\/screamyell.com.br\/site\/wp-json\/wp\/v2\/types\/post"}],"author":[{"embeddable":true,"href":"https:\/\/screamyell.com.br\/site\/wp-json\/wp\/v2\/users\/2"}],"replies":[{"embeddable":true,"href":"https:\/\/screamyell.com.br\/site\/wp-json\/wp\/v2\/comments?post=78001"}],"version-history":[{"count":5,"href":"https:\/\/screamyell.com.br\/site\/wp-json\/wp\/v2\/posts\/78001\/revisions"}],"predecessor-version":[{"id":78016,"href":"https:\/\/screamyell.com.br\/site\/wp-json\/wp\/v2\/posts\/78001\/revisions\/78016"}],"wp:featuredmedia":[{"embeddable":true,"href":"https:\/\/screamyell.com.br\/site\/wp-json\/wp\/v2\/media\/78015"}],"wp:attachment":[{"href":"https:\/\/screamyell.com.br\/site\/wp-json\/wp\/v2\/media?parent=78001"}],"wp:term":[{"taxonomy":"category","embeddable":true,"href":"https:\/\/screamyell.com.br\/site\/wp-json\/wp\/v2\/categories?post=78001"},{"taxonomy":"post_tag","embeddable":true,"href":"https:\/\/screamyell.com.br\/site\/wp-json\/wp\/v2\/tags?post=78001"}],"curies":[{"name":"wp","href":"https:\/\/api.w.org\/{rel}","templated":true}]}}