{"id":76405,"date":"2023-08-14T18:29:21","date_gmt":"2023-08-14T21:29:21","guid":{"rendered":"http:\/\/screamyell.com.br\/site\/?p=76405"},"modified":"2023-09-19T00:05:09","modified_gmt":"2023-09-19T03:05:09","slug":"musica-swans-abranda-o-barulho-em-the-beggar-mas-carrega-as-letras-com-uma-enorme-forca-emotiva","status":"publish","type":"post","link":"https:\/\/screamyell.com.br\/site\/2023\/08\/14\/musica-swans-abranda-o-barulho-em-the-beggar-mas-carrega-as-letras-com-uma-enorme-forca-emotiva\/","title":{"rendered":"M\u00fasica: Swans abranda o barulho em \u201cThe Beggar\u201d, mas carrega as letras com uma enorme for\u00e7a emotiva"},"content":{"rendered":"<h2 style=\"text-align: center;\"><strong>texto por\u00a0<a href=\"https:\/\/www.facebook.com\/profile.php?id=100016802896941\" target=\"_blank\" rel=\"noopener noreferrer\">Luciano Ferreira<\/a><\/strong><\/h2>\n<p style=\"text-align: justify;\">Oriundo da efervescente cena novaiorquina do final da d\u00e9cada de 1970 e in\u00edcio da de 1980, a mesma que deu ao mundo a ic\u00f4nica banda Sonic Youth, o Swans chega com \u201cThe Beggar\u201d, seu d\u00e9cimo sexto \u00e1lbum (Young God Records). Com uma carreira discogr\u00e1fica n\u00e3o t\u00e3o extensa quanto a sua longevidade \u2013 a banda foi formada em 1982 e debutou em 1983 com o seminal \u00e1lbum \u201cFilth\u201d \u2013, o Swans segue adiante e mant\u00e9m intactos alguns adjetivos que se tornaram corriqueiros em sua biografia: o n\u00e3o convencionalismo, as experimenta\u00e7\u00f5es e, a chave mestra, o universo l\u00edrico repleto de &#8220;imagens&#8221; chocantes a cargo de seu fundador, o vocalista e multi-instrumentista Michael Gira, que tem na banda um ve\u00edculo para suas cria\u00e7\u00f5es sonoras sempre marcantes.<\/p>\n<p style=\"text-align: justify;\">\u201cThe Beggar\u201d \u00e9 o sexto trabalho do Swans desde que Gira reformou e retomou a banda em 2010. Ap\u00f3s um per\u00edodo de hiberna\u00e7\u00e3o de mais de uma d\u00e9cada, a volta rendeu o guitarreiro e ruidoso \u00e1lbum \u201cMy Father Will Guide Me up a Rope to the Sky\u201d (2010) e o celebrado \u201cThe Seeker\u201d (2012), <a href=\"https:\/\/screamyell.com.br\/site\/2013\/06\/22\/best-kept-secret-festival-2013-holanda\/\" target=\"_blank\" rel=\"noopener\">al\u00e9m de uma turn\u00ea barulhenta<\/a>. Gravado em Berlim, onde Michael Gira se mudou temporariamente, \u201cThe Beggar\u201d \u00e9 um disco longo e que foi gestado durante o per\u00edodo de medos e incertezas da pandemia. Ele d\u00e1 continuidade a sonoridade densa e impenetr\u00e1vel de \u201cLeaving Meaning\u201d, seu antecessor de 2019, mas agora com o Swans em uma nova forma\u00e7\u00e3o.<\/p>\n<p style=\"text-align: justify;\">O grupo tece longos arranjos instrumentais para as composi\u00e7\u00f5es Gira, e em torno disso ele confortavelmente desfila seus versos impostando uma voz grave e monoc\u00f3rdica sobre temas inc\u00f4modos, como na abertura com a tens\u00e3o sufocante e clima ritual\u00edstico (que permeia grande parte do disco) de &#8220;The Parasite&#8221;, sobre um &#8220;corpo&#8221; sendo consumido por um parasita. A finitude \u00e9 um tema que \u00e9 retomado ao longo do disco de v\u00e1rias formas, incluindo na melanc\u00f3lica faixa t\u00edtulo (\u201cThe Beggar\u201d), onde o homem parece narrar as sensa\u00e7\u00f5es de algu\u00e9m no pr\u00e9 e p\u00f3s morte: &#8220;Dois paralelos se cruzam \/ S\u00f3 por pensar que estou aqui \/ Eu logo desaparecerei \/ Quem se importa e quem sabe \/ Onde eu estive ou irei?&#8221;.<\/p>\n<p style=\"text-align: justify;\">Com mais de duas horas de dura\u00e7\u00e3o \u2013 a faixa &#8220;The Beggar Lover (Three)&#8221; sozinha soma 43 minutos! \u2013, e lan\u00e7ado em vinil duplo, \u201cThe Beggar\u201d tem uma estrutura sonora e instrumenta\u00e7\u00e3o rica apesar de momentos de pseudo minimalismo, quando a voz de Gira (e todo seu discurso em tom apocal\u00edptico) parece ser a \u00fanica coisa a atacar os t\u00edmpanos.<\/p>\n<p><img decoding=\"async\" loading=\"lazy\" class=\"alignnone size-full wp-image-76410\" src=\"https:\/\/screamyell.com.br\/site\/wp-content\/uploads\/2023\/08\/TheBeggar_2048x-copiar.jpg\" alt=\"\" width=\"750\" height=\"440\" srcset=\"https:\/\/screamyell.com.br\/site\/wp-content\/uploads\/2023\/08\/TheBeggar_2048x-copiar.jpg 750w, https:\/\/screamyell.com.br\/site\/wp-content\/uploads\/2023\/08\/TheBeggar_2048x-copiar-300x176.jpg 300w\" sizes=\"(max-width: 750px) 100vw, 750px\" \/><\/p>\n<p style=\"text-align: justify;\">Parte daquele grupo de artistas do inc\u00f4modo, o novo \u00e1lbum pode ser facilmente definido como a continuidade da jornada adentro da mente insana de Gira, que persiste em se debru\u00e7ar sobre perturbadores, o que em muito explica a dist\u00e2ncia que a banda se mant\u00e9m dos holofotes. Nas palavras do pr\u00f3prio, suas letras v\u00eam de algum lugar que n\u00e3o \u00e9 ele, sua participa\u00e7\u00e3o \u00e9 qual a de um boneco de ventr\u00edloquo, sendo apenas um ve\u00edculo.<\/p>\n<p style=\"text-align: justify;\">Apesar de a m\u00fasica ter sido abrandada no quesito barulho, em compara\u00e7\u00e3o aos esporros sonoros de trabalhos de outrora, as letras seguem cada vez mais potentes na arte prec\u00edpua de narrar um cotidiano que se busca tornar invis\u00edvel (apesar da sua presen\u00e7a constante ao longo da exist\u00eancia humana), logo inenarr\u00e1vel na m\u00fasica pop. Gira torna isso corriqueiro na sua poesia l\u00fagubre, aqui a morte e os v\u00e1rios aspectos em seu entorno. Nesse sentido, n\u00e3o h\u00e1 como n\u00e3o pensar em \u201cMemento Mori\u201d, do Depeche Mode, <a href=\"https:\/\/screamyell.com.br\/site\/2023\/04\/11\/musica-depeche-mode-retorna-com-memento-mori-um-disco-que-tateia-temas-como-morte-dor-perdas-e-angustias\/\" target=\"_blank\" rel=\"noopener\">pela similaridade tem\u00e1tica apena<\/a>s. A m\u00fasica do Swans \u00e0s vezes soa mais como um pesadelo do qual se deseja acordar do que qualquer outra coisa.<\/p>\n<p style=\"text-align: justify;\">No conjunto de onze faixas, o grupo se torna menos herm\u00e9tico aos n\u00e3o iniciados em faixas mais &#8220;convencionais&#8221;, mas n\u00e3o menos perturbadoras, como no ritmo mais acelerado de &#8220;Los Angeles: City of Death&#8221;, composta durante a pandemia e onde Gira rememora sua adolesc\u00eancia marcada pelo uso de drogas e \u00e1lcool. E na ambienta\u00e7\u00e3o \u00e9pica da retumbante &#8220;No More of This&#8221;, onde \u00e9 poss\u00edvel encontrar <a href=\"https:\/\/screamyell.com.br\/site\/2008\/05\/13\/disco-da-semana-songs-in-ae-spiritualized\/\" target=\"_blank\" rel=\"noopener\">certa aproxima\u00e7\u00e3o com o Spiritualized<\/a>, e cujo tema da morte \u00e9 retomado sob o vi\u00e9s de al\u00edvio pela cessa\u00e7\u00e3o de tudo, e pela despedida: &#8220;Nada disso \/ Nem raiva, nem medo \/ Nem amor, nem felicidade \/ Chega disso&#8230; Adeus amantes \/ Adeus amigos \/ Adeus filha \/ Adeus filhos&#8221;.<\/p>\n<p style=\"text-align: justify;\">\u201cThe Beggar\u201d \u00e9 um \u00e1lbum com uma enorme for\u00e7a emotiva, com letras recheadas de versos fortes, e com um tema quase unidimensional. Para al\u00e9m da rica instrumenta\u00e7\u00e3o, recheada de elementos orquestrados, \u00e9 poss\u00edvel encontrar tra\u00e7os de psicodelia, p\u00f3s-punk e Nick Cave &amp; The Bad Seeds. E at\u00e9 h\u00e1 uma conex\u00e3o com o <a href=\"https:\/\/screamyell.com.br\/site\/2021\/10\/20\/tres-filmes-schumacher-val-the-velvet-underground\/\" target=\"_blank\" rel=\"noopener\">The Velvet Underground<\/a> na visceral &#8220;Why Can\u2019t I Have What I Want Any Time That I Want?&#8221;, onde Gira narra de forma intensa a sua luta contra o v\u00edcio do \u00e1lcool: &#8220;Eu ainda sinto voc\u00ea em minhas veias, puro e refinado, enquanto eu me enfurecia&#8230; D\u00ea-me mais, d\u00ea-me mais \/ Sou seu suplicante, sou sua prostituta \/ Estou inconsciente no ch\u00e3o&#8221;.<\/p>\n<p><iframe loading=\"lazy\" title=\"The Beggar\" width=\"747\" height=\"420\" src=\"https:\/\/www.youtube.com\/embed\/videoseries?list=OLAK5uy_lRdGvqCsd7ZOfU9doT-TyNfGyYsRONC2U\" frameborder=\"0\" allow=\"accelerometer; autoplay; clipboard-write; encrypted-media; gyroscope; picture-in-picture; web-share\" allowfullscreen><\/iframe><\/p>\n<p>\u2013<em>\u00a0Luciano Ferreira \u00e9 editor e redator na empresa\u00a0<a href=\"https:\/\/www.urgesite.com.br\/\" target=\"_blank\" rel=\"noopener\">Urge :: A Arte nos conforta<\/a>\u00a0e colabora com o Scream &amp; Yell.<\/em><\/p>\n","protected":false},"excerpt":{"rendered":"Apesar de a m\u00fasica ter sido abrandada no quesito barulho, em compara\u00e7\u00e3o aos esporros sonoros de trabalhos de outrora, as letras seguem cada vez mais potentes na arte prec\u00edpua de narrar um cotidiano que se busca tornar invis\u00edvel&#8230;\n<a class=\"moretag\" href=\"https:\/\/screamyell.com.br\/site\/2023\/08\/14\/musica-swans-abranda-o-barulho-em-the-beggar-mas-carrega-as-letras-com-uma-enorme-forca-emotiva\/\"> [...]<\/a>","protected":false},"author":91,"featured_media":76408,"comment_status":"open","ping_status":"open","sticky":false,"template":"","format":"standard","meta":[],"categories":[3],"tags":[6813],"_links":{"self":[{"href":"https:\/\/screamyell.com.br\/site\/wp-json\/wp\/v2\/posts\/76405"}],"collection":[{"href":"https:\/\/screamyell.com.br\/site\/wp-json\/wp\/v2\/posts"}],"about":[{"href":"https:\/\/screamyell.com.br\/site\/wp-json\/wp\/v2\/types\/post"}],"author":[{"embeddable":true,"href":"https:\/\/screamyell.com.br\/site\/wp-json\/wp\/v2\/users\/91"}],"replies":[{"embeddable":true,"href":"https:\/\/screamyell.com.br\/site\/wp-json\/wp\/v2\/comments?post=76405"}],"version-history":[{"count":3,"href":"https:\/\/screamyell.com.br\/site\/wp-json\/wp\/v2\/posts\/76405\/revisions"}],"predecessor-version":[{"id":76411,"href":"https:\/\/screamyell.com.br\/site\/wp-json\/wp\/v2\/posts\/76405\/revisions\/76411"}],"wp:featuredmedia":[{"embeddable":true,"href":"https:\/\/screamyell.com.br\/site\/wp-json\/wp\/v2\/media\/76408"}],"wp:attachment":[{"href":"https:\/\/screamyell.com.br\/site\/wp-json\/wp\/v2\/media?parent=76405"}],"wp:term":[{"taxonomy":"category","embeddable":true,"href":"https:\/\/screamyell.com.br\/site\/wp-json\/wp\/v2\/categories?post=76405"},{"taxonomy":"post_tag","embeddable":true,"href":"https:\/\/screamyell.com.br\/site\/wp-json\/wp\/v2\/tags?post=76405"}],"curies":[{"name":"wp","href":"https:\/\/api.w.org\/{rel}","templated":true}]}}