{"id":76377,"date":"2023-08-11T00:36:00","date_gmt":"2023-08-11T03:36:00","guid":{"rendered":"http:\/\/screamyell.com.br\/site\/?p=76377"},"modified":"2023-09-26T23:42:32","modified_gmt":"2023-09-27T02:42:32","slug":"faixa-a-faixa-em-o-soturno-jarro-diamante-julio-ferraz-enfrenta-a-dor-e-a-depressao-com-calma-resiliencia-e-psicodelia-folk-lo-fi","status":"publish","type":"post","link":"https:\/\/screamyell.com.br\/site\/2023\/08\/11\/faixa-a-faixa-em-o-soturno-jarro-diamante-julio-ferraz-enfrenta-a-dor-e-a-depressao-com-calma-resiliencia-e-psicodelia-folk-lo-fi\/","title":{"rendered":"Faixa a faixa: J\u00falio Ferraz enfrenta a dor e a depress\u00e3o com resili\u00eancia e psicodelia folk lo-fi em \u201cO Soturno Jarro Diamante\u201d"},"content":{"rendered":"<h2 style=\"text-align: center;\"><strong>introdu\u00e7\u00e3o por\u00a0<a href=\"https:\/\/twitter.com\/screamyell\" target=\"_blank\" rel=\"noopener\">Marcelo Costa<\/a><\/strong><br \/>\nFaixa a faixa por <a href=\"https:\/\/www.facebook.com\/julio.ferraz.9\" target=\"_blank\" rel=\"noopener\">J\u00falio Ferraz<\/a><\/h2>\n<p style=\"text-align: justify;\">J\u00falio Ferraz \u00e9 m\u00fasico, compositor e arranjador, tendo iniciado sua carreira em 2006 com o Novanguarda, uma banda que mesclava rock de garagem com elementos psicod\u00e9licos. Em 2016, lan\u00e7ou seu primeiro \u00e1lbum solo, \u201cA Ilha da Inconsci\u00eancia no Espelho Polif\u00f4nico das Bifurca\u00e7\u00f5es do Tempo\u201d, pelo selo Discobertas, de Marcelo Fr\u00f3es, que desde ent\u00e3o vem acompanhando e registrando os passos do m\u00fasico. \u201c<a href=\"https:\/\/orcd.co\/soturno\" target=\"_blank\" rel=\"noopener\">O Soturno Jarro Diamante<\/a>\u201d (2023) \u00e9 seu quinto disco solo.<\/p>\n<p style=\"text-align: justify;\">\u201cO t\u00edtulo \u00e9 uma analogia aos sentimentos mais \u00edntimos, aqueles que guardamos em nosso lugar mais secreto\u201d, explica J\u00falio. \u201cO jarro simboliza um lugar oculto, reservado, onde guardamos sensa\u00e7\u00f5es e sentimentos que normalmente n\u00e3o colocamos para fora. Neste reservat\u00f3rio, os sentimentos ficam retidos at\u00e9 um dia transbordar. O diamante \u00e9 a luz, o momento em que a energia cintila, trazendo leveza e refletindo todo seu brilho ao ambiente\u201d, filosofa o m\u00fasico.<\/p>\n<p style=\"text-align: justify;\">\u201cEste jarro diamante est\u00e1 cheio de can\u00e7\u00f5es soturnas\u201d, antecipa o artista, com a consci\u00eancia de que criou uma obra densa, tensa, bela e l\u00edrica, cuja voz surge muitas vezes escondida entre notas de piano, mellotron, viol\u00e3o e gaita. A depress\u00e3o e a resili\u00eancia s\u00e3o temas que permeiam um \u00e1lbum forte que nasce como registro de \u201cmomentos de confus\u00e3o, tristeza e instabilidades das emo\u00e7\u00f5es. Este cap\u00edtulo exp\u00f5e minhas dores mais profundas, assim como as tentativas de me erguer\u201d, conta J\u00falio.<\/p>\n<p style=\"text-align: justify;\">\u201c<a href=\"https:\/\/orcd.co\/soturno\" target=\"_blank\" rel=\"noopener\">O Soturno Jarro Diamante<\/a>\u201d \u00e9 daqueles discos minimalistas e especiais que n\u00e3o se contentam com uma audi\u00e7\u00e3o desonesta. Para adentrar no territ\u00f3rio nebuloso de J\u00falio Ferraz em \u201cO Soturno Jarro Diamante\u201d voc\u00ea precisa mergulhar de peito aberto e ouvidos bastante atentos, porque entre nuvens lo-fi de psicodelia que trazem tamb\u00e9m marcas de blues, jazz e folk nos pulsos est\u00e1 um disco que merece a sua total aten\u00e7\u00e3o, e no qual voc\u00ea pode mergulhar ainda mais profundamente no faixa a faixa abaixo escrito por J\u00falio. Prepare o seu cora\u00e7\u00e3o!<\/p>\n<p><iframe loading=\"lazy\" title=\"Cora\u00e7\u00f5es Solit\u00e1rios\" width=\"747\" height=\"560\" src=\"https:\/\/www.youtube.com\/embed\/njElD7CXPf8?list=OLAK5uy_mxgGkJCcS43x2TN-5YqfJDP6K6cifozF4\" frameborder=\"0\" allow=\"accelerometer; autoplay; clipboard-write; encrypted-media; gyroscope; picture-in-picture; web-share\" allowfullscreen><\/iframe><\/p>\n<p style=\"text-align: justify;\"><strong>01) Cora\u00e7\u00f5es Solit\u00e1rios \u2013<\/strong> Essa m\u00fasica teve seus primeiros versos escritos no dia 28 de maio de 2022, em Recife, data em que come\u00e7ava a tr\u00e1gica chuva o qual Pernambuco vivenciou uma das maiores cat\u00e1strofes naturais deste s\u00e9culo, deixando mais de 130 mortos entre maio e junho. A can\u00e7\u00e3o \u00e9 um lamento, que retrata o desamparo daqueles que s\u00e3o negligenciados nas \u00e1reas de risco em todo o pa\u00eds, sem que sejam feitas mudan\u00e7as sociais efetivas, expressa meu pesar por um Brasil marcado pela desigualdade.<\/p>\n<p style=\"text-align: justify;\"><strong>02) Tell Me If The City \u2013<\/strong> A can\u00e7\u00e3o composta pela musicista e poetisa canadense Maud Evelyne chegou a mim em sua vers\u00e3o original em franc\u00eas com o t\u00edtulo de &#8220;Dis-moi si la ville&#8221;. Fiquei arrepiado com as possibilidades de linguagem musical e poesia, com a forma que Evelyne constru\u00eda as cenas. As melodias tamb\u00e9m me tocaram muito, fiquei muitos dias com essa m\u00fasica tocando em minha cabe\u00e7a. Em pouco tempo, come\u00e7amos a conversar e a conhecer o trabalho um do outro. Surgiu ent\u00e3o a ideia de gravar a sua vers\u00e3o em ingl\u00eas, tamb\u00e9m composta pela pr\u00f3pria Maud Evelyne. Recebi um take da grava\u00e7\u00e3o em piano e voz e, a partir da\u00ed, constru\u00ed todo o arranjo. Quase na finaliza\u00e7\u00e3o da vers\u00e3o, senti falta da presen\u00e7a dela e a convidei para declamar os versos finais em seu idioma original. Foi uma honra e uma experi\u00eancia nova para mim, pois costumo compor o disco inteiro. No entanto, nessa oportunidade, fui tomado por uma can\u00e7\u00e3o que me arrebatou, que me seduziu a traz\u00ea-la ao meu universo.<\/p>\n<p style=\"text-align: justify;\"><strong>03) Autofagia \u2013<\/strong> Em um mundo ego\u00edsta e tendencioso, \u00e9 comum esbarrar em situa\u00e7\u00f5es nas quais outras pessoas lhe enxergam como um advers\u00e1rio, mesmo quando voc\u00ea n\u00e3o \u00e9. Mesmo quando voc\u00ea encontra sua autonomia, cria seu pr\u00f3prio lugar e busca construir sua hist\u00f3ria, \u00e9 natural que outras hist\u00f3rias aconte\u00e7am ao seu redor, verdadeiras ou n\u00e3o, afinal nem todos est\u00e3o do nosso lado por bem. Mas \u00e9 preciso ser maior que isso, ser maior que esse mal, devorando suas pr\u00f3prias dores. Por favor, agora mude o \u00e2ngulo, olhe apenas com o olhar social, ou como algu\u00e9m fr\u00e1gil passando na rua, algu\u00e9m comum que, logo que acorda, j\u00e1 encontra barreiras para vencer. Quando sai de casa, percebe que essas barreiras e desafios est\u00e3o por todos os lados, tendo como sua \u00fanica solu\u00e7\u00e3o seguir em frente. N\u00e3o h\u00e1 escolha, este algu\u00e9m digere suas pr\u00f3prias dores e dificuldades para continuar seguindo em frente. &#8220;Autofagia&#8221; fala sobre isso.<\/p>\n<p style=\"text-align: justify;\"><strong>04) Can\u00e7\u00e3o Para Despertar \u2013<\/strong> Um dia percebemos que tudo mudou, estando prontos ou n\u00e3o para os novos despertares. Surgem novos passos e com eles novos encontros. Versa sobre o amadurecer e a necessidade de entendimento. Sobre a naturalidade e a compreens\u00e3o de que a vida se renova.<\/p>\n<p style=\"text-align: justify;\"><strong>05) Dissociativo \u2013<\/strong> O instante de conflito entre a percep\u00e7\u00e3o do sonho e da realidade. Surge a afli\u00e7\u00e3o, a d\u00favida de estar desperto ou n\u00e3o. Um momento dissociado do presente, o estado que se encontra entre o sono e a vig\u00edlia. Entre o trauma e a realidade que conseguimos suportar. Os acordes dissonantes trazem a tens\u00e3o, suscitam a d\u00favida: o que ser\u00e1 real?<\/p>\n<p style=\"text-align: justify;\"><strong>06) Aurora \u2013<\/strong> Nascida de um sonho. Ao despertar, sua presen\u00e7a era t\u00e3o real, t\u00e3o claro foi registrar todo cen\u00e1rio e sua hist\u00f3ria. A melodia ecoava insistentemente em minha cabe\u00e7a, foi uma experi\u00eancia on\u00edrica que tomou forma e virou som.<\/p>\n<p style=\"text-align: justify;\"><strong>07) Laura \u2013<\/strong> Uma can\u00e7\u00e3o que fala sobre impulsividade e mudan\u00e7as. A escolha de se autoavaliar, de modificar o pr\u00f3prio interior e de trilhar novos caminhos. Essa \u00e9 uma estrada dif\u00edcil de percorrer, por\u00e9m todas elas s\u00e3o desafiadoras, n\u00e3o existem atalhos. Nessa jornada, muitos ser\u00e3o os frutos colhidos ao desbravar os caminhos ocultos em nossa mente.<\/p>\n<p style=\"text-align: justify;\"><strong>08) Entre Espelhos \u2013<\/strong> Uma cena que exp\u00f5e a vulnerabilidade de nossa mente. Somos fr\u00e1geis, por\u00e9m dotados da capacidade de exercer a generosidade, aptos a estender as m\u00e3os. Desejo que esta can\u00e7\u00e3o seja uma mensagem de empatia e de encorajamento \u00e0queles que passam por algum tipo de sofrimento mental.<\/p>\n<p style=\"text-align: justify;\"><strong>09) Sem Saber Que Sou Eu \u2013<\/strong> Aqui conto a hist\u00f3ria de um compositor cujas obras chegam ao p\u00fablico de uma maneira inesperada. A m\u00fasica tem esse poder, ela atinge pensamentos opostos e apazigua conflitos e ideias. O desejo de se fazer conhecido por suas obras e pela sua paix\u00e3o, assim como as inquieta\u00e7\u00f5es mais profundas do autor, ficam bem claras nessa faixa.<\/p>\n<p style=\"text-align: justify;\"><strong>10) Hipotimia \u2013<\/strong> Relato de minha viv\u00eancia em um epis\u00f3dio depressivo, um momento que vivi, lutei e venci. Foram momentos de confus\u00e3o, tristeza e instabilidades das emo\u00e7\u00f5es. Este cap\u00edtulo exp\u00f5e minhas dores mais profundas, assim como as tentativas de me erguer. Busco revelar todos os desafios e diferen\u00e7as na apresenta\u00e7\u00e3o deste sofrimento, mostrando todos os nuances das emo\u00e7\u00f5es que me inundavam naqueles dias. Assim como luto todos os dias pela melhora, espero que outras pessoas se identifiquem com minha hist\u00f3ria, escutem esta arte e encontrem nela for\u00e7as para seguir.<\/p>\n<p><img decoding=\"async\" loading=\"lazy\" class=\"alignnone size-full wp-image-76378\" src=\"https:\/\/screamyell.com.br\/site\/wp-content\/uploads\/2023\/08\/julio2.jpg\" alt=\"\" width=\"750\" height=\"750\" srcset=\"https:\/\/screamyell.com.br\/site\/wp-content\/uploads\/2023\/08\/julio2.jpg 750w, https:\/\/screamyell.com.br\/site\/wp-content\/uploads\/2023\/08\/julio2-300x300.jpg 300w, https:\/\/screamyell.com.br\/site\/wp-content\/uploads\/2023\/08\/julio2-150x150.jpg 150w\" sizes=\"(max-width: 750px) 100vw, 750px\" \/><\/p>\n<p><em>\u2013 Marcelo Costa (<a href=\"https:\/\/twitter.com\/screamyell\" target=\"_blank\" rel=\"noopener noreferrer\">@screamyell<\/a>) \u00e9 editor do Scream &amp; Yell e assina a\u00a0<a href=\"https:\/\/screamyell.com.br\/blog\/\" target=\"_blank\" rel=\"noopener noreferrer\">Calmantes com Champagne<\/a>.\u00a0<\/em><\/p>\n","protected":false},"excerpt":{"rendered":"\u201cEste jarro diamante est\u00e1 cheio de can\u00e7\u00f5es soturnas\u201d, antecipa o artista, com a consci\u00eancia de que criou uma obra densa, tensa, bela e l\u00edrica, cuja voz surge muitas vezes escondida entre notas de piano, mellotron, viol\u00e3o e gaita.\n<a class=\"moretag\" href=\"https:\/\/screamyell.com.br\/site\/2023\/08\/11\/faixa-a-faixa-em-o-soturno-jarro-diamante-julio-ferraz-enfrenta-a-dor-e-a-depressao-com-calma-resiliencia-e-psicodelia-folk-lo-fi\/\"> [...]<\/a>","protected":false},"author":2,"featured_media":76379,"comment_status":"open","ping_status":"open","sticky":false,"template":"","format":"standard","meta":[],"categories":[3],"tags":[1230],"_links":{"self":[{"href":"https:\/\/screamyell.com.br\/site\/wp-json\/wp\/v2\/posts\/76377"}],"collection":[{"href":"https:\/\/screamyell.com.br\/site\/wp-json\/wp\/v2\/posts"}],"about":[{"href":"https:\/\/screamyell.com.br\/site\/wp-json\/wp\/v2\/types\/post"}],"author":[{"embeddable":true,"href":"https:\/\/screamyell.com.br\/site\/wp-json\/wp\/v2\/users\/2"}],"replies":[{"embeddable":true,"href":"https:\/\/screamyell.com.br\/site\/wp-json\/wp\/v2\/comments?post=76377"}],"version-history":[{"count":4,"href":"https:\/\/screamyell.com.br\/site\/wp-json\/wp\/v2\/posts\/76377\/revisions"}],"predecessor-version":[{"id":76383,"href":"https:\/\/screamyell.com.br\/site\/wp-json\/wp\/v2\/posts\/76377\/revisions\/76383"}],"wp:featuredmedia":[{"embeddable":true,"href":"https:\/\/screamyell.com.br\/site\/wp-json\/wp\/v2\/media\/76379"}],"wp:attachment":[{"href":"https:\/\/screamyell.com.br\/site\/wp-json\/wp\/v2\/media?parent=76377"}],"wp:term":[{"taxonomy":"category","embeddable":true,"href":"https:\/\/screamyell.com.br\/site\/wp-json\/wp\/v2\/categories?post=76377"},{"taxonomy":"post_tag","embeddable":true,"href":"https:\/\/screamyell.com.br\/site\/wp-json\/wp\/v2\/tags?post=76377"}],"curies":[{"name":"wp","href":"https:\/\/api.w.org\/{rel}","templated":true}]}}