{"id":74595,"date":"2023-05-10T01:35:52","date_gmt":"2023-05-10T04:35:52","guid":{"rendered":"http:\/\/screamyell.com.br\/site\/?p=74595"},"modified":"2023-06-07T22:53:33","modified_gmt":"2023-06-08T01:53:33","slug":"ao-vivo-fito-paez-lava-almas-e-aquece-coracoes-em-porto-alegre-com-show-el-amor-30-anos-despues-del-amor","status":"publish","type":"post","link":"https:\/\/screamyell.com.br\/site\/2023\/05\/10\/ao-vivo-fito-paez-lava-almas-e-aquece-coracoes-em-porto-alegre-com-show-el-amor-30-anos-despues-del-amor\/","title":{"rendered":"Ao vivo: Fito P\u00e1ez lava almas e aquece cora\u00e7\u00f5es em Porto Alegre com show \u201cEl Amor 30 A\u00f1os Despues del Amor\u201d"},"content":{"rendered":"<h2 style=\"text-align: center;\">texto de\u00a0<a href=\"https:\/\/www.facebook.com\/caro.davii\" target=\"_blank\" rel=\"noopener\">Davi Caro<\/a><br \/>\nfotos de <a href=\"https:\/\/www.instagram.com\/douglasfischer_fotografia\/\" target=\"_blank\" rel=\"noopener\">Douglas Fischer<\/a><\/h2>\n<p style=\"text-align: justify;\">A miniss\u00e9rie \u201cEl Amor Despues del Amor\u201d (\u201cAmor e M\u00fasica: Fito Paez\u201d no Brasil), lan\u00e7ada pela Netflix em abril com o objetivo de contar a hist\u00f3ria da inf\u00e2ncia, adolesc\u00eancia e ascens\u00e3o do cantor argentino Fito P\u00e1ez, tem como ponto central o lan\u00e7amento do disco de mesmo nome, em 1993. Come\u00e7ando e terminando seus 8 epis\u00f3dios com o show realizado pelo artista rosarino no est\u00e1dio V\u00e9lez Sarsfield, se trata de uma escolha acertada da produ\u00e7\u00e3o. Afinal, foi quando Fito P\u00e1ez marcou seu nome na hist\u00f3ria do pop rock e da m\u00fasica argentina (e hisp\u00e2nica) como um todo \u2013 at\u00e9 hoje, se trata do disco de m\u00fasica popular mais vendido no pa\u00eds.<\/p>\n<p style=\"text-align: justify;\">A escolha para o t\u00edtulo original da miniss\u00e9rie n\u00e3o foi a toa: as m\u00fasicas do \u00e1lbum \u201cEl Amor Despues del Amor\u201d soam t\u00e3o atuais quanto soavam em 1992, mesmo quando se utilizam de refer\u00eancias que remetam diretamente a sua \u00e9poca. E tanto o artista quanto o p\u00fablico sabem disso: a bordo da turn\u00ea \u201cEl Amor 30 A\u00f1os Despues del Amor\u201d, <a href=\"https:\/\/screamyell.com.br\/site\/2023\/04\/04\/ao-vivo-fito-paez-arranca-lagrimas-de-35-mil-latino-americanos-nos-30-anos-de-el-amor-despues-del-amor-em-buenos-aires\/\">Fito retornou ao est\u00e1dio V\u00e9lez<\/a>, lotou datas consecutivas tanto na Movistar Arena de Buenos Aires quanto em outros lugares da Am\u00e9rica Latina e deu a muitas pessoas, muitas das quais descobriram mais sobre ele atrav\u00e9s da s\u00e9rie da Netflix, a oportunidade de verem ao vivo e na \u00edntegra um dos mais memor\u00e1veis repert\u00f3rios da hist\u00f3ria da m\u00fasica popular latino-americana. E foi com esta turn\u00ea, e com o peso da s\u00e9rie recentemente lan\u00e7ada, que P\u00e1ez e sua (excelente) banda aterrissaram em Porto Alegre na chuvosa noite de s\u00e1bado, para um dos shows internacionais do ano, no audit\u00f3rio Ara\u00fajo Vianna.<\/p>\n<p style=\"text-align: justify;\">Desde a entrada, percebia-se que os presentes eram f\u00e3s realmente devotos n\u00e3o apenas de P\u00e1ez, mas de v\u00e1rios outros \u00edcones da m\u00fasica argentina: al\u00e9m de camisetas que retratavam o protagonista da noite, outros \u00eddolos, como Charly Garcia e Gustavo Cerati, tamb\u00e9m eram homenageados das estampas de in\u00fameras pessoas que preencheram muito bem o amplo espa\u00e7o do Ara\u00fajo Vianna, com destaque tanto nos bares (onde muitos degustavam cervejas, lanches e at\u00e9 vinhos) quanto na tenda de merchandising \u2013 que vendia, entre camisetas e discos de vinil, o livro \u201cInfancia &amp; Juventud: Memorias\u201d, lan\u00e7ado pelo artista no fim de 2022 e no qual boa parte da s\u00e9rie se baseou. Felizmente, grande parte destas pessoas tamb\u00e9m deram bastante aten\u00e7\u00e3o ao show de abertura de Esteban Tavares (ex-Fresno e ex-Humberto Gessinger), que aqueceu o p\u00fablico molhado pela chuva fria que ca\u00eda na entrada com um show curto baseado em viol\u00e3o e acordeom. Para um p\u00fablico massivo que cantava \u201col\u00e9, ol\u00e9, ol\u00e9, ol\u00e9, Fito, Fito\u201d desde o in\u00edcio, foi realmente um bom come\u00e7o.<\/p>\n<p><img decoding=\"async\" loading=\"lazy\" class=\"alignnone size-full wp-image-74598\" src=\"https:\/\/screamyell.com.br\/site\/wp-content\/uploads\/2023\/05\/fito4.jpg\" alt=\"\" width=\"750\" height=\"440\" srcset=\"https:\/\/screamyell.com.br\/site\/wp-content\/uploads\/2023\/05\/fito4.jpg 750w, https:\/\/screamyell.com.br\/site\/wp-content\/uploads\/2023\/05\/fito4-300x176.jpg 300w\" sizes=\"(max-width: 750px) 100vw, 750px\" \/><\/p>\n<p style=\"text-align: justify;\">Com um atraso pouco inc\u00f4modo de cerca de 30 minutos, preparado o palco, as luzes se apagaram e uma pr\u00e9via da j\u00e1 citada produ\u00e7\u00e3o da Netflix esquentou os motores para o que vinha: as batidas eletr\u00f4nicas que marcam o in\u00edcio da faixa t\u00edtulo come\u00e7aram a ecoar nos falantes, e o p\u00fablico acompanhou a plenos pulm\u00f5es Fito, que cantou os primeiros versos de fora do palco antes de uma alucinante entrada junto \u00e0 banda. J\u00e1 demonstrando muito carisma e empolga\u00e7\u00e3o, P\u00e1ez conduziu o p\u00fablico \u2013 estimado em 5.000 pessoas \u2013 em um coro invej\u00e1vel, sabendo que j\u00e1 entrava em cena com o jogo ganho. Destaque para a cantora Mariela Emme, que vem acompanhando o artista em suas turn\u00eas e n\u00e3o deixou a peteca cair ao longo da noite com uma performance poderos\u00edssima.<\/p>\n<p style=\"text-align: justify;\">Seguindo a ordem original do \u00e1lbum representado, \u201cDos Dias en la Vida\u201d deu \u00e0 banda (composta por guitarra, baixo, bateria, naipe de metais e dois teclados) uma chance de brilhar e mostrar desenvoltura e capacidade t\u00e9cnica sem ofuscar o piano e os \u00f3timos vocais de Fito, em excelente forma. \u201cLa Ver\u00f3nica\u201d veio logo em seguida, e preparou terreno para a pedrada de \u201cTr\u00e1fico por Katmand\u00fa\u201d e a delicadeza melodram\u00e1tica de \u201cP\u00e9talo de Sal\u201d, que contou com uma singela homenagem ao colaborador e amigo Luis Alberto Spinetta. \u201cSasha, Sissi y el C\u00edrculo de Baba\u201d funcionou como um prel\u00fadio ao segundo momento de catarse do show: a trinca de \u201cUn Vestido y Un Amor\u201d, entoada inteira pelo p\u00fablico; a \u00e9pica \u201cTumbas de la Gloria\u201d, com uma proje\u00e7\u00e3o de um crucifixo em chamas; e a galopante \u201cLa Rueda M\u00e1gica\u201d, fiel \u00e0 sua vers\u00e3o original com direito a cita\u00e7\u00e3o de \u201cAnd I Love Her\u201d, dos Beatles.<\/p>\n<p style=\"text-align: justify;\">Logo em seguida, a contemplativa \u201cCreo\u201d esfriou um pouco os \u00e2nimos da plateia, que se agitou mais com a faixa seguinte, \u201cDetr\u00e1s del Muro de los Lamentos\u201d. Originalmente lan\u00e7ada com a participa\u00e7\u00e3o ilustre da lend\u00e1ria Mercedes Sosa, a faixa mereceu um r\u00e1pido coment\u00e1rio de Fito, que falou (em excelente portunhol) sobre como esta era a faixa mais singular dentro do repert\u00f3rio do \u00e1lbum original, com ritmos intricados herdados de m\u00fasica tradicional peruana. Por isso, pediu que o p\u00fablico contivesse suas palmas durante o primeiro minuto da can\u00e7\u00e3o.<\/p>\n<p style=\"text-align: justify;\">Foi realmente um choque sair do exoticismo de \u201cDetr\u00e1s del Muro de los Lamentos\u201d para os explosivos refr\u00e3os de \u201cBalada de Donna Helena\u201d, com P\u00e1ez chegando ao limite de seu alcance vocal atual, antes da dupla de cl\u00e1ssicos que fecha o disco: \u201cBrillante sobre el Mic\u201d veio linda, reluzente e fiel ao arranjo original, e \u201cA Rodar la Vida\u201d contou com v\u00e1rias pessoas girando blusas e camisetas sobre as cabe\u00e7as enquanto cantavam em alto som o triunfal refr\u00e3o. Chega a ser comovente a forma com a qual o repert\u00f3rio de \u201cEl Amor Despues del Amor\u201d funciona bem ao vivo, tanto em termos de arranjos (muito fi\u00e9is aos originais) quanto em termos de sequ\u00eancia. Os m\u00fasicos que acompanham Fito tamb\u00e9m demonstram empolga\u00e7\u00e3o, al\u00e9m de um alinhamento invej\u00e1vel com o repert\u00f3rio e o l\u00edder da banda.<\/p>\n<p><img decoding=\"async\" loading=\"lazy\" class=\"alignnone size-full wp-image-74597\" src=\"https:\/\/screamyell.com.br\/site\/wp-content\/uploads\/2023\/05\/fito2.jpg\" alt=\"\" width=\"750\" height=\"440\" srcset=\"https:\/\/screamyell.com.br\/site\/wp-content\/uploads\/2023\/05\/fito2.jpg 750w, https:\/\/screamyell.com.br\/site\/wp-content\/uploads\/2023\/05\/fito2-300x176.jpg 300w\" sizes=\"(max-width: 750px) 100vw, 750px\" \/><\/p>\n<p style=\"text-align: justify;\">Nove minutos (cronometrados, conforme o tel\u00e3o do palco deixava claro) separaram o fim da performance do disco da segunda e extremamente bem servida parte do set: Fito retorna ao palco com guitarra em punho para uma feroz execu\u00e7\u00e3o de \u201cNaturaleza Sangre\u201d, faixa hom\u00f4nima de seu disco de 2003. Ao inv\u00e9s de deixar a poeira baixar, um endiabrado P\u00e1ez se senta ao piano e d\u00e1 a deixa para a dobradinha com outras duas m\u00fasicas-t\u00edtulo: a brincalhona \u201cCirco Beat\u201d (de 1994) e a furiosa \u201cCiudad de Pobres Corazones\u201d (de 1987), antes de trazer uma surpresa que, nas palavras do pr\u00f3prio, n\u00e3o havia preparado. Sozinho ao piano, Fito come\u00e7a a entoar \u201cMeu Bem, Meu Mal\u201d, imortalizada na voz de Gal Costa, que a gravou em 1981. Por mais que n\u00e3o tivesse sido ensaiado, n\u00e3o d\u00e1 para dizer que n\u00e3o foi bonito. E deixou o p\u00fablico no ponto para a imortal \u201cMariposa Technicolor\u201d (tamb\u00e9m do \u00e1lbum \u201cCirco Beat) e a reluzente \u201cY Dale Alegria a Mi Corazon\u201d (de \u201cTercer Mundo\u201d, de 1990), com o refr\u00e3o cantado repetidas vezes por todos os presentes, emocionando Fito, que agradeceu radiante aos presentes ao dar uma \u00faltima sauda\u00e7\u00e3o junto aos m\u00fasicos acompanhantes. O jogo j\u00e1 estava ganho quando a apresenta\u00e7\u00e3o come\u00e7ou, e isso n\u00e3o havia mudado.<\/p>\n<p style=\"text-align: justify;\">Na sa\u00edda, f\u00e3s emocionados continuavam a cantar, em grupo, o refr\u00e3o de \u201cY Dale Alegria a Mi Corazon\u201d enquanto se abra\u00e7avam, felizes tanto pelo espet\u00e1culo presenciado quanto pela chuva que, finalmente, resolveu dar uma tr\u00e9gua. Tirando ocasionais falhas no som do piano de Fito, o som estava muito bem equalizado, com uma banda bem ensaiada e um repert\u00f3rio nos cascos. Mas o destaque fica mesmo para o frontman: com trocas de roupa, dan\u00e7as discretas, mas empolgadas, e condu\u00e7\u00f5es fervorosas dos coros do p\u00fablico, Fito P\u00e1ez demonstra uma invej\u00e1vel vitalidade que n\u00e3o denuncia suas seis d\u00e9cadas.<\/p>\n<p style=\"text-align: justify;\">O palco \u00e9 seu habitat natural, e voltar \u00e0s m\u00fasicas que o tornaram um pop star que atravessa gera\u00e7\u00f5es \u00e9 claramente como voltar para casa. \u00c9 uma pena o Brasil receber apenas um show desta turn\u00ea; \u00e9 a oportunidade de ver um artista que, com empenho e leg\u00edtimo amor \u00e0 m\u00fasica, continua trazendo alegria \u00e0 cora\u00e7\u00f5es de muitos f\u00e3s. E deve continuar a rodar a vida de in\u00fameros admiradores, de curta ou longa data.<\/p>\n<p><img decoding=\"async\" loading=\"lazy\" class=\"wp-image-74596 size-full\" src=\"https:\/\/screamyell.com.br\/site\/wp-content\/uploads\/2023\/05\/fito1.jpg\" alt=\"\" width=\"750\" height=\"440\" srcset=\"https:\/\/screamyell.com.br\/site\/wp-content\/uploads\/2023\/05\/fito1.jpg 750w, https:\/\/screamyell.com.br\/site\/wp-content\/uploads\/2023\/05\/fito1-300x176.jpg 300w\" sizes=\"(max-width: 750px) 100vw, 750px\" \/><\/p>\n","protected":false},"excerpt":{"rendered":"Chega a ser comovente a forma com a qual o repert\u00f3rio de \u201cEl Amor Despues del Amor\u201d funciona bem ao vivo, tanto em termos de arranjos (muito fi\u00e9is aos originais) quanto em termos de sequ\u00eancia.\n<a class=\"moretag\" href=\"https:\/\/screamyell.com.br\/site\/2023\/05\/10\/ao-vivo-fito-paez-lava-almas-e-aquece-coracoes-em-porto-alegre-com-show-el-amor-30-anos-despues-del-amor\/\"> [...]<\/a>","protected":false},"author":134,"featured_media":74599,"comment_status":"open","ping_status":"open","sticky":false,"template":"","format":"standard","meta":[],"categories":[3],"tags":[291],"_links":{"self":[{"href":"https:\/\/screamyell.com.br\/site\/wp-json\/wp\/v2\/posts\/74595"}],"collection":[{"href":"https:\/\/screamyell.com.br\/site\/wp-json\/wp\/v2\/posts"}],"about":[{"href":"https:\/\/screamyell.com.br\/site\/wp-json\/wp\/v2\/types\/post"}],"author":[{"embeddable":true,"href":"https:\/\/screamyell.com.br\/site\/wp-json\/wp\/v2\/users\/134"}],"replies":[{"embeddable":true,"href":"https:\/\/screamyell.com.br\/site\/wp-json\/wp\/v2\/comments?post=74595"}],"version-history":[{"count":5,"href":"https:\/\/screamyell.com.br\/site\/wp-json\/wp\/v2\/posts\/74595\/revisions"}],"predecessor-version":[{"id":74610,"href":"https:\/\/screamyell.com.br\/site\/wp-json\/wp\/v2\/posts\/74595\/revisions\/74610"}],"wp:featuredmedia":[{"embeddable":true,"href":"https:\/\/screamyell.com.br\/site\/wp-json\/wp\/v2\/media\/74599"}],"wp:attachment":[{"href":"https:\/\/screamyell.com.br\/site\/wp-json\/wp\/v2\/media?parent=74595"}],"wp:term":[{"taxonomy":"category","embeddable":true,"href":"https:\/\/screamyell.com.br\/site\/wp-json\/wp\/v2\/categories?post=74595"},{"taxonomy":"post_tag","embeddable":true,"href":"https:\/\/screamyell.com.br\/site\/wp-json\/wp\/v2\/tags?post=74595"}],"curies":[{"name":"wp","href":"https:\/\/api.w.org\/{rel}","templated":true}]}}