{"id":74588,"date":"2023-05-10T01:05:18","date_gmt":"2023-05-10T04:05:18","guid":{"rendered":"http:\/\/screamyell.com.br\/site\/?p=74588"},"modified":"2023-06-12T00:29:47","modified_gmt":"2023-06-12T03:29:47","slug":"cinema-a-primeira-morte-de-joana-e-um-delicado-retrato-sobre-amadurecimento-e-sobre-se-entender-enquanto-pessoa-lgbtia","status":"publish","type":"post","link":"https:\/\/screamyell.com.br\/site\/2023\/05\/10\/cinema-a-primeira-morte-de-joana-e-um-delicado-retrato-sobre-amadurecimento-e-sobre-se-entender-enquanto-pessoa-lgbtia\/","title":{"rendered":"Cinema: \u201cA Primeira Morte de Joana\u201d \u00e9 um delicado retrato sobre amadurecimento e sobre se entender como pessoa LGBTIA+"},"content":{"rendered":"<h2><img decoding=\"async\" loading=\"lazy\" class=\"alignnone size-full wp-image-74589 aligncenter\" src=\"https:\/\/screamyell.com.br\/site\/wp-content\/uploads\/2023\/05\/joana1.jpg\" alt=\"\" width=\"750\" height=\"551\" srcset=\"https:\/\/screamyell.com.br\/site\/wp-content\/uploads\/2023\/05\/joana1.jpg 750w, https:\/\/screamyell.com.br\/site\/wp-content\/uploads\/2023\/05\/joana1-300x220.jpg 300w\" sizes=\"(max-width: 750px) 100vw, 750px\" \/><\/h2>\n<h2 style=\"text-align: center;\">texto de <a href=\"https:\/\/www.facebook.com\/renan.machadoguerra\" target=\"_blank\" rel=\"noopener\">Renan Guerra<\/a><\/h2>\n<p style=\"text-align: justify;\">Joana tem 13 anos e est\u00e1 naquela fase entre a pr\u00e9-adolesc\u00eancia e a adolesc\u00eancia. \u00c9 o fim de um ver\u00e3o no litoral do Rio Grande do Sul e ela retorna para sua casa para o vel\u00f3rio de sua tia-av\u00f3. Essa \u00e9 a tal \u201cprimeira morte\u201d que est\u00e1 presente no t\u00edtulo do filme de Cristiane Oliveira, \u201cA Primeira Morte de Joana\u201d, um olhar delicado sobre esse processo de amadurecimento que \u00e9 desencadeado por experi\u00eancias novas e que nos desestabilizam. A morte da tia-av\u00f3 da protagonista a coloca diante de uma quest\u00e3o: por que sua tia nunca teve um namorado? O que levou essa senhora a viver uma vida de \u201csolteirona\u201d?<\/p>\n<p style=\"text-align: justify;\">Let\u00edcia Kacperski d\u00e1 vida a jovem Joana e ela \u00e9 nossa condutora durante o filme, \u00e9 pelo seu olhar que descobrimos o mundo que a cerca. Acompanhamos a sua rela\u00e7\u00e3o com a perda da tia-av\u00f3, sua rotina cotidiana ao lado de sua m\u00e3e e de sua av\u00f3 que fazem cucas para vender na cidade, bem como seu dia a dia escolar e sua rela\u00e7\u00e3o com sua melhor amiga, Carolina (Isabela Bressane). As duas meninas vivem em uma cidade de imigra\u00e7\u00e3o alem\u00e3, tanto que a m\u00e3e de Carolina mora atualmente na Alemanha e ela vive na cidade com o seu pai, ap\u00f3s os dois retornarem para o Brasil. Carolina \u00e9 a parceira de Joana nessa esp\u00e9cie de investiga\u00e7\u00e3o para desvendar o porqu\u00ea da solteirice da tia falecida e \u00e9 nesse percurso que as duas descobrem e investigam suas pr\u00f3prias desventuras de amadurecer.<\/p>\n<p style=\"text-align: justify;\">Segundo longa-metragem da premiada cineasta ga\u00facha, \u201cA Primeira Morte de Joana\u201d foi filmado entre novembro e dezembro de 2018 na regi\u00e3o de lagoas do Rio Grande do Sul, com loca\u00e7\u00f5es nas cidades de Os\u00f3rio e Santo Ant\u00f4nio da Patrulha. A trama do filme se passa nos anos 2000, algo pr\u00f3ximo de 2007, e essa escolha de loca\u00e7\u00e3o se deu em raz\u00e3o da transforma\u00e7\u00e3o pela qual a regi\u00e3o passou entre 2006 e 2007 com a instala\u00e7\u00e3o de um enorme parque e\u00f3lico que tem uma fun\u00e7\u00e3o bastante simb\u00f3lica dentro da hist\u00f3ria. \u201cA Primeira Morte de Joana\u201d fez uma interessante carreira em festivais nacionais e internacionais, somando 11 pr\u00eamios e mais de 40 festivais \u2013 destacamos aqui o pr\u00eamio da cr\u00edtica no Festival de Gramado de 2021.<\/p>\n<p><img decoding=\"async\" loading=\"lazy\" class=\"alignnone size-full wp-image-74591\" src=\"https:\/\/screamyell.com.br\/site\/wp-content\/uploads\/2023\/05\/joana3.jpg\" alt=\"\" width=\"750\" height=\"440\" srcset=\"https:\/\/screamyell.com.br\/site\/wp-content\/uploads\/2023\/05\/joana3.jpg 750w, https:\/\/screamyell.com.br\/site\/wp-content\/uploads\/2023\/05\/joana3-300x176.jpg 300w\" sizes=\"(max-width: 750px) 100vw, 750px\" \/><\/p>\n<p style=\"text-align: justify;\">Esse sucesso do filme com a cr\u00edtica pode ser explicado pela delicadeza da condu\u00e7\u00e3o de sua hist\u00f3ria. Cristiane Oliveira escreveu o roteiro do longa ao lado de S\u00edlvia Louren\u00e7o, que \u00e9 atriz, roteirista e preparadora de elenco, e \u00e9 interessant\u00edssimo como as duas conseguem conduzir o expectador por um filme que \u00e9 aparentemente simples, mas extremamente sinuoso em suas complexidades e amplitudes. A forma como o roteiro constr\u00f3i cada personagem feminina e como essas personagens s\u00e3o lidas pelo olhar de Joana \u00e9 muito cativante, pois nos coloca nessa perspectiva juvenil de quem descobre o mundo e descobre que as viv\u00eancias de cada pessoa s\u00e3o mais complexas do que parecem na superf\u00edcie.<\/p>\n<p style=\"text-align: justify;\">Nessa narrativa sutil que avan\u00e7a pelo filme, as jovens Joana e Carolina acabam por se emaranhar nas descobertas de suas pr\u00f3prias sexualidades e desejos. E isso n\u00e3o \u00e9 um spoiler, at\u00e9 porque \u201cA Primeira Morte de Joana\u201d \u00e9 um filme muito mais constru\u00eddo a partir das sensa\u00e7\u00f5es e viv\u00eancias do que de uma narrativa de surpresas e segredos. O longa de Cristiane Oliveira se preocupa muito mais em captar toda essa sensa\u00e7\u00e3o de deslocamento, de d\u00favida e de solid\u00e3o que a adolesc\u00eancia pode nos trazer e \u00e9 nisso que o filme se torna t\u00e3o rico. \u00c9 um mergulho de novo em nossos medos e prazeres da juventude.<\/p>\n<p style=\"text-align: justify;\">De car\u00e1ter belo e delicado, \u201cA Primeira Morte de Joana\u201d \u00e9 um olhar muito terno sobre as descobertas da adolesc\u00eancia, sobre se entender enquanto uma pessoa LGBTIA+ no mundo e sobre experimentar outras viv\u00eancias, e por isso mesmo merece ser visto de peito aberto.<\/p>\n<p><iframe loading=\"lazy\" title=\"A Primeira Morte de Joana - Trailer Oficial - No Kinoplex\" width=\"747\" height=\"420\" src=\"https:\/\/www.youtube.com\/embed\/BxdFFbCvX18?feature=oembed\" frameborder=\"0\" allow=\"accelerometer; autoplay; clipboard-write; encrypted-media; gyroscope; picture-in-picture; web-share\" allowfullscreen><\/iframe><\/p>\n<p style=\"text-align: justify;\"><em>\u2013\u00a0<a href=\"https:\/\/www.facebook.com\/renan.machadoguerra\" target=\"_blank\" rel=\"noopener noreferrer\">Renan Guerra<\/a>\u00a0\u00e9 jornalista<\/em>\u00a0e<em>\u00a0escreve para o Scream &amp; Yell desde 2014. Faz parte do\u00a0<a href=\"http:\/\/vamosfalarsobremusica.com.br\/\" target=\"_blank\" rel=\"noopener\" data-saferedirecturl=\"https:\/\/www.google.com\/url?q=http:\/\/vamosfalarsobremusica.com.br\/&amp;source=gmail&amp;ust=1630729890879000&amp;usg=AFQjCNGttyQx5OWOAKRyi7iGq8E4oacvuw\">Podcast Vamos Falar Sobre M\u00fasica<\/a>\u00a0e colabora com o\u00a0<a href=\"https:\/\/monkeybuzz.com.br\/\" target=\"_blank\" rel=\"noopener\" data-saferedirecturl=\"https:\/\/www.google.com\/url?q=https:\/\/monkeybuzz.com.br\/&amp;source=gmail&amp;ust=1630729890879000&amp;usg=AFQjCNFjG1FOw9vBGrawiUhocH4mshwTtw\">Monkeybuzz<\/a>\u00a0e a\u00a0<a href=\"https:\/\/revistabalaclava.com\/\" target=\"_blank\" rel=\"noopener\" data-saferedirecturl=\"https:\/\/www.google.com\/url?q=https:\/\/revistabalaclava.com\/&amp;source=gmail&amp;ust=1630729890879000&amp;usg=AFQjCNFqHswo4qEcyg8fw9VPM8IWsRH5oQ\">Revista Balaclava<\/a>.\u00a0<\/em><\/p>\n","protected":false},"excerpt":{"rendered":"Filme se preocupa muito mais em captar toda essa sensa\u00e7\u00e3o de deslocamento, de d\u00favida e de solid\u00e3o que a adolesc\u00eancia pode nos trazer e \u00e9 nisso que o filme se torna t\u00e3o rico.\n<a class=\"moretag\" href=\"https:\/\/screamyell.com.br\/site\/2023\/05\/10\/cinema-a-primeira-morte-de-joana-e-um-delicado-retrato-sobre-amadurecimento-e-sobre-se-entender-enquanto-pessoa-lgbtia\/\"> [...]<\/a>","protected":false},"author":3,"featured_media":74590,"comment_status":"open","ping_status":"open","sticky":false,"template":"","format":"standard","meta":[],"categories":[4],"tags":[6689],"_links":{"self":[{"href":"https:\/\/screamyell.com.br\/site\/wp-json\/wp\/v2\/posts\/74588"}],"collection":[{"href":"https:\/\/screamyell.com.br\/site\/wp-json\/wp\/v2\/posts"}],"about":[{"href":"https:\/\/screamyell.com.br\/site\/wp-json\/wp\/v2\/types\/post"}],"author":[{"embeddable":true,"href":"https:\/\/screamyell.com.br\/site\/wp-json\/wp\/v2\/users\/3"}],"replies":[{"embeddable":true,"href":"https:\/\/screamyell.com.br\/site\/wp-json\/wp\/v2\/comments?post=74588"}],"version-history":[{"count":2,"href":"https:\/\/screamyell.com.br\/site\/wp-json\/wp\/v2\/posts\/74588\/revisions"}],"predecessor-version":[{"id":74594,"href":"https:\/\/screamyell.com.br\/site\/wp-json\/wp\/v2\/posts\/74588\/revisions\/74594"}],"wp:featuredmedia":[{"embeddable":true,"href":"https:\/\/screamyell.com.br\/site\/wp-json\/wp\/v2\/media\/74590"}],"wp:attachment":[{"href":"https:\/\/screamyell.com.br\/site\/wp-json\/wp\/v2\/media?parent=74588"}],"wp:term":[{"taxonomy":"category","embeddable":true,"href":"https:\/\/screamyell.com.br\/site\/wp-json\/wp\/v2\/categories?post=74588"},{"taxonomy":"post_tag","embeddable":true,"href":"https:\/\/screamyell.com.br\/site\/wp-json\/wp\/v2\/tags?post=74588"}],"curies":[{"name":"wp","href":"https:\/\/api.w.org\/{rel}","templated":true}]}}