{"id":74315,"date":"2023-04-28T00:06:49","date_gmt":"2023-04-28T03:06:49","guid":{"rendered":"http:\/\/screamyell.com.br\/site\/?p=74315"},"modified":"2023-06-24T02:27:30","modified_gmt":"2023-06-24T05:27:30","slug":"entrevista-guitar-band-experimental-fluminense-gueersh-supera-roubadas-para-divulgar-o-excelente-album-tempo-elastico","status":"publish","type":"post","link":"https:\/\/screamyell.com.br\/site\/2023\/04\/28\/entrevista-guitar-band-experimental-fluminense-gueersh-supera-roubadas-para-divulgar-o-excelente-album-tempo-elastico\/","title":{"rendered":"Entrevista: Guitar band diy experimental fluminense, a gueersh supera roubadas para divulgar o excelente \u00e1lbum \u201cTempo El\u00e1stico\u201d"},"content":{"rendered":"<h2 style=\"text-align: center;\"><strong>entrevista por\u00a0<a href=\"https:\/\/twitter.com\/ociocretino\" target=\"_blank\" rel=\"noopener\">Alexandre Lopes<\/a><\/strong><\/h2>\n<p style=\"text-align: justify;\">Se ser m\u00fasico independente no Brasil j\u00e1 n\u00e3o \u00e9 exatamente uma tarefa simples nos tempos atuais, imagine amplificar essa experi\u00eancia partindo em uma mini excurs\u00e3o at\u00e9 pa\u00edses vizinhos dentro de um carro da d\u00e9cada de noventa? Pois foi exatamente essa fa\u00e7anha que a banda fluminense <a href=\"https:\/\/www.instagram.com\/gueersh\/\" target=\"_blank\" rel=\"noopener\">gueersh<\/a> apostou cumprir para divulgar \u201c<a href=\"https:\/\/tratore.ffm.to\/tempoelastico\" target=\"_blank\" rel=\"noopener\">Tempo El\u00e1stico<\/a>\u201d, seu disco cheio de estreia e um dos registros mais interessantes de 2023.<\/p>\n<p style=\"text-align: justify;\">Se o EP \u201c<a href=\"https:\/\/feitio.bandcamp.com\/album\/fogo-amigo\" target=\"_blank\" rel=\"noopener\">Fogo Amigo<\/a>\u201d (lan\u00e7ado em outubro de 2022), j\u00e1 dava uma pequena amostra do som do grupo em quatro faixas, \u201cTempo El\u00e1stico\u201d simboliza muito bem o que \u00e9 a banda: uma disputa livre, amig\u00e1vel e despretensiosa entre linhas de guitarras a la Sonic Youth, baixo e bateria, mas ainda assim com uma sensibilidade pop abra\u00e7ada por vocais suaves e sintetizador. Gravado ao vivo no Emissor Est\u00fadio, bra\u00e7o sonoro do s\u00edtio agroecol\u00f3gico <a href=\"https:\/\/www.instagram.com\/serenosana\/\" target=\"_blank\" rel=\"noopener\">Sereno Sana<\/a> (Maca\u00e9\/RJ), o disco foi mixado por L\u00ea Almeida, masterizado por Rafael Rezende e tem divulga\u00e7\u00e3o digital em conjunto pela Transfus\u00e3o Noise Records e Feitio Records.<\/p>\n<p style=\"text-align: justify;\">Empolgado com o fim das restri\u00e7\u00f5es pand\u00eamicas, o quinteto formado atualmente por L\u00edvia Gomes (voz, guitarra e sintetizador), David Dinucci (guitarra), Guilherme Paz (guitarra), Thomaz Alves (baixo) e Igor Arruda (bateria) se engajou em voltar aos palcos, montando uma mini turn\u00ea econ\u00f4mica com shows pelo sudeste e sul do Pa\u00eds \u2013 passando por cidades como Rio de Janeiro, Campinas, Sorocaba, Curitiba, Balne\u00e1rio Cambori\u00fa e Porto Alegre \u2013 e esticando at\u00e9 Argentina e Uruguai, para tocar com as bandas locais de Buenos Aires e Montevid\u00e9u.<\/p>\n<p style=\"text-align: justify;\">Com esse roteiro, a gueersh finalmente p\u00f4de botar seu som na estrada em uma viv\u00eancia coletiva meio n\u00f4made com baixo or\u00e7amento e, por mais ut\u00f3pica que possa parecer, a iniciativa tem rendido bons frutos: \u201cFizemos amigos de verdade em v\u00e1rios lugares. Tem tamb\u00e9m as pessoas que se afetam pelo nosso som e vem contar pra n\u00f3s depois. Essas s\u00e3o as melhores\u201d, conta L\u00edvia. \u201cConseguimos nos divertir com o que aparecia espontaneamente para n\u00f3s, compartilhando tudo desde o climinha congelante, o famigerado choripan [p\u00e3o com lingui\u00e7a t\u00edpico na Argentina e no Uruguai], poder vivenciar um pouco da cultura local e apreciar maconha prensada de Madureira com nossos hermanxs\u201d, explica Igor.<\/p>\n<p style=\"text-align: justify;\">Por\u00e9m, como nem tudo \u00e9 perfeito, a trupe passou por uma roubada bem literal: o autom\u00f3vel da banda \u2013 uma Parati 1.8 de 1993, placa LHW3E40, carinhosamente chamada de \u201ccharanga\u201d \u2013 foi furtado em Montevid\u00e9u, enquanto se apresentavam na cidade. A hist\u00f3ria foi bem documentada via stories <a href=\"https:\/\/www.instagram.com\/gueersh\/\" target=\"_blank\" rel=\"noopener\">no Instagram do grupo<\/a>, que chegou a pedir ajuda financeira aos f\u00e3s e amigos. Mas apesar da baixa (a charanga era considerada uma \u201cmembra\u201d) a gueersh n\u00e3o esmoreceu. \u201cPra mim fica como um impulso\u201d, opina Guilherme. \u201cEntendo o rein\u00edcio dos ciclos como algo a ser respeitado, ent\u00e3o vamos celebrar a morte da charanga mesmo n\u00e3o tendo seguro (risos)\u201d.<\/p>\n<p style=\"text-align: justify;\">Felizmente os instrumentos n\u00e3o estavam no ve\u00edculo, e assim os m\u00fasicos prosseguiram atravessando a fronteira levando os equipamentos no bra\u00e7o e correndo para n\u00e3o perder os \u00f4nibus. O\u00a0Scream &amp; Yell conversou rapidinho com a banda por e-mail sobre o disco, as apresenta\u00e7\u00f5es mais recentes, o roubo da querida charanga e o que mais deve vir pela frente. Veja o papo abaixo:<\/p>\n<p><iframe loading=\"lazy\" title=\"Tempo El\u00e1stico\" width=\"747\" height=\"560\" src=\"https:\/\/www.youtube.com\/embed\/ksPBqdcMT24?list=OLAK5uy_mqwEldOs8UorYbrkmsKZM7no551rqIDBI\" frameborder=\"0\" allow=\"accelerometer; autoplay; clipboard-write; encrypted-media; gyroscope; picture-in-picture; web-share\" allowfullscreen><\/iframe><\/p>\n<p style=\"text-align: justify;\"><strong>Primeiramente, de onde saiu o nome da banda?<\/strong><br \/>\nL\u00edvia: Fomos juntando fonemas que soavam bem pra n\u00f3s e saiu \u201cguersh\u201d. O segundo &#8220;E&#8221; foi ideia do Berna (da banda marianaa).<\/p>\n<p style=\"text-align: justify;\"><strong>Voc\u00eas estavam em turn\u00ea pelo sul do Brasil e emendaram uma passagem pela Argentina (Buenos Aires) e Uruguai (Montevid\u00e9u) de carro. Como est\u00e1 sendo\/foi essa experi\u00eancia? E a receptividade do p\u00fablico dentro e fora do Pa\u00eds?<\/strong><br \/>\nGuilherme: Temos sido recebidos por anjos e retribu\u00edmos angelicalmente (risos). Pra mim, tocar fora nunca foi um sonho ou algo do tipo, mas de fato esse cruzamento com cidades \u00e9 algo m\u00e1gico, cada lugar tem sua aura e dialogar com isso (e pessoas) usando a m\u00fasica \u00e9 muito distinto.<\/p>\n<p style=\"text-align: justify;\">L\u00edvia: Foi incr\u00edvel passar pelo sul e pelos dois pa\u00edses; aprendemos a lidar com muitos desconfortos internos e a empurrar um monte de barreiras da comunica\u00e7\u00e3o com pessoas desconhecidas, \u00e0s vezes em outro idioma, quase todo dia. O p\u00fablico tem sido \u00f3timo, fizemos amigos de verdade em v\u00e1rios lugares e tem tamb\u00e9m as pessoas que se afetam pelo nosso som e vem contar pra n\u00f3s depois. [Essas] s\u00e3o as melhores.<\/p>\n<p style=\"text-align: justify;\">Igor: Foi a primeira vez de todos n\u00f3s nesses dois pa\u00edses e foi incr\u00edvel chegar e sermos recepcionados de forma t\u00e3o carinhosa por pessoas que s\u00f3 t\u00ednhamos at\u00e9 ent\u00e3o contactado virtualmente. N\u00e3o levamos quase nada de grana, ent\u00e3o com um esfor\u00e7o coletivo conseguimos poupar bastante e nos divertir com o que aparecia espontaneamente para n\u00f3s, compartilhando tudo desde o climinha congelante, o famigerado choripan (p\u00e3o com lingui\u00e7a), poder vivenciar um pouco da cultura local e apreciar maconha prensada de madureira com nossos hermanxs.<\/p>\n<p style=\"text-align: justify;\"><strong>E essa hist\u00f3ria do carro roubado? Como aconteceu e como voc\u00eas contornaram isso?<\/strong><br \/>\nGuilherme: Pra mim fica como um impulso [para a banda]. N\u00e3o estamos aqui por acaso ou a passeio e entendo o rein\u00edcio dos ciclos como algo a ser respeitado, ent\u00e3o vamos celebrar a morte da charanga mesmo n\u00e3o tendo seguro (risos).<\/p>\n<p style=\"text-align: justify;\">L\u00edvia: Acho que ainda estamos contornando isso. \u00c9 complicado. A charanga era um personagem, \u201cmembra\u201d da banda tamb\u00e9m, tinha muito valor sentimental ali, muito tempo e cuidado dedicados a ela. Quem tem carro velho sabe como a gente se apega. N\u00f3s fomos tocar sem ela, de carona com a Vicko (nossa amiga uruguaia) e ent\u00e3o, quando voltamos \u00e0s tr\u00eas da manh\u00e3, n\u00e3o estava l\u00e1 onde estacionamos. O dia j\u00e1 estava muito estranho e foi dif\u00edcil acreditar que tinha sumido assim, do nada. Ao mesmo tempo, rolou esse sentimento em grupo de seguir em frente, afinal \u00e9 algo material; se vai, tem que voltar de alguma forma.<\/p>\n<p style=\"text-align: justify;\">Igor: Fizemos nossa \u00faltima apresenta\u00e7\u00e3o em Montevid\u00e9u e fomos com o carro da nossa amiga que estava nos hospedando e deixamos a Parati estacionada na rua perto da casa dela, como fizemos todos os dias. Quando voltamos, ela nos deixou para descarregar as coisas e nos arrumar para seguir para Pelotas na manh\u00e3 seguinte, j\u00e1 imaginando a normalidade de termos de amarrar todos os equipamentos em cima do carro e tudo mais. Mas a Vicko voltou e s\u00f3 pudemos receber de forma incr\u00e9dula a not\u00edcia tr\u00e1gica do sumi\u00e7o da nossa charanguinha. Demorou um pouco pra ficha cair e at\u00e9 reagimos de forma bem-humorada nos primeiros instantes. Fomos na delegacia, consulado brasileiro, colamos cartazes pelas ruas de Montevid\u00e9u e tudo mais o que poder\u00edamos fazer&#8230; Foi preciso n\u00e3o deixar a tristeza dessa situa\u00e7\u00e3o tomar conta, ainda mais com uma por\u00e7\u00e3o de apresenta\u00e7\u00f5es pela frente. Tivemos que nos reestruturar de v\u00e1rias formas pra conseguir sair de Montevid\u00e9u e seguir adiante na esperan\u00e7a de que a charanguinha seja encontrada em algum momento e j\u00e1 aproveitando pra voltar por l\u00e1 pra busc\u00e1-la. Tivemos tamb\u00e9m muita ajuda de amigos e fam\u00edlia e pessoas que se sensibilizaram com essa situa\u00e7\u00e3o. Ent\u00e3o vimos que n\u00e3o poder\u00edamos reagir de outra forma sen\u00e3o continuar e terminar o que come\u00e7amos.<\/p>\n<p style=\"text-align: justify;\"><strong>Como foi o processo de composi\u00e7\u00e3o para o EP \u201cFogo Amigo\u201d? E para o disco \u201cTempo El\u00e1stico\u201d?<\/strong><br \/>\nGuilherme: A gente curte improvisar, tiramos as ideias de ficar tocando juntos por horas e horas. Eu costumo desenhar as m\u00fasicas, mas tento intencionar a dire\u00e7\u00e3o mais do que controlar o processo.<\/p>\n<p style=\"text-align: justify;\">L\u00edvia: Para o \u201cTempo El\u00e1stico\u201d a gente foi compondo as primeiras m\u00fasicas com tr\u00eas guitarras, depois entrou Phill [ex-baterista] e Thomaz e foram dando corpo e compondo outras partes juntos.<\/p>\n<figure id=\"attachment_74317\" aria-describedby=\"caption-attachment-74317\" style=\"width: 750px\" class=\"wp-caption aligncenter\"><img decoding=\"async\" loading=\"lazy\" class=\"size-full wp-image-74317\" src=\"https:\/\/screamyell.com.br\/site\/wp-content\/uploads\/2023\/04\/tempoelastico.jpg\" alt=\"\" width=\"750\" height=\"750\" srcset=\"https:\/\/screamyell.com.br\/site\/wp-content\/uploads\/2023\/04\/tempoelastico.jpg 750w, https:\/\/screamyell.com.br\/site\/wp-content\/uploads\/2023\/04\/tempoelastico-300x300.jpg 300w, https:\/\/screamyell.com.br\/site\/wp-content\/uploads\/2023\/04\/tempoelastico-150x150.jpg 150w\" sizes=\"(max-width: 750px) 100vw, 750px\" \/><figcaption id=\"caption-attachment-74317\" class=\"wp-caption-text\"><em>Capa do \u00e1lbum &#8220;Tempo El\u00e1stico&#8221;, da gueersh<\/em><\/figcaption><\/figure>\n<p style=\"text-align: justify;\"><strong>O \u00e1lbum foi lan\u00e7ado pelo pr\u00f3prio selo de voc\u00eas, o Feitio, em parceria com o Transfus\u00e3o Noise Records, do L\u00ea Almeida, que tamb\u00e9m mixou o trabalho. Como aconteceu essa dobradinha?<\/strong><br \/>\nGuilherme: L\u00ea \u00e9 amigo de tempos, curtimos muito o trabalho dele e naturalmente trocando ideia surgiu isso. Eu sou bem insatisfeito com o som de \u201cTempo El\u00e1stico\u201d, muito por como a gente gravou, tocando alto pra caralho e por falta de percep\u00e7\u00f5es que vieram aos poucos depois.<\/p>\n<p style=\"text-align: justify;\">L\u00edvia: L\u00ea apoiou a banda desde o come\u00e7o, abrindo espa\u00e7o pra gente no Escrit\u00f3rio [sede da Transfus\u00e3o Noise Records] e nos [eventos] Fechamentos, sempre pilhando coisas. Mixar o \u201cTempo El\u00e1stico\u201d foi mais uma dessas pilhas, era um momento que a gente precisava de g\u00e1s pra terminar e lan\u00e7ar o disco que j\u00e1 estava gravado h\u00e1 quase um ano e pra isso o L\u00ea foi fundamental.<\/p>\n<p style=\"text-align: justify;\"><strong>No som de voc\u00eas d\u00e1 pra perceber uma boa influ\u00eancia de guitar bands. Quais voc\u00eas diriam que s\u00e3o suas refer\u00eancias principais?<\/strong><br \/>\nGuilherme: Quando era adolescente, um grande amigo (beijo Will!) me apresentou Velvet Underground, Neu!, Television&#8230; Mas o que me instiga mesmo \u00e9 ouvir algo pela primeira vez, e d\u00e1-lhe pesquisa! Cada lugar tem seu modo musical, r\u00edtmico, sua liga\u00e7\u00e3o espiritual com a m\u00fasica. \u00c9 esse feeling que me conecta mais. \u00c9 incr\u00edvel como ele vem de lugares inusitados. Nessa viagem ouvimos coisas incr\u00edveis de m\u00fasica livre no Uruguai, tem uma turma muito boa fazendo m\u00fasica l\u00e1 e conseguimos acessar isso tocando com um outro projeto lado B que levamos na bagagem. Isso tudo \u00e9 algo bem pessoal, somos um grupo e cada um curte mais um tipo de m\u00fasica, adoro isso.<\/p>\n<p style=\"text-align: justify;\">Igor: Eu fui criado por uma fam\u00edlia de beatleman\u00edacos, ent\u00e3o desde muito novo venho bebendo da fonte desse rock mais cl\u00e1ssico, que inclusive continuo adorando e isso acabou me influenciando demais musicalmente, ainda quando mais jovem.<\/p>\n<p style=\"text-align: justify;\"><strong>Qual o repert\u00f3rio do show? Voc\u00eas est\u00e3o tocando composi\u00e7\u00f5es novas al\u00e9m das faixas do disco e do EP?<\/strong><br \/>\nIgor: O repert\u00f3rio tem sido bem din\u00e2mico justamente por estarmos com muita coisa fresca de 2022 pra c\u00e1. E aproveitamos os shows para podermos evoluir algumas dessas novidades que v\u00e3o surgindo, que ganham cada vez mais vida se desenvolvendo ali no palco mesmo; com improvisos, acidentes e essas coisas desse tipo que ajudam a desenvolver e nos conectar cada vez mais essas novas ideias. Mas sim, geralmente rola coisa antiga tamb\u00e9m, s\u00f3 que com algumas transforma\u00e7\u00f5es naturais que acabam surgindo com uma estrutura nova e mudan\u00e7as na forma\u00e7\u00e3o do grupo.<\/p>\n<p style=\"text-align: justify;\"><strong>Essas novas composi\u00e7\u00f5es soam diferentes do \u201cTempo El\u00e1stico\u201d? Qual a mudan\u00e7a que voc\u00eas enxergam nelas?<\/strong><br \/>\nGuilherme: Completamente. \u201cTempo El\u00e1stico\u201d foi um exerc\u00edcio de composi\u00e7\u00e3o, um caderno de caligrafia (risos). T\u00f4 muito curioso em como criar moldes e padr\u00f5es mais pessoais, pesquisando ritmos e tens\u00f5es, craquelados, brincando mais.<\/p>\n<p style=\"text-align: justify;\">L\u00edvia: Sim, estamos tentando soltar mais essas composi\u00e7\u00f5es, elas t\u00eam sido mais divertidas, outras mais atonais e ca\u00f3ticas. As partes de can\u00e7\u00e3o tamb\u00e9m estamos batalhando para fazer o som funcionar melhor em grupo, aprofundando o que aprendemos com o \u201cTempo El\u00e1stico\u201d.<\/p>\n<p style=\"text-align: justify;\"><strong>Uma pergunta de nerd de equipamento: pelos v\u00eddeos ao vivo, reparei que voc\u00eas usam instrumentos da marca brasileira Giannini (uma guitarra Supersonic, talvez uma Stratosonic e um baixo Sonic). Isso \u00e9 uma op\u00e7\u00e3o est\u00e9tica, por conveni\u00eancia ou apenas calhou mesmo?<\/strong><br \/>\nGuilherme: Eu uso porque tem um som del\u00edcia, quentinho (risos), chega a derreter manteiga. E adoro a pegada dela. Mas de fato tenho porque \u00e9 a melhor coisa que pude comprar com a grana que nem tinha (risos). Ah, \u00e9 a guitarra de \u201ccor goiaba\u201d.<\/p>\n<p style=\"text-align: justify;\"><strong>Por fim, quais os pr\u00f3ximos planos da gueersh depois dessa turn\u00ea?<\/strong><br \/>\nGuilherme: Gravar!!!! E seguir tocando onde pudermos, agora mesmo sem carro e falando isso na estrada, que n\u00e3o temos dinheiro nem pra chegar nos nossos pr\u00f3ximos shows. Mas essa \u00e9 a inten\u00e7\u00e3o: som!<\/p>\n<p style=\"text-align: justify;\">L\u00edvia: Voltar pra nossa terra e gravar as m\u00fasicas novas no inverno do Sana.<\/p>\n<p><iframe loading=\"lazy\" title=\"A Curtinha - gueersh (ao vivo no sereno sana)\" width=\"747\" height=\"420\" src=\"https:\/\/www.youtube.com\/embed\/ovorbxeQh4Q?feature=oembed\" frameborder=\"0\" allow=\"accelerometer; autoplay; clipboard-write; encrypted-media; gyroscope; picture-in-picture; web-share\" allowfullscreen><\/iframe><\/p>\n<p><iframe loading=\"lazy\" title=\"C\u00e9u Rosa - gueersh (ao vivo no sereno sana)\" width=\"747\" height=\"420\" src=\"https:\/\/www.youtube.com\/embed\/ujilZaHXZjE?feature=oembed\" frameborder=\"0\" allow=\"accelerometer; autoplay; clipboard-write; encrypted-media; gyroscope; picture-in-picture; web-share\" allowfullscreen><\/iframe><\/p>\n<p><iframe loading=\"lazy\" title=\"Gueersh - Fechamento\" width=\"747\" height=\"420\" src=\"https:\/\/www.youtube.com\/embed\/9q1eXQ0wgXg?feature=oembed\" frameborder=\"0\" allow=\"accelerometer; autoplay; clipboard-write; encrypted-media; gyroscope; picture-in-picture; web-share\" allowfullscreen><\/iframe><\/p>\n<p><iframe loading=\"lazy\" title=\"GUEERSH ao vivo no &quot;fechamento&quot; @Escritorio da @transfusaonoise7284 . 07\/02\/22\" width=\"747\" height=\"420\" src=\"https:\/\/www.youtube.com\/embed\/E_91lWB9L7s?feature=oembed\" frameborder=\"0\" allow=\"accelerometer; autoplay; clipboard-write; encrypted-media; gyroscope; picture-in-picture; web-share\" allowfullscreen><\/iframe><\/p>\n<p><em>\u2013 Alexandre Lopes (<a href=\"https:\/\/twitter.com\/ociocretino\" target=\"_blank\" rel=\"noreferrer noopener\">@ociocretino<\/a>) \u00e9 jornalista e assina o\u00a0<a href=\"http:\/\/www.ociocretino.blogspot.com.br\/\" target=\"_blank\" rel=\"noreferrer noopener\">www.ociocretino.blogspot.com.br<\/a><\/em><\/p>\n","protected":false},"excerpt":{"rendered":"\u201cTempo El\u00e1stico\u201d simboliza muito bem o que \u00e9 a banda: uma disputa livre, amig\u00e1vel e despretensiosa entre linhas de guitarras a la Sonic Youth, baixo e bateria, mas ainda assim com uma sensibilidade pop abra\u00e7ada por vocais suaves e sintetizador.\n<a class=\"moretag\" href=\"https:\/\/screamyell.com.br\/site\/2023\/04\/28\/entrevista-guitar-band-experimental-fluminense-gueersh-supera-roubadas-para-divulgar-o-excelente-album-tempo-elastico\/\"> [...]<\/a>","protected":false},"author":101,"featured_media":74316,"comment_status":"open","ping_status":"open","sticky":false,"template":"","format":"standard","meta":[],"categories":[3],"tags":[6646],"_links":{"self":[{"href":"https:\/\/screamyell.com.br\/site\/wp-json\/wp\/v2\/posts\/74315"}],"collection":[{"href":"https:\/\/screamyell.com.br\/site\/wp-json\/wp\/v2\/posts"}],"about":[{"href":"https:\/\/screamyell.com.br\/site\/wp-json\/wp\/v2\/types\/post"}],"author":[{"embeddable":true,"href":"https:\/\/screamyell.com.br\/site\/wp-json\/wp\/v2\/users\/101"}],"replies":[{"embeddable":true,"href":"https:\/\/screamyell.com.br\/site\/wp-json\/wp\/v2\/comments?post=74315"}],"version-history":[{"count":4,"href":"https:\/\/screamyell.com.br\/site\/wp-json\/wp\/v2\/posts\/74315\/revisions"}],"predecessor-version":[{"id":74727,"href":"https:\/\/screamyell.com.br\/site\/wp-json\/wp\/v2\/posts\/74315\/revisions\/74727"}],"wp:featuredmedia":[{"embeddable":true,"href":"https:\/\/screamyell.com.br\/site\/wp-json\/wp\/v2\/media\/74316"}],"wp:attachment":[{"href":"https:\/\/screamyell.com.br\/site\/wp-json\/wp\/v2\/media?parent=74315"}],"wp:term":[{"taxonomy":"category","embeddable":true,"href":"https:\/\/screamyell.com.br\/site\/wp-json\/wp\/v2\/categories?post=74315"},{"taxonomy":"post_tag","embeddable":true,"href":"https:\/\/screamyell.com.br\/site\/wp-json\/wp\/v2\/tags?post=74315"}],"curies":[{"name":"wp","href":"https:\/\/api.w.org\/{rel}","templated":true}]}}