{"id":73406,"date":"2023-03-20T00:03:57","date_gmt":"2023-03-20T03:03:57","guid":{"rendered":"http:\/\/screamyell.com.br\/site\/?p=73406"},"modified":"2023-04-13T02:16:40","modified_gmt":"2023-04-13T05:16:40","slug":"faixa-a-faixa-meteorica-de-tauana-queiroz","status":"publish","type":"post","link":"https:\/\/screamyell.com.br\/site\/2023\/03\/20\/faixa-a-faixa-meteorica-de-tauana-queiroz\/","title":{"rendered":"Faixa a faixa: \u201cMete\u00f3rica\u201d, de Tauana Queiroz"},"content":{"rendered":"<h2 style=\"text-align: center;\"><strong>introdu\u00e7\u00e3o por\u00a0<a href=\"https:\/\/www.hominiscanidae.org\/\" target=\"_blank\" rel=\"noopener\">Diego Albuquerque<\/a><\/strong><br \/>\nFaixa a faixa por <a href=\"https:\/\/www.instagram.com\/cancoesquemedaoasas\/\" target=\"_blank\" rel=\"noopener\">Tauana Queiroz<\/a><\/h2>\n<p style=\"text-align: justify;\">Tauana Queiroz \u00e9 cantora, compositora e percussionista, nascida em Teresina (PI), que come\u00e7ou na m\u00fasica com a banda de forr\u00f3 As Ful\u00f4 do Sert\u00e3o em 2014, onde deu in\u00edcio tamb\u00e9m a produ\u00e7\u00e3o de m\u00fasicas autorais, lan\u00e7ando em 2021 os primeiros EPs da banda. Paralelamente, em 2016 participou da funda\u00e7\u00e3o da Banda de P\u00edfanos Caju Pinga Fogo, com quem lan\u00e7a o disco \u201c<a href=\"https:\/\/screamyell.com.br\/site\/2019\/07\/11\/faixa-a-faixa-rosa-dos-ventos-a-banda-de-pifanos-caju-pinga-fogo\/\">Rosa dos Ventos<\/a>\u201d (2019). Em 2020 foi a vez de mergulhar na carreira solo com o projeto \u201cCan\u00e7\u00f5es Que Me D\u00e3o Asas\u201d, com lan\u00e7amentos em redes sociais.<\/p>\n<p style=\"text-align: justify;\">As experi\u00eancias deste projeto \u2013 com can\u00e7\u00f5es sobre o amor entre mulheres, maternidade e processos de autodescoberta na percep\u00e7\u00e3o de medos e desejos \u2013 culminaram em \u201c<a href=\"https:\/\/tauanaqueiroz.hearnow.com\/\" target=\"_blank\" rel=\"noopener\">Mete\u00f3rica<\/a>\u201d (2023), seu primeiro \u00e1lbum solo. \u201c\u00c9 minha cria\u00e7\u00e3o mais madura, desnuda e \u00edntima. S\u00e3o meus pensamentos, meus amores, minhas quest\u00f5es com a vida que ser\u00e3o apresentadas para outras pessoas e isso em um contexto pessoal tem sido transformador\u201d, explica.<\/p>\n<p style=\"text-align: justify;\">A faixa t\u00edtulo do \u00e1lbum, \u201c<a href=\"https:\/\/tauanaqueiroz.hearnow.com\/\" target=\"_blank\" rel=\"noopener\">Mete\u00f3rica<\/a>\u201d, foi vencedora na categoria Melhor Can\u00e7\u00e3o no 1\u00ba Festival M\u00fasica da Gente, realizado pela R\u00e1dio FM Cultura em novembro de 2022 em Teresina. Abaixo, Tauana comenta as nove faixas do \u00e1lbum, que v\u00e3o muito al\u00e9m da m\u00fasica regional que ela faz com suas bandas. No trabalho, temos can\u00e7\u00f5es pops, com meandros da MPB e que vez por outra adentram um regionalismo, mas sem perder essa contemporaneidade da m\u00fasica atual e global.\u00a0 Ou\u00e7a o disco e leia o faixa a faixa abaixo.<\/p>\n<p><iframe loading=\"lazy\" title=\"Mete\u00f3rica\" width=\"747\" height=\"420\" src=\"https:\/\/www.youtube.com\/embed\/videoseries?list=OLAK5uy_kVa4tmQN3gawTBMkK82-DbOH88xseWSvM\" frameborder=\"0\" allow=\"accelerometer; autoplay; clipboard-write; encrypted-media; gyroscope; picture-in-picture; web-share\" allowfullscreen><\/iframe><\/p>\n<p style=\"text-align: justify;\"><strong>01) Mete\u00f3rica \u2013<\/strong> M\u00fasica que abre caminhos, traduzindo a passagem de um amor que atravessou o c\u00e9u da minha vida, com for\u00e7a e luz. Desde que a compus sabia que a partir dela, muita coisa seria ressignificada na minha vida. Foi com ela que ganhei o pr\u00eamio de Melhor Can\u00e7\u00e3o no Festival M\u00fasica da Gente, em 2022 e vi tanta gente se emocionando comigo.<\/p>\n<p style=\"text-align: justify;\"><strong>02) Certezas de Bem-Te-Vi \u2013<\/strong> Essa nasceu como uma prece, um chamado pra olhar pra dentro e para o que realmente importa. Foi inspirada pela sabedoria de Krenak, que fala sobre a urg\u00eancia desse pertencimento \u00e0 natureza, que escrevi essa letra. Embalada pelo canto dos Bem-Te-Vis, recolhida em mim, numa casa que faz parte da minha mem\u00f3ria afetiva, que pensei acordar para levitar sonhos e desabrochar desejos num tempo t\u00e3o devastador.<\/p>\n<p style=\"text-align: justify;\"><strong>03) Vazanteiro \u2013<\/strong> Foi meu processo mais longo de composi\u00e7\u00e3o. Demorou um ano at\u00e9 que eu retornasse ao local onde comecei a compor para termin\u00e1-la. S\u00e3o sentimentos vazando por um corpo cansado de semear a dor. Para essa m\u00fasica convidei Daniel Filipe, amigo e artista de Parna\u00edba cujo trabalho tanto me inspira. Ele veio com arranjo e voz para celebrar esse encontro!<\/p>\n<p style=\"text-align: justify;\"><strong>04) Madura Fruta \u2013<\/strong> Amor-fruto-tempero que d\u00e1 gosto e alimenta. \u00c9 pra mim uma m\u00fasica cheia de sensa\u00e7\u00f5es, sensualidade, uma experi\u00eancia sensorial sonora do amor de duas mulheres.<\/p>\n<p style=\"text-align: justify;\"><strong>05) Lar \u2013<\/strong> Amor-casa-lar. A mais curtinha em letra e que tem um tamanho gigante no meu peito. Foi a \u00faltima a entrar no \u00e1lbum, criada poucos dias antes de come\u00e7ar os ensaios para a grava\u00e7\u00e3o. A m\u00fasica seguiu novos rumos quando convidei Isabely Fonseca, amiga, escritora, educadora e mulher l\u00e9sbica para recitar uma poesia dela. Ouvindo o resultado desse encontro, a sensa\u00e7\u00e3o que tive \u00e9 de que a poesia nasceu para a m\u00fasica, de t\u00e3o harmoniosa.<\/p>\n<p style=\"text-align: justify;\"><strong>06) Dengo Meu \u2013<\/strong> Das nove, a \u00fanica que j\u00e1 foi gravada. \u00c9 um pedido de perman\u00eancia, de acabar com a dist\u00e2ncia que separa. Convidei Gabriel Div\u00e9, amigo e artista de Juazeiro do Norte para juntos cantarmos essa can\u00e7\u00e3o e ele imprimiu uma identidade muito gostosa nela.<\/p>\n<p style=\"text-align: justify;\"><strong>07) Titata \u2013<\/strong> A maternidade veio como uma surpresa na minha vida. Constru\u00e7\u00e3o di\u00e1ria (sujeita a deslizes e acertos) de uma m\u00e3e com outra m\u00e3e e duas crian\u00e7as. Exp\u00f4s a minha pele aos medos, a quest\u00f5es profundas que precisei analisar e ressignificar, ao total desconhecido e ao amor que s\u00f3 a crian\u00e7a tem e traz. \u201cTitata\u201d \u00e9 como meus filhos me chamaram por um bom tempo, at\u00e9 ent\u00e3o chamarem \u201cM\u00c3E\u201d e ser eu. Me emociona saber do amor genu\u00edno que eles trazem e lembrar que cuidar dessas duas pessoas diariamente \u00e9 o maior presente da vida. Eternizo nessa can\u00e7\u00e3o a voz e a risada deles que me fazem m\u00e3e.<\/p>\n<p style=\"text-align: justify;\"><strong>08) P\u00e9 do pesco\u00e7o \u2013<\/strong> Essa m\u00fasica tem cheiro de comida, caf\u00e9 quente na cozinha, tem a luz da manh\u00e3 e o abra\u00e7o-lar de quem semeia a vida junto, num tempo que passa devagarinho.<\/p>\n<p style=\"text-align: justify;\"><strong>09) Tornozelo \u2013<\/strong> Essa \u00e9 a mais dan\u00e7ante do \u00e1lbum. Enquanto escrevia imaginei a cena de um encontro, em um dia quente em que aqui no Piau\u00ed a gente costuma servir caf\u00e9 e conversar. Um flerte, uma paix\u00e3o solar. O refr\u00e3o \u201cchega mansinho\u201d e n\u00e3o sai mais da cabe\u00e7a!<\/p>\n<p><img decoding=\"async\" loading=\"lazy\" class=\"alignnone wp-image-73408 size-full\" src=\"https:\/\/screamyell.com.br\/site\/wp-content\/uploads\/2023\/03\/tauana.jpg\" alt=\"\" width=\"750\" height=\"750\" srcset=\"https:\/\/screamyell.com.br\/site\/wp-content\/uploads\/2023\/03\/tauana.jpg 750w, https:\/\/screamyell.com.br\/site\/wp-content\/uploads\/2023\/03\/tauana-300x300.jpg 300w, https:\/\/screamyell.com.br\/site\/wp-content\/uploads\/2023\/03\/tauana-150x150.jpg 150w\" sizes=\"(max-width: 750px) 100vw, 750px\" \/><\/p>\n","protected":false},"excerpt":{"rendered":"Tauana comenta as nove faixas do \u00e1lbum, que v\u00e3o muito al\u00e9m da m\u00fasica regional que ela faz com suas bandas. No trabalho, temos can\u00e7\u00f5es pops, com meandros da MPB e que vez por outra adentram um regionalismo\n<a class=\"moretag\" href=\"https:\/\/screamyell.com.br\/site\/2023\/03\/20\/faixa-a-faixa-meteorica-de-tauana-queiroz\/\"> [...]<\/a>","protected":false},"author":103,"featured_media":73407,"comment_status":"open","ping_status":"open","sticky":false,"template":"","format":"standard","meta":[],"categories":[3],"tags":[6607],"_links":{"self":[{"href":"https:\/\/screamyell.com.br\/site\/wp-json\/wp\/v2\/posts\/73406"}],"collection":[{"href":"https:\/\/screamyell.com.br\/site\/wp-json\/wp\/v2\/posts"}],"about":[{"href":"https:\/\/screamyell.com.br\/site\/wp-json\/wp\/v2\/types\/post"}],"author":[{"embeddable":true,"href":"https:\/\/screamyell.com.br\/site\/wp-json\/wp\/v2\/users\/103"}],"replies":[{"embeddable":true,"href":"https:\/\/screamyell.com.br\/site\/wp-json\/wp\/v2\/comments?post=73406"}],"version-history":[{"count":1,"href":"https:\/\/screamyell.com.br\/site\/wp-json\/wp\/v2\/posts\/73406\/revisions"}],"predecessor-version":[{"id":73409,"href":"https:\/\/screamyell.com.br\/site\/wp-json\/wp\/v2\/posts\/73406\/revisions\/73409"}],"wp:featuredmedia":[{"embeddable":true,"href":"https:\/\/screamyell.com.br\/site\/wp-json\/wp\/v2\/media\/73407"}],"wp:attachment":[{"href":"https:\/\/screamyell.com.br\/site\/wp-json\/wp\/v2\/media?parent=73406"}],"wp:term":[{"taxonomy":"category","embeddable":true,"href":"https:\/\/screamyell.com.br\/site\/wp-json\/wp\/v2\/categories?post=73406"},{"taxonomy":"post_tag","embeddable":true,"href":"https:\/\/screamyell.com.br\/site\/wp-json\/wp\/v2\/tags?post=73406"}],"curies":[{"name":"wp","href":"https:\/\/api.w.org\/{rel}","templated":true}]}}