{"id":73129,"date":"2023-03-07T18:13:33","date_gmt":"2023-03-07T21:13:33","guid":{"rendered":"http:\/\/screamyell.com.br\/site\/?p=73129"},"modified":"2023-04-26T01:14:48","modified_gmt":"2023-04-26T04:14:48","slug":"faixa-a-faixa-barbara-eugenia-fala-sobre-as-cancoes-de-foi-tudo-culpa-do-amor-perolas-populares-vol-1","status":"publish","type":"post","link":"https:\/\/screamyell.com.br\/site\/2023\/03\/07\/faixa-a-faixa-barbara-eugenia-fala-sobre-as-cancoes-de-foi-tudo-culpa-do-amor-perolas-populares-vol-1\/","title":{"rendered":"Faixa a faixa: B\u00e1rbara Eugenia fala sobre as can\u00e7\u00f5es de seu 8\u00ba disco,  &#8220;Foi Tudo Culpa Do Amor (P\u00e9rolas Populares, Vol. 1)\u201d"},"content":{"rendered":"<h2 style=\"text-align: center;\"><strong>introdu\u00e7\u00e3o por\u00a0Marcelo Costa<\/strong><br \/>\nFaixa a faixa por <a href=\"https:\/\/www.instagram.com\/barbaraeugeniaoficial\/\" target=\"_blank\" rel=\"noopener\">B\u00e1rbara Eugenia<\/a><\/h2>\n<p style=\"text-align: justify;\">B\u00e1rbara Eugenia \u00e9 uma cantora rom\u00e2ntica. Sempre foi. N\u00e3o \u00e9 novidade para quem parou para ouvir com aten\u00e7\u00e3o algum de seus excelentes sete discos anteriores (entre meus tr\u00eas favoritos, listinha pessoal, est\u00e3o \u201c<a href=\"https:\/\/screamyell.com.br\/site\/2013\/11\/14\/tres-perguntas-barbara-eugenia\/\" target=\"_blank\" rel=\"noopener\">\u00c9 o Que Temos<\/a>\u201d, de 2013, a colabora\u00e7\u00e3o com Tat\u00e1 Aeroplano em \u201cVida Aventureira\u201d, de 2017, e \u201c<a href=\"https:\/\/screamyell.com.br\/site\/2022\/03\/31\/entrevista-barbara-eugenia-esmiuca-crashes-n-crushes-seu-quinto-disco-solo\/\" target=\"_blank\" rel=\"noopener\">Crashes n\u2019 Crushes<\/a>\u201d, de 2021), mas quem ainda n\u00e3o tinha se tocado, provavelmente se pegar\u00e1 cantando com ela can\u00e7\u00f5es consagradas por Jane &amp; Herondy, Reginaldo Rossi, Wando, K\u00e1tia, Odair Jos\u00e9, Diana e muitos outros em \u201c<a href=\"https:\/\/onerpm.link\/foitudoculpadoamor\" target=\"_blank\" rel=\"noopener\">Foi Tudo Culpa Do Amor (P\u00e9rolas Populares, Vol. 1)<\/a>\u201d, seu oitavo disco e o primeiro \u00e1lbum como int\u00e9rprete.<\/p>\n<p style=\"text-align: justify;\">Com produ\u00e7\u00e3o de Zeca Baleiro, que tamb\u00e9m tem forte liga\u00e7\u00e3o com esse cancioneiro, B\u00e1rbara canta grandes sucessos radiof\u00f4nicos, entre eles \u201cGosto de Ma\u00e7\u00e3\u201d, de Wando, que gerou clipe com dire\u00e7\u00e3o de arte de Filipe Catto e Juliana Robin, dupla respons\u00e1vel por fotos, capa e v\u00eddeos do projeto. \u201cFoi muito dif\u00edcil chegar nesse repert\u00f3rio. S\u00f3 10 can\u00e7\u00f5es para homenagear a m\u00fasica rom\u00e2ntica?? Eu e Zeca criamos uma playlist com 80! Nada f\u00e1cil, mas acho que fizemos bonito\u201d, revela. Da lista original, ela e Zeca escolheram \u201cN\u00e3o Se V\u00e1\u201d para cantarem juntos. \u201cEu j\u00e1 tinha realizado um sonho com a parceria \u2018Bagun\u00e7a\u2019 (do \u00e1lbum \u201cTUDA\u201d, 2019). Agora, esse dueto \u00e9 muito especial! N\u00e3o podia ser de outro jeito\u201d, conta.<\/p>\n<p style=\"text-align: justify;\">Nome de destaque nas paradas de sucesso da d\u00e9cada de 1970 e um dos homenageados, Fernando Mendes divide com B\u00e1rbara os vocais de \u201cN\u00e3o Vou Mudar\u201d, parceria dele com Dom Wander. \u201cPra mim \u00e9 uma honra imensa t\u00ea-lo cantando comigo&#8230; um luxo!\u201d, celebra B\u00e1rbara, que assume sua veia rom\u00e2ntica: \u201cEu sempre falei de amor, sempre fiz vers\u00f5es nos shows, fosse com banda ou nas apresenta\u00e7\u00f5es voz e viol\u00e3o. No meu primeiro show eu j\u00e1 cantei um Roberto Carlos. No primeiro disco gravei \u2018O Tempo\u2019 do Fernando Catatau, que tem essa pegada, o segundo <a href=\"https:\/\/screamyell.com.br\/site\/2014\/03\/18\/barbara-eugenia-homenageia-diana\/\" target=\"_blank\" rel=\"noopener\">j\u00e1 veio com a Diana<\/a>\u2026 Mas fiquei mesmo guardando esse repert\u00f3rio, porque quando fosse gravar, seria um disco inteiro!\u201d, relembra a cantora, que comenta, abaixo, as 10 can\u00e7\u00f5es escolhidas para o \u00e1lbum.<\/p>\n<p><iframe loading=\"lazy\" title=\"Gosto de Ma\u00e7\u00e3\" width=\"747\" height=\"560\" src=\"https:\/\/www.youtube.com\/embed\/-NUCaTLAdtI?list=OLAK5uy_loOT95qoExvHzJzdQfPtuL9tlrBThuE_A\" frameborder=\"0\" allow=\"accelerometer; autoplay; clipboard-write; encrypted-media; gyroscope; picture-in-picture; web-share\" allowfullscreen><\/iframe><\/p>\n<p style=\"text-align: center;\"><strong>&#8220;Foi Tudo Culpa Do Amor (P\u00e9rolas Populares, Vol. 1)&#8221;, por B\u00e1rbara Eug\u00eania<\/strong><\/p>\n<p style=\"text-align: justify;\"><strong>01. Gosto de Ma\u00e7\u00e3<\/strong><br \/>\n<em>Lan\u00e7ada por Wando, em 1978.<\/em><br \/>\nEu demorei pra conhecer o Wando, que adoro. Ele tem umas m\u00fasicas realmente maravilhosas\u2026 essa letra com esse refr\u00e3o, n\u00e3o d\u00e1 pra aguentar de del\u00edcia. E, mesmo ele sendo um pouco mais \u201cmoderno\u201d, entrou pro hall dos cl\u00e1ssicos desse disco e ganhou essa vers\u00e3o milongada, ideia genial do Zeca.<\/p>\n<p style=\"text-align: justify;\"><strong>02. Imposs\u00edvel Acreditar Que Perdi Voc\u00ea<\/strong><br \/>\n<em>Sucesso de M\u00e1rcio Greyck, na d\u00e9cada de 1970<\/em><br \/>\nEssa eu gravei no Som Brasil em 2012 e meio que de cara j\u00e1 pensamos em repetir o arranjo feito na \u00e9poca, que \u00e9 uma moderniza\u00e7\u00e3o da can\u00e7\u00e3o. Mais minimalista, por\u00e9m respeitando o formato original.<\/p>\n<p style=\"text-align: justify;\"><strong>03. N\u00e3o Se V\u00e1<\/strong><br \/>\n<em>Alcan\u00e7ou o topo das paradas em 1977, com Jane e Herondy.<\/em><br \/>\nEsse \u00e9 um cl\u00e1ssico que n\u00e3o podia faltar&#8230; estava na lista original. E, tendo Zeca na produ\u00e7\u00e3o, obviamente era a m\u00fasica pra fazer nosso dueto. Zeca veio com as ideias do arranjo.<\/p>\n<p style=\"text-align: justify;\"><strong>04. Qualquer Jeito<\/strong><br \/>\n<em>Estourou nas r\u00e1dios com K\u00e1tia, em 1987<\/em><br \/>\nComo n\u00e3o ter K\u00e1tia? Como n\u00e3o ter essa m\u00fasica? Minha inf\u00e2ncia, minha vida, n\u00e9? Quase que o disco se chama &#8220;n\u00e3o est\u00e1 sendo f\u00e1cil&#8221;, mas afinal o outro nome ganhou\u2026<\/p>\n<p style=\"text-align: justify;\"><strong>05. Mentira<\/strong><br \/>\n<em>Lan\u00e7ada em 1971, por Evaldo Braga<\/em><br \/>\nZeca me emprestou essa ideia de arranjo e eu realizei o sonho de gravar um reggae! O \u00eddolo negro n\u00e3o podia ficar de fora tamb\u00e9m&#8230; \u00c9 um drama mais c\u00f4mico aqui.<\/p>\n<p style=\"text-align: justify;\"><strong>06. Meu Fracasso<\/strong><br \/>\n<em>Lan\u00e7ada por Reginaldo Rossi, em 1981<\/em><br \/>\nA \u00fanica que mantivemos com o arranjo mais pr\u00f3ximo do original. Porque\u2026 sei l\u00e1, n\u00e9? Tem coisa que n\u00e3o se mexe. \u00c9 um brega brega e foi importante manter assim. Chacundum, drama, pandeirola, uma pitadinha de James Bond, aquilo tudo&#8230;<\/p>\n<p style=\"text-align: justify;\"><strong>07. N\u00e3o Vou Mudar<\/strong><br \/>\n<em>Do primeiro \u00e1lbum de Fernando Mendes, de 1973<\/em><br \/>\nTinha algumas op\u00e7\u00f5es do Fernando Mendes\u2026 umas mais \u00f3bvias, mas esse groove tava bom demais pra deixar de lado. E acabou sendo a faixa que ganhou a participa\u00e7\u00e3o do homenageado! Adoro pirar em backings e essa foi uma pira\u00e7\u00e3o mista, minha e do Zeca.<\/p>\n<p style=\"text-align: justify;\"><strong>08. Nasce do Sil\u00eancio uma Saudade<\/strong><br \/>\n<em>Gravada em 1969 por Joelma, no \u00e1lbum \u201cCasatschock\u201d, que pode ser encontrado nas plataformas digitais. A cantora fez grande sucesso popular nos anos 70, inclusive em Portugal.<\/em><br \/>\nOuro puro que me chegou atrav\u00e9s do Zeca. O que \u00e9 essa mulher com essa voz? O que \u00e9 essa m\u00fasica com arranjo meio Burt Bacharach? Amor \u00e0 primeira ouvida e na hora me veio: vers\u00e3o Abba.<\/p>\n<p style=\"text-align: justify;\"><strong>09. Vadiar<\/strong><br \/>\n<em>Uma das mais tocadas da banda pernambucana Trepidant\u2019s, do LP de 1986<\/em><br \/>\nEssa del\u00edcia tamb\u00e9m chegou pelo Zeca. N\u00e3o conhecia essa banda, cheia de m\u00fasica boa! Apesar de eles terem ficado famosos cantando em ingl\u00eas, essa letra me ganhou f\u00e1cil.<\/p>\n<p style=\"text-align: justify;\"><strong>10. Foi Tudo Culpa do Amor<\/strong><br \/>\n<em>Parceria de Odair Jos\u00e9 e Diana, gravada primeiro por ela no LP \u201cVoc\u00ea Prometeu Voltar\u2026\u201d (1974).<\/em><br \/>\nDeu nome ao disco. Homenageia dois \u00edcones, j\u00e1 que \u00e9 de autoria de Odair e de Diana e foi gravada pelos dois. E, se n\u00e3o fosse o amor, n\u00e3o existiria a m\u00fasica rom\u00e2ntica. Talvez n\u00e3o existisse m\u00fasica\u2026 e ponto. Zeca veio com um arranjo bem lindo, caipira, guitarra do Rovilson brilhando.<\/p>\n<p><img decoding=\"async\" loading=\"lazy\" class=\"alignnone wp-image-73132 size-full\" src=\"https:\/\/screamyell.com.br\/site\/wp-content\/uploads\/2023\/03\/capa_Barbara-Eugenia_Foi-Tudo-Culpa-Do-Amor-Perolas-Populares-Vol.1-copiar.jpg\" alt=\"\" width=\"750\" height=\"750\" srcset=\"https:\/\/screamyell.com.br\/site\/wp-content\/uploads\/2023\/03\/capa_Barbara-Eugenia_Foi-Tudo-Culpa-Do-Amor-Perolas-Populares-Vol.1-copiar.jpg 750w, https:\/\/screamyell.com.br\/site\/wp-content\/uploads\/2023\/03\/capa_Barbara-Eugenia_Foi-Tudo-Culpa-Do-Amor-Perolas-Populares-Vol.1-copiar-300x300.jpg 300w, https:\/\/screamyell.com.br\/site\/wp-content\/uploads\/2023\/03\/capa_Barbara-Eugenia_Foi-Tudo-Culpa-Do-Amor-Perolas-Populares-Vol.1-copiar-150x150.jpg 150w\" sizes=\"(max-width: 750px) 100vw, 750px\" \/><\/p>\n<p style=\"text-align: justify;\"><em>\u2013 Marcelo Costa (<a href=\"https:\/\/twitter.com\/screamyell\" target=\"_blank\" rel=\"noopener noreferrer\">@screamyell<\/a>) \u00e9 editor do Scream &amp; Yell e assina a\u00a0<a href=\"https:\/\/screamyell.com.br\/blog\/\" target=\"_blank\" rel=\"noopener noreferrer\">Calmantes com Champagne<\/a>. As fotos usadas no texto s\u00e3o de Juliana Robin<\/em><\/p>\n","protected":false},"excerpt":{"rendered":"\u201cFoi muito dif\u00edcil chegar nesse repert\u00f3rio. S\u00f3 10 can\u00e7\u00f5es para homenagear a m\u00fasica rom\u00e2ntica?? Eu e Zeca criamos uma playlist com 80! Nada f\u00e1cil, mas acho que fizemos bonito\u201d, confia B\u00e1rbara!\n<a class=\"moretag\" href=\"https:\/\/screamyell.com.br\/site\/2023\/03\/07\/faixa-a-faixa-barbara-eugenia-fala-sobre-as-cancoes-de-foi-tudo-culpa-do-amor-perolas-populares-vol-1\/\"> [...]<\/a>","protected":false},"author":2,"featured_media":73130,"comment_status":"open","ping_status":"open","sticky":false,"template":"","format":"standard","meta":[],"categories":[3],"tags":[260,2648],"_links":{"self":[{"href":"https:\/\/screamyell.com.br\/site\/wp-json\/wp\/v2\/posts\/73129"}],"collection":[{"href":"https:\/\/screamyell.com.br\/site\/wp-json\/wp\/v2\/posts"}],"about":[{"href":"https:\/\/screamyell.com.br\/site\/wp-json\/wp\/v2\/types\/post"}],"author":[{"embeddable":true,"href":"https:\/\/screamyell.com.br\/site\/wp-json\/wp\/v2\/users\/2"}],"replies":[{"embeddable":true,"href":"https:\/\/screamyell.com.br\/site\/wp-json\/wp\/v2\/comments?post=73129"}],"version-history":[{"count":3,"href":"https:\/\/screamyell.com.br\/site\/wp-json\/wp\/v2\/posts\/73129\/revisions"}],"predecessor-version":[{"id":73135,"href":"https:\/\/screamyell.com.br\/site\/wp-json\/wp\/v2\/posts\/73129\/revisions\/73135"}],"wp:featuredmedia":[{"embeddable":true,"href":"https:\/\/screamyell.com.br\/site\/wp-json\/wp\/v2\/media\/73130"}],"wp:attachment":[{"href":"https:\/\/screamyell.com.br\/site\/wp-json\/wp\/v2\/media?parent=73129"}],"wp:term":[{"taxonomy":"category","embeddable":true,"href":"https:\/\/screamyell.com.br\/site\/wp-json\/wp\/v2\/categories?post=73129"},{"taxonomy":"post_tag","embeddable":true,"href":"https:\/\/screamyell.com.br\/site\/wp-json\/wp\/v2\/tags?post=73129"}],"curies":[{"name":"wp","href":"https:\/\/api.w.org\/{rel}","templated":true}]}}