{"id":72716,"date":"2023-02-11T00:05:00","date_gmt":"2023-02-11T03:05:00","guid":{"rendered":"http:\/\/screamyell.com.br\/site\/?p=72716"},"modified":"2023-03-10T01:23:04","modified_gmt":"2023-03-10T04:23:04","slug":"faixa-a-faixa-felipe-bueno-aprofunda-o-olhar-sobre-as-inspiracoes-do-ep-ate-que-a-morte-nos-separe","status":"publish","type":"post","link":"https:\/\/screamyell.com.br\/site\/2023\/02\/11\/faixa-a-faixa-felipe-bueno-aprofunda-o-olhar-sobre-as-inspiracoes-do-ep-ate-que-a-morte-nos-separe\/","title":{"rendered":"Faixa a faixa: Conhe\u00e7a \u201cAt\u00e9 que a Morte Nos Separe\u201d, de Felipe Bueno"},"content":{"rendered":"<h2 style=\"text-align: center;\"><strong>texto por\u00a0<a href=\"https:\/\/twitter.com\/brunorplisboa\" target=\"_blank\" rel=\"noopener noreferrer\">Bruno Lisboa<\/a><br \/>\nintrodu\u00e7\u00e3o por <a href=\"https:\/\/www.instagram.com\/felipe.b.bueno.music\/\" target=\"_blank\" rel=\"noopener\">Felipe Bueno<\/a><\/strong><\/h2>\n<p style=\"text-align: justify;\">Ap\u00f3s lan\u00e7amento de tr\u00eas singles, em dezembro de 2022 o m\u00fasico Felipe Bueno lan\u00e7ou o EP \u201c<a href=\"https:\/\/open.spotify.com\/album\/7cIXe4GQ4dGbC8Yg7RJOQ7\" target=\"_blank\" rel=\"noopener\">At\u00e9 que a Morte Nos Separe<\/a>\u201d, seu primeiro trabalho em formato solo, em parceria <a href=\"https:\/\/screamyell.com.br\/site\/2021\/05\/21\/entrevista-gabriel-thomaz-fala-sobre-o-selo-maxilar\/\" target=\"_blank\" rel=\"noopener\">com o selo Maxilar<\/a>, de Gabriel Thomaz. O trabalho re\u00fane quatro composi\u00e7\u00f5es autorais nas quais o cantautor promove um passeio musical pelo folk, o powerpop, o alt-country e o punk.<\/p>\n<p style=\"text-align: justify;\">Liricamente, o EP segue uma linha pessoal que esbo\u00e7a as agruras do processo de separa\u00e7\u00e3o conjugal. \u201cEssas letras foram escritas de modo completamente despretensioso, uma de cada vez e refletem momentos pelos que passei durante a elabora\u00e7\u00e3o do fim de um casamento de 16 anos com dois filhos\u201d, afirma Felipe. Jairo Fajer (Autoramas), Antonio Valoto, Felipe Sad (Evil Idols, Vida ruim), Babi Age (Cigarras, Wi-fi kills) s\u00e3o algumas das participa\u00e7\u00f5es especiais presentes no disco.<\/p>\n<p style=\"text-align: justify;\">O faixa a faixa abaixo ajuda a compreender o processo de composi\u00e7\u00e3o e grava\u00e7\u00e3o do disco, quais foram as refer\u00eancias musicais e as inspira\u00e7\u00f5es pessoais que nortearam suas composi\u00e7\u00f5es. Confira!<\/p>\n<p><img decoding=\"async\" loading=\"lazy\" class=\"alignnone size-full wp-image-72719\" src=\"https:\/\/screamyell.com.br\/site\/wp-content\/uploads\/2023\/02\/EP-Ate-Que-A-Morte-Nos-Separe-arte-alta-definicao-copiar.jpg\" alt=\"\" width=\"750\" height=\"750\" srcset=\"https:\/\/screamyell.com.br\/site\/wp-content\/uploads\/2023\/02\/EP-Ate-Que-A-Morte-Nos-Separe-arte-alta-definicao-copiar.jpg 750w, https:\/\/screamyell.com.br\/site\/wp-content\/uploads\/2023\/02\/EP-Ate-Que-A-Morte-Nos-Separe-arte-alta-definicao-copiar-300x300.jpg 300w, https:\/\/screamyell.com.br\/site\/wp-content\/uploads\/2023\/02\/EP-Ate-Que-A-Morte-Nos-Separe-arte-alta-definicao-copiar-150x150.jpg 150w\" sizes=\"(max-width: 750px) 100vw, 750px\" \/><\/p>\n<p style=\"text-align: center;\">Faixa-a-faixa por <a href=\"https:\/\/www.instagram.com\/felipe.b.bueno\/\" target=\"_blank\" rel=\"noopener\">Felipe Bueno<\/a><\/p>\n<p style=\"text-align: justify;\"><strong>01) &#8220;Eu N\u00e3o Estava L\u00e1&#8221; &#8211;<\/strong> \u00c9 uma assun\u00e7\u00e3o de culpa pelo fim do meu casamento. \u00c9 sobre imaginar ter conseguido fazer as coisas de modo diferente e mudar o futuro. Gosto muito da ponte &#8220;E como foi seu dia? As crian\u00e7as na escola? Eu vou na padaria, trago uma Coca-Cola. Vou preencher a planilha, vou arrumar um trabalho. Vou cuidar da fam\u00edlia, vou cuidar o caralho&#8221;. \u00c0s vezes a gente n\u00e3o d\u00e1 conta das coisas e isso gera muita frustra\u00e7\u00e3o. Acho que a m\u00fasica tem bastante influ\u00eancia do Paul Westerberg. Gosto do solo de guitarra no meio, totalmente improvisado. Quando o Antonio estava mixando, ele juntou dois takes que fiz do solo, e achei o resultado incr\u00edvel. Acho que a m\u00fasica tem um ar meio anos 90, com timbres \u00f3timos de guitarra e bateria. Jairo arrepiou no baixo.<\/p>\n<p><img decoding=\"async\" loading=\"lazy\" class=\"alignnone size-full wp-image-72720\" src=\"https:\/\/screamyell.com.br\/site\/wp-content\/uploads\/2023\/02\/01-Eu-Nao-Estava-La-Capa-alta-definicao-copiar.jpg\" alt=\"\" width=\"750\" height=\"750\" srcset=\"https:\/\/screamyell.com.br\/site\/wp-content\/uploads\/2023\/02\/01-Eu-Nao-Estava-La-Capa-alta-definicao-copiar.jpg 750w, https:\/\/screamyell.com.br\/site\/wp-content\/uploads\/2023\/02\/01-Eu-Nao-Estava-La-Capa-alta-definicao-copiar-300x300.jpg 300w, https:\/\/screamyell.com.br\/site\/wp-content\/uploads\/2023\/02\/01-Eu-Nao-Estava-La-Capa-alta-definicao-copiar-150x150.jpg 150w\" sizes=\"(max-width: 750px) 100vw, 750px\" \/><\/p>\n<hr \/>\n<p style=\"text-align: justify;\"><strong>02) &#8220;Camiseta Town e Country&#8221; \u2013<\/strong> Foi escrita depois de uma briga feia com minha ex-companheira e apresenta uma mudan\u00e7a de ponto de vista com rela\u00e7\u00e3o ao primeiro single. Aqui estou olhando para o casamento como uma coisa que acabou e para a responsabilidade da outra pessoa, para as minhas m\u00e1goas e decep\u00e7\u00f5es com rela\u00e7\u00e3o a ela. &#8220;Te amo como a camiseta Town e Country e a bermuda tactel que n\u00e3o pretendo mais usar&#8221;. Quem foi crian\u00e7a nos anos 80 ou 90, lembra da refer\u00eancia. \u00c9 uma m\u00fasica de raiva, mirei nos Adolescents, mas acho que acertei no punk&#8217;n roll 77 e nos Replicantes. Babi arrasou na bateria e Sad cantou muito. Eu e ele dividimos os solos e ele meteu um sintetizador no refr\u00e3o que ficou muito massa, al\u00e9m de ter arrebentado na produ\u00e7\u00e3o.<\/p>\n<p><img decoding=\"async\" loading=\"lazy\" class=\"alignnone size-full wp-image-72717\" src=\"https:\/\/screamyell.com.br\/site\/wp-content\/uploads\/2023\/02\/02-Camiseta-Town-e-Country-Capa-media-definicao-copiar.jpg\" alt=\"\" width=\"750\" height=\"750\" srcset=\"https:\/\/screamyell.com.br\/site\/wp-content\/uploads\/2023\/02\/02-Camiseta-Town-e-Country-Capa-media-definicao-copiar.jpg 750w, https:\/\/screamyell.com.br\/site\/wp-content\/uploads\/2023\/02\/02-Camiseta-Town-e-Country-Capa-media-definicao-copiar-300x300.jpg 300w, https:\/\/screamyell.com.br\/site\/wp-content\/uploads\/2023\/02\/02-Camiseta-Town-e-Country-Capa-media-definicao-copiar-150x150.jpg 150w\" sizes=\"(max-width: 750px) 100vw, 750px\" \/><\/p>\n<p style=\"text-align: justify;\"><strong>03) &#8220;Outra Perspectiva&#8221; \u2013<\/strong> Surgiu quando lembrei de uma conversa via DM que tive com o Fl\u00e1vio Gr\u00e3o \u2013 que tamb\u00e9m fez a arte do single. Ele me contou sua experi\u00eancia com rela\u00e7\u00e3o a separa\u00e7\u00e3o e sobre a necessidade de olhar tudo por outra perspectiva, porque o jeito que a gente se relaciona com as coisas, a cidade e as pessoas fica muito embebido nas mem\u00f3rias com a pessoa com quem voc\u00ea teve um relacionamento. A melodia do teclado da intro veio pronta, foi s\u00f3 o caso de pegar a guitarra e encontrar as notas. Queria que essa m\u00fasica tivesse muitas guitarras (at\u00e9 porque ela \u00e9 mais lenta que as anteriores), que ela ficasse potente e que a voz sobrevoasse a parede de guitarras. Pra mim, a melodia tem algo do Lulu Santos, mas s\u00f3 eu acho isso. Antonio e eu pegamos umas refer\u00eancias do \u00e1lbum azul do Weezer pra massa sonora e outras do \u201cPinkerton\u201d, pra dar uma &#8220;bagun\u00e7ada&#8221; na m\u00fasica. Gosto do dedilhado de guitarra na segunda e quarta estrofes e da parte meio Beach Boys no meio. Foi a m\u00fasica que mais deu trabalho pra mixar, porque tem muitos detalhes.<\/p>\n<p><img decoding=\"async\" loading=\"lazy\" class=\"alignnone size-full wp-image-72718\" src=\"https:\/\/screamyell.com.br\/site\/wp-content\/uploads\/2023\/02\/03-Outra-Perspectiva-Capa-alta-definicao-copiar.jpg\" alt=\"\" width=\"750\" height=\"750\" srcset=\"https:\/\/screamyell.com.br\/site\/wp-content\/uploads\/2023\/02\/03-Outra-Perspectiva-Capa-alta-definicao-copiar.jpg 750w, https:\/\/screamyell.com.br\/site\/wp-content\/uploads\/2023\/02\/03-Outra-Perspectiva-Capa-alta-definicao-copiar-300x300.jpg 300w, https:\/\/screamyell.com.br\/site\/wp-content\/uploads\/2023\/02\/03-Outra-Perspectiva-Capa-alta-definicao-copiar-150x150.jpg 150w\" sizes=\"(max-width: 750px) 100vw, 750px\" \/><\/p>\n<p style=\"text-align: justify;\"><strong>04) &#8220;Eu Odeio O Amor&#8221; \u2013<\/strong> Veio de ver fotos de casal no Instagram. Eu estava totalmente desesperan\u00e7oso e as fotos e declara\u00e7\u00f5es de amor me enervavam. Ao mesmo tempo, a letra tem uma ambival\u00eancia de que gosto muito: tem a cita\u00e7\u00e3o do \u00c1lvaro de Campos \/ Fernando Pessoa sobre cartas de amor e o refr\u00e3o sobre o Plat\u00e3o ter concebido o amor como o fez porque ele n\u00e3o &#8220;te&#8221; conheceu. A\u00ed tem uma ambiguidade proposital tamb\u00e9m: posso estar me referindo \u00e0 minha ex-companheira ou a uma mulher que eventualmente eu venha a conhecer. O nome do EP foi tirado de um dos meus versos favoritos dessa m\u00fasica: &#8220;Juntos at\u00e9 que a morte nos separe em um cativeiro com gatos e plantas&#8221;. Eu acho essa m\u00fasica bonita, e foi meio emocionante e dif\u00edcil gravar as vozes. Demorei um pouco pra encontrar o melhor jeito de cantar essa. Nessa o Antonio toca todos os instrumentos: os dois viol\u00f5es e o Hammond no refr\u00e3o, e amei o modo como ele a mixou e masterizou, transformando uma m\u00fasica minimalista em uma m\u00fasica &#8220;grande&#8221;, que, nas palavras dele, fala ao ouvido das pessoas.<\/p>\n<p><iframe loading=\"lazy\" title=\"Eu N\u00e3o Estava L\u00e1\" width=\"747\" height=\"560\" src=\"https:\/\/www.youtube.com\/embed\/ARpcXM_bPcM?list=OLAK5uy_lADFMwOLnt4kwHuFaYghWmq_G6nP-otXA\" frameborder=\"0\" allow=\"accelerometer; autoplay; clipboard-write; encrypted-media; gyroscope; picture-in-picture; web-share\" allowfullscreen><\/iframe><\/p>\n<p><em>\u2013\u00a0\u00a0<a href=\"https:\/\/twitter.com\/brunorplisboa\" target=\"_blank\" rel=\"noopener noreferrer\">Bruno Lisboa<\/a>\u00a0 escreve no Scream &amp; Yell desde 2014.\u00a0<\/em><\/p>\n","protected":false},"excerpt":{"rendered":"\u201cEssas letras foram escritas de modo completamente despretensioso, uma de cada vez e refletem momentos pelos que passei durante a elabora\u00e7\u00e3o do fim de um casamento de 16 anos com dois filhos\u201d, afirma Felipe\n<a class=\"moretag\" href=\"https:\/\/screamyell.com.br\/site\/2023\/02\/11\/faixa-a-faixa-felipe-bueno-aprofunda-o-olhar-sobre-as-inspiracoes-do-ep-ate-que-a-morte-nos-separe\/\"> [...]<\/a>","protected":false},"author":4,"featured_media":72721,"comment_status":"open","ping_status":"open","sticky":false,"template":"","format":"standard","meta":[],"categories":[3],"tags":[5622],"_links":{"self":[{"href":"https:\/\/screamyell.com.br\/site\/wp-json\/wp\/v2\/posts\/72716"}],"collection":[{"href":"https:\/\/screamyell.com.br\/site\/wp-json\/wp\/v2\/posts"}],"about":[{"href":"https:\/\/screamyell.com.br\/site\/wp-json\/wp\/v2\/types\/post"}],"author":[{"embeddable":true,"href":"https:\/\/screamyell.com.br\/site\/wp-json\/wp\/v2\/users\/4"}],"replies":[{"embeddable":true,"href":"https:\/\/screamyell.com.br\/site\/wp-json\/wp\/v2\/comments?post=72716"}],"version-history":[{"count":5,"href":"https:\/\/screamyell.com.br\/site\/wp-json\/wp\/v2\/posts\/72716\/revisions"}],"predecessor-version":[{"id":72727,"href":"https:\/\/screamyell.com.br\/site\/wp-json\/wp\/v2\/posts\/72716\/revisions\/72727"}],"wp:featuredmedia":[{"embeddable":true,"href":"https:\/\/screamyell.com.br\/site\/wp-json\/wp\/v2\/media\/72721"}],"wp:attachment":[{"href":"https:\/\/screamyell.com.br\/site\/wp-json\/wp\/v2\/media?parent=72716"}],"wp:term":[{"taxonomy":"category","embeddable":true,"href":"https:\/\/screamyell.com.br\/site\/wp-json\/wp\/v2\/categories?post=72716"},{"taxonomy":"post_tag","embeddable":true,"href":"https:\/\/screamyell.com.br\/site\/wp-json\/wp\/v2\/tags?post=72716"}],"curies":[{"name":"wp","href":"https:\/\/api.w.org\/{rel}","templated":true}]}}