{"id":71727,"date":"2023-01-12T13:04:27","date_gmt":"2023-01-12T16:04:27","guid":{"rendered":"http:\/\/screamyell.com.br\/site\/?p=71727"},"modified":"2023-02-18T01:20:34","modified_gmt":"2023-02-18T04:20:34","slug":"esse-voce-precisa-ouvir-12-de-janeiro-de-nando-reis","status":"publish","type":"post","link":"https:\/\/screamyell.com.br\/site\/2023\/01\/12\/esse-voce-precisa-ouvir-12-de-janeiro-de-nando-reis\/","title":{"rendered":"Esse voc\u00ea precisa ouvir: &#8220;12 de Janeiro&#8221;, de Nando Reis"},"content":{"rendered":"<p style=\"text-align: justify;\"><em>Lan\u00e7ado originalmente em 1995, o \u00e1lbum \u201c12 de Janeiro\u201d foi o primeiro disco solo de Nando Reis, antes mesmo da sua sa\u00edda dos Tit\u00e3s. A partir desse disco, al\u00e9m de todas as composi\u00e7\u00f5es serem exclusivamente suas, o cantor trocava o baixo que tocava nos Tit\u00e3s, pelo viol\u00e3o, seu instrumento de origem. En 2023, nas comemora\u00e7\u00f5es de seus 60 anos, Nando Reis relan\u00e7a o \u00e1lbum \u201c12 de Janeiro\u201d, que tamb\u00e9m \u00e9 sua data de nascimento, numa vers\u00e3o expandida: na playlist no final do texto somam 28 can\u00e7\u00f5es, sendo as 12 do disco original, vers\u00f5es demo de todas as faixas mais as in\u00e9ditas &#8220;Real Grandeza&#8221;, &#8220;Ger\u00e2nio&#8221; e a nova vers\u00e3o do single &#8220;A Fila&#8221;, com participa\u00e7\u00e3o de Jade Beraldo. O \u00e1lbum tamb\u00e9m ganhar\u00e1 uma vers\u00e3o em vinil duplo 45 rota\u00e7\u00f5es. Seu filho, Theo, assina o texto abaixo.<\/em><\/p>\n<figure id=\"attachment_71729\" aria-describedby=\"caption-attachment-71729\" style=\"width: 750px\" class=\"wp-caption aligncenter\"><img decoding=\"async\" loading=\"lazy\" class=\"wp-image-71729 size-full\" src=\"https:\/\/screamyell.com.br\/site\/wp-content\/uploads\/2023\/01\/NandoReis-60anos-FotoCarolSiqueira-6-media-copiar.jpg\" alt=\"\" width=\"750\" height=\"974\" srcset=\"https:\/\/screamyell.com.br\/site\/wp-content\/uploads\/2023\/01\/NandoReis-60anos-FotoCarolSiqueira-6-media-copiar.jpg 750w, https:\/\/screamyell.com.br\/site\/wp-content\/uploads\/2023\/01\/NandoReis-60anos-FotoCarolSiqueira-6-media-copiar-231x300.jpg 231w\" sizes=\"(max-width: 750px) 100vw, 750px\" \/><figcaption id=\"caption-attachment-71729\" class=\"wp-caption-text\"><em>Nando Reis \/ Foto de Carol Siqueira<\/em><\/figcaption><\/figure>\n<h2 style=\"text-align: center;\"><strong>texto de <a href=\"https:\/\/www.instagram.com\/theo_reis\/\" target=\"_blank\" rel=\"noopener\">Theo Reis<\/a><\/strong><\/h2>\n<p style=\"text-align: justify;\">Desde que nasci meu pai \u00e9 m\u00fasico e entre as minhas lembran\u00e7as mais antigas est\u00e3o as in\u00fameras viagens que fiz com ele para os shows dos Tit\u00e3s. Me recordo de pegar estrada em um \u00f4nibus verde musgo com poltronas largas reclin\u00e1veis que ao fundo tinha uma esp\u00e9cie de sala com uma mesa cercada por um sof\u00e1. Aprendi muitas coisas conversando ali. Os anjinhos que estampavam o ve\u00edculo pareciam nos fazer flutuar pela estrada, decolando do Itaim Bibi, bairro paulistano, e pousando em alguma cidade do interior. L\u00e1 uma multid\u00e3o aguardava os integrantes daquela nave desembarcarem prontos para encantar uma plateia cheia de seres cabeludos, com coletes jeans e seios de fora que faziam rodas de bate cabe\u00e7a e davam pulos ensandecidos. Os hot\u00e9is baratos, camarins esfuma\u00e7ados e palcos muitas vezes prec\u00e1rios, de onde assistia ao show, s\u00e3o imagens gravadas em minha mem\u00f3ria, fundamentos do meu entendimento do mundo.<\/p>\n<p style=\"text-align: justify;\">Me lembro de estar em um avi\u00e3o, quando meu pai me contou que os Tit\u00e3s iriam fazer uma pausa para se dedicarem a projetos individuais e que iria gravar um disco solo. Acho que essa foi a primeira vez que vi nascer uma ideia de uma obra e acompanhar todo o processo at\u00e9 sua realiza\u00e7\u00e3o. Num tempo em que n\u00e3o existia celular, o telefone na sala de casa era o centro nevr\u00e1lgico da comunica\u00e7\u00e3o com o mundo, especialmente com o Rio de Janeiro, onde ficavam as gravadoras. Do sof\u00e1, acompanhei in\u00fameras liga\u00e7\u00f5es do meu pai para o pessoal da Warner e em especial para uma figura que era onipresente em tudo que se referia a esse projeto, algu\u00e9m com quem ele tinha que falar muitas vezes, o Paulo Junqueiro.<\/p>\n<p style=\"text-align: justify;\">Vasculhando na minha mem\u00f3ria, encontro outros nomes que est\u00e3o totalmente ligados a esse disco: o percussionista Marcos Suzano, o artista pl\u00e1stico Alex Cerveny e o diretor Christiano M\u00e9tri. \u00c9 engra\u00e7ado que eu pouco me lembre dos m\u00fasicos que participaram das grava\u00e7\u00f5es, mas isso se deve provavelmente ao fato de que elas aconteceram no Rio e em Salvador, logo n\u00e3o pude acompanhar no est\u00fadio. Somente hoje, lendo a ficha t\u00e9cnica consigo dimensionar como deve ter sido importante para o meu pai reunir Dadi, Luiz Brasil, Cezinha e Maur\u00edcio Barros, al\u00e9m das participa\u00e7\u00f5es de Herbert Vianna, Paula Toller, Carlinhos Brown, Roberto Mendes, Timbalada e uma s\u00e9rie de m\u00fasicos que deram contribui\u00e7\u00f5es pontuais. Por outro lado, da banda que fez o show de lan\u00e7amento no TUCA eu tenho lembran\u00e7as bem mais v\u00edvidas: Fernando Nunes, Lan Lanh, Massa, Mou Brasil e Mu Carvalho.<\/p>\n<p style=\"text-align: justify;\">Em 1995, com 9 anos e na 3\u00aa s\u00e9rie do prim\u00e1rio vi meu pai depois de um tempo separados, meu pai estava de volta, depois de um per\u00edodo separado de minha m\u00e3e. Agora \u00e9ramos cinco: eu, Sophia, Nando, Vania e, na barriga dela, o Sebasti\u00e3o. Na escola, escrevia poemas para a menina de quem eu gostava, tentava jogar bola e desenhava hist\u00f3rias em quadrinhos. Me lembro que por conta do lan\u00e7amento de &#8220;12 de Janeiro&#8221; acontecer em um teatro, convidei todos os amigos da minha sala e tamb\u00e9m a professora para assistirem ao show. Naquela noite, enquanto meu pai assumia o centro do palco, eu me deslocava 45 graus em sua circunfer\u00eancia e expandia o raio para assistir a apresenta\u00e7\u00e3o da plat\u00e9ia. Foi ali que pude v\u00ea-lo pela primeira vez com um grupo que n\u00e3o fosse os Tit\u00e3s e enquanto eu me encantava com sua coragem, tamb\u00e9m sentia medo de que as coisas dessem errado No final da \u00faltima m\u00fasica, estimulado pela turma que estava comigo, subi no palco e tentei cantar no microfone o \u00faltimo verso mas, apavorado, minha voz n\u00e3o saiu.<\/p>\n<p style=\"text-align: justify;\">O t\u00edtulo do disco, que remete \u00e0 data do anivers\u00e1rio do meu pai, \u00e9 de fato muito apropriado para aquilo que representou um novo nascimento. Se at\u00e9 ent\u00e3o era membro de uma banda cuja for\u00e7a motriz se assentava na criatividade coletiva e na identidade de um grupo, agora Nando dava o primeiro passo rumo a uma carreira solo. Apartado do am\u00e1lgama que eram os Tit\u00e3s, ele podia dar a luz a um som muito diferente do que aquele que eles vinham tocando. Dessa vez meu pai n\u00e3o apenas assumia a composi\u00e7\u00e3o e interpreta\u00e7\u00e3o de todas as m\u00fasicas de um disco, como ainda trocava de instrumento, largando o baixo com o qual se tornou famoso para assumir o viol\u00e3o. A volta ao seu instrumento de origem, que havia sido sua porta de entrada na vida de m\u00fasico, era algo como um retorno ao princ\u00edpio e a revela\u00e7\u00e3o de um segredo. De fato, nos anos seguintes ele se consagraria como grande letrista por meio de m\u00fasicas que se tornaram sucesso na voz de outros int\u00e9rpretes. Mas existe essa outra faceta dele pela qual \u00e9 pouco exaltado e que considero intr\u00ednseca ao seu trabalho: meu pai \u00e9 um grande violonista.<\/p>\n<p style=\"text-align: justify;\">&#8220;12 de Janeiro&#8221; tem uma peculiaridade, na maioria das m\u00fasicas o viol\u00e3o tem cordas de nylon, o que faz deste o disco de Nando Reis mais pr\u00f3ximo do que chamamos de MPB. Al\u00e9m deste timbre, s\u00e3o a acentua\u00e7\u00e3o r\u00edtmica e os arranjos de percuss\u00e3o que d\u00e3o a ele cores de regionalidade. \u00c9 preciso notar que, antes de se encantar por Neil Young e passar a tocar as cordas de a\u00e7o que deram \u00e0 sua m\u00fasica a textura pela qual ela \u00e9 conhecida, meu pai sempre teve como pedra angular o viol\u00e3o de Gilberto Gil. Na minha numerologia particular decomponho o 12 do t\u00edtulo como a jun\u00e7\u00e3o do 1, simbolizando o primeiro disco, com o 2, reverenciando o &#8220;Expresso 2222&#8221;, aquele trem que liga o Itaim ao Candeal.<\/p>\n<p style=\"text-align: justify;\">Comparado ao som do \u00faltimo trabalho que os Tit\u00e3s haviam lan\u00e7ado, cheio de guitarras pesadas e vocais guturais, a abertura de &#8220;12 de Janeiro&#8221; soa como uma manh\u00e3 de sol ap\u00f3s uma noite de tempestade. De certa forma, repete-se o mito da <a href=\"https:\/\/screamyell.com.br\/site\/2011\/10\/15\/precisamos-de-um-titanomaquia\/\" target=\"_blank\" rel=\"noopener\">titanomaquia<\/a>, batalha onde seres demon\u00edacos primordiais s\u00e3o derrotados pelas divindades ol\u00edmpicas. Aqui, ap\u00f3s a vit\u00f3ria dos deuses, o mundo se reorganiza e pode renascer no canto do galo que anuncia em arranjos de cordas o g\u00eanesis particular de meu pai. \u00c9 claro, tal como no tempo m\u00edtico, as for\u00e7as tit\u00e2nicas haveriam ainda de ressurgir trazendo o peso do rock\u2019n\u2019 roll, dessa vez encarnados como Nando Reis e Os Infernais, mas isso \u00e9 assunto para outros cap\u00edtulos.<\/p>\n<p style=\"text-align: justify;\">Tanto para aqueles que conhecem apenas suas m\u00fasicas mais famosas, quanto para os f\u00e3s mais versados nos meandros de sua obra, o primeiro disco de meu pai pode causar a sensa\u00e7\u00e3o de estranhamento e familiaridade. Analogamente, ao contemplarmos a foto de algu\u00e9m quando beb\u00ea, enxergamos quase um desconhecido, mas tamb\u00e9m temos a sensa\u00e7\u00e3o de que tudo j\u00e1 estava ali. Tenho a impress\u00e3o de que em &#8220;12 de Janeiro&#8221; as composi\u00e7\u00f5es aparecem pela primeira vez com algumas de suas caracter\u00edsticas mais marcantes como o tom confessional autobiogr\u00e1fico e a po\u00e9tica das situa\u00e7\u00f5es e objetos cotidianos. Nas letras deste \u00e1lbum j\u00e1 encontramos refer\u00eancias diretas \u00e0 pr\u00f3pria fam\u00edlia, hist\u00f3rias de separa\u00e7\u00f5es, reconcilia\u00e7\u00f5es amorosas e um tanto de imagens &#8211; o p\u00e1tio, a feira, a ilha, o bairro, o cal\u00e7ado &#8211; que voltariam a aparecer em suas m\u00fasicas no futuro.<\/p>\n<p style=\"text-align: justify;\">Em tempos de streaming e playlists \u00e9 cada vez mais raro que algu\u00e9m ou\u00e7a um \u00e1lbum do in\u00edcio ao fim. Essa \u00e9 a primeira vez que &#8220;12 de Janeiro&#8221; sai em vinil e eu me pergunto se meu pai, l\u00e1 em 1995, pensou a ordem das m\u00fasicas em termos de lado A e lado B. Foi com ele que aprendi a apreciar os discos em sua integridade e escut\u00e1-los como uma obra na qual o conjunto das m\u00fasicas \u00e9 mais do que meramente a soma delas. O ritual de ouvir um \u00e1lbum traz em sua liturgia o momento da suspens\u00e3o do som, a pausa silenciosa entre duas m\u00fasicas que se d\u00e1 quando \u00e9 preciso mudar a face do disco na vitrola. Durante muito tempo esse intervalo norteou as escolhas dos artistas na composi\u00e7\u00e3o de suas obras. Imagino que meu pai, tendo crescido ouvindo e depois gravando lps, tenha pensado a disposi\u00e7\u00e3o das faixas como um par de lados. Nunca perguntei isso a ele, mas para al\u00e9m de qualquer especula\u00e7\u00e3o, \u00e9 certo que esse disco nunca pode ser ouvido assim antes.<\/p>\n<p style=\"text-align: justify;\">Enfim, tenho pra mim que parte da maravilha das m\u00fasicas se d\u00e1 pelo seu poder de ser apropriado por cada pessoa que ao ouvi-la lhe d\u00e1 um sentido particular. Muitas vezes, ao longo de uma vida uma mesma m\u00fasica adquire significados diferentes, seja por trazer o passado sob novos olhares ou dar novos ouvidos a antigas can\u00e7\u00f5es. Acredito que a mem\u00f3ria seja menos uma colet\u00e2nea de fragmentos exatos e mais a costura de retalhos em busca de um sentido. Vasculhar minhas lembran\u00e7as da \u00e9poca em que esse disco foi lan\u00e7ado e ouvi-lo novamente diversas vezes enquanto escrevo esse texto, muito al\u00e9m de um mergulho no passado \u00e9 uma investiga\u00e7\u00e3o do presente. Existem camadas que s\u00f3 o tempo revela e perspectivas que s\u00f3 s\u00e3o poss\u00edveis com um olhar \u00e0 dist\u00e2ncia. S\u00e3o 60 anos desde o 12 de Janeiro em que meu pai nasceu e muitos outros lan\u00e7amentos desde o &#8220;12 de Janeiro&#8221; de sua carreira solo. Aproveitemos a ocasi\u00e3o para escutar esse disco, ouvir o que suas m\u00fasicas tem a nos dizer e dar a elas o sentido pr\u00f3prio deste dia para cada um de n\u00f3s.<\/p>\n<p><iframe loading=\"lazy\" title=\"Album - 12 de Janeiro\" width=\"747\" height=\"420\" src=\"https:\/\/www.youtube.com\/embed\/videoseries?list=OLAK5uy_kzyIepS-gWtNal1obCHUyHYLdOv7tIBMo\" frameborder=\"0\" allow=\"accelerometer; autoplay; clipboard-write; encrypted-media; gyroscope; picture-in-picture; web-share\" allowfullscreen><\/iframe><\/p>\n<p><iframe loading=\"lazy\" title=\"A Fila - Videoclipe oficial - Nando Reis\" width=\"747\" height=\"560\" src=\"https:\/\/www.youtube.com\/embed\/Yy_rt4XVEho?feature=oembed\" frameborder=\"0\" allow=\"accelerometer; autoplay; clipboard-write; encrypted-media; gyroscope; picture-in-picture; web-share\" allowfullscreen><\/iframe><\/p>\n<p><iframe loading=\"lazy\" title=\"Nando Reis e Jade Baraldo - A Fila (Webclipe Oficial)\" width=\"747\" height=\"420\" src=\"https:\/\/www.youtube.com\/embed\/ByqXW1WkNgc?feature=oembed\" frameborder=\"0\" allow=\"accelerometer; autoplay; clipboard-write; encrypted-media; gyroscope; picture-in-picture; web-share\" allowfullscreen><\/iframe><\/p>\n","protected":false},"excerpt":{"rendered":"Lan\u00e7ado originalmente em 1995, o \u00e1lbum \u201c12 de Janeiro\u201d ressurge  numa vers\u00e3o expandida com 28 faixas (16 extras!). O \u00e1lbum tamb\u00e9m ganhar\u00e1 uma vers\u00e3o em vinil duplo 45 rota\u00e7\u00f5es. Seu filho, Theo, assina o texto de apresenta\u00e7\u00e3o!\n<a class=\"moretag\" href=\"https:\/\/screamyell.com.br\/site\/2023\/01\/12\/esse-voce-precisa-ouvir-12-de-janeiro-de-nando-reis\/\"> [...]<\/a>","protected":false},"author":1,"featured_media":71728,"comment_status":"open","ping_status":"open","sticky":false,"template":"","format":"standard","meta":[],"categories":[3],"tags":[4782,1483],"_links":{"self":[{"href":"https:\/\/screamyell.com.br\/site\/wp-json\/wp\/v2\/posts\/71727"}],"collection":[{"href":"https:\/\/screamyell.com.br\/site\/wp-json\/wp\/v2\/posts"}],"about":[{"href":"https:\/\/screamyell.com.br\/site\/wp-json\/wp\/v2\/types\/post"}],"author":[{"embeddable":true,"href":"https:\/\/screamyell.com.br\/site\/wp-json\/wp\/v2\/users\/1"}],"replies":[{"embeddable":true,"href":"https:\/\/screamyell.com.br\/site\/wp-json\/wp\/v2\/comments?post=71727"}],"version-history":[{"count":2,"href":"https:\/\/screamyell.com.br\/site\/wp-json\/wp\/v2\/posts\/71727\/revisions"}],"predecessor-version":[{"id":71731,"href":"https:\/\/screamyell.com.br\/site\/wp-json\/wp\/v2\/posts\/71727\/revisions\/71731"}],"wp:featuredmedia":[{"embeddable":true,"href":"https:\/\/screamyell.com.br\/site\/wp-json\/wp\/v2\/media\/71728"}],"wp:attachment":[{"href":"https:\/\/screamyell.com.br\/site\/wp-json\/wp\/v2\/media?parent=71727"}],"wp:term":[{"taxonomy":"category","embeddable":true,"href":"https:\/\/screamyell.com.br\/site\/wp-json\/wp\/v2\/categories?post=71727"},{"taxonomy":"post_tag","embeddable":true,"href":"https:\/\/screamyell.com.br\/site\/wp-json\/wp\/v2\/tags?post=71727"}],"curies":[{"name":"wp","href":"https:\/\/api.w.org\/{rel}","templated":true}]}}