{"id":70898,"date":"2022-11-19T01:32:21","date_gmt":"2022-11-19T04:32:21","guid":{"rendered":"http:\/\/screamyell.com.br\/site\/?p=70898"},"modified":"2022-12-19T11:28:44","modified_gmt":"2022-12-19T14:28:44","slug":"ao-vivo-milton-nascimento-encerra-a-carreira-com-show-historico-e-inesquecivel-em-belo-horizonte","status":"publish","type":"post","link":"https:\/\/screamyell.com.br\/site\/2022\/11\/19\/ao-vivo-milton-nascimento-encerra-a-carreira-com-show-historico-e-inesquecivel-em-belo-horizonte\/","title":{"rendered":"Ao vivo: Hist\u00f3rico e inesquec\u00edvel, Milton Nascimento recebe amigos e encanta em \u00faltimo show da carreira em Belo Horizonte"},"content":{"rendered":"<h2 style=\"text-align: center;\"><strong>texto e fotos por <a href=\"https:\/\/www.facebook.com\/biciati\" target=\"_blank\" rel=\"noopener\">Alexandre Biciati<\/a><\/strong><\/h2>\n<p style=\"text-align: justify;\"><strong>NOS BAILES DA VIDA<\/strong><br \/>\nFaltavam vinte e quatro horas para o derradeiro show da turn\u00ea \u201cA \u00daltima Sess\u00e3o de M\u00fasica\u201d de Milton Nascimento em Belo Horizonte e o bairro de Santa Tereza pulsava diferente do convencional. Os bares estavam cheios de turistas de toda parte do pa\u00eds em busca da leg\u00edtima boemia no bairro hist\u00f3rico que germinou o Clube da Esquina.<\/p>\n<p style=\"text-align: justify;\">No <a href=\"https:\/\/www.facebook.com\/MerceariaColombo\/\" target=\"_blank\" rel=\"noopener\">bar do Colombo<\/a>, esquina oposta ao <a href=\"https:\/\/bolaosantatereza.com.br\/\" target=\"_blank\" rel=\"noopener\">Bol\u00e3o<\/a>, uma roda de viol\u00e3o e pandeiro entoava cl\u00e1ssicos da MPB. Perto da porta, uma turma de amigos curtia com ar de exclusividade: \u201cViemos do Paran\u00e1 pra ver o show do Milton. E estamos adorando isso aqui\u201d, revelou Andr\u00e9 Thomazoni. \u201cNo nosso voo, todo mundo estava vindo pro show\u201d, completou Ma\u00edra Melhado.<\/p>\n<p style=\"text-align: justify;\">O <a href=\"https:\/\/bardomuseuclubedaesquina.com.br\/\" target=\"_blank\" rel=\"noopener\">Bar do Museu Clube da Esquina<\/a> j\u00e1 n\u00e3o comportava mais ningu\u00e9m na noite do esquenta. Reduto dos f\u00e3s daquela safra de compositores que exportaram a m\u00fasica de Minas Gerais para o mundo, o Bar do Museu providenciou uma jardineira que, durante o dia, levou turistas para visitar os pontos tur\u00edsticos da carreira de Milton Nascimento. Uma esp\u00e9cie de Magical Mystery Tour das montanhas.<\/p>\n<p style=\"text-align: justify;\">De outro bar, o Vento Leste, vinham as not\u00edcias mais quentes. Acontecia uma reuni\u00e3o improv\u00e1vel, mas que ficou restrita a um seleto p\u00fablico. Beto Guedes, Wagner Tiso e Toninho Horta se encontraram para uma jam, o que ventilou os primeiros boatos de uma poss\u00edvel apari\u00e7\u00e3o no grande show da noite seguinte.<\/p>\n<p><img decoding=\"async\" loading=\"lazy\" class=\"alignnone size-full wp-image-70901\" src=\"https:\/\/screamyell.com.br\/site\/wp-content\/uploads\/2022\/11\/bituca@alexandrebiciati-52-copiar.jpg\" alt=\"\" width=\"750\" height=\"440\" srcset=\"https:\/\/screamyell.com.br\/site\/wp-content\/uploads\/2022\/11\/bituca@alexandrebiciati-52-copiar.jpg 750w, https:\/\/screamyell.com.br\/site\/wp-content\/uploads\/2022\/11\/bituca@alexandrebiciati-52-copiar-300x176.jpg 300w\" sizes=\"(max-width: 750px) 100vw, 750px\" \/><\/p>\n<p style=\"text-align: justify;\"><strong>BOLA DE MEIA, BOLA DE GUDE<\/strong><br \/>\nMilton escolheu a capital mineira, onde tudo come\u00e7ou, para se despedir dos palcos. O artista, cuja trajet\u00f3ria se confunde com a pr\u00f3pria hist\u00f3ria da m\u00fasica popular brasileira, no auge dos seus rec\u00e9m-completados 80 anos, reuniu um time de m\u00fasicos e profissionais que viabilizou uma verdadeira viagem pelos trilhos dos seus 60 anos de carreira. Uma hist\u00f3ria invej\u00e1vel que rendeu ao cantor 43 discos gravados, 5 pr\u00eamios Grammy, o t\u00edtulo de Doutor Honoris Causa em m\u00fasica pela Universidade de Berklee, em Boston, <a href=\"https:\/\/screamyell.com.br\/site\/2015\/06\/10\/download-tributo-a-milton-nascimento\/\" target=\"_blank\" rel=\"noopener\">e muitos tributos<\/a>.<\/p>\n<p><img decoding=\"async\" loading=\"lazy\" class=\"alignnone size-full wp-image-70900\" src=\"https:\/\/screamyell.com.br\/site\/wp-content\/uploads\/2022\/11\/bituca@alexandrebiciati-10-copiar.jpg\" alt=\"\" width=\"750\" height=\"440\" srcset=\"https:\/\/screamyell.com.br\/site\/wp-content\/uploads\/2022\/11\/bituca@alexandrebiciati-10-copiar.jpg 750w, https:\/\/screamyell.com.br\/site\/wp-content\/uploads\/2022\/11\/bituca@alexandrebiciati-10-copiar-300x176.jpg 300w\" sizes=\"(max-width: 750px) 100vw, 750px\" \/><\/p>\n<p style=\"text-align: justify;\">O Mineir\u00e3o foi o local escolhido e n\u00e3o poderia ser diferente, dadas as demandas da festa e audi\u00eancia esperada. O est\u00e1dio, inclusive, foi alvo de recente decis\u00e3o do Minist\u00e9rio P\u00fablico que proibiu o recebimento de shows acatando reclama\u00e7\u00e3o dos moradores da regi\u00e3o. Pelo menos, o hor\u00e1rio do show garantiu encerramento antes das 22h. O show de Milton come\u00e7ou \u00e0s 19h, com pontualidade garantida pela transmiss\u00e3o ao vivo, inclusive para n\u00e3o-assinantes, <a href=\"https:\/\/globoplay.globo.com\/v\/11122180\/\" target=\"_blank\" rel=\"noopener\">pela Globoplay<\/a>.<\/p>\n<p><img decoding=\"async\" loading=\"lazy\" class=\"alignnone size-full wp-image-70899\" src=\"https:\/\/screamyell.com.br\/site\/wp-content\/uploads\/2022\/11\/bituca@alexandrebiciati-3-copiar.jpg\" alt=\"\" width=\"750\" height=\"440\" srcset=\"https:\/\/screamyell.com.br\/site\/wp-content\/uploads\/2022\/11\/bituca@alexandrebiciati-3-copiar.jpg 750w, https:\/\/screamyell.com.br\/site\/wp-content\/uploads\/2022\/11\/bituca@alexandrebiciati-3-copiar-300x176.jpg 300w\" sizes=\"(max-width: 750px) 100vw, 750px\" \/><\/p>\n<p style=\"text-align: justify;\">Era de se esperar que, num evento dessa magnitude, muitas pessoas \u2013 f\u00edsicas e jur\u00eddicas \u2013 prestariam homenagens. At\u00e9 uma curiosa vers\u00e3o tem\u00e1tica do Ferrorama da Estrela foi anunciada por ocasi\u00e3o da turn\u00ea de despedida. O brinquedo, cl\u00e1ssico dos anos 80, est\u00e1 \u00e0 venda com caixa personalizada pela bagatela de 700 reais. Nos bastidores, o Cruzeiro enviou uma camisa personalizada do clube, que foi entregue por Samuel Rosa, outro not\u00f3rio torcedor celeste cotado para participar do show. Mas o presente que agradou a todos veio mesmo de S\u00e3o Pedro (ou seria Tup\u00e3?) que garantiu um clima agrad\u00e1vel contrariando a previs\u00e3o de chuva na capital.<\/p>\n<p><img decoding=\"async\" loading=\"lazy\" class=\"alignnone size-full wp-image-70903\" src=\"https:\/\/screamyell.com.br\/site\/wp-content\/uploads\/2022\/11\/bituca@alexandrebiciati-13-copiar.jpg\" alt=\"\" width=\"750\" height=\"440\" srcset=\"https:\/\/screamyell.com.br\/site\/wp-content\/uploads\/2022\/11\/bituca@alexandrebiciati-13-copiar.jpg 750w, https:\/\/screamyell.com.br\/site\/wp-content\/uploads\/2022\/11\/bituca@alexandrebiciati-13-copiar-300x176.jpg 300w\" sizes=\"(max-width: 750px) 100vw, 750px\" \/><\/p>\n<p style=\"text-align: justify;\">\u00c0s 15h os port\u00f5es abriram para receber um p\u00fablico que totalizou, aproximadamente, 60 mil pessoas. Quem chegou cedo garantiu lugar perto do palco e n\u00e3o arredou p\u00e9. Como era de se esperar, o perfil et\u00e1rio era bastante diversificado dada a longevidade e a atemporalidade da m\u00fasica de Bituca. Em comum, a ansiedade em ver e ouvir o cantor ao vivo misturada ao pesar de ser pela \u00faltima vez. Nos tel\u00f5es laterais, uma foto singela do abra\u00e7o de Milton e Gal entregava a homenagem da noite.<\/p>\n<figure id=\"attachment_70902\" aria-describedby=\"caption-attachment-70902\" style=\"width: 750px\" class=\"wp-caption aligncenter\"><img decoding=\"async\" loading=\"lazy\" class=\"size-full wp-image-70902\" src=\"https:\/\/screamyell.com.br\/site\/wp-content\/uploads\/2022\/11\/bituca@alexandrebiciati-1-copiar.jpg\" alt=\"\" width=\"750\" height=\"440\" srcset=\"https:\/\/screamyell.com.br\/site\/wp-content\/uploads\/2022\/11\/bituca@alexandrebiciati-1-copiar.jpg 750w, https:\/\/screamyell.com.br\/site\/wp-content\/uploads\/2022\/11\/bituca@alexandrebiciati-1-copiar-300x176.jpg 300w\" sizes=\"(max-width: 750px) 100vw, 750px\" \/><figcaption id=\"caption-attachment-70902\" class=\"wp-caption-text\"><em>Z\u00e9 Ibarra<\/em><\/figcaption><\/figure>\n<p style=\"text-align: justify;\">Uma hora antes do show principal, foi anunciado ao palco Z\u00e9 Ibarra, m\u00fasico, <a href=\"https:\/\/screamyell.com.br\/site\/2022\/09\/14\/entrevista-de-garcom-a-jornalista-chegando-a-produtor-marcus-preto-revisita-sua-trajetoria-entre-coala-festival-gal-erasmo-tom-ze-e-muito-mais\/#reuniram\" target=\"_blank\" rel=\"noopener\">compositor e integrante da banda Bala Desejo<\/a> (que acaba de ganhar um Grammy Latino), que fez a abertura e acompanhou Milton nos shows da \u00faltima turn\u00ea. Com voz doce e segura e nitidamente emocionado, o m\u00fasico iniciou sua apresenta\u00e7\u00e3o com a intensa \u201cDos Cruces\u201d, gravada por Milton no \u00e1lbum \u201cClube da Esquina\u201d. O p\u00fablico respondeu das arquibancadas pedindo que aumentassem o som. Ibarra chamou ao palco o baixista Frederico Heliodoro para tocarem \u201cBaile de M\u00e1scaras\u201d, do Bala Desejo. O grand finale foi uma <a href=\"https:\/\/screamyell.com.br\/site\/2020\/09\/24\/discografia-comentada-gal-costa\/\" target=\"_blank\" rel=\"noopener\">homenagem a Gal Costa<\/a> com a interpreta\u00e7\u00e3o de &#8220;Minha Voz, Minha Vida&#8221; (Caetano Veloso) onde Z\u00e9 Ibarra mostrou toda a pot\u00eancia e extens\u00e3o aguda de sua voz, arrancando efusivos aplausos.<\/p>\n<p><img decoding=\"async\" loading=\"lazy\" class=\"alignnone size-full wp-image-70907\" src=\"https:\/\/screamyell.com.br\/site\/wp-content\/uploads\/2022\/11\/bituca@alexandrebiciati-6-copiar.jpg\" alt=\"\" width=\"750\" height=\"440\" srcset=\"https:\/\/screamyell.com.br\/site\/wp-content\/uploads\/2022\/11\/bituca@alexandrebiciati-6-copiar.jpg 750w, https:\/\/screamyell.com.br\/site\/wp-content\/uploads\/2022\/11\/bituca@alexandrebiciati-6-copiar-300x176.jpg 300w\" sizes=\"(max-width: 750px) 100vw, 750px\" \/><\/p>\n<p style=\"text-align: justify;\"><strong>TRAVESSIA<\/strong><br \/>\nDepois de passar por sete capitais brasileiras e cinco pa\u00edses, o trem da \u00faltima sess\u00e3o de m\u00fasica finalmente havia chegado \u00e0 esta\u00e7\u00e3o de Minas. Infladas pelo vento, as cortinas do palco pareciam querer antecipar a abertura enquanto o v\u00eddeo da turn\u00ea narrado pelo pr\u00f3prio Milton era exibido nos tel\u00f5es, provocando as primeiras l\u00e1grimas. A plateia, devidamente adere\u00e7ada com cartazes e bast\u00f5es neon, gritava o nome de Bituca.<\/p>\n<p><img decoding=\"async\" loading=\"lazy\" class=\"alignnone size-full wp-image-70906\" src=\"https:\/\/screamyell.com.br\/site\/wp-content\/uploads\/2022\/11\/bituca@alexandrebiciati-5-copiar.jpg\" alt=\"\" width=\"750\" height=\"440\" srcset=\"https:\/\/screamyell.com.br\/site\/wp-content\/uploads\/2022\/11\/bituca@alexandrebiciati-5-copiar.jpg 750w, https:\/\/screamyell.com.br\/site\/wp-content\/uploads\/2022\/11\/bituca@alexandrebiciati-5-copiar-300x176.jpg 300w\" sizes=\"(max-width: 750px) 100vw, 750px\" \/><\/p>\n<p style=\"text-align: justify;\">Recebido com euforia e emo\u00e7\u00e3o, Milton Nascimento surgiu sentado no centro do palco e rodeado pela percuss\u00e3o de \u201cTambores de Minas\u201d. Com sanfoninha no colo, referenciando o in\u00edcio de carreira, e trajando o exuberante \u201cmanto da anuncia\u00e7\u00e3o\u201d, confeccionado por Ronaldo Fraga, Milton deu in\u00edcio ao show com \u201cPonta de Areia\u201d (Milton e Brant, 1975).<\/p>\n<p><img decoding=\"async\" loading=\"lazy\" class=\"alignnone size-full wp-image-70908\" src=\"https:\/\/screamyell.com.br\/site\/wp-content\/uploads\/2022\/11\/bituca@alexandrebiciati-16-copiar.jpg\" alt=\"\" width=\"750\" height=\"440\" srcset=\"https:\/\/screamyell.com.br\/site\/wp-content\/uploads\/2022\/11\/bituca@alexandrebiciati-16-copiar.jpg 750w, https:\/\/screamyell.com.br\/site\/wp-content\/uploads\/2022\/11\/bituca@alexandrebiciati-16-copiar-300x176.jpg 300w\" sizes=\"(max-width: 750px) 100vw, 750px\" \/><\/p>\n<p style=\"text-align: justify;\">Com dire\u00e7\u00e3o musical de Wilson Lopes (viol\u00e3o e guitarra), parceiro de longa data, a banda era formada por Lincoln Cheib (bateria), Ademir Fox (piano), Widor Santiago (metais), Ronaldo Silva e Vanderlei Silva (percuss\u00e3o), Alexandre Primo Ito (baixo ac\u00fastico), al\u00e9m de Z\u00e9 Ibarra (vocal e viol\u00e3o) e Fred Heliodoro (vocal e baixo el\u00e9trico) que abriram o show.<\/p>\n<p><img decoding=\"async\" loading=\"lazy\" class=\"alignnone size-full wp-image-70909\" src=\"https:\/\/screamyell.com.br\/site\/wp-content\/uploads\/2022\/11\/bituca@alexandrebiciati-14-copiar.jpg\" alt=\"\" width=\"750\" height=\"440\" srcset=\"https:\/\/screamyell.com.br\/site\/wp-content\/uploads\/2022\/11\/bituca@alexandrebiciati-14-copiar.jpg 750w, https:\/\/screamyell.com.br\/site\/wp-content\/uploads\/2022\/11\/bituca@alexandrebiciati-14-copiar-300x176.jpg 300w\" sizes=\"(max-width: 750px) 100vw, 750px\" \/><\/p>\n<p style=\"text-align: justify;\">Recheado de homenagens aos parceiros e muita participa\u00e7\u00e3o de peso, o show foi dedicado \u00e0 Gal Costa logo na primeira fala de Milton que embargou a voz ao citar a amiga que gravou, pelo menos, uma dezena de suas can\u00e7\u00f5es. Por sua vez, as m\u00fasicas seguintes \u201cCatavento\u201d e \u201cCan\u00e7\u00e3o do Sal\u201d, em medley, e \u201cMorro Velho\u201d, todas composi\u00e7\u00f5es de Milton do disco \u201cTravessia\u201d de 1967, foram tamb\u00e9m gravadas por Elis Regina: \u201cO grande amor da minha vida!\u201d, ressaltou Milton.<\/p>\n<p><img decoding=\"async\" loading=\"lazy\" class=\"alignnone size-full wp-image-70910\" src=\"https:\/\/screamyell.com.br\/site\/wp-content\/uploads\/2022\/11\/bituca@alexandrebiciati-15-copiar.jpg\" alt=\"\" width=\"750\" height=\"440\" srcset=\"https:\/\/screamyell.com.br\/site\/wp-content\/uploads\/2022\/11\/bituca@alexandrebiciati-15-copiar.jpg 750w, https:\/\/screamyell.com.br\/site\/wp-content\/uploads\/2022\/11\/bituca@alexandrebiciati-15-copiar-300x176.jpg 300w\" sizes=\"(max-width: 750px) 100vw, 750px\" \/><\/p>\n<p style=\"text-align: justify;\">Na troca de figurino, Milton abandonou o manto e adotou a \u201cfarda do imortal\u201d, outra pe\u00e7a de Ronaldo Fraga, mas, desta vez, usando a tradicional boina e Ray-Ban, ao que o cantor reagiu sem cerim\u00f4nia: \u201cAgora sou eu!\u201d. A essa altura j\u00e1 era vis\u00edvel o bel\u00edssimo painel de fundo, obra dos artistas pl\u00e1sticos Os G\u00eameos. O p\u00fablico empolgou com os cl\u00e1ssicos \u201cOutubro\u201d (Milton e Brant) e \u201cAmor de \u00edndio\u201d (Beto Guedes) \u2013 que n\u00e3o estava no repert\u00f3rio dos shows anteriores. \u201cVera Cruz\u201d (M\u00e1rcio e Milton) foi interpretada por Z\u00e9 Ibarra que ainda fez introdu\u00e7\u00e3o na flauta para \u201cPai Grande\u201d cantada por Milton na \u00edntegra.<\/p>\n<p><img decoding=\"async\" loading=\"lazy\" class=\"alignnone size-full wp-image-70911\" src=\"https:\/\/screamyell.com.br\/site\/wp-content\/uploads\/2022\/11\/bituca@alexandrebiciati-18-copiar.jpg\" alt=\"\" width=\"750\" height=\"440\" srcset=\"https:\/\/screamyell.com.br\/site\/wp-content\/uploads\/2022\/11\/bituca@alexandrebiciati-18-copiar.jpg 750w, https:\/\/screamyell.com.br\/site\/wp-content\/uploads\/2022\/11\/bituca@alexandrebiciati-18-copiar-300x176.jpg 300w\" sizes=\"(max-width: 750px) 100vw, 750px\" \/><\/p>\n<p style=\"text-align: justify;\"><strong>CLUBE DA ESQUINA<\/strong><br \/>\nAo final de \u201cQue bom, amigo\u201d, Milton receberia no palco ent\u00e3o a grande participa\u00e7\u00e3o da noite. A m\u00fasica, cuja letra fala em reencontro, ainda carrega o tema de base dissonante que atravessa os dois discos \u201cClube da Esquina\u201d (1972 e 1978). Era como se tivessem aberto um portal no palco por onde passaram L\u00f4 Borges, Beto Guedes, Toninho Horta e Wagner Tiso para abrirem um grande bloco em homenagem \u00e0 obra-prima do grupo. A rara cena dos m\u00fasicos perfilados durou poucos instantes, mas certamente est\u00e1 eternizada na mem\u00f3ria dos presentes que aplaudiram aos gritos de \u201cClube da Esquina! Clube da Esquina!\u201d.<\/p>\n<figure id=\"attachment_70912\" aria-describedby=\"caption-attachment-70912\" style=\"width: 750px\" class=\"wp-caption aligncenter\"><img decoding=\"async\" loading=\"lazy\" class=\"size-full wp-image-70912\" src=\"https:\/\/screamyell.com.br\/site\/wp-content\/uploads\/2022\/11\/bituca@alexandrebiciati-21-copiar.jpg\" alt=\"\" width=\"750\" height=\"440\" srcset=\"https:\/\/screamyell.com.br\/site\/wp-content\/uploads\/2022\/11\/bituca@alexandrebiciati-21-copiar.jpg 750w, https:\/\/screamyell.com.br\/site\/wp-content\/uploads\/2022\/11\/bituca@alexandrebiciati-21-copiar-300x176.jpg 300w\" sizes=\"(max-width: 750px) 100vw, 750px\" \/><figcaption id=\"caption-attachment-70912\" class=\"wp-caption-text\"><em>L\u00f4 Borges<\/em><\/figcaption><\/figure>\n<p style=\"text-align: justify;\">\u201cEsse ano o &#8216;Clube da Esquina&#8217; <a href=\"https:\/\/screamyell.com.br\/site\/2022\/05\/09\/clube-da-esquina-eleito-melhor-album-brasileiro-de-todos-os-tempos-conheca-o-top-10\/\" target=\"_blank\" rel=\"noopener\">foi considerado o melhor disco da m\u00fasica brasileira<\/a> e a gente n\u00e3o pode deixar de celebrar isso neste show.\u201d, enalteceu Bituca. \u201cPara Lennon e McCartney\u201d (1970), cl\u00e1ssico absoluto e pe\u00e7a fundamental da m\u00fasica mineira, foi a primeira escolhida para celebrar a \u00e9pica reuni\u00e3o. Seguiram com \u201cUm Girassol da Cor de Seu Cabelo\u201d com L\u00f4 Borges soltando a voz, protagonizando um dos momentos mais animados do show.<\/p>\n<figure id=\"attachment_70913\" aria-describedby=\"caption-attachment-70913\" style=\"width: 750px\" class=\"wp-caption aligncenter\"><img decoding=\"async\" loading=\"lazy\" class=\"size-full wp-image-70913\" src=\"https:\/\/screamyell.com.br\/site\/wp-content\/uploads\/2022\/11\/bituca@alexandrebiciati-22-copiar.jpg\" alt=\"\" width=\"750\" height=\"440\" srcset=\"https:\/\/screamyell.com.br\/site\/wp-content\/uploads\/2022\/11\/bituca@alexandrebiciati-22-copiar.jpg 750w, https:\/\/screamyell.com.br\/site\/wp-content\/uploads\/2022\/11\/bituca@alexandrebiciati-22-copiar-300x176.jpg 300w\" sizes=\"(max-width: 750px) 100vw, 750px\" \/><figcaption id=\"caption-attachment-70913\" class=\"wp-caption-text\"><em>Toninho Horta<\/em><\/figcaption><\/figure>\n<p style=\"text-align: justify;\">Antes de deixar o palco, L\u00f4 fez quest\u00e3o de beijar a m\u00e3o do amigo: \u201cTe amo!\u201d, foi poss\u00edvel entender em leitura labial. Provando que \u201cClube da Esquina\u201d \u00e9 sem d\u00favida um disco para se ouvir na \u00edntegra, ainda vieram mais seis hits. E foram muitas l\u00e1grimas e muitos sorrisos e muitos abra\u00e7os trocados ao som de \u201cCais\u201d (Milton e Bastos), que teve pausa dram\u00e1tica para entrada da melodia final, \u201cTudo que Voc\u00ea Podia Ser\u201d (L\u00f4 e M\u00e1rcio) e \u201cSan Vicente\u201d (Milton e Brant), cantada por Z\u00e9 Ibarra. \u201cViver esse momento \u00e9 a prova de que meus sonhos jamais envelheceram\u201d, introduziu Milton para dar voz a \u201cClube da Esquina n \u00ba 2\u201d (Milton, L\u00f4 e M\u00e1rcio), outro cl\u00e1ssico incontest\u00e1vel. \u201cL\u00edlia\u201d, m\u00fasica instrumental que Milton comp\u00f4s para sua m\u00e3e, e \u201cNada Ser\u00e1 Como Antes\u201d (Milton e Bastos) encerraram o bloco.<\/p>\n<figure id=\"attachment_70914\" aria-describedby=\"caption-attachment-70914\" style=\"width: 750px\" class=\"wp-caption aligncenter\"><img decoding=\"async\" loading=\"lazy\" class=\"size-full wp-image-70914\" src=\"https:\/\/screamyell.com.br\/site\/wp-content\/uploads\/2022\/11\/bituca@alexandrebiciati-23-copiar.jpg\" alt=\"\" width=\"750\" height=\"440\" srcset=\"https:\/\/screamyell.com.br\/site\/wp-content\/uploads\/2022\/11\/bituca@alexandrebiciati-23-copiar.jpg 750w, https:\/\/screamyell.com.br\/site\/wp-content\/uploads\/2022\/11\/bituca@alexandrebiciati-23-copiar-300x176.jpg 300w\" sizes=\"(max-width: 750px) 100vw, 750px\" \/><figcaption id=\"caption-attachment-70914\" class=\"wp-caption-text\"><em>Beto Guedes<\/em><\/figcaption><\/figure>\n<p style=\"text-align: justify;\"><strong>ENCONTROS E DESPEDIDAS<\/strong><br \/>\nAdemir Fox fez n\u00famero solo ao piano interpretando com intensidade a m\u00fasica que d\u00e1 nome ao show, \u201cA \u00daltima Sess\u00e3o de M\u00fasica\u201d. Embalado pelas vozes de Bituca e Z\u00e9 Ibarra, o coro geral surgiu novamente em \u201cF\u00e9 Cega, Faca Amolada\u201d. De Caetano e Milton, \u201cPaula e Bebeto\u201d encantou pelo refr\u00e3o sempre muito bem-vindo: \u201cQualquer maneira de amor vale a pena\u201d. A homenagem seguinte foi a Mercedes Sosa que foi lembrada com \u201cVolver a los 17\u201d tamb\u00e9m cantada com muito talento e sensibilidade por Z\u00e9 Ibarra ao viol\u00e3o.<\/p>\n<figure id=\"attachment_70917\" aria-describedby=\"caption-attachment-70917\" style=\"width: 750px\" class=\"wp-caption aligncenter\"><img decoding=\"async\" loading=\"lazy\" class=\"size-full wp-image-70917\" src=\"https:\/\/screamyell.com.br\/site\/wp-content\/uploads\/2022\/11\/bituca@alexandrebiciati-41-copiar.jpg\" alt=\"\" width=\"750\" height=\"440\" srcset=\"https:\/\/screamyell.com.br\/site\/wp-content\/uploads\/2022\/11\/bituca@alexandrebiciati-41-copiar.jpg 750w, https:\/\/screamyell.com.br\/site\/wp-content\/uploads\/2022\/11\/bituca@alexandrebiciati-41-copiar-300x176.jpg 300w\" sizes=\"(max-width: 750px) 100vw, 750px\" \/><figcaption id=\"caption-attachment-70917\" class=\"wp-caption-text\"><em>Samuel Rosa<\/em><\/figcaption><\/figure>\n<p style=\"text-align: justify;\">Samuel Rosa foi convidado ao palco para cantar \u201cTrem Azul\u201d, com direito a solo de Wilson Lopes, mas n\u00e3o come\u00e7ou sem antes homenagear o \u00eddolo ao microfone: \u201cJ\u00e1 achava um privil\u00e9gio habitar a terra com esse g\u00eanio! Sua m\u00fasica \u00e9 pra sempre, sua m\u00fasica transforma as pessoas e o pa\u00eds\u201d. A fala de Samuel provocou a plateia que gritou novamente \u201cBituca, eu te amo\u201d, levando Milton mais uma vez a se emocionar. Para al\u00e9m do carisma, Samuel Rosa estava muito \u00e0 vontade e fez uma das melhores participa\u00e7\u00f5es da noite.<\/p>\n<p><img decoding=\"async\" loading=\"lazy\" class=\"alignnone size-full wp-image-70918\" src=\"https:\/\/screamyell.com.br\/site\/wp-content\/uploads\/2022\/11\/bituca@alexandrebiciati-44-copiar.jpg\" alt=\"\" width=\"750\" height=\"440\" srcset=\"https:\/\/screamyell.com.br\/site\/wp-content\/uploads\/2022\/11\/bituca@alexandrebiciati-44-copiar.jpg 750w, https:\/\/screamyell.com.br\/site\/wp-content\/uploads\/2022\/11\/bituca@alexandrebiciati-44-copiar-300x176.jpg 300w\" sizes=\"(max-width: 750px) 100vw, 750px\" \/><\/p>\n<p style=\"text-align: justify;\">O pr\u00f3ximo bloco foi especial, principalmente para os mineiros. Um medley de can\u00e7\u00f5es populares do interior de Minas Gerais com a sequ\u00eancia \u201cC\u00e1lix Bento\u201d, \u201cPeixinhos do Mar\u201d e \u201cCuitelinho\u201d (Paulo Vanzolini e Ant\u00f4nio Carlos Xand\u00f3). O repert\u00f3rio tradicional preparou terreno para \u201cO Cio da Terra\u201d (Chico e Milton) cantada em bom som pelos 60 mil presentes como um hino.<\/p>\n<p><img decoding=\"async\" loading=\"lazy\" class=\"alignnone size-full wp-image-70922\" src=\"https:\/\/screamyell.com.br\/site\/wp-content\/uploads\/2022\/11\/bituca@alexandrebiciati-39-copiar.jpg\" alt=\"\" width=\"750\" height=\"440\" srcset=\"https:\/\/screamyell.com.br\/site\/wp-content\/uploads\/2022\/11\/bituca@alexandrebiciati-39-copiar.jpg 750w, https:\/\/screamyell.com.br\/site\/wp-content\/uploads\/2022\/11\/bituca@alexandrebiciati-39-copiar-300x176.jpg 300w\" sizes=\"(max-width: 750px) 100vw, 750px\" \/><\/p>\n<p style=\"text-align: justify;\">Milton Nascimento dedicou \u201cCan\u00e7\u00e3o da Am\u00e9rica\u201d, uma das mais aguardadas, indiscriminadamente a todos os presentes que \u201cest\u00e3o guardados do lado esquerdo do meu peito\u201d, disse. Do disco \u201cCa\u00e7ador de Mim\u201d (1981) vieram duas m\u00fasicas: a faixa-t\u00edtulo, composi\u00e7\u00e3o de S\u00e9rgio Magr\u00e3o e Luiz Carlos S\u00e1 e \u201cNos Bailes da Vida\u201d (MIlton e Brant) que fala das origens do artista que tocava em bares antes da fama. Milton dedicou a todos os m\u00fasicos que est\u00e3o na mesma lida, \u201cEssa m\u00fasica \u00e9 para homenagear esses artistas t\u00e3o especiais\u201d. A instrumental \u201cTema de Tost\u00e3o\u201d abriu caminho para a participa\u00e7\u00e3o de Nelson \u00c2ngelo que cantou, de sua autoria, \u201cFazenda\u201d do disco \u201cGeraes\u201d (1976).<\/p>\n<p><img decoding=\"async\" loading=\"lazy\" class=\"alignnone size-full wp-image-70931\" src=\"https:\/\/screamyell.com.br\/site\/wp-content\/uploads\/2022\/11\/bituca@alexandrebiciati-29-copiar.jpg\" alt=\"\" width=\"750\" height=\"440\" srcset=\"https:\/\/screamyell.com.br\/site\/wp-content\/uploads\/2022\/11\/bituca@alexandrebiciati-29-copiar.jpg 750w, https:\/\/screamyell.com.br\/site\/wp-content\/uploads\/2022\/11\/bituca@alexandrebiciati-29-copiar-300x176.jpg 300w\" sizes=\"(max-width: 750px) 100vw, 750px\" \/><\/p>\n<p style=\"text-align: justify;\">Aproximando-se do encerramento, a banda fez a arena dan\u00e7ar ao som da alegre \u201cBola de Meia, Bola de Gude\u201d. Milton ent\u00e3o apresentou o grupoe foi devidamente apresentado para ova\u00e7\u00e3o geral. Por pelo menos um minuto a plateia gritou o nome de Bituca que era exibido em close no tel\u00e3o. Milton e plateia se emocionaram mutuamente com o momento. O clima s\u00f3 mudou com os primeiros acordes de \u201cMaria Maria\u201d (Brant e Milton) que colocou o Mineir\u00e3o para pular novamente e cantar junto.<\/p>\n<p><img decoding=\"async\" loading=\"lazy\" class=\"alignnone size-full wp-image-70923\" src=\"https:\/\/screamyell.com.br\/site\/wp-content\/uploads\/2022\/11\/bituca@alexandrebiciati-51-copiar.jpg\" alt=\"\" width=\"750\" height=\"440\" srcset=\"https:\/\/screamyell.com.br\/site\/wp-content\/uploads\/2022\/11\/bituca@alexandrebiciati-51-copiar.jpg 750w, https:\/\/screamyell.com.br\/site\/wp-content\/uploads\/2022\/11\/bituca@alexandrebiciati-51-copiar-300x176.jpg 300w\" sizes=\"(max-width: 750px) 100vw, 750px\" \/><\/p>\n<p style=\"text-align: justify;\">Ao final da can\u00e7\u00e3o, fogos de artif\u00edcio iluminaram a noite, celebrando o encontro de Milton com os milhares de f\u00e3s que assistiam in loco e pela transmiss\u00e3o simult\u00e2nea, proporcionando um efeito apote\u00f3tico ao espet\u00e1culo. Em tempo, a produ\u00e7\u00e3o teve a preocupa\u00e7\u00e3o de usar fogos silenciosos que em nada afetaram a intensidade do momento.<\/p>\n<figure id=\"attachment_70919\" aria-describedby=\"caption-attachment-70919\" style=\"width: 750px\" class=\"wp-caption alignnone\"><img decoding=\"async\" loading=\"lazy\" class=\"size-full wp-image-70919\" src=\"https:\/\/screamyell.com.br\/site\/wp-content\/uploads\/2022\/11\/bituca@alexandrebiciati-53-copiar.jpg\" alt=\"\" width=\"750\" height=\"440\" srcset=\"https:\/\/screamyell.com.br\/site\/wp-content\/uploads\/2022\/11\/bituca@alexandrebiciati-53-copiar.jpg 750w, https:\/\/screamyell.com.br\/site\/wp-content\/uploads\/2022\/11\/bituca@alexandrebiciati-53-copiar-300x176.jpg 300w\" sizes=\"(max-width: 750px) 100vw, 750px\" \/><figcaption id=\"caption-attachment-70919\" class=\"wp-caption-text\">Wagner Tiso<\/figcaption><\/figure>\n<p style=\"text-align: justify;\">Para o bis, voltou ao palco Wagner Tiso que protagonizou ao lado de Milton outro ponto alto do repert\u00f3rio interpretando \u201cCora\u00e7\u00e3o de Estudante\u201d ao piano. A otimista can\u00e7\u00e3o, que embalou uma gera\u00e7\u00e3o inteira nos anos 80, levou Milton a se manifestar \u2013 coisa que muito m\u00fasico de sua gera\u00e7\u00e3o evitou fazer recentemente. \u201cViva a democracia!\u201d, bradou. Ao que foi prontamente respondido por gritos de \u201cLula\u201d e um mar m\u00e3os erguidas sinalizando o \u201cL\u201d.<\/p>\n<p><img decoding=\"async\" loading=\"lazy\" class=\"alignnone size-full wp-image-70920\" src=\"https:\/\/screamyell.com.br\/site\/wp-content\/uploads\/2022\/11\/bituca@alexandrebiciati-54-copiar.jpg\" alt=\"\" width=\"750\" height=\"440\" srcset=\"https:\/\/screamyell.com.br\/site\/wp-content\/uploads\/2022\/11\/bituca@alexandrebiciati-54-copiar.jpg 750w, https:\/\/screamyell.com.br\/site\/wp-content\/uploads\/2022\/11\/bituca@alexandrebiciati-54-copiar-300x176.jpg 300w\" sizes=\"(max-width: 750px) 100vw, 750px\" \/><\/p>\n<p style=\"text-align: justify;\">Com a volta de Toninho Horta na semiac\u00fastica, o show caminhou para o encerramento. Z\u00e9 Ibarra foi quem puxou os primeiros versos de \u201cTravessia\u201d (Milton e Brant) e provocou o coro. Milton assumiu o refr\u00e3o como se n\u00e3o tivesse encarado 2 horas de show. Toninho Horta, al\u00e9m de debulhar as cordas, assumiu os rumos nos versos finais. Para fechar o show nenhuma m\u00fasica poderia ser mais adequada que \u201cEncontros e Despedidas\u201d (Milton e Brant). Milton ainda homenageou o parceiro de vida e composi\u00e7\u00e3o \u201cFernando Brant, onde voc\u00ea estiver, eu te amo!\u201d.<\/p>\n<p><img decoding=\"async\" loading=\"lazy\" class=\"alignnone size-full wp-image-70924\" src=\"https:\/\/screamyell.com.br\/site\/wp-content\/uploads\/2022\/11\/bituca@alexandrebiciati-55-copiar.jpg\" alt=\"\" width=\"750\" height=\"440\" srcset=\"https:\/\/screamyell.com.br\/site\/wp-content\/uploads\/2022\/11\/bituca@alexandrebiciati-55-copiar.jpg 750w, https:\/\/screamyell.com.br\/site\/wp-content\/uploads\/2022\/11\/bituca@alexandrebiciati-55-copiar-300x176.jpg 300w\" sizes=\"(max-width: 750px) 100vw, 750px\" \/><\/p>\n<p style=\"text-align: justify;\">De forma mais que justa, Milton convidou ao palco toda a equipe do evento nominalmente ao palco. Augusto Nascimento, foi quem se encarregou de colocar o pai de p\u00e9 para receber uma verdadeira chuva de carinho ao som de \u201cCanci\u00f3n por la Unidad Latinoamericana\u201d. O cantor se emocionou pela \u00faltima vez naquele palco diante de um Mineir\u00e3o lotado de cora\u00e7\u00f5es que nunca esquecer\u00e3o sua import\u00e2ncia para a m\u00fasica brasileira e mundial.<\/p>\n<p><img decoding=\"async\" loading=\"lazy\" class=\"alignnone size-full wp-image-70921\" src=\"https:\/\/screamyell.com.br\/site\/wp-content\/uploads\/2022\/11\/bituca@alexandrebiciati-33-copiar.jpg\" alt=\"\" width=\"750\" height=\"440\" srcset=\"https:\/\/screamyell.com.br\/site\/wp-content\/uploads\/2022\/11\/bituca@alexandrebiciati-33-copiar.jpg 750w, https:\/\/screamyell.com.br\/site\/wp-content\/uploads\/2022\/11\/bituca@alexandrebiciati-33-copiar-300x176.jpg 300w\" sizes=\"(max-width: 750px) 100vw, 750px\" \/><\/p>\n<p style=\"text-align: justify;\">NADA SER\u00c1 COMO ANTES<br \/>\nA m\u00fasica de Milton Nascimento ecoa das montanhas de Minas ao cora\u00e7\u00e3o do povo brasileiro. Reconhecemos algo de \u00edntimo e particular a cada melodia de suas can\u00e7\u00f5es. O talento de Milton n\u00e3o pode ser mensurado pela extens\u00e3o de sua discografia, \u00e9 preciso mergulhar na diversidade e na densidade de suas composi\u00e7\u00f5es. Estamos nos referindo \u00e0 voz que encantou toda e qualquer outra voz que ocorra comparar. Um artista que \u00e9 em si um movimento musical.<\/p>\n<p><img decoding=\"async\" loading=\"lazy\" class=\"alignnone size-full wp-image-70929\" src=\"https:\/\/screamyell.com.br\/site\/wp-content\/uploads\/2022\/11\/bituca@alexandrebiciati-24-copiar.jpg\" alt=\"\" width=\"750\" height=\"440\" srcset=\"https:\/\/screamyell.com.br\/site\/wp-content\/uploads\/2022\/11\/bituca@alexandrebiciati-24-copiar.jpg 750w, https:\/\/screamyell.com.br\/site\/wp-content\/uploads\/2022\/11\/bituca@alexandrebiciati-24-copiar-300x176.jpg 300w\" sizes=\"(max-width: 750px) 100vw, 750px\" \/><\/p>\n<p style=\"text-align: justify;\">Sab\u00edamos que o encerramento da carreira de Bituca em Belo Horizonte seria um evento memor\u00e1vel. O que aconteceu nesse dia 13 de novembro, entretanto, supera toda e qualquer expectativa pela relev\u00e2ncia. N\u00e3o seria excessivo dizer que os f\u00e3s da boa m\u00fasica agora se dividem em quem assistiu e quem ainda assistir\u00e1 ao registro desse show. Milton realizou uma fa\u00e7anha que poucos artistas h\u00e3o de conseguir: encerrar a carreira nos palcos com tamanho profissionalismo e respeito \u00e0 pr\u00f3pria trajet\u00f3ria.<\/p>\n<p><img decoding=\"async\" loading=\"lazy\" class=\"alignnone size-full wp-image-70925\" src=\"https:\/\/screamyell.com.br\/site\/wp-content\/uploads\/2022\/11\/bituca@alexandrebiciati-56-copiar.jpg\" alt=\"\" width=\"750\" height=\"440\" srcset=\"https:\/\/screamyell.com.br\/site\/wp-content\/uploads\/2022\/11\/bituca@alexandrebiciati-56-copiar.jpg 750w, https:\/\/screamyell.com.br\/site\/wp-content\/uploads\/2022\/11\/bituca@alexandrebiciati-56-copiar-300x176.jpg 300w\" sizes=\"(max-width: 750px) 100vw, 750px\" \/><\/p>\n<p style=\"text-align: justify;\">\u00c9 dif\u00edcil transmitir textualmente qu\u00e3o emocionante foi o encontro e a despedida de Milton Nascimento dos palcos em Belo Horizonte. Ocorre que n\u00e3o importa, na verdade, o volume das l\u00e1grimas, mas a qualidade dessa emo\u00e7\u00e3o. Parafraseando a \u201cvoz de Deus\u201d, nunca ser\u00e1 exagero repetir: Obrigado, Bituca! Por tornar nossa vida t\u00e3o linda!<\/p>\n<p><img decoding=\"async\" loading=\"lazy\" class=\"alignnone size-full wp-image-70932\" src=\"https:\/\/screamyell.com.br\/site\/wp-content\/uploads\/2022\/11\/bituca@alexandrebiciati-45-copiar.jpg\" alt=\"\" width=\"750\" height=\"1124\" srcset=\"https:\/\/screamyell.com.br\/site\/wp-content\/uploads\/2022\/11\/bituca@alexandrebiciati-45-copiar.jpg 750w, https:\/\/screamyell.com.br\/site\/wp-content\/uploads\/2022\/11\/bituca@alexandrebiciati-45-copiar-200x300.jpg 200w\" sizes=\"(max-width: 750px) 100vw, 750px\" \/><\/p>\n","protected":false},"excerpt":{"rendered":"Sab\u00edamos que o encerramento da carreira de Bituca em Belo Horizonte seria um evento memor\u00e1vel. O que aconteceu nesse dia 13 de novembro, entretanto, supera toda e qualquer expectativa pela relev\u00e2ncia.\n<a class=\"moretag\" href=\"https:\/\/screamyell.com.br\/site\/2022\/11\/19\/ao-vivo-milton-nascimento-encerra-a-carreira-com-show-historico-e-inesquecivel-em-belo-horizonte\/\"> [...]<\/a>","protected":false},"author":113,"featured_media":70930,"comment_status":"open","ping_status":"open","sticky":false,"template":"","format":"standard","meta":[],"categories":[3],"tags":[6425,1021,2597,1020,6423],"_links":{"self":[{"href":"https:\/\/screamyell.com.br\/site\/wp-json\/wp\/v2\/posts\/70898"}],"collection":[{"href":"https:\/\/screamyell.com.br\/site\/wp-json\/wp\/v2\/posts"}],"about":[{"href":"https:\/\/screamyell.com.br\/site\/wp-json\/wp\/v2\/types\/post"}],"author":[{"embeddable":true,"href":"https:\/\/screamyell.com.br\/site\/wp-json\/wp\/v2\/users\/113"}],"replies":[{"embeddable":true,"href":"https:\/\/screamyell.com.br\/site\/wp-json\/wp\/v2\/comments?post=70898"}],"version-history":[{"count":13,"href":"https:\/\/screamyell.com.br\/site\/wp-json\/wp\/v2\/posts\/70898\/revisions"}],"predecessor-version":[{"id":70947,"href":"https:\/\/screamyell.com.br\/site\/wp-json\/wp\/v2\/posts\/70898\/revisions\/70947"}],"wp:featuredmedia":[{"embeddable":true,"href":"https:\/\/screamyell.com.br\/site\/wp-json\/wp\/v2\/media\/70930"}],"wp:attachment":[{"href":"https:\/\/screamyell.com.br\/site\/wp-json\/wp\/v2\/media?parent=70898"}],"wp:term":[{"taxonomy":"category","embeddable":true,"href":"https:\/\/screamyell.com.br\/site\/wp-json\/wp\/v2\/categories?post=70898"},{"taxonomy":"post_tag","embeddable":true,"href":"https:\/\/screamyell.com.br\/site\/wp-json\/wp\/v2\/tags?post=70898"}],"curies":[{"name":"wp","href":"https:\/\/api.w.org\/{rel}","templated":true}]}}