{"id":70817,"date":"2022-11-17T02:04:25","date_gmt":"2022-11-17T05:04:25","guid":{"rendered":"http:\/\/screamyell.com.br\/site\/?p=70817"},"modified":"2022-12-04T23:32:00","modified_gmt":"2022-12-05T02:32:00","slug":"30o-festival-mixbrasil-anima-os-vestidos-do-meu-pai-de-uli-decker-resgata-historia-familiar-com-bom-humor-e-poesia","status":"publish","type":"post","link":"https:\/\/screamyell.com.br\/site\/2022\/11\/17\/30o-festival-mixbrasil-anima-os-vestidos-do-meu-pai-de-uli-decker-resgata-historia-familiar-com-bom-humor-e-poesia\/","title":{"rendered":"30\u00ba Festival MixBrasil: \u201cAnima \u2013 Os Vestidos do Meu Pai\u201d, de Uli Decker, resgata hist\u00f3ria familiar com bom humor e poesia"},"content":{"rendered":"<h2><img decoding=\"async\" loading=\"lazy\" class=\"alignnone size-full wp-image-70818 aligncenter\" src=\"https:\/\/screamyell.com.br\/site\/wp-content\/uploads\/2022\/11\/anima1.jpg\" alt=\"\" width=\"500\" height=\"707\" srcset=\"https:\/\/screamyell.com.br\/site\/wp-content\/uploads\/2022\/11\/anima1.jpg 500w, https:\/\/screamyell.com.br\/site\/wp-content\/uploads\/2022\/11\/anima1-212x300.jpg 212w\" sizes=\"(max-width: 500px) 100vw, 500px\" \/><\/h2>\n<h2 style=\"text-align: center;\"><strong>texto por\u00a0<a href=\"https:\/\/www.facebook.com\/renan.machadoguerra\" target=\"_blank\" rel=\"noopener noreferrer\">Renan Guerra<\/a><\/strong><\/h2>\n<p style=\"text-align: justify;\">Uli Decker cresceu em uma cidadezinha b\u00e1vara, no sudeste da Alemanha, em meio a uma fam\u00edlia aparentemente comum. Ap\u00f3s seu pai sofrer um acidente, sua m\u00e3e re\u00fane Uli e sua irm\u00e3 para contar um segredo familiar: o pai das garotas, durante toda a sua vida, gostou de vestir-se de mulher. Esse segredo colocado \u00e0s claras leva Uli a uma s\u00e9rie de questionamentos e resgates, uma vez que ela pr\u00f3pria se sentia de algum modo distante do pai e dessa normalidade familiar. Essa jornada em torno desse segredo \u00e9 o ponto de partida de \u201cAnima \u2013 Os Vestidos do Meu Pai\u201d (&#8220;Anima &#8211; My Father&#8217;s Dresses&#8221;, 2022), document\u00e1rio em primeira pessoa que mescla entrevistas, t\u00e9cnicas de anima\u00e7\u00e3o e outras linhas narrativas na hora de contar sua hist\u00f3ria.<\/p>\n<p style=\"text-align: justify;\">Um segredo familiar guardado h\u00e1 tantos anos pode impactar de diferentes formas uma fam\u00edlia, ainda mais quando envolve t\u00f3picos complexos, como moralidade, liberdade e sexualidade. Isso tudo poderia render um filme denso e at\u00e9 mesmo sisudo. Considerando ent\u00e3o que esse \u00e9 um document\u00e1rio filmado em primeira pessoa, poder\u00edamos talvez at\u00e9 pensar nas possibildiades de um trabalho daqueles que se assemelham a uma egotrip, em que o narrador-personagem se delega uma auto-import\u00e2ncia demasiada. Uli Decker n\u00e3o faz nada disso em seu filme, pelo contr\u00e1rio, ela busca resgatar essas mem\u00f3rias e remontar esse quebra-cabe\u00e7a fam\u00edliar a partir de um olhar extremamente bem-humorado e cheio de poesia e ternura.<\/p>\n<p style=\"text-align: justify;\">O longa-metragem de Decker come\u00e7a a partir da revela\u00e7\u00e3o do segredo do pai e seu falecimento, a partir da\u00ed, retornamos ao passado e somos levados a acompanhar todo o desenvolvimento da pr\u00f3pria diretora em meio a essa fam\u00edlia \u2013 uma fam\u00edlia tipicamente alem\u00e3. Uli Decker era uma menina que gostava de vestir roupas masculinas, que usava fantasias de homens barbados e que se sentia solit\u00e1ria em suas diferen\u00e7as. \u201cAnima\u201d acaba sendo uma esp\u00e9cie de investiga\u00e7\u00e3o sobre essas semelhan\u00e7as e diferen\u00e7as que afastavam e, de certo modo, aproximam Uli Decker de seu pai. \u00c9 um resgate amplo sobre como o sil\u00eancio cria barreiras que afetam as pessoas de diferentes formas e, no caso dessa fam\u00edlia, acaba gerando afastamentos e incompreens\u00e3o.<\/p>\n<p><img decoding=\"async\" loading=\"lazy\" class=\"alignnone size-full wp-image-70820\" src=\"https:\/\/screamyell.com.br\/site\/wp-content\/uploads\/2022\/11\/anima3.jpg\" alt=\"\" width=\"750\" height=\"440\" srcset=\"https:\/\/screamyell.com.br\/site\/wp-content\/uploads\/2022\/11\/anima3.jpg 750w, https:\/\/screamyell.com.br\/site\/wp-content\/uploads\/2022\/11\/anima3-300x176.jpg 300w\" sizes=\"(max-width: 750px) 100vw, 750px\" \/><\/p>\n<p style=\"text-align: justify;\">O filme \u00e9 constru\u00eddo a partir dos relatos de Uli, da leitura de uma s\u00e9rie de di\u00e1rios escritos pelo seu pai e por um compilado de fotos, v\u00eddeos e imagens da fam\u00edlia. N\u00e3o h\u00e1 registros imag\u00e9ticos do pai em suas roupas femininas, ent\u00e3o o que h\u00e1 \u00e9 uma reconstru\u00e7\u00e3o desse passado a partir de suas pr\u00f3prias palavras, numa tentativa de demonstrar a liberdade que essas roupas traziam a esse homem. \u00c9 curioso como ela faz isso com escolhas est\u00e9ticas que s\u00e3o divertidas, leves e que nos levam a algum espa\u00e7o l\u00fadico. Por exemplo, todo o design de som do filme \u00e9 pensado para criar ambi\u00eancias: se vemos uma foto de um jantar na tela, ao fundo ouvimos talheres e tilintar de ta\u00e7as; se uma foto surge na tela com uma garrafa de refrigerante, ouvimos l\u00e1 no fundo o barulho do borbulhar do g\u00e1s. S\u00e3o detalhes pequeninos, mas que nos colocam dentro da trama de uma forma muito bela.<\/p>\n<p style=\"text-align: justify;\">No final das contas, este n\u00e3o \u00e9 um filme que fala de forma detalhada sobre travestilidade e transexualidade, porque o p\u00fablico n\u00e3o tem a total no\u00e7\u00e3o das defini\u00e7\u00f5es que esse homem decidia sobre si mesmo \u2013 e o foco aqui \u00e9 muito mais essa experi\u00eancia familiar. O que se cria na verdade durante o filme \u00e9 essa trajet\u00f3ria de algu\u00e9m que queria existir al\u00e9m dessas barreiras bin\u00e1rias entre o feminino e o masculino e, talvez por isso mesmo, o filme seja t\u00e3o delicado e terno ao respeitar essa complexidade desse homem de outro tempo, com desejos t\u00e3o amplos e com medos t\u00e3o arraigados.<\/p>\n<p style=\"text-align: justify;\">\u201cAnima \u2013 Os Vestidos do Meu Pai\u201d \u00e9 um document\u00e1rio emocionante pela forma humana com que retrata os medos e as inseguran\u00e7as de cada um de n\u00f3s e funciona como um interessante retrato para nos atentarmos mais ao outro e a quem est\u00e1 pr\u00f3ximo da gente.<\/p>\n<p><iframe loading=\"lazy\" title=\"#TDF24 | ANIMA \u2013 My Father\u2019s Dresses [INTERNATIONAL COMPETITION]\" width=\"747\" height=\"420\" src=\"https:\/\/www.youtube.com\/embed\/l96dVgzy-MY?feature=oembed\" frameborder=\"0\" allow=\"accelerometer; autoplay; clipboard-write; encrypted-media; gyroscope; picture-in-picture\" allowfullscreen><\/iframe><\/p>\n<p style=\"text-align: center;\"><a href=\"https:\/\/screamyell.com.br\/site\/tag\/festival-mixbrasil\/\">Leia sobre outros filmes do Festival MixBrasil<\/a><\/p>\n<p style=\"text-align: justify;\"><em>\u2013\u00a0<a href=\"https:\/\/www.facebook.com\/renan.machadoguerra\" target=\"_blank\" rel=\"noreferrer noopener\">Renan Guerra<\/a>\u00a0\u00e9 jornalista<\/em>\u00a0e<em>\u00a0escreve para o Scream &amp; Yell desde 2014. Faz parte do\u00a0<a href=\"http:\/\/vamosfalarsobremusica.com.br\/\" target=\"_blank\" rel=\"noreferrer noopener\">Podcast Vamos Falar Sobre M\u00fasica<\/a>\u00a0e colabora com o\u00a0<a href=\"https:\/\/monkeybuzz.com.br\/\" target=\"_blank\" rel=\"noreferrer noopener\">Monkeybuzz<\/a>\u00a0e a\u00a0<a href=\"https:\/\/revistabalaclava.com\/\" target=\"_blank\" rel=\"noreferrer noopener\">Revista Balaclava.<\/a>\u00a0<\/em><\/p>\n","protected":false},"excerpt":{"rendered":"Eis um document\u00e1rio emocionante pela forma humana com que retrata os medos e as inseguran\u00e7as de cada um de n\u00f3s e funciona como um interessante retrato para nos atentarmos mais ao outro e a quem est\u00e1 pr\u00f3ximo da gente.\n<a class=\"moretag\" href=\"https:\/\/screamyell.com.br\/site\/2022\/11\/17\/30o-festival-mixbrasil-anima-os-vestidos-do-meu-pai-de-uli-decker-resgata-historia-familiar-com-bom-humor-e-poesia\/\"> [...]<\/a>","protected":false},"author":3,"featured_media":70819,"comment_status":"open","ping_status":"open","sticky":false,"template":"","format":"standard","meta":[],"categories":[4],"tags":[4943,6412],"_links":{"self":[{"href":"https:\/\/screamyell.com.br\/site\/wp-json\/wp\/v2\/posts\/70817"}],"collection":[{"href":"https:\/\/screamyell.com.br\/site\/wp-json\/wp\/v2\/posts"}],"about":[{"href":"https:\/\/screamyell.com.br\/site\/wp-json\/wp\/v2\/types\/post"}],"author":[{"embeddable":true,"href":"https:\/\/screamyell.com.br\/site\/wp-json\/wp\/v2\/users\/3"}],"replies":[{"embeddable":true,"href":"https:\/\/screamyell.com.br\/site\/wp-json\/wp\/v2\/comments?post=70817"}],"version-history":[{"count":1,"href":"https:\/\/screamyell.com.br\/site\/wp-json\/wp\/v2\/posts\/70817\/revisions"}],"predecessor-version":[{"id":70821,"href":"https:\/\/screamyell.com.br\/site\/wp-json\/wp\/v2\/posts\/70817\/revisions\/70821"}],"wp:featuredmedia":[{"embeddable":true,"href":"https:\/\/screamyell.com.br\/site\/wp-json\/wp\/v2\/media\/70819"}],"wp:attachment":[{"href":"https:\/\/screamyell.com.br\/site\/wp-json\/wp\/v2\/media?parent=70817"}],"wp:term":[{"taxonomy":"category","embeddable":true,"href":"https:\/\/screamyell.com.br\/site\/wp-json\/wp\/v2\/categories?post=70817"},{"taxonomy":"post_tag","embeddable":true,"href":"https:\/\/screamyell.com.br\/site\/wp-json\/wp\/v2\/tags?post=70817"}],"curies":[{"name":"wp","href":"https:\/\/api.w.org\/{rel}","templated":true}]}}