{"id":70619,"date":"2022-11-09T23:50:39","date_gmt":"2022-11-10T02:50:39","guid":{"rendered":"https:\/\/screamyell.com.br\/site\/?p=70619"},"modified":"2024-11-20T11:21:26","modified_gmt":"2024-11-20T14:21:26","slug":"tres-perguntas-andre-fischer-idealizador-do-festival-mixbrasil-fala-sobre-a-edicao-de-30-anos-do-evento","status":"publish","type":"post","link":"https:\/\/screamyell.com.br\/site\/2022\/11\/09\/tres-perguntas-andre-fischer-idealizador-do-festival-mixbrasil-fala-sobre-a-edicao-de-30-anos-do-evento\/","title":{"rendered":"Andr\u00e9 Fischer, idealizador do Festival MixBrasil, fala sobre os 30 anos do evento: &#8220;Passamos por todo tipo de situa\u00e7\u00e3o&#8221;"},"content":{"rendered":"<h2 style=\"text-align: center;\"><strong>entrevista por <a href=\"https:\/\/www.facebook.com\/renan.machadoguerra\" target=\"_blank\" rel=\"noopener noreferrer\">Renan Guerra<\/a><\/strong><\/h2>\n<p style=\"text-align: justify;\">O Festival MixBrasil \u00e9 o maior evento cultural dedicado \u00e0 diversidade na Am\u00e9rica Latina e um dos maiores do mundo. Em 2022, o Festival MixBrasil <a href=\"https:\/\/mixbrasil.org.br\/30\/\" target=\"_blank\" rel=\"noopener\">celebra 30 anos de exist\u00eancia com o tema \u201cToda Forma de Existir\u201d<\/a>. De 9 a 20 de novembro, o evento traz 1<a href=\"https:\/\/mixbrasil.org.br\/30\/\" target=\"_blank\" rel=\"noopener\">19 filmes de 35 pa\u00edses e de 12 estados brasileiros<\/a>, experi\u00eancias XR vindas da Fran\u00e7a, Holanda, Taiwan, China e Chile, seis espet\u00e1culos teatrais in\u00e9ditos, shows musicais, o cl\u00e1ssico Show do Gongo, literatura, performances, palestras e workshops sobre temas relevantes para comunidade LGBTQIA+, al\u00e9m de homenagear com o pr\u00eamio \u00cdcone Mix a artista multim\u00eddia Linn da Quebrada. <a href=\"https:\/\/mixbrasil.org.br\/30\/\" target=\"_blank\" rel=\"noopener\">\u00c9 muita coisa<\/a>!<\/p>\n<p style=\"text-align: justify;\">Esse ano o MixBrasil ocupa diferentes espa\u00e7os da cidade de S\u00e3o Paulo: o CineSesc, o Espa\u00e7o Ita\u00fa Augusta, o Centro Cultural S\u00e3o Paulo, o Teatro S\u00e9rgio Cardoso, o MIS \u2013 Museu da Imagem e do Som, a Biblioteca M\u00e1rio de Andrade e o Cine Olido. Com exce\u00e7\u00e3o do Espa\u00e7o Ita\u00fa Augusta, em que os ingressos custar\u00e3o o valor \u00fanico de R$20, todos os outros espa\u00e7os ter\u00e3o ingressos gratuitos, basta chegar uma hora antes para a retirada (sujeito a lota\u00e7\u00e3o). Al\u00e9m disso, o festival tamb\u00e9m contar\u00e1 com uma programa\u00e7\u00e3o online que estreia a partir de 14 novembro e poder\u00e1 ser assistida gratuitamente pelas plataformas do Sesc Digital e Spcine Play.<\/p>\n<p style=\"text-align: justify;\">Entre os destaques da programa\u00e7\u00e3o, est\u00e3o os filmes \u201cTr\u00eas Tigres Tristes\u201d, de Gustavo Vinagre, vencedor do pr\u00eamio Teddy de Melhor longa no Festival de Berlim; \u201cClose\u201d, de Lukas Dhont, vencedor do Grand Prix no Festival de Cannes e indicado da B\u00e9lgica ao Oscar; \u201c\u201cNelly &amp; Nadine\u201d, ganhador do Teddy de Melhor Document\u00e1rio em Berlim; \u201cGirl Picture\u201d, premiado em Sundance e indicado da Finl\u00e2ndia ao Oscar 2023; &#8220;Winter Boy&#8221;, novo longa do franc\u00eas Christophe Honor\u00e9; \u201cT\u00fanica Turquesa\u201d, de Maryam Touzani, lan\u00e7ado na mostra Un Certain Regard no Festival de Cannes e indicado do Marrocos ao Oscar 2023; \u201cGirl Picture\u201d, que ganhou o pr\u00eamio do p\u00fablico em Sundance; e \u201cFogo-F\u00e1tuo\u201d, novo filme do portugu\u00eas Jo\u00e3o Pedro Rodrigues, exibido na Quinzena dos Realizadores.<\/p>\n<p style=\"text-align: justify;\">Nesses 30 anos, o MixBrasil se transformou em um espa\u00e7o de resist\u00eancia e de celebra\u00e7\u00e3o das diferentes formas de ser, por isso \u00e9 muito belo que essa edi\u00e7\u00e3o tenha como norte a ideia de \u201cToda forma de existir\u201d, ainda mais ap\u00f3s dois anos em que o Festival funcionou de forma h\u00edbrida em fun\u00e7\u00e3o da pandemia. Para entender um pouco mais sobre a hist\u00f3ria do MixBrasil e as mudan\u00e7as pelas quais o festival passou em sua trajet\u00f3ria, Andr\u00e9 Fischer, idealizador e diretor do Festival, respondeu a tr\u00eas perguntas do Scream &amp; Yell e voc\u00ea pode conferir suas respostas na \u00edntegra abaixo:<\/p>\n<p><iframe loading=\"lazy\" title=\"Mantra: Malu Vitta | 30\u00ba Festival MixBrasil\" width=\"747\" height=\"420\" src=\"https:\/\/www.youtube.com\/embed\/F4UwNu4TsaY?feature=oembed\" frameborder=\"0\" allow=\"accelerometer; autoplay; clipboard-write; encrypted-media; gyroscope; picture-in-picture\" allowfullscreen><\/iframe><\/p>\n<p style=\"text-align: justify;\"><strong>Nesses 30 anos o Festival MixBrasil vivenciou diferentes momentos da hist\u00f3ria do pa\u00eds, tornando-se um espa\u00e7o de celebra\u00e7\u00e3o e resist\u00eancia, tanto que nessa edi\u00e7\u00e3o voc\u00eas celebram todas as formar de existir. Nesse sentido, voc\u00ea sente que o Festival chega a sua 30\u00aa edi\u00e7\u00e3o ainda mais forte e resistente?<\/strong><br \/>\nNesses 30 anos passamos por todo tipo de situa\u00e7\u00e3o. No come\u00e7o quando n\u00e3o havia nenhum tipo de apoio \u00e0 causa LGBTQIA+ tivemos que nos organizar de forma independente para viabilizar o evento e at\u00e9 mesmo a produ\u00e7\u00e3o audiovisual sobre essa tem\u00e1tica. Criamos uma das primeiras redes sociais do mundo, que mobilizou a comunidade e garantiu recursos e equipe para a realiza\u00e7\u00e3o do MixBrasil nos anos 90. Foram necess\u00e1rios 10 anos at\u00e9 que viessem os primeiros patrocinadores! Depois disso tivemos sites, revistas, programas de radio e tv, as conquistas sociais e de direitos que ocorreram a partir do come\u00e7o dos anos 2000 fizeram que por um momento parecesse que a parada estava ganha para nosso lado, e talvez o pr\u00f3prio festival em algum momento n\u00e3o fizesse mais sentido. Mas vimos uma rea\u00e7\u00e3o forte do conservadorismo e os ataques \u00e0 diversidade foram se institucionalizando. E mais do que nunca vimos como \u00e9 importante a manuten\u00e7\u00e3o de um espa\u00e7o seguro para o encontro da comunidade em torno da produ\u00e7\u00e3o cultural LGBTQIA+. Que por sinal, est\u00e1 mais forte e viva do que nunca, at\u00e9 mesmo como uma resist\u00eancia aos poss\u00edveis retrocessos que felizmente conseguimos barrar.<\/p>\n<p><iframe loading=\"lazy\" title=\"Flow | 30\u00ba Festival MixBrasil\" width=\"747\" height=\"420\" src=\"https:\/\/www.youtube.com\/embed\/-nwckOl0pfM?feature=oembed\" frameborder=\"0\" allow=\"accelerometer; autoplay; clipboard-write; encrypted-media; gyroscope; picture-in-picture\" allowfullscreen><\/iframe><\/p>\n<p style=\"text-align: justify;\"><strong>As duas \u00faltimas edi\u00e7\u00f5es foram h\u00edbridas em fun\u00e7\u00e3o da pandemia, como voc\u00ea percebe que essa experi\u00eancia modificou o festival? Nesse ano teremos alguns filmes disponibilizados de forma on-line, voc\u00ea acredita que esse modelo h\u00edbrido \u00e9 uma possibilidade cada vez mais constante?<\/strong><br \/>\nAlguma parte da programa\u00e7\u00e3o disponibilizada atrav\u00e9s de plataformas digitais provavelmente continuaremos a ter, assim como a maioria dos festivais. \u00c9 positivo que mais pessoas que n\u00e3o poderiam estar presentes nas salas possam ver alguns filmes. Mas h\u00e1 algumas quest\u00f5es a serem consideradas. A come\u00e7ar pelo fato de que a maioria das distribuidoras de filmes est\u00e1 limitando a veicula\u00e7\u00e3o de seus lan\u00e7amentos no digital, j\u00e1 que esse \u00e9 o canal principal para a ind\u00fastria audiovisual e h\u00e1 o risco real de pirataria antes dos lan\u00e7amentos. As salas de cinema s\u00e3o vistas como um lugar mais seguro e control\u00e1vel para divulgar os filmes. Al\u00e9m disso, acredito que o sentido maior dos festivais \u00e9 o encontro e a troca que s\u00f3 acontecesse de verdade no presencial. As mostras realizadas no online foram a possibilidade encontrada em um momento excepcional, dadas as limita\u00e7\u00f5es sanit\u00e1rias impostas pela pandemia. Mas n\u00e3o t\u00eam, nem de longe, o mesmo impacto de compartilhar a experi\u00eancia de ver filmes, pe\u00e7as, shows com outras pessoas.<\/p>\n<p><iframe loading=\"lazy\" title=\"Tr\u00eas Tigres Tristes | Trailer\" width=\"747\" height=\"420\" src=\"https:\/\/www.youtube.com\/embed\/yL3s8E7JX7k?feature=oembed\" frameborder=\"0\" allow=\"accelerometer; autoplay; clipboard-write; encrypted-media; gyroscope; picture-in-picture\" allowfullscreen><\/iframe><\/p>\n<p style=\"text-align: justify;\"><strong>Em 1993, o festival come\u00e7ou como uma mostra de curtas e hoje em dia \u00e9 um espa\u00e7o de congrega\u00e7\u00e3o de diferentes artes, do cinema ao teatro, da m\u00fasica a literatura. Em retrospectiva, como voc\u00ea v\u00ea o MixBrasil e toda a hist\u00f3ria que voc\u00eas constru\u00edram at\u00e9 aqui? Mais que isso: como voc\u00ea vislumbra o futuro do festival?<\/strong><br \/>\nFomos ampliando nossa programa\u00e7\u00e3o para al\u00e9m do cinema experimental j\u00e1 partir da segunda edi\u00e7\u00e3o, como forma de ampliar o p\u00fablico, mas tamb\u00e9m para dar visibilidade a toda essa produ\u00e7\u00e3o que se expandia pelo teatro, m\u00fasica, artes visuais e no universo digital. J\u00e1 em 1996 faz\u00edamos a primeira mostra de v\u00eddeos online, como forma de expandir o alcance do festival, em 1999 come\u00e7amos a cobrir a cena teatral e no ano seguinte os shows de m\u00fasica. Esse ano estamos abrindo uma nova frente, das experi\u00eancias imersivas e virtuais. Acredito que seja esse o caminho n\u00e3o apenas do MixBrasil, que sempre teve uma forte conex\u00e3o com novas tecnologias, mas de todos os festivais. Agregar novas linguagens, novos meios , como forma de manter relevante o encontro ao redor da produ\u00e7\u00e3o cultural. No nosso caso temos uma causa e uma tem\u00e1tica que est\u00e1 acima dos formatos, o que abre espa\u00e7o para uma constante investiga\u00e7\u00e3o e nos provoca a estarmos sempre buscando o que de mais interessante tem sido produzido sobre a diversidade sexual.<\/p>\n<p><iframe loading=\"lazy\" title=\"Close (2022) | Trailer | Lukas Dhont\" width=\"747\" height=\"420\" src=\"https:\/\/www.youtube.com\/embed\/pWVDDWvT878?feature=oembed\" frameborder=\"0\" allow=\"accelerometer; autoplay; clipboard-write; encrypted-media; gyroscope; picture-in-picture\" allowfullscreen><\/iframe><\/p>\n<p style=\"text-align: center;\"><a href=\"https:\/\/screamyell.com.br\/site\/tag\/festival-mixbrasil\/\">Leia sobre outros filmes do Festival MixBrasil<\/a><\/p>\n<p style=\"text-align: justify;\"><em>\u2013\u00a0<a href=\"https:\/\/www.facebook.com\/renan.machadoguerra\" target=\"_blank\" rel=\"noreferrer noopener\">Renan Guerra<\/a>\u00a0\u00e9 jornalista<\/em>\u00a0e<em>\u00a0escreve para o Scream &amp; Yell desde 2014. Faz parte do\u00a0<a href=\"http:\/\/vamosfalarsobremusica.com.br\/\" target=\"_blank\" rel=\"noreferrer noopener\">Podcast Vamos Falar Sobre M\u00fasica<\/a>\u00a0e colabora com o\u00a0<a href=\"https:\/\/monkeybuzz.com.br\/\" target=\"_blank\" rel=\"noreferrer noopener\">Monkeybuzz<\/a>\u00a0e a\u00a0<a href=\"https:\/\/revistabalaclava.com\/\" target=\"_blank\" rel=\"noreferrer noopener\">Revista Balaclava.<\/a>\u00a0<\/em><\/p>\n","protected":false},"excerpt":{"rendered":"Maior evento cultural dedicado \u00e0 diversidade na Am\u00e9rica Latina e um dos maiores do mundo, o Festival MixBrasil celebra 30 anos de exist\u00eancia em 2022 com o tema \u201cToda Forma de Existir\u201d.\n<a class=\"moretag\" href=\"https:\/\/screamyell.com.br\/site\/2022\/11\/09\/tres-perguntas-andre-fischer-idealizador-do-festival-mixbrasil-fala-sobre-a-edicao-de-30-anos-do-evento\/\"> [...]<\/a>","protected":false},"author":3,"featured_media":70620,"comment_status":"open","ping_status":"open","sticky":false,"template":"","format":"standard","meta":[],"categories":[4],"tags":[4943],"_links":{"self":[{"href":"https:\/\/screamyell.com.br\/site\/wp-json\/wp\/v2\/posts\/70619"}],"collection":[{"href":"https:\/\/screamyell.com.br\/site\/wp-json\/wp\/v2\/posts"}],"about":[{"href":"https:\/\/screamyell.com.br\/site\/wp-json\/wp\/v2\/types\/post"}],"author":[{"embeddable":true,"href":"https:\/\/screamyell.com.br\/site\/wp-json\/wp\/v2\/users\/3"}],"replies":[{"embeddable":true,"href":"https:\/\/screamyell.com.br\/site\/wp-json\/wp\/v2\/comments?post=70619"}],"version-history":[{"count":8,"href":"https:\/\/screamyell.com.br\/site\/wp-json\/wp\/v2\/posts\/70619\/revisions"}],"predecessor-version":[{"id":70774,"href":"https:\/\/screamyell.com.br\/site\/wp-json\/wp\/v2\/posts\/70619\/revisions\/70774"}],"wp:featuredmedia":[{"embeddable":true,"href":"https:\/\/screamyell.com.br\/site\/wp-json\/wp\/v2\/media\/70620"}],"wp:attachment":[{"href":"https:\/\/screamyell.com.br\/site\/wp-json\/wp\/v2\/media?parent=70619"}],"wp:term":[{"taxonomy":"category","embeddable":true,"href":"https:\/\/screamyell.com.br\/site\/wp-json\/wp\/v2\/categories?post=70619"},{"taxonomy":"post_tag","embeddable":true,"href":"https:\/\/screamyell.com.br\/site\/wp-json\/wp\/v2\/tags?post=70619"}],"curies":[{"name":"wp","href":"https:\/\/api.w.org\/{rel}","templated":true}]}}