{"id":70380,"date":"2022-10-22T23:49:00","date_gmt":"2022-10-23T02:49:00","guid":{"rendered":"https:\/\/screamyell.com.br\/site\/?p=70380"},"modified":"2022-11-07T01:16:17","modified_gmt":"2022-11-07T04:16:17","slug":"alianca-faro-panorama-espanha-destaques-de-setembro-de-2022","status":"publish","type":"post","link":"https:\/\/screamyell.com.br\/site\/2022\/10\/22\/alianca-faro-panorama-espanha-destaques-de-setembro-de-2022\/","title":{"rendered":"Alian\u00e7a FARO: Panorama ESPANHA (Destaques de SETEMBRO de 2022)"},"content":{"rendered":"<h1 style=\"text-align: center;\"><span style=\"color: #ff0000;\">SETEMBRO 2022<\/span><\/h1>\n<h4 style=\"text-align: center;\"><a href=\"https:\/\/screamyell.com.br\/site\/2022\/10\/20\/alianca-faro-panorama-argentina-destaques-de-setembro-de-2022\/\">Argentina<\/a>\u00a0|\u00a0<a href=\"https:\/\/screamyell.com.br\/site\/2022\/10\/21\/alianca-faro-panorama-bolivia-destaques-de-setembro-de-2022\/\">Bolivia<\/a>\u00a0|\u00a0<a href=\"https:\/\/screamyell.com.br\/site\/2022\/10\/17\/alianca-faro-panorama-brasil-destaques-de-setembro-de-2022\/\">Brasil<\/a>\u00a0|\u00a0Chile\u00a0|\u00a0Col\u00f4mbia\u00a0|\u00a0<a href=\"https:\/\/screamyell.com.br\/site\/2022\/10\/24\/alianca-faro-panorama-cuba-destaques-de-setembro-de-2022\/\">Cuba<\/a>\u00a0|\u00a0<a href=\"https:\/\/screamyell.com.br\/site\/2022\/10\/22\/alianca-faro-panorama-espanha-destaques-de-setembro-de-2022\/\">Espanha<\/a>\u00a0|\u00a0M\u00e9xico\u00a0|\u00a0<a href=\"https:\/\/screamyell.com.br\/site\/2022\/10\/18\/alianca-faro-panorama-peru-destaques-de-setembro-de-2022\/\">Peru<\/a>\u00a0|\u00a0<a href=\"https:\/\/screamyell.com.br\/site\/2022\/10\/25\/alianca-faro-panorama-uruguai-destaques-de-setembro-de-2022\/\">Uruguai<\/a><\/h4>\n<p style=\"text-align: center;\">Clique no pa\u00eds acima para conhecer seus destaques de setembro!\u00a0<a href=\"https:\/\/open.spotify.com\/playlist\/3pHRP9KTpTZnmPKlzlcMp8?si=a3777f39b9c7430d\" target=\"_blank\" rel=\"noopener\">E ou\u00e7a nossa playlist<\/a>.<\/p>\n<h1><span style=\"color: #ff0000;\"><strong>ESPANHA<\/strong><\/span><br \/>\n<strong><span style=\"color: #ff0000;\">pela equipe dos sites<\/span>\u00a0<a href=\"https:\/\/www.mondosonoro.com\/\" target=\"_blank\" rel=\"noopener\">Mundo Sonoro<\/a>\u00a0e\u00a0<a href=\"https:\/\/www.zonadeobras.com\/\" target=\"_blank\" rel=\"noopener noreferrer\">Zona de Obras<\/a><\/strong><\/h1>\n<p style=\"text-align: justify;\"><strong>O ver\u00e3o acabou, embora as temperaturas amenas continuem. Mas isso n\u00e3o significa que uma das grandes preocupa\u00e7\u00f5es continue sendo &#8220;energia&#8221;. A guerra na Ucr\u00e2nia pinta um quadro pouco animador para a Europa nos pr\u00f3ximos meses. Por isso, mais do que nunca teremos que nos refugiar na m\u00fasica e na cultura. Aqui nossos destaques da Espanha de setembro passado para aquecer sem aumentar a temperatura do aquecimento.<\/strong><\/p>\n<p style=\"text-align: justify;\"><span style=\"color: #ff0000;\"><strong>DESTAQUE PRINCIPAL<\/strong><\/span><br \/>\n<strong>\u201cHIJOS DEL DIVORCIO\u201d \u2013 CONFETI DE ODIO:<\/strong> Lucas Vidaur continua a amadurecer depois de sua estreia atraente com &#8220;Tragedia Espa\u00f1ola&#8221; h\u00e1 dois anos. Sua proposta est\u00e1 cada vez mais definida e as boas can\u00e7\u00f5es se acumulam \u00e0 d\u00fazia em &#8220;<a href=\"https:\/\/open.spotify.com\/album\/7I6Bdl5xwMf0JdASL50Iaw\" target=\"_blank\" rel=\"noopener\">Hijos del Divorcio<\/a>&#8220;, entre desespero e momentos preciosos a partir do belo (e ir\u00f4nico) in\u00edcio com \u201cEl Coro de los Hijos del Divorcio\u201d. [ Joan S. Luna ]<\/p>\n<p><iframe loading=\"lazy\" title=\"Confeti de Odio - El Malo Final (Videoclip)\" width=\"747\" height=\"420\" src=\"https:\/\/www.youtube.com\/embed\/bqtiBhMh8D0?feature=oembed\" frameborder=\"0\" allow=\"accelerometer; autoplay; clipboard-write; encrypted-media; gyroscope; picture-in-picture\" allowfullscreen><\/iframe><\/p>\n<hr \/>\n<p style=\"text-align: justify;\"><strong><span style=\"color: #ff0000;\">OUTROS DESTAQUES<\/span><\/strong><br \/>\n<strong>\u201cREPUTA\u201d \u2013 ZAHARA:<\/strong> Em \u201c<a href=\"https:\/\/open.spotify.com\/album\/491sP7df1GOav6dScCJ4yk\" target=\"_blank\" rel=\"noopener\">REPUTA<\/a>\u201d, Zahara reinventa o universo doloroso do premiada \u201cPUTA\u201d (2021) com a ajuda de uma longa lista de amigos (de Alizzz a Carolina Durante, Shego, Delaporte e Mar\u00eda Jos\u00e9 Llergo) ampliando a onda expansiva de <a href=\"https:\/\/www.mondosonoro.com\/criticas\/discos-musica\/zahara-reputa\/\" target=\"_blank\" rel=\"noopener\">um dos discos de refer\u00eancia do recente indie espanhol<\/a> para al\u00e9m do que seu criador poderia imaginar. [Joan S. Luna ]<\/p>\n<p><iframe loading=\"lazy\" title=\"Zahara &amp; Alizzz - berlin U5 (REPUTA)\" width=\"747\" height=\"420\" src=\"https:\/\/www.youtube.com\/embed\/YQTNjkR0FrM?feature=oembed\" frameborder=\"0\" allow=\"accelerometer; autoplay; clipboard-write; encrypted-media; gyroscope; picture-in-picture\" allowfullscreen><\/iframe><\/p>\n<hr \/>\n<p style=\"text-align: justify;\"><strong>\u201cLUNA LLENA\u201d \u2013 NATOS Y WAOR:<\/strong> Outros se contentariam em continuar repetindo a f\u00f3rmula, mas Natos y Waor nos lembram em &#8220;<a href=\"https:\/\/open.spotify.com\/album\/7wgNRpq6MqrRHGRKUaUZTu\" target=\"_blank\" rel=\"noopener\">Luna Llena<\/a>&#8221; as raz\u00f5es pelas quais s\u00e3o um dos maiores grupos do rap espanhol. Correm riscos, tomam novos caminhos e, como n\u00e3o poderia ser de outra forma, <a href=\"https:\/\/www.mondosonoro.com\/criticas\/discos-musica\/natos-y-waor-luna-llena\/\" target=\"_blank\" rel=\"noopener\">n\u00e3o erram o alvo<\/a>. [ Joan S. Luna ]<\/p>\n<p><iframe loading=\"lazy\" title=\"Natos y Waor - RUMBA (Letra) [Luna llena]\" width=\"747\" height=\"420\" src=\"https:\/\/www.youtube.com\/embed\/Ra1InIvil1c?list=PL1ooga0SjM5FCRfEgVnYP_o-LhhKbe5bl\" frameborder=\"0\" allow=\"accelerometer; autoplay; clipboard-write; encrypted-media; gyroscope; picture-in-picture\" allowfullscreen><\/iframe><\/p>\n<hr \/>\n<p style=\"text-align: justify;\"><strong>\u201cLA CRUZ DE SANTIAGO\u201d &#8211; LA BIEN QUERIDA Y SANTIAGO MOTORIZADO:<\/strong> Eis mais uma daquelas colabora\u00e7\u00f5es ibero-americanas de que tanto gostamos: La Bien Querida junta-se a Santiago Motorizado para apresentar \u201c<a href=\"https:\/\/www.zonadeobras.com\/ultima-hora\/2022\/09\/29\/la-bien-querida-y-santiago-motorizado-se-encuentran-en-la-cruz-de-santiago\/\" target=\"_blank\" rel=\"noopener\">La Cruz de Santiago<\/a>\u201d, o primeiro corte do seu pr\u00f3ximo trabalho. A m\u00fasica, inspirada na bachata dominicana e no cl\u00e1ssico bolero, inclui um verso de \u201cEl Magnetismo\u201d, sucesso do El Mat\u00f3.<\/p>\n<p><iframe loading=\"lazy\" title=\"La Bien Querida, Santiago Motorizado - La Cruz de Santiago\" width=\"747\" height=\"420\" src=\"https:\/\/www.youtube.com\/embed\/lpntDd5r8UU?feature=oembed\" frameborder=\"0\" allow=\"accelerometer; autoplay; clipboard-write; encrypted-media; gyroscope; picture-in-picture\" allowfullscreen><\/iframe><\/p>\n<hr \/>\n<p style=\"text-align: justify;\"><strong>10 MOMENTOS VIVE LATINO ZARAGOZA:<\/strong> O dia finalmente chegou e o lend\u00e1rio festival mexicano Vive Latino atravessou El Charco pela primeira vez para desembarcar com sucesso em Zaragoza e oferecer as apresenta\u00e7\u00f5es de 36 artistas em dois dias. Todos ibero-americanos, claro. Babas\u00f3nicos, Caf\u00e9 Tacvba, Aterciopelados, Molotov, Mon Laferte, Silvana Estrada, Instituto Mexicano del Sonido, Centavrvs, Mula, Kumbia Queers e Little Jesus, Vetusta Morla, Love Of Lesbian, Le\u00f3n Benavente, Iv\u00e1n Ferreiro, Kase.O, Amaral y Sidonie, entre outros. Dois grandes dias para a integra\u00e7\u00e3o musical da Am\u00e9rica Latina e Espanha. <a href=\"https:\/\/www.zonadeobras.com\/expedientes\/2022\/09\/08\/10-momentos-del-vive-latino-zaragoza\/\" target=\"_blank\" rel=\"noopener\">Destacamos aqui 10 momentos<\/a>!<\/p>\n<hr \/>\n<p style=\"text-align: justify;\"><span style=\"color: #ff0000;\"><strong>MAIS CULTURA<\/strong><\/span><br \/>\nCom atividades na Casa de Am\u00e9rica e na Livraria Alberti de Madri foi realizada a segunda edi\u00e7\u00e3o do <a href=\"https:\/\/www.zonadeobras.com\/ultima-hora\/2022\/09\/14\/llega-a-madrid-el-festival-centroamerica-cuenta\/\" target=\"_blank\" rel=\"noopener\">Festival Centroam\u00e9rica Cuenta<\/a> com uma interessante agenda de atividades que reuniu mais de 20 escritores da Ibero-Am\u00e9rica.<\/p>\n<p style=\"text-align: justify;\">Quanto \u00e0 s\u00e9tima arte, foi realizada a septuag\u00e9sima edi\u00e7\u00e3o do <a href=\"https:\/\/www.zonadeobras.com\/apuestas\/2022\/09\/16\/festival-de-san-sebastian-2022\/\" target=\"_blank\" rel=\"noopener\">Festival de San Sebastian<\/a>, um dos eventos cinematogr\u00e1ficos mais importantes da Europa. A Concha de Ouro de Melhor Filme foi para \u201cLos reyes del mundo\u201d, da colombiana Laura Mora Ortega, enquanto o Pr\u00eamio do P\u00fablico foi para &#8220;Argentina, 1985&#8221;, filme dirigido por Santiago Mitre.<\/p>\n<p style=\"text-align: justify;\">Dois aguardados filmes espanh\u00f3is chegaram aos cinemas: \u201c<a href=\"https:\/\/www.zonadeobras.com\/apuestas\/2022\/09\/23\/se-estrena-en-espana-rainbow-de-paco-leon\/\" target=\"_blank\" rel=\"noopener\">Rainbow<\/a>\u201d, dirigido por Paco Le\u00f3n, uma fantasia musical inspirada no cl\u00e1ssico \u201cO M\u00e1gico de Oz\u201d; e \u201c<a href=\"https:\/\/www.zonadeobras.com\/apuestas\/2022\/10\/07\/juan-diego-botto-en-los-margenes\/\" target=\"_blank\" rel=\"noopener\">En Los M\u00e1rgenes<\/a>\u201d, drama social do hispano-argentino Juan Diego Botto estrelado por Pen\u00e9lope Cruz.<\/p>\n<p><iframe loading=\"lazy\" title=\"EN LOS M\u00c1RGENES - Tr\u00e1iler Oficial - Estreno 7 de octubre\" width=\"747\" height=\"420\" src=\"https:\/\/www.youtube.com\/embed\/Ff5tHV2v90c?feature=oembed\" frameborder=\"0\" allow=\"accelerometer; autoplay; clipboard-write; encrypted-media; gyroscope; picture-in-picture\" allowfullscreen><\/iframe><\/p>\n<p><img decoding=\"async\" loading=\"lazy\" class=\"alignnone size-full wp-image-60901\" src=\"https:\/\/screamyell.com.br\/site\/wp-content\/uploads\/2021\/05\/FARO_SIN-LOGOS.jpg\" sizes=\"(max-width: 750px) 100vw, 750px\" srcset=\"https:\/\/screamyell.com.br\/site\/wp-content\/uploads\/2021\/05\/FARO_SIN-LOGOS.jpg 750w, https:\/\/screamyell.com.br\/site\/wp-content\/uploads\/2021\/05\/FARO_SIN-LOGOS-300x176.jpg 300w\" alt=\"\" width=\"750\" height=\"440\" \/><\/p>\n<p style=\"text-align: center;\"><strong><a href=\"https:\/\/screamyell.com.br\/site\/tag\/faro\/\">LEIA OS PANORAMAS ANTERIORES DA FARO<\/a><\/strong><\/p>\n","protected":false},"excerpt":{"rendered":"O ver\u00e3o acabou, embora as temperaturas amenas continuem. Mas isso n\u00e3o significa que uma das grandes preocupa\u00e7\u00f5es continue sendo &#8220;energia&#8221;.\n<a class=\"moretag\" href=\"https:\/\/screamyell.com.br\/site\/2022\/10\/22\/alianca-faro-panorama-espanha-destaques-de-setembro-de-2022\/\"> [...]<\/a>","protected":false},"author":106,"featured_media":70383,"comment_status":"open","ping_status":"open","sticky":false,"template":"","format":"standard","meta":[],"categories":[4,9,3],"tags":[5683,6338,4817,6383,6384,6382,6030,3127,5602,5682],"_links":{"self":[{"href":"https:\/\/screamyell.com.br\/site\/wp-json\/wp\/v2\/posts\/70380"}],"collection":[{"href":"https:\/\/screamyell.com.br\/site\/wp-json\/wp\/v2\/posts"}],"about":[{"href":"https:\/\/screamyell.com.br\/site\/wp-json\/wp\/v2\/types\/post"}],"author":[{"embeddable":true,"href":"https:\/\/screamyell.com.br\/site\/wp-json\/wp\/v2\/users\/106"}],"replies":[{"embeddable":true,"href":"https:\/\/screamyell.com.br\/site\/wp-json\/wp\/v2\/comments?post=70380"}],"version-history":[{"count":4,"href":"https:\/\/screamyell.com.br\/site\/wp-json\/wp\/v2\/posts\/70380\/revisions"}],"predecessor-version":[{"id":70449,"href":"https:\/\/screamyell.com.br\/site\/wp-json\/wp\/v2\/posts\/70380\/revisions\/70449"}],"wp:featuredmedia":[{"embeddable":true,"href":"https:\/\/screamyell.com.br\/site\/wp-json\/wp\/v2\/media\/70383"}],"wp:attachment":[{"href":"https:\/\/screamyell.com.br\/site\/wp-json\/wp\/v2\/media?parent=70380"}],"wp:term":[{"taxonomy":"category","embeddable":true,"href":"https:\/\/screamyell.com.br\/site\/wp-json\/wp\/v2\/categories?post=70380"},{"taxonomy":"post_tag","embeddable":true,"href":"https:\/\/screamyell.com.br\/site\/wp-json\/wp\/v2\/tags?post=70380"}],"curies":[{"name":"wp","href":"https:\/\/api.w.org\/{rel}","templated":true}]}}