{"id":70180,"date":"2022-10-17T18:56:05","date_gmt":"2022-10-17T21:56:05","guid":{"rendered":"https:\/\/screamyell.com.br\/site\/?p=70180"},"modified":"2022-11-01T00:04:52","modified_gmt":"2022-11-01T03:04:52","slug":"alianca-faro-panorama-brasil-destaques-de-setembro-de-2022","status":"publish","type":"post","link":"https:\/\/screamyell.com.br\/site\/2022\/10\/17\/alianca-faro-panorama-brasil-destaques-de-setembro-de-2022\/","title":{"rendered":"Alian\u00e7a FARO: Panorama BRASIL (Destaques de SETEMBRO de 2022)"},"content":{"rendered":"<h1 style=\"text-align: center;\"><span style=\"color: #ff0000;\">SETEMBRO 2022<\/span><\/h1>\n<h4 style=\"text-align: center;\"><a href=\"https:\/\/screamyell.com.br\/site\/2022\/10\/20\/alianca-faro-panorama-argentina-destaques-de-setembro-de-2022\/\">Argentina<\/a>\u00a0|\u00a0<a href=\"https:\/\/screamyell.com.br\/site\/2022\/10\/21\/alianca-faro-panorama-bolivia-destaques-de-setembro-de-2022\/\">Bolivia<\/a>\u00a0|\u00a0<a href=\"https:\/\/screamyell.com.br\/site\/2022\/10\/17\/alianca-faro-panorama-brasil-destaques-de-setembro-de-2022\/\">Brasil<\/a>\u00a0|\u00a0Chile\u00a0|\u00a0Col\u00f4mbia\u00a0|\u00a0<a href=\"https:\/\/screamyell.com.br\/site\/2022\/10\/24\/alianca-faro-panorama-cuba-destaques-de-setembro-de-2022\/\">Cuba<\/a>\u00a0|\u00a0<a href=\"https:\/\/screamyell.com.br\/site\/2022\/10\/22\/alianca-faro-panorama-espanha-destaques-de-setembro-de-2022\/\">Espanha<\/a>\u00a0|\u00a0M\u00e9xico\u00a0|\u00a0<a href=\"https:\/\/screamyell.com.br\/site\/2022\/10\/18\/alianca-faro-panorama-peru-destaques-de-setembro-de-2022\/\">Peru<\/a>\u00a0|\u00a0<a href=\"https:\/\/screamyell.com.br\/site\/2022\/10\/25\/alianca-faro-panorama-uruguai-destaques-de-setembro-de-2022\/\">Uruguai<\/a><\/h4>\n<p style=\"text-align: center;\">Clique no pa\u00eds acima para conhecer seus destaques de setembro!\u00a0<a href=\"https:\/\/open.spotify.com\/playlist\/3pHRP9KTpTZnmPKlzlcMp8?si=a3777f39b9c7430d\" target=\"_blank\" rel=\"noopener\">E ou\u00e7a nossa playlist<\/a>.<\/p>\n<h1><span style=\"color: #ff0000;\"><strong>BRASIL<\/strong><a style=\"color: #ff0000;\" name=\"brasil\"><\/a><\/span><br \/>\n<span style=\"color: #ff0000;\"><strong>por Marcelo Costa \/ do site Scream &amp; Yell<\/strong><\/span><\/h1>\n<p style=\"text-align: justify;\"><strong>Setembro se foi, e \u00e9 muito dif\u00edcil pensar em qualquer coisa no Brasil que n\u00e3o seja 30 de outubro, data do segundo turno das elei\u00e7\u00f5es presidenciais no pa\u00eds. O ex-presidente Lula venceu o primeiro turno com mais de 7 milh\u00f5es de votos de vantagem, mas o n\u00famero grandioso de pessoas que votaram no atual presidente deixou um gosto amargo na alma, mostrando que mesmo com a vit\u00f3ria final de Lula se confirmando, continuaremos em um pa\u00eds que fecha os olhos para um n\u00famero absurdo de abusos. D\u00f3i, e muito. Mas seguimos em frente compartilhando discos imperd\u00edveis, que voc\u00ea conhece a abaixo.<\/strong><\/p>\n<p><img decoding=\"async\" src=\"https:\/\/screamyell.com.br\/site\/wp-content\/uploads\/2022\/09\/tulipa1-1.jpg\" \/><\/p>\n<p style=\"text-align: justify;\"><span style=\"color: #ff0000;\"><strong>PRINCIPAL DESTAQUE<\/strong><\/span><br \/>\n<strong>\u201cHABILIDADES EXTRAORDIN\u00c1RIAS\u201d, TULIPA RUIZ <\/strong><strong>:<\/strong> Ela \u00e9 das artistas mais importantes e interessantes surgidas no Brasil neste s\u00e9culo. Enquanto muitos seguem num eterno pastiche de uma MPB passada, Tulipa soube amalgamar refer\u00eancias em fun\u00e7\u00e3o de algo novo. Ela consegue, como poucos, reverenciar dos tropicalistas aos malditos, passando pela Vanguarda Paulista, sem soar presa ao passado.<\/p>\n<p>Seu quarto trabalho de in\u00e9ditas, \u201c<a href=\"https:\/\/links.altafonte.com\/habilidadesextraordinarias\" target=\"_blank\" rel=\"noopener\">Habilidade Extraordin\u00e1rias<\/a>\u201d, \u00e9 classificado pela pr\u00f3pria artista como \u201cum disco p\u00f3s-confinamento, com os hematomas e as dores decorrentes de tanta viol\u00eancia social, pol\u00edtica, ambiental, nos relacionamentos, trabalhista. Um disco que tenta expurgar o agora, cultivando a coragem em meio a tanta falta de est\u00edmulo\u201d.<\/p>\n<p style=\"text-align: justify;\">Gravado de maneira anal\u00f3gica e repleto de grooves e sons que se alternam entre batidas dan\u00e7antes, climas viajantes e levadas punks, sempre intensos e vez em quando enigm\u00e1ticos, \u201cHabilidade Extraordin\u00e1rias\u201d \u00e9 um disco classudo que n\u00e3o pode (nem deve) ser decifrado numa \u00fanica audi\u00e7\u00e3o. \u00c9 um disco para ouvir, ouvir e ouvir. E, se quiser, <a href=\"https:\/\/screamyell.com.br\/site\/2022\/09\/24\/faixa-a-faixa-tulipa-ruiz-e-gustavo-ruiz-aprofundam-o-olhar-sobre-o-album-habilidades-extraordinarias\/\" target=\"_blank\" rel=\"noopener\">Tulipa e o irm\u00e3o Gustavo te levam junto contando detalhes de cada can\u00e7\u00e3o<\/a>. Brilhante!<\/p>\n<p><iframe loading=\"lazy\" title=\"Tulipa Ruiz - Sama\u00fama (Visualizer)\" width=\"747\" height=\"420\" src=\"https:\/\/www.youtube.com\/embed\/bBqy4z5xc1o?list=OLAK5uy_kGOYLUBYf9hCGN71wCyV1VEWKsWJM9KmI\" frameborder=\"0\" allow=\"accelerometer; autoplay; clipboard-write; encrypted-media; gyroscope; picture-in-picture\" allowfullscreen><\/iframe><\/p>\n<hr \/>\n<p style=\"text-align: justify;\"><span style=\"color: #ff0000;\"><strong>OUTROS DESTAQUES<\/strong><\/span><br \/>\n<strong>&#8211; \u201cFOI EU QUE FIZ\u201d, DEIZE TIGRONA:<\/strong> 20 anos atr\u00e1s, Deize viu M.I.A. samplear o hit \u201cInje\u00e7\u00e3o\u201d em &#8220;Bucky Done Gun&#8221;, e tudo parecia destinado para a funkeira, mas a moradora da Cidade de Deus abandonou a carreira para cuidar da fam\u00edlia (e de si mesma). Felizmente, ela est\u00e1 de volta, e melhor: com um grande disco! <a href=\"https:\/\/links.altafonte.com\/krd7j5r\" target=\"_blank\" rel=\"noopener\">Para sobreviventes de raves e de bondages<\/a>!<\/p>\n<p><iframe loading=\"lazy\" title=\"Deize Tigrona - Sururu das Meninas prod. MALKA (\u00c1udio Oficial) | Foi Eu Que Fiz\" width=\"747\" height=\"420\" src=\"https:\/\/www.youtube.com\/embed\/0q7jTt-xRuc?list=PL-D4LEr5fJH8g4xQ6ByoMgeZctTVgazA9\" frameborder=\"0\" allow=\"accelerometer; autoplay; clipboard-write; encrypted-media; gyroscope; picture-in-picture\" allowfullscreen><\/iframe><\/p>\n<hr \/>\n<p style=\"text-align: justify;\"><strong>&#8211; \u201cF\u00c9RTIL\u201d, ANIS DE FLOR:<\/strong> Lan\u00e7amento do selo Lab Fantasma, do rapper Emicida, o EP de estreia da catarinense Anis de Flor traz afrobeats suaves e afro-brasilidades embalando can\u00e7\u00f5es fortes sobre a invisibilidade e solid\u00e3o de ser mulher negra e ind\u00edgena no sul do Brasil (e em todo o pa\u00eds) costurando den\u00fancia, ancestralidade, for\u00e7a e supera\u00e7\u00e3o de maneira intensa! <a href=\"https:\/\/tratore.ffm.to\/fertil\" target=\"_blank\" rel=\"noopener\">S\u00e3o cinco faixas para serem ouvidas com aten\u00e7\u00e3o<\/a>! Abaixo, um mini-doc sobre o \u00e1lbum!<\/p>\n<p><iframe loading=\"lazy\" title=\"MINIDOC | F\u00c9RTIL, Anis de Flor @PuroIsland TV  - Processo de Cria\u00e7\u00e3o\" width=\"747\" height=\"420\" src=\"https:\/\/www.youtube.com\/embed\/89yAbPe5M7M?feature=oembed\" frameborder=\"0\" allow=\"accelerometer; autoplay; clipboard-write; encrypted-media; gyroscope; picture-in-picture\" allowfullscreen><\/iframe><\/p>\n<hr \/>\n<p style=\"text-align: justify;\"><strong>&#8211; \u201cESTRANHO\u201d, MOLHO NEGRO:<\/strong> Formado em Bel\u00e9m do Par\u00e1 no come\u00e7o dos anos 10, e radicado em S\u00e3o Paulo j\u00e1 h\u00e1 alguns anos, o poderoso trio Molho Negro retorna mais s\u00e9rio, menos stoner, mais rocker e um tiquinho emo em \u201cEstranho\u201d, seu quinto \u00e1lbum, um disco gestado durante a pandemia e que resultou em um trabalho forte, r\u00edspido e intenso! <a href=\"https:\/\/onerpm.link\/ESTRANHO\" target=\"_blank\" rel=\"noopener\">Ou\u00e7a alto no seu player favorito<\/a>! Abaixo, assista ao clipe de &#8220;N\u00e3o Nasceu Para Brilhar&#8221;.<\/p>\n<p><iframe loading=\"lazy\" title=\"Molho Negro - N\u00e3o Nasceu Para Brilhar (Clipe oficial)\" width=\"747\" height=\"420\" src=\"https:\/\/www.youtube.com\/embed\/ezeq3uZf1rk?feature=oembed\" frameborder=\"0\" allow=\"accelerometer; autoplay; clipboard-write; encrypted-media; gyroscope; picture-in-picture\" allowfullscreen><\/iframe><\/p>\n<hr \/>\n<p style=\"text-align: justify;\"><strong>&#8211; \u201cAGORA E SEMPRE\u201d, TERMINAL GUADALUPE:<\/strong> Pouco depois de lan\u00e7ar um grande disco, \u201cA Marcha dos Invis\u00edveis\u201d (2007), eles se separaram e, 15 anos depois, retornam com um \u00e1lbum experimental (cantado em quatro l\u00ednguas) que busca novos caminhos para uma banda merece sua aten\u00e7\u00e3o. Aten\u00e7\u00e3o para a arrepiante \u201cAhora y Siempre\u201d e \u201c\u00bfQu\u00e9 Pasa, Cabr\u00f3n?\u201d, single que fala sobre um tal \u201cgenocida pasional\u201d&#8230; <a href=\"https:\/\/tratore.ffm.to\/agoraesempre\" target=\"_blank\" rel=\"noopener\">Ou\u00e7a no seu player favorito<\/a>! E no Scream &amp; Yell <a href=\"https:\/\/screamyell.com.br\/site\/2022\/09\/13\/entrevista-terminal-guadalupe-lanca-seu-quarto-disco-agora-e-sempre-apos-15-anos-buscando-novos-caminhos\/\" target=\"_blank\" rel=\"noopener\">tem entrevista com eles<\/a>!<\/p>\n<p><iframe loading=\"lazy\" title=\"Terminal Guadalupe - Ahora Y Siempre\" width=\"747\" height=\"420\" src=\"https:\/\/www.youtube.com\/embed\/JtNxTndv4q4?list=PLk5zD2pXJkjKGFEkMcPFNpXmUYRJAzJol\" frameborder=\"0\" allow=\"accelerometer; autoplay; clipboard-write; encrypted-media; gyroscope; picture-in-picture\" allowfullscreen><\/iframe><\/p>\n<hr \/>\n<p style=\"text-align: justify;\"><span style=\"color: #ff0000;\"><strong>MAIS CULTURA<\/strong><\/span><br \/>\nEm seu anivers\u00e1rio de 20 anos, <a href=\"https:\/\/screamyell.com.br\/site\/2002\/08\/28\/cinema-cidade-de-deus-de-fernando-meirelles-ja-nasce-classico\/\" target=\"_blank\" rel=\"noopener\"><strong>\u201cCidade de Deus\u201d<\/strong><\/a> (2002), o segundo filme estrangeiro mais visto no mundo (atr\u00e1s do franc\u00eas \u201cIntoc\u00e1veis\u201d), ganhou um interessante spin-off publicit\u00e1rio com produ\u00e7\u00e3o executiva do diretor Fernando Meirelles e colabora\u00e7\u00e3o do escritor Paulo Lins. Conte\u00fado exclusivo criado entre Vivo e Motorola, o curta metragem \u201cBuscap\u00e9\u201d \u00e9 como se juntassem \u201cCiudad de Dios\u201d + &#8220;Rio&#8221;, a anima\u00e7\u00e3o. Separe 15 minutos!<\/p>\n<p><iframe loading=\"lazy\" title=\"Vivo 5G e Motorola apresentam: Buscap\u00e9 (Cidade de Deus)\" width=\"747\" height=\"420\" src=\"https:\/\/www.youtube.com\/embed\/eIp0J3eD37c?feature=oembed\" frameborder=\"0\" allow=\"accelerometer; autoplay; clipboard-write; encrypted-media; gyroscope; picture-in-picture\" allowfullscreen><\/iframe><\/p>\n<p><img decoding=\"async\" loading=\"lazy\" class=\"alignnone size-full wp-image-60901\" src=\"https:\/\/screamyell.com.br\/site\/wp-content\/uploads\/2021\/05\/FARO_SIN-LOGOS.jpg\" sizes=\"(max-width: 750px) 100vw, 750px\" srcset=\"https:\/\/screamyell.com.br\/site\/wp-content\/uploads\/2021\/05\/FARO_SIN-LOGOS.jpg 750w, https:\/\/screamyell.com.br\/site\/wp-content\/uploads\/2021\/05\/FARO_SIN-LOGOS-300x176.jpg 300w\" alt=\"\" width=\"750\" height=\"440\" \/><\/p>\n<p style=\"text-align: center;\"><strong><a href=\"https:\/\/screamyell.com.br\/site\/tag\/faro\/\">LEIA OS PANORAMAS ANTERIORES DA FARO<\/a><\/strong><\/p>\n","protected":false},"excerpt":{"rendered":"Setembro se foi, e \u00e9 muito dif\u00edcil pensar em qualquer coisa no Brasil que n\u00e3o seja 30 de outubro, data do segundo turno das elei\u00e7\u00f5es presidenciais no pa\u00eds. Mas seguimos em frente compartilhando discos imperd\u00edveis&#8230;\n<a class=\"moretag\" href=\"https:\/\/screamyell.com.br\/site\/2022\/10\/17\/alianca-faro-panorama-brasil-destaques-de-setembro-de-2022\/\"> [...]<\/a>","protected":false},"author":106,"featured_media":70184,"comment_status":"open","ping_status":"open","sticky":false,"template":"","format":"standard","meta":[],"categories":[3],"tags":[6348,1410,4817,1182,424,1848],"_links":{"self":[{"href":"https:\/\/screamyell.com.br\/site\/wp-json\/wp\/v2\/posts\/70180"}],"collection":[{"href":"https:\/\/screamyell.com.br\/site\/wp-json\/wp\/v2\/posts"}],"about":[{"href":"https:\/\/screamyell.com.br\/site\/wp-json\/wp\/v2\/types\/post"}],"author":[{"embeddable":true,"href":"https:\/\/screamyell.com.br\/site\/wp-json\/wp\/v2\/users\/106"}],"replies":[{"embeddable":true,"href":"https:\/\/screamyell.com.br\/site\/wp-json\/wp\/v2\/comments?post=70180"}],"version-history":[{"count":11,"href":"https:\/\/screamyell.com.br\/site\/wp-json\/wp\/v2\/posts\/70180\/revisions"}],"predecessor-version":[{"id":70451,"href":"https:\/\/screamyell.com.br\/site\/wp-json\/wp\/v2\/posts\/70180\/revisions\/70451"}],"wp:featuredmedia":[{"embeddable":true,"href":"https:\/\/screamyell.com.br\/site\/wp-json\/wp\/v2\/media\/70184"}],"wp:attachment":[{"href":"https:\/\/screamyell.com.br\/site\/wp-json\/wp\/v2\/media?parent=70180"}],"wp:term":[{"taxonomy":"category","embeddable":true,"href":"https:\/\/screamyell.com.br\/site\/wp-json\/wp\/v2\/categories?post=70180"},{"taxonomy":"post_tag","embeddable":true,"href":"https:\/\/screamyell.com.br\/site\/wp-json\/wp\/v2\/tags?post=70180"}],"curies":[{"name":"wp","href":"https:\/\/api.w.org\/{rel}","templated":true}]}}