{"id":69813,"date":"2022-09-24T00:04:46","date_gmt":"2022-09-24T03:04:46","guid":{"rendered":"https:\/\/screamyell.com.br\/site\/?p=69813"},"modified":"2022-10-28T14:53:01","modified_gmt":"2022-10-28T17:53:01","slug":"faixa-a-faixa-contos-de-terra-e-sol-o-jazz-piauiense-de-jean-medeiros","status":"publish","type":"post","link":"https:\/\/screamyell.com.br\/site\/2022\/09\/24\/faixa-a-faixa-contos-de-terra-e-sol-o-jazz-piauiense-de-jean-medeiros\/","title":{"rendered":"Faixa a faixa: \u201cContos de Terra e Sol\u201d, o jazz piauiense de Jean Medeiros"},"content":{"rendered":"<h2 style=\"text-align: center;\"><strong>introdu\u00e7\u00e3o por\u00a0<a href=\"https:\/\/www.hominiscanidae.org\/\" target=\"_blank\" rel=\"noopener\">Diego Albuquerque<\/a><\/strong><br \/>\nFaixa a faixa por Jean Medeiros<\/h2>\n<p style=\"text-align: justify;\">Jean Medeiros \u00e9 guitarrista, arranjador, compositor e educador musical. Atuante na esferas acad\u00eamica e art\u00edstica h\u00e1 pouco mais de uma d\u00e9cada, Jean coleciona assinaturas em v\u00e1rios trabalhos fonogr\u00e1ficos e audiovisuais de artistas piauienses dos mais diversos nichos e, ap\u00f3s lan\u00e7ar um EP de estreia com o Mondu\u00e1 Quarteto em 2020 (\u201cFloresta\u201d), chega enfim ao seu primeiro trabalho solo, <a href=\"https:\/\/tratore.ffm.to\/contosdeterraesol\" target=\"_blank\" rel=\"noopener\">\u201cContos de Terra e Sol<\/a>\u201d (2022).<\/p>\n<p style=\"text-align: justify;\">Seu debute instrumental solo conta com oito m\u00fasicas autorais marcadas pelo jazz brasileiro, pela m\u00fasica nordestina, o bai\u00e3o, o samba e o folclore. \u201c<a href=\"https:\/\/tratore.ffm.to\/contosdeterraesol\" target=\"_blank\" rel=\"noopener\">Contos de Terra e Sol<\/a>\u201d fala sobre momentos marcantes vividos em sua terra natal, conhecida pelo calor do seu sol e de seu povo. \u201cO que de fato fez com que minha viagem ao Piau\u00ed se tornasse apenas de ida foi, no fim das contas, a m\u00fasica piauiense. O Piau\u00ed vai bem demais e sempre foi\u201d, afirma o artista.<\/p>\n<p style=\"text-align: justify;\">Para se aprofundar um pouco mais no \u00e1lbum pedimos para Jean falar um pouco de cada uma das faixas, que al\u00e9m dele nas guitarras e algumas vozes conta com Frederico Heliodoro (baixo), Thiago Ueda (teclado) e Ajurin\u00e3 Zwarg (bateria). D\u00ea o play no \u00e1lbum no seu streaming preferido clicando aqui e leia o faixa a faixa feito pelo Jean logo abaixo:<\/p>\n<p><iframe loading=\"lazy\" title=\"Contos de Terra e Sol\" width=\"747\" height=\"420\" src=\"https:\/\/www.youtube.com\/embed\/videoseries?list=OLAK5uy_l1ln1gO54pGgPsoXFVCpybLQYWMRbwnqg\" frameborder=\"0\" allow=\"accelerometer; autoplay; clipboard-write; encrypted-media; gyroscope; picture-in-picture\" allowfullscreen><\/iframe><\/p>\n<p style=\"text-align: justify;\"><strong>01) \u201cContos de Terra e Sol\u201d:<\/strong> A primeira faixa, hom\u00f4nima do \u00e1lbum, veio por meio de um banho de terra (literalmente) do av\u00f4 materno e \u00e9 fruto de uma reflex\u00e3o sobre a condi\u00e7\u00e3o do ser humano, suas necessidades e constru\u00e7\u00f5es. Atrav\u00e9s de seus compassos compostos, harmonia inquieta e melodia cantante procura falar sobre a vida por meios que a palavra n\u00e3o percorre.<\/p>\n<p style=\"text-align: justify;\"><strong>02) \u201cResolu\u00e7\u00e3o\u201d:<\/strong> Esse som fala sobre o momento em que houve, de fato, a constata\u00e7\u00e3o de que o caminho seria a m\u00fasica; recado recebido pelos ouvidos e pela alma de um adolescente atrav\u00e9s do viol\u00e3o de Josu\u00e9 Costa no coreto da pra\u00e7a Pedro Segundo. Afrosamba com pitadas de m\u00fasica latina, conta com as participa\u00e7\u00f5es de Rafael Fortes (RJ) e Lucas Rolim (PI).<\/p>\n<p style=\"text-align: justify;\"><strong>03) \u201cUm Som Pra N\u00f3s\u201d:<\/strong> Com grande influ\u00eancia da salsa e da m\u00fasica brasileira, essa balada leva consigo gratid\u00e3o pelas experi\u00eancias e sinergias que os relacionamentos interpessoais podem oferecer e \u00e9 dedicada \u00e0 \u00c1gatha Larissa. A faixa conta com a participa\u00e7\u00e3o de Sorane Costa (PI).<\/p>\n<p style=\"text-align: justify;\"><strong>04) \u201cPau de Chuva\u201d:<\/strong> A quarta faixa do disco conta com um prel\u00fadio em dueto de guitarra e percuss\u00e3o em sua introdu\u00e7\u00e3o e cont\u00e9m forte influ\u00eancia do bumba meu boi e da m\u00fasica regional em fus\u00e3o com um andamento calmo e uma melodia suave. S\u00edntese de uma tarde chuvosa, uma varanda, um viol\u00e3o e uma primeira partitura, resultaram em um momento gravado no peito.<\/p>\n<p style=\"text-align: justify;\"><strong>05) \u201cS\u00f3 de Ida\u201d:<\/strong> \u00c9, de fato, uma viagem que planejava ser visita e acabou se transformando em morada atrav\u00e9s da beleza das pessoas, lugares e eventos para os quais a vida abre as portas sem pedir. Seu ritmo dan\u00e7ante e compasso tern\u00e1rio carregam no DNA o nordeste e o folclore e contam com a participa\u00e7\u00e3o de Jo\u00e3o Filho (PI).<\/p>\n<p style=\"text-align: justify;\"><strong>06) \u201cMeia Noite e Vinte e Quatro\u201d:<\/strong> \u00c0 meia-noite e vinte e quatro de um domingo, a chegada de um amor ainda desconhecido e avassalador transformou as batidas do cora\u00e7\u00e3o em m\u00fasica e as deu ambas, pulso e som, de presentes para minha filha. Com andamento tranquilo e influ\u00eancias do jazz e da m\u00fasica brasileira, conta com a participa\u00e7\u00e3o de Rafael Fortes e com as risadas da Anaya numa tarde chuvosa.<\/p>\n<p style=\"text-align: justify;\"><strong>07) \u201cFogoPag\u00f4\u201d:<\/strong> Essa veio de uma tentativa boba de harmonizar a melodia que um fogopag\u00f4 insistia em cantar sobre um p\u00e9 de caju de um dos lugares favoritos do compositor. O canto desse p\u00e1ssaro serviu como c\u00e9lula r\u00edtmica e espiritual desse bai\u00e3o com toque moderno e livre que conta com a participa\u00e7\u00e3o do acordeon de Cris Lima (PB).<\/p>\n<p style=\"text-align: justify;\"><strong>08) \u201cZ\u00eanite\u201d:<\/strong> A \u00faltima faixa representa o sentimento de gratid\u00e3o pelo processo de concep\u00e7\u00e3o do \u00e1lbum e das linhas da vida que guiaram at\u00e9 as experi\u00eancias do sentir e transformar. Unindo a harmonia jazzy com melodias simples e synths expressivos temos uma atmosfera calma e ao mesmo tempo movimentada como o vento que circula sob os pontos mais altos. Conta tamb\u00e9m com vozes de Sorane Costa.<\/p>\n<figure id=\"attachment_69816\" aria-describedby=\"caption-attachment-69816\" style=\"width: 750px\" class=\"wp-caption alignnone\"><img decoding=\"async\" loading=\"lazy\" class=\"wp-image-69816 size-full\" src=\"https:\/\/screamyell.com.br\/site\/wp-content\/uploads\/2022\/09\/CAPA-Contos-de-terra-e-sol-copiar.jpg\" alt=\"\" width=\"750\" height=\"750\" srcset=\"https:\/\/screamyell.com.br\/site\/wp-content\/uploads\/2022\/09\/CAPA-Contos-de-terra-e-sol-copiar.jpg 750w, https:\/\/screamyell.com.br\/site\/wp-content\/uploads\/2022\/09\/CAPA-Contos-de-terra-e-sol-copiar-300x300.jpg 300w, https:\/\/screamyell.com.br\/site\/wp-content\/uploads\/2022\/09\/CAPA-Contos-de-terra-e-sol-copiar-150x150.jpg 150w\" sizes=\"(max-width: 750px) 100vw, 750px\" \/><figcaption id=\"caption-attachment-69816\" class=\"wp-caption-text\"><em>Capa do \u00e1lbum de Jean Medeiros<\/em><\/figcaption><\/figure>\n","protected":false},"excerpt":{"rendered":"Debute instrumental solo do guitarrista Jean Medeiros conta com oito m\u00fasicas autorais marcadas pelo jazz brasileiro, pela m\u00fasica nordestina, o bai\u00e3o, o samba e o folclore.\n<a class=\"moretag\" href=\"https:\/\/screamyell.com.br\/site\/2022\/09\/24\/faixa-a-faixa-contos-de-terra-e-sol-o-jazz-piauiense-de-jean-medeiros\/\"> [...]<\/a>","protected":false},"author":103,"featured_media":69815,"comment_status":"open","ping_status":"open","sticky":false,"template":"","format":"standard","meta":[],"categories":[3],"tags":[6326],"_links":{"self":[{"href":"https:\/\/screamyell.com.br\/site\/wp-json\/wp\/v2\/posts\/69813"}],"collection":[{"href":"https:\/\/screamyell.com.br\/site\/wp-json\/wp\/v2\/posts"}],"about":[{"href":"https:\/\/screamyell.com.br\/site\/wp-json\/wp\/v2\/types\/post"}],"author":[{"embeddable":true,"href":"https:\/\/screamyell.com.br\/site\/wp-json\/wp\/v2\/users\/103"}],"replies":[{"embeddable":true,"href":"https:\/\/screamyell.com.br\/site\/wp-json\/wp\/v2\/comments?post=69813"}],"version-history":[{"count":1,"href":"https:\/\/screamyell.com.br\/site\/wp-json\/wp\/v2\/posts\/69813\/revisions"}],"predecessor-version":[{"id":69817,"href":"https:\/\/screamyell.com.br\/site\/wp-json\/wp\/v2\/posts\/69813\/revisions\/69817"}],"wp:featuredmedia":[{"embeddable":true,"href":"https:\/\/screamyell.com.br\/site\/wp-json\/wp\/v2\/media\/69815"}],"wp:attachment":[{"href":"https:\/\/screamyell.com.br\/site\/wp-json\/wp\/v2\/media?parent=69813"}],"wp:term":[{"taxonomy":"category","embeddable":true,"href":"https:\/\/screamyell.com.br\/site\/wp-json\/wp\/v2\/categories?post=69813"},{"taxonomy":"post_tag","embeddable":true,"href":"https:\/\/screamyell.com.br\/site\/wp-json\/wp\/v2\/tags?post=69813"}],"curies":[{"name":"wp","href":"https:\/\/api.w.org\/{rel}","templated":true}]}}