{"id":69172,"date":"2022-09-06T03:38:33","date_gmt":"2022-09-06T06:38:33","guid":{"rendered":"https:\/\/screamyell.com.br\/site\/?p=69172"},"modified":"2022-10-06T00:28:17","modified_gmt":"2022-10-06T03:28:17","slug":"ao-vivo-em-noite-sold-out-no-sesc-pompeia-maglore-lanca-um-dos-grandes-discos-de-2022-com-publico-cantado-tudo-do-comeco-ao-fim","status":"publish","type":"post","link":"https:\/\/screamyell.com.br\/site\/2022\/09\/06\/ao-vivo-em-noite-sold-out-no-sesc-pompeia-maglore-lanca-um-dos-grandes-discos-de-2022-com-publico-cantado-tudo-do-comeco-ao-fim\/","title":{"rendered":"Ao vivo: Em noite sold out em SP, Maglore lan\u00e7a um dos grandes discos de 2022 com p\u00fablico cantado tudo do come\u00e7o ao fim"},"content":{"rendered":"<h2 style=\"text-align: center;\"><strong>texto e fotos por <a href=\"https:\/\/www.facebook.com\/marcelo.costa.5855\" target=\"_blank\" rel=\"noopener\">Marcelo Costa<\/a><br \/>\nv\u00eddeos por <a href=\"https:\/\/twitter.com\/noacapelas\" target=\"_blank\" rel=\"noopener\">Bruno Capelas<\/a><\/strong><\/h2>\n<p style=\"text-align: justify;\">Shows de lan\u00e7amento no Sesc s\u00e3o sempre um momento raro que um artista\/ banda tem para mostrar ao p\u00fablico seu novo material com tudo aquilo que se tem direito. O cach\u00ea, mais gordo que o de um show &#8220;comum&#8221;, permite replicar no palco das unidades o material produzido em est\u00fadio tal qual ele soa em disco, e para levar seu quinto trabalho ao palco da charmosa choperia (eu sei, eu sei, comedoria) do Sesc Pompeia, o rec\u00e9m-lan\u00e7ado \u201cV\u201d, a Maglore n\u00e3o economizou: ladeado por um trio de cordas \u00e0 direita e por um trio de metais \u00e0 esquerda, a banda mostrou seu novo \u00e1lbum na integra de uma maneira que poucos sortudos v\u00e3o ver no pa\u00eds.<\/p>\n<figure id=\"attachment_69174\" aria-describedby=\"caption-attachment-69174\" style=\"width: 750px\" class=\"wp-caption aligncenter\"><img decoding=\"async\" loading=\"lazy\" class=\"wp-image-69174 size-full\" src=\"https:\/\/screamyell.com.br\/site\/wp-content\/uploads\/2022\/09\/magloresesc1.jpg\" alt=\"\" width=\"750\" height=\"440\" srcset=\"https:\/\/screamyell.com.br\/site\/wp-content\/uploads\/2022\/09\/magloresesc1.jpg 750w, https:\/\/screamyell.com.br\/site\/wp-content\/uploads\/2022\/09\/magloresesc1-300x176.jpg 300w\" sizes=\"(max-width: 750px) 100vw, 750px\" \/><figcaption id=\"caption-attachment-69174\" class=\"wp-caption-text\"><em>Thiago Mello, Denise Oliveira e Michele Mello<\/em><\/figcaption><\/figure>\n<p style=\"text-align: justify;\"><a href=\"https:\/\/screamyell.com.br\/site\/2022\/08\/29\/entrevista-maglore-lanca-v-olhando-para-o-passado-e-teago-oliveira-diz-que-a-banda-vive-sua-melhor-fase\/\" target=\"_blank\" rel=\"noopener\">Em uma conversa elucidativa com Leonardo Vinhas no Scream &amp; Yell<\/a>, Teago Oliveira j\u00e1 dava a letra: \u201c(O show do \u2018V\u2019 na estrada) Vai ficar naked mesmo\u201d, explicando logo depois: \u201cDessa vez a gente foi em prol da m\u00fasica mesmo, se permitiu falar assim: \u2018olha, \u00e9 uma orquestra e uns sopros, \u00e9 Frank Sinatra com Jorge Ben e foda-se\u2019, entendeu? A m\u00fasica t\u00e1 pedindo isso, ent\u00e3o \u00e9 isso que vamos fazer. E acho tamb\u00e9m que pode ficar at\u00e9 mais interessante deixar a coisa diferente ao vivo\u201d. De fato, uma das coisas belas da m\u00fasica pop \u00e9 a maneira como ela pode se adaptar, se recriar, transformando-se em outra coisa nova e bela, mas nessa noite em S\u00e3o Paulo um grupo de 10 pessoas sobre um palco tinha a fina miss\u00e3o de dar vida a um dos grandes discos de 2022 do jeitinho que ele nasceu.<\/p>\n<figure id=\"attachment_69177\" aria-describedby=\"caption-attachment-69177\" style=\"width: 750px\" class=\"wp-caption aligncenter\"><img decoding=\"async\" loading=\"lazy\" class=\"wp-image-69177 size-full\" src=\"https:\/\/screamyell.com.br\/site\/wp-content\/uploads\/2022\/09\/magloresesc4.jpg\" alt=\"\" width=\"750\" height=\"440\" srcset=\"https:\/\/screamyell.com.br\/site\/wp-content\/uploads\/2022\/09\/magloresesc4.jpg 750w, https:\/\/screamyell.com.br\/site\/wp-content\/uploads\/2022\/09\/magloresesc4-300x176.jpg 300w\" sizes=\"(max-width: 750px) 100vw, 750px\" \/><figcaption id=\"caption-attachment-69177\" class=\"wp-caption-text\"><em>Lelo Brand\u00e3o e Teago Oliveira<\/em><\/figcaption><\/figure>\n<p style=\"text-align: justify;\">E o come\u00e7o n\u00e3o poderia ser melhor com tr\u00eas can\u00e7\u00f5es de \u201cV\u201d abrindo a noite de modo festivo, com todo p\u00fablico cantando junto letras que dizem muita coisa sobre esses dias estranhos que estamos vivendo: da primeira \u201cA Vida \u00e9 Uma Aventura\u201d, que tamb\u00e9m abre \u201cV\u201d e traz frases (p\u00f3s pandemia) que beliscam o bra\u00e7o do ouvinte como \u201cA gente envelheceu, a gente superou\u201d ou \u201cInevitavelmente, voc\u00ea vai sofrer de novo\u201d ou ainda \u201cCada segundo em cada lugar \/ Tem sangue e cacha\u00e7a pra gente brindar\u201d passando pela candura pop de \u201cAmor de Ver\u00e3o\u201d e chegando na poderosa \u201cEles\u201d (com intro remetendo a \u201cRockixe\u201d, do grande Raul), uma can\u00e7\u00e3o sobre fuzis e botas, verdades e conspira\u00e7\u00f5es, que define sabiamente: \u201cEles n\u00e3o t\u00eam chance, n\u00e3o \/ Eles n\u00e3o entendem o que s\u00e3o \/ N\u00e3o h\u00e1 beleza, \u00e9 s\u00f3 tristeza e v\u00edcio em destrui\u00e7\u00e3o\u201d.<\/p>\n<figure id=\"attachment_69176\" aria-describedby=\"caption-attachment-69176\" style=\"width: 750px\" class=\"wp-caption aligncenter\"><img decoding=\"async\" loading=\"lazy\" class=\"wp-image-69176 size-full\" src=\"https:\/\/screamyell.com.br\/site\/wp-content\/uploads\/2022\/09\/magloresesc3.jpg\" alt=\"\" width=\"750\" height=\"500\" srcset=\"https:\/\/screamyell.com.br\/site\/wp-content\/uploads\/2022\/09\/magloresesc3.jpg 750w, https:\/\/screamyell.com.br\/site\/wp-content\/uploads\/2022\/09\/magloresesc3-300x200.jpg 300w\" sizes=\"(max-width: 750px) 100vw, 750px\" \/><figcaption id=\"caption-attachment-69176\" class=\"wp-caption-text\"><em>Teago Oliveira e Lucas Gon\u00e7alves <\/em><\/figcaption><\/figure>\n<p style=\"text-align: justify;\">A receptividade ao bloco inicial n\u00e3o passou batido por Teago: &#8220;\u00d4, galera, que bom saber que voc\u00eas realmente ouviram o disco&#8221;, comentou, avisando que a banda ainda iria passar pelo repert\u00f3rio dos \u00e1lbuns anteriores, deixa para que \u201cMe Deixa Legal\u201d (do disco \u201cTodas as Bandeiras\u201d, de 2017) e \u201cAi Ai\u201d, do disco \u201cIII\u201d (2015), preenchessem o ambiente e fossem tomadas pela audi\u00eancia, que levou a letra da segunda sozinha. \u201cSe Voc\u00ea Fosse Minha\u201d surgiu na vers\u00e3o do disco ao vivo, acrescida de \u201cLenda do Abaet\u00e9\u201d, e a felicidade estampada em cada rosto dava conta de que algo especial estava acontecendo em um dos lugares mais especiais da cidade (\u201cTem cinco anos que a gente n\u00e3o toca no Sesc Pompeia, um dos lugares mais importantes de S\u00e3o Paulo\u201d, comentou o vocalista em certo momento).<\/p>\n<figure id=\"attachment_69179\" aria-describedby=\"caption-attachment-69179\" style=\"width: 750px\" class=\"wp-caption aligncenter\"><img decoding=\"async\" loading=\"lazy\" class=\"wp-image-69179 size-full\" src=\"https:\/\/screamyell.com.br\/site\/wp-content\/uploads\/2022\/09\/magloresesc6.jpg\" alt=\"\" width=\"750\" height=\"440\" srcset=\"https:\/\/screamyell.com.br\/site\/wp-content\/uploads\/2022\/09\/magloresesc6.jpg 750w, https:\/\/screamyell.com.br\/site\/wp-content\/uploads\/2022\/09\/magloresesc6-300x176.jpg 300w\" sizes=\"(max-width: 750px) 100vw, 750px\" \/><figcaption id=\"caption-attachment-69179\" class=\"wp-caption-text\"><em>Lelo Brand\u00e3o, Teago Oliveira e Lucas Gon\u00e7alves<\/em><\/figcaption><\/figure>\n<p style=\"text-align: justify;\">O p\u00fablico, que esgotou antecipadamente todos os ingressos da apresenta\u00e7\u00e3o, foi saudado por Teago na sequ\u00eancia: \u201cFicamos dois anos enclausurados em nossos apartamentos e a gente n\u00e3o faz ideia como a banda n\u00e3o acabou, acho que foi um pouco por causa de voc\u00eas, muito obrigado\u201d. Mais duas faixas novas, a bonita \u201cTransicional\u201d (uma m\u00fasica sobre \u201cfor\u00e7a e coragem\u201d cuja letra <a href=\"https:\/\/www.instagram.com\/p\/ChqA14pvwez\/\" target=\"_blank\" rel=\"noopener\">Teago se inspirou a escrever ap\u00f3s ler uma entrevista de Hunter Schaeffer<\/a>, atriz da s\u00e9rie \u201cEuforia\u201d, mas que tamb\u00e9m soa como quase uma irm\u00e3 mais nova de \u201cHate It Here\u201d, do Wilco) e a mineirice beatle (leia-se: Clube da Esquina) linda de \u201cVira-Lata\u201d, com o baixista Lucas Gon\u00e7alves refor\u00e7ando os vocais, antecipando a j\u00e1 cl\u00e1ssica \u201cMotor\u201d, para del\u00edrio do p\u00fablico. \u201cEssa sequ\u00eancia a gente pegou do Twitter de algu\u00e9m\u201d, confidenciou Teago.<\/p>\n<p><iframe loading=\"lazy\" title=\"Maglore - Transicional\" width=\"747\" height=\"420\" src=\"https:\/\/www.youtube.com\/embed\/ownuATgpZQU?feature=oembed\" frameborder=\"0\" allow=\"accelerometer; autoplay; clipboard-write; encrypted-media; gyroscope; picture-in-picture\" allowfullscreen><\/iframe><\/p>\n<p style=\"text-align: justify;\">Ap\u00f3s outra m\u00fasica do \u201cIII\u201d (\u201cInvejosa\u201d), a banda come\u00e7ou a diminuir a velocidade com mais um bloco (fofo) de \u201cV\u201d (entre Wilco e Clube da Esquina com um p\u00e9 na psicodelia) aberto primeiramente com \u201cTalvez\u201d e seguida por \u201cMedianias\u201d, \u201cOutra Vez\u201d (acompanhada em coro pelo p\u00fablico, que vibrava a cada can\u00e7\u00e3o nova presente no set) e o reggae \u201cRev\u00e9s de Tudo\u201d, preparando o p\u00fablico para a dobradinha \u201cDan\u00e7a Diferente\u201d \/ \u201cCaf\u00e9 com P\u00e3o\u201d (outras duas do \u201cIII\u201d). As baladinhas bossa \u201cAmor Antigo\u201d e \u201cPara Gil e Donato\u201d &#8211; que devem ficar ausentes de outros shows &#8211; foram o momento para o p\u00fablico lotar o bar atr\u00e1s de cerveja se preparando para a micareta final \u2013 antes, por\u00e9m, Luquinhas mostrou uma das mais belas can\u00e7\u00f5es de \u201cV\u201d, a maravilhosa \u201cMaio, 1968\u201d.<\/p>\n<figure id=\"attachment_69183\" aria-describedby=\"caption-attachment-69183\" style=\"width: 750px\" class=\"wp-caption aligncenter\"><img decoding=\"async\" loading=\"lazy\" class=\"wp-image-69183 size-full\" src=\"https:\/\/screamyell.com.br\/site\/wp-content\/uploads\/2022\/09\/magloresesc10.jpg\" alt=\"\" width=\"750\" height=\"478\" srcset=\"https:\/\/screamyell.com.br\/site\/wp-content\/uploads\/2022\/09\/magloresesc10.jpg 750w, https:\/\/screamyell.com.br\/site\/wp-content\/uploads\/2022\/09\/magloresesc10-300x191.jpg 300w\" sizes=\"(max-width: 750px) 100vw, 750px\" \/><figcaption id=\"caption-attachment-69183\" class=\"wp-caption-text\"><em>Lucas Gon\u00e7alves<\/em><\/figcaption><\/figure>\n<p style=\"text-align: justify;\">Ap\u00f3s o deslumbre, a farra. \u201cLogo mais a gente vai tocar em Salvador e l\u00e1 vou precisar colocar a minha bandana do Bell Marques\u201d, brincou Teago. O p\u00fablico, por\u00e9m, levou a s\u00e9rio, e o carnaval se instaurou no Sesc Pompeia com uma tr\u00edade de can\u00e7\u00f5es retiradas do disco \u201cTodas as Bandeiras\u201d incendiando a galera: \u201cCalma\u201d, \u201cAquela For\u00e7a\u201d e \u201cValeu, Valeu\u201d fizeram todo mundo dan\u00e7ar, pular, pogar abra\u00e7ados como se estivessem em um bloco de rua e, n\u00e3o querendo perder a magia do momento, a banda nem deixou o palco, emendando no bis o hit \u201cMantra\u201d e uma das preferidas do disco novo pelo f\u00e3 clube, a poderosa \u201cEsp\u00edrito Selvagem\u201d, com metais e cordas juntas encorpando o som e fechando com chave de ouro com Teago apresentando os nove m\u00fasicos presentes no palco e finalizando uma noite deliciosa de m\u00fasica e festa dizendo: \u201cE eu sou Luiz In\u00e1cio Lula da Silva\u201d.<\/p>\n<figure id=\"attachment_69182\" aria-describedby=\"caption-attachment-69182\" style=\"width: 750px\" class=\"wp-caption aligncenter\"><img decoding=\"async\" loading=\"lazy\" class=\"wp-image-69182 size-full\" src=\"https:\/\/screamyell.com.br\/site\/wp-content\/uploads\/2022\/09\/magloresesc9.jpg\" alt=\"\" width=\"750\" height=\"1038\" srcset=\"https:\/\/screamyell.com.br\/site\/wp-content\/uploads\/2022\/09\/magloresesc9.jpg 750w, https:\/\/screamyell.com.br\/site\/wp-content\/uploads\/2022\/09\/magloresesc9-217x300.jpg 217w\" sizes=\"(max-width: 750px) 100vw, 750px\" \/><figcaption id=\"caption-attachment-69182\" class=\"wp-caption-text\"><em>Lelo Brand\u00e3o<\/em><\/figcaption><\/figure>\n<p style=\"text-align: justify;\">No Scream &amp; Yell, ao falar sobre \u201cV\u201d, <a href=\"https:\/\/screamyell.com.br\/site\/2022\/08\/29\/entrevista-maglore-lanca-v-olhando-para-o-passado-e-teago-oliveira-diz-que-a-banda-vive-sua-melhor-fase\/\" target=\"_blank\" rel=\"noopener\">Leonardo Vinhas escreveu<\/a>: \u201c&#8230;ouvido na sequ\u00eancia, o novo disco da Maglore tem um efeito de \u2018eleva\u00e7\u00e3o\u2019. Ao resgatar sentimentos e ideias que ficaram soterrados sob camada de \u00f3dio e ansiedade em nosso dia a dia, a Maglore entrega o que s\u00f3 a melhor m\u00fasica pop consegue entregar: a sensa\u00e7\u00e3o de que, por mais dif\u00edceis que as coisas estejam, ainda \u00e9 poss\u00edvel encontrar e vivenciar beleza e alegria\u201d, definindo n\u00e3o s\u00f3 com perspic\u00e1cia o novo trabalho do quarteto, como o sentimento que as novas can\u00e7\u00f5es causam no p\u00fablico, algo que ficou estampado na plateia do Sesc Pompeia, felizarda ainda por assistir ao show completo, com todas as can\u00e7\u00f5es do disco \u201cV\u201d soando como soam em est\u00fadio. Como v\u00e3o soar essas can\u00e7\u00f5es na vers\u00e3o \u201cnaked\u201d, sem metais e sem cordas, na estrada? A gente vai descobrir logo, logo. Por enquanto, sorriso no rosto e o pedido para tratar um dos candidatos a disco do ano do jeito que ele merece: ouvindo-o. Play no disco e pausa para os novos cap\u00edtulos.<\/p>\n<p><iframe loading=\"lazy\" title=\"Maglore - Esp\u00edrito Selvagem\" width=\"747\" height=\"420\" src=\"https:\/\/www.youtube.com\/embed\/9SfkIOxcQPE?list=PL6gBQKY5zwa2Bdu-KhgNFSAxWYxC3eRc4\" frameborder=\"0\" allow=\"accelerometer; autoplay; clipboard-write; encrypted-media; gyroscope; picture-in-picture\" allowfullscreen><\/iframe><\/p>\n<p><em>\u2013\u00a0Marcelo Costa\u00a0(<a href=\"https:\/\/twitter.com\/screamyell\" target=\"_blank\" rel=\"noopener noreferrer\">@screamyell<\/a>) \u00e9 editor do Scream &amp; Yell e assina a\u00a0<a href=\"https:\/\/screamyell.com.br\/blog\/\" target=\"_blank\" rel=\"noopener noreferrer\">Calmantes com Champagne<\/a>.<br \/>\n\u2013 Bruno Capelas (<a href=\"https:\/\/twitter.com\/#%21\/noacapelas\" target=\"_blank\" rel=\"noopener noreferrer\">@noacapelas<\/a>) \u00e9 jornalista. Apresenta o\u00a0<a href=\"https:\/\/twitter.com\/indieeldorado\" target=\"_blank\" rel=\"noopener\">Programa de Indie<\/a>, na Eldorado FM, e \u00e9 autor de \u201c<a href=\"https:\/\/www.amazon.com.br\/Raios-trov%C3%B5es-hist%C3%B3ria-fen%C3%B4meno-R%C3%A1-Tim-Bum\/dp\/8532311385\" target=\"_blank\" rel=\"noopener\">Raios e Trov\u00f5es \u2013 A hist\u00f3ria do fen\u00f4meno Castelo R\u00e1-Tim-Bum<\/a>\u201d, editado pela Summus Editorial. Colabora com o Scream &amp; Yell desde 2010.<\/em><\/p>\n","protected":false},"excerpt":{"rendered":"Em noite mais do que especial, a Maglore mostrou as can\u00e7\u00f5es de &#8220;V&#8221; acompanhada de um trio de metais e um trio de cordas. P\u00fablico fez coro nas can\u00e7\u00f5es novas e nos hits!\n<a class=\"moretag\" href=\"https:\/\/screamyell.com.br\/site\/2022\/09\/06\/ao-vivo-em-noite-sold-out-no-sesc-pompeia-maglore-lanca-um-dos-grandes-discos-de-2022-com-publico-cantado-tudo-do-comeco-ao-fim\/\"> [...]<\/a>","protected":false},"author":2,"featured_media":69178,"comment_status":"open","ping_status":"open","sticky":false,"template":"","format":"standard","meta":[],"categories":[3],"tags":[188],"_links":{"self":[{"href":"https:\/\/screamyell.com.br\/site\/wp-json\/wp\/v2\/posts\/69172"}],"collection":[{"href":"https:\/\/screamyell.com.br\/site\/wp-json\/wp\/v2\/posts"}],"about":[{"href":"https:\/\/screamyell.com.br\/site\/wp-json\/wp\/v2\/types\/post"}],"author":[{"embeddable":true,"href":"https:\/\/screamyell.com.br\/site\/wp-json\/wp\/v2\/users\/2"}],"replies":[{"embeddable":true,"href":"https:\/\/screamyell.com.br\/site\/wp-json\/wp\/v2\/comments?post=69172"}],"version-history":[{"count":9,"href":"https:\/\/screamyell.com.br\/site\/wp-json\/wp\/v2\/posts\/69172\/revisions"}],"predecessor-version":[{"id":69202,"href":"https:\/\/screamyell.com.br\/site\/wp-json\/wp\/v2\/posts\/69172\/revisions\/69202"}],"wp:featuredmedia":[{"embeddable":true,"href":"https:\/\/screamyell.com.br\/site\/wp-json\/wp\/v2\/media\/69178"}],"wp:attachment":[{"href":"https:\/\/screamyell.com.br\/site\/wp-json\/wp\/v2\/media?parent=69172"}],"wp:term":[{"taxonomy":"category","embeddable":true,"href":"https:\/\/screamyell.com.br\/site\/wp-json\/wp\/v2\/categories?post=69172"},{"taxonomy":"post_tag","embeddable":true,"href":"https:\/\/screamyell.com.br\/site\/wp-json\/wp\/v2\/tags?post=69172"}],"curies":[{"name":"wp","href":"https:\/\/api.w.org\/{rel}","templated":true}]}}