{"id":65964,"date":"2022-05-02T15:26:52","date_gmt":"2022-05-02T18:26:52","guid":{"rendered":"https:\/\/screamyell.com.br\/site\/?p=65964"},"modified":"2022-05-28T00:20:04","modified_gmt":"2022-05-28T03:20:04","slug":"ao-vivo-lamparina-e-francisco-el-hombre-promovem-festa-vermelha-na-reabertura-da-autentica-em-bh","status":"publish","type":"post","link":"https:\/\/screamyell.com.br\/site\/2022\/05\/02\/ao-vivo-lamparina-e-francisco-el-hombre-promovem-festa-vermelha-na-reabertura-da-autentica-em-bh\/","title":{"rendered":"Ao vivo: Lamparina e Francisco, el Hombre promovem festa vermelha na reabertura da Aut\u00eantica, em BH"},"content":{"rendered":"<h2 style=\"text-align: center;\"><strong>Texto e fotos por\u00a0<a href=\"https:\/\/www.facebook.com\/biciati\" target=\"_blank\" rel=\"noopener noreferrer\">Alexandre Biciati<\/a><\/strong><\/h2>\n<p style=\"text-align: justify;\">Lamparina e Francisco, el Hombre se apresentaram no segundo dia de shows que celebram a reabertura da <a href=\"https:\/\/www.instagram.com\/autentica.bh\/\" target=\"_blank\" rel=\"noopener\">Aut\u00eantica<\/a>, em Belo Horizonte, que agora tem capacidade para 1.200 pessoas em detrimento das 400 que comportavam a antiga casa, uma das mais bacanas da capital mineira. Nesta primeira semana esgotaram os ingressos para os tr\u00eas dias de shows, sendo Tom Z\u00e9 e Laura Catarina na primeira noite e <a href=\"https:\/\/screamyell.com.br\/site\/2022\/03\/19\/ao-vivo-marina-sena-entrega-felicidade-em-show-no-sesc-pompeia\/\" target=\"_blank\" rel=\"noopener\">Marina Sena<\/a> na terceira.<\/p>\n<p><img decoding=\"async\" loading=\"lazy\" class=\"alignnone size-full wp-image-65966\" src=\"https:\/\/screamyell.com.br\/site\/wp-content\/uploads\/2022\/05\/autentica_3004@alexandrebiciati-01.jpg\" alt=\"\" width=\"750\" height=\"440\" srcset=\"https:\/\/screamyell.com.br\/site\/wp-content\/uploads\/2022\/05\/autentica_3004@alexandrebiciati-01.jpg 750w, https:\/\/screamyell.com.br\/site\/wp-content\/uploads\/2022\/05\/autentica_3004@alexandrebiciati-01-300x176.jpg 300w\" sizes=\"(max-width: 750px) 100vw, 750px\" \/><\/p>\n<p style=\"text-align: justify;\">O novo espa\u00e7o, um galp\u00e3o localizado no bairro Santa Efig\u00eania, chama aten\u00e7\u00e3o por aspectos t\u00e9cnicos e de funcionalidade que favorecem a experi\u00eancia dos frequentadores. A exemplo da antiga instala\u00e7\u00e3o, a casa prima por um setup de som que impressiona pela qualidade, al\u00e9m de um sistema de ilumina\u00e7\u00e3o totalmente profissional e muito bem-vindo.<\/p>\n<p><img decoding=\"async\" loading=\"lazy\" class=\"alignnone size-full wp-image-65972\" src=\"https:\/\/screamyell.com.br\/site\/wp-content\/uploads\/2022\/05\/autentica_3004@alexandrebiciati11.jpg\" alt=\"\" width=\"750\" height=\"440\" srcset=\"https:\/\/screamyell.com.br\/site\/wp-content\/uploads\/2022\/05\/autentica_3004@alexandrebiciati11.jpg 750w, https:\/\/screamyell.com.br\/site\/wp-content\/uploads\/2022\/05\/autentica_3004@alexandrebiciati11-300x176.jpg 300w\" sizes=\"(max-width: 750px) 100vw, 750px\" \/><\/p>\n<p style=\"text-align: justify;\">A escolha das bandas desta primeira semana deixam claro qual ser\u00e1 a atua\u00e7\u00e3o da Aut\u00eantica: artistas da nova e tradicional cena com p\u00fablico cativo que emergem do underground e flertam com o mainstream. Nesse ponto, a curadoria acertou em cheio ao colocar no mesmo dia Lamparina e <a href=\"https:\/\/screamyell.com.br\/site\/2022\/02\/04\/entrevista-francisco-el-hombre-abre-as-portas-de-sua-casa\/\" target=\"_blank\" rel=\"noopener\">Francisco, el Hombre<\/a>. As bandas fazem shows muito pr\u00f3ximos no que diz respeito a sonoridade e energia e que compartilham o mesmo perfil de p\u00fablico.<\/p>\n<p><img decoding=\"async\" loading=\"lazy\" class=\"alignnone size-full wp-image-65977\" src=\"https:\/\/screamyell.com.br\/site\/wp-content\/uploads\/2022\/05\/autentica_3004@alexandrebiciati19.jpg\" alt=\"\" width=\"750\" height=\"440\" srcset=\"https:\/\/screamyell.com.br\/site\/wp-content\/uploads\/2022\/05\/autentica_3004@alexandrebiciati19.jpg 750w, https:\/\/screamyell.com.br\/site\/wp-content\/uploads\/2022\/05\/autentica_3004@alexandrebiciati19-300x176.jpg 300w\" sizes=\"(max-width: 750px) 100vw, 750px\" \/><\/p>\n<p style=\"text-align: justify;\">O Lamparina, no reencontro com a cidade natal, se deparou com uma plateia afiada cantando a plenos pulm\u00f5es as letras do novo disco \u201cZam Zam\u201d (2021) que foi tocado praticamente na \u00edntegra. A banda ainda presenteou os f\u00e3s com can\u00e7\u00f5es do primeiro \u00e1lbum \u201cManda Dizer\u201d (2018), tocando na sequ\u00eancia \u201cBordaduras\u201d, \u201cClareava\u201d e \u201cQuando a Saudade foi Embora\u201d.<\/p>\n<p><img decoding=\"async\" loading=\"lazy\" class=\"alignnone size-full wp-image-65971\" src=\"https:\/\/screamyell.com.br\/site\/wp-content\/uploads\/2022\/05\/autentica_3004@alexandrebiciati15.jpg\" alt=\"\" width=\"750\" height=\"440\" srcset=\"https:\/\/screamyell.com.br\/site\/wp-content\/uploads\/2022\/05\/autentica_3004@alexandrebiciati15.jpg 750w, https:\/\/screamyell.com.br\/site\/wp-content\/uploads\/2022\/05\/autentica_3004@alexandrebiciati15-300x176.jpg 300w\" sizes=\"(max-width: 750px) 100vw, 750px\" \/><\/p>\n<p style=\"text-align: justify;\">Temperado com uma verdadeira profus\u00e3o de estilos musicais que v\u00e3o do pagod\u00e3o baiano ao r&amp;b e ritmos como ijex\u00e1, coco, maracatu e ciranda, o show do Lamparina funcionou como um abra\u00e7o aos que tanto esperavam para reviver a experi\u00eancia da banda ao vivo em espa\u00e7o lotado. E sem m\u00e1scaras \u2013 a prefeitura de Belo Horizonte desobrigou o uso em locais fechados na mesma semana. E n\u00e3o faltou intera\u00e7\u00e3o!<\/p>\n<p><img decoding=\"async\" loading=\"lazy\" class=\"alignnone size-full wp-image-65973\" src=\"https:\/\/screamyell.com.br\/site\/wp-content\/uploads\/2022\/05\/autentica_3004@alexandrebiciati18.jpg\" alt=\"\" width=\"750\" height=\"440\" srcset=\"https:\/\/screamyell.com.br\/site\/wp-content\/uploads\/2022\/05\/autentica_3004@alexandrebiciati18.jpg 750w, https:\/\/screamyell.com.br\/site\/wp-content\/uploads\/2022\/05\/autentica_3004@alexandrebiciati18-300x176.jpg 300w\" sizes=\"(max-width: 750px) 100vw, 750px\" \/><\/p>\n<p style=\"text-align: justify;\">Em momento ins\u00f3lito, Cot\u00f4 Delamarque incitou o p\u00fablico a abrir espa\u00e7o na pista e convidou Mateo Pirac\u00e9s-Ugarte, da banda Francisco, el Hombre, para se juntar \u00e0 festa. Em outro, pediu para que o p\u00fablico abrisse um corredor onde promoveu mais um momento de euforia aglomerativa. Os epis\u00f3dios se repetiram no show da Francisco, el Hombre provando a conson\u00e2ncia de propostas. O Lamparina encerrou com os hits que fizeram sucesso nas plataformas digitais em 2019, \u201cN\u00e3o Me Entrego Pros Caretas\u201d e \u201cPochete\u201d.<\/p>\n<p><img decoding=\"async\" loading=\"lazy\" class=\"alignnone size-full wp-image-65974\" src=\"https:\/\/screamyell.com.br\/site\/wp-content\/uploads\/2022\/05\/autentica_3004@alexandrebiciati26.jpg\" alt=\"\" width=\"750\" height=\"440\" srcset=\"https:\/\/screamyell.com.br\/site\/wp-content\/uploads\/2022\/05\/autentica_3004@alexandrebiciati26.jpg 750w, https:\/\/screamyell.com.br\/site\/wp-content\/uploads\/2022\/05\/autentica_3004@alexandrebiciati26-300x176.jpg 300w\" sizes=\"(max-width: 750px) 100vw, 750px\" \/><\/p>\n<p style=\"text-align: justify;\">E se no show do Lamparina a casa j\u00e1 puxava coro contra o presidente, durante o show da Francisco, el Hombre, reconhecida por colocar os problemas sociopol\u00edticos na mesa, o caldo engrossou de vez. No repert\u00f3rio, uma mistura equilibrada de m\u00fasicas de todos os discos. O show come\u00e7ou com \u201cLoucura\u201d que abre o trabalho mais recente \u201cCasa Francisco\u201d (de 2021, <a href=\"https:\/\/screamyell.com.br\/site\/2021\/12\/20\/apca-revela-lista-com-50-melhores-albuns-brasileiros-de-2021\/\" target=\"_blank\" rel=\"noopener\">e um dos discos do ano para a APCA<\/a>), mas n\u00e3o faltaram as diretas \u201cBolso Nada\u201d de \u201cSoltabruxa\u201d (2016), e \u201cArranca a Cabe\u00e7a do Rei\u201d em homenagem ao presidente. O p\u00fablico ainda entoou \u201cOl\u00ea, ol\u00ea, ol\u00ea, ol\u00e1. Lula, Lula\u201d e a banda comprou a ideia tocando junto e fazendo uma verdadeira festa vermelha. E o vermelho ainda voltaria com tudo nas luzes do palco para fechar a noite.<\/p>\n<p><img decoding=\"async\" loading=\"lazy\" class=\"alignnone size-full wp-image-65976\" src=\"https:\/\/screamyell.com.br\/site\/wp-content\/uploads\/2022\/05\/autentica_3004@alexandrebiciati25.jpg\" alt=\"\" width=\"750\" height=\"440\" srcset=\"https:\/\/screamyell.com.br\/site\/wp-content\/uploads\/2022\/05\/autentica_3004@alexandrebiciati25.jpg 750w, https:\/\/screamyell.com.br\/site\/wp-content\/uploads\/2022\/05\/autentica_3004@alexandrebiciati25-300x176.jpg 300w\" sizes=\"(max-width: 750px) 100vw, 750px\" \/><\/p>\n<p style=\"text-align: justify;\">Mateo Pirac\u00e9s-Ugarte elencou motivos para que o show daquela noite fosse especial, dentre eles a reabertura da Aut\u00eantica e o anivers\u00e1rio da baixista Helena Papini (que entrou na banda em 2020). Helena que protagonizaria o momento mais emocionante do show ao ser beijada por Juliana Strassacapa (percuss\u00e3o e voz) ap\u00f3s cantar a l\u00edndissima \u201cTriste, Louca ou M\u00e1\u201d, m\u00fasica que, nas palavras de Juliana, se transformou em um hino feminista e se faz obrigat\u00f3ria nos shows da Francisco, el Hombre.<\/p>\n<p><img decoding=\"async\" loading=\"lazy\" class=\"alignnone size-full wp-image-65969\" src=\"https:\/\/screamyell.com.br\/site\/wp-content\/uploads\/2022\/05\/autentica_3004@alexandrebiciati44.jpg\" alt=\"\" width=\"750\" height=\"440\" srcset=\"https:\/\/screamyell.com.br\/site\/wp-content\/uploads\/2022\/05\/autentica_3004@alexandrebiciati44.jpg 750w, https:\/\/screamyell.com.br\/site\/wp-content\/uploads\/2022\/05\/autentica_3004@alexandrebiciati44-300x176.jpg 300w\" sizes=\"(max-width: 750px) 100vw, 750px\" \/><\/p>\n<p style=\"text-align: justify;\">Era n\u00edtida a satisfa\u00e7\u00e3o de banda e p\u00fablico que celebraram juntos esse encontro de forma intensa e com final apote\u00f3tico. \u201cChama Adrenalina\u201d, do segundo disco \u201cRasgacabeza\u201d (2019), tirou todo mundo do lugar. Na sequ\u00eancia, \u201cMatilha: Coleira ou C\u00f3lera\u201d, cujo videoclipe lan\u00e7ado em 2020 acumula mais de 220 mil visualiza\u00e7\u00f5es no YouTube. Como cereja do bolo, Mateo anunciou a presen\u00e7a da Patax\u00f3 Maria Flor Guerreira que participou do v\u00eddeo e pediu que abrissem novamente uma roda, transformando a Aut\u00eantica em Carnaval. A banda fechou o show com \u201cCh\u00e3o Teto Parede\u201d botando fogo no palco rubro e acendendo os \u00e2nimos de quem pulava junto e respondia \u00e0 batida.<\/p>\n<p><img decoding=\"async\" loading=\"lazy\" class=\"alignnone size-full wp-image-65970\" src=\"https:\/\/screamyell.com.br\/site\/wp-content\/uploads\/2022\/05\/autentica_3004@alexandrebiciati34.jpg\" alt=\"\" width=\"750\" height=\"440\" srcset=\"https:\/\/screamyell.com.br\/site\/wp-content\/uploads\/2022\/05\/autentica_3004@alexandrebiciati34.jpg 750w, https:\/\/screamyell.com.br\/site\/wp-content\/uploads\/2022\/05\/autentica_3004@alexandrebiciati34-300x176.jpg 300w\" sizes=\"(max-width: 750px) 100vw, 750px\" \/><\/p>\n<p style=\"text-align: justify;\">Quem esteve na Aut\u00eantica nesta noite n\u00e3o saiu decepcionado, seja pela experi\u00eancia do espa\u00e7o, que promete ser a principal casa do g\u00eanero para grande p\u00fablico, seja pela performance pautada na leg\u00edtima entrega de ambas as bandas. O \u00fanico incidente ficou a cargo da irresponsabilidade de alguns poucos presentes que insistiram em fumar dentro do recinto, apesar de haver espa\u00e7o dedicado na \u00e1rea externa, e acionaram algumas vezes o alarme da casa. Fuma\u00e7as \u00e0 parte, a noite foi impec\u00e1vel para quem preza pela divers\u00e3o aliada ao conforto.<\/p>\n<p><img decoding=\"async\" loading=\"lazy\" class=\"alignnone size-full wp-image-65967\" src=\"https:\/\/screamyell.com.br\/site\/wp-content\/uploads\/2022\/05\/autentica_3004@alexandrebiciati50.jpg\" alt=\"\" width=\"750\" height=\"440\" srcset=\"https:\/\/screamyell.com.br\/site\/wp-content\/uploads\/2022\/05\/autentica_3004@alexandrebiciati50.jpg 750w, https:\/\/screamyell.com.br\/site\/wp-content\/uploads\/2022\/05\/autentica_3004@alexandrebiciati50-300x176.jpg 300w\" sizes=\"(max-width: 750px) 100vw, 750px\" \/><\/p>\n<p><em>\u2013 Alexandre Biciati \u00e9 fot\u00f3grafo: <a href=\"https:\/\/www.alexandrebiciati.com\/\" target=\"_blank\" rel=\"noopener\">https:\/\/www.alexandrebiciati.com\/<\/a><\/em><\/p>\n","protected":false},"excerpt":{"rendered":"Lamparina e Francisco, el Hombre se apresentaram no segundo dia de shows que celebram a reabertura da Aut\u00eantica, em Belo Horizonte, que agora tem capacidade para 1.500 pessoas&#8230;\n<a class=\"moretag\" href=\"https:\/\/screamyell.com.br\/site\/2022\/05\/02\/ao-vivo-lamparina-e-francisco-el-hombre-promovem-festa-vermelha-na-reabertura-da-autentica-em-bh\/\"> [...]<\/a>","protected":false},"author":113,"featured_media":65975,"comment_status":"open","ping_status":"open","sticky":false,"template":"","format":"standard","meta":[],"categories":[3],"tags":[1356,5611],"_links":{"self":[{"href":"https:\/\/screamyell.com.br\/site\/wp-json\/wp\/v2\/posts\/65964"}],"collection":[{"href":"https:\/\/screamyell.com.br\/site\/wp-json\/wp\/v2\/posts"}],"about":[{"href":"https:\/\/screamyell.com.br\/site\/wp-json\/wp\/v2\/types\/post"}],"author":[{"embeddable":true,"href":"https:\/\/screamyell.com.br\/site\/wp-json\/wp\/v2\/users\/113"}],"replies":[{"embeddable":true,"href":"https:\/\/screamyell.com.br\/site\/wp-json\/wp\/v2\/comments?post=65964"}],"version-history":[{"count":6,"href":"https:\/\/screamyell.com.br\/site\/wp-json\/wp\/v2\/posts\/65964\/revisions"}],"predecessor-version":[{"id":66123,"href":"https:\/\/screamyell.com.br\/site\/wp-json\/wp\/v2\/posts\/65964\/revisions\/66123"}],"wp:featuredmedia":[{"embeddable":true,"href":"https:\/\/screamyell.com.br\/site\/wp-json\/wp\/v2\/media\/65975"}],"wp:attachment":[{"href":"https:\/\/screamyell.com.br\/site\/wp-json\/wp\/v2\/media?parent=65964"}],"wp:term":[{"taxonomy":"category","embeddable":true,"href":"https:\/\/screamyell.com.br\/site\/wp-json\/wp\/v2\/categories?post=65964"},{"taxonomy":"post_tag","embeddable":true,"href":"https:\/\/screamyell.com.br\/site\/wp-json\/wp\/v2\/tags?post=65964"}],"curies":[{"name":"wp","href":"https:\/\/api.w.org\/{rel}","templated":true}]}}