{"id":62894,"date":"2021-10-29T15:49:36","date_gmt":"2021-10-29T18:49:36","guid":{"rendered":"https:\/\/screamyell.com.br\/site\/?p=62894"},"modified":"2021-11-05T01:01:51","modified_gmt":"2021-11-05T04:01:51","slug":"nelson-cavaquinho-110-anos","status":"publish","type":"post","link":"https:\/\/screamyell.com.br\/site\/2021\/10\/29\/nelson-cavaquinho-110-anos\/","title":{"rendered":"Nelson Cavaquinho: 110 anos"},"content":{"rendered":"<p style=\"text-align: justify;\">\u201cO sol h\u00e1 de brilhar mais uma vez\u201d. \u00c9 com essa frase que Nelson Cavaquinho abre o samba \u201cJu\u00edzo final\u201d, sua m\u00fasica mais tocada nos \u00faltimos 10 anos no Brasil, um cl\u00e1ssico absoluto feito em parceria com \u00c9lcio Soares. Considerado um dos mestres do samba, ele \u00e9 autor de diversas can\u00e7\u00f5es cl\u00e1ssicas do g\u00eanero que fazem parte da hist\u00f3ria da m\u00fasica popular brasileira. Nesta sexta-feira, dia 29, Nelson completaria 110 anos e o Ecad (Escrit\u00f3rio Central de Arrecada\u00e7\u00e3o e Distribui\u00e7\u00e3o) fez um levantamento especial sobre as suas obras musicais.<\/p>\n<p style=\"text-align: justify;\">Al\u00e9m da cl\u00e1ssica \u201cJu\u00edzo final\u201d, l\u00edder do ranking das mais executadas no pa\u00eds, outra can\u00e7\u00e3o de autoria de Nelson Cavaquinho que se destaca \u00e9 \u201cFolhas Secas\u201d, parceria com Guilherme de Brito. \u00c9 a segunda colocada entre as mais tocadas entre 2011 e 2021 e foi a mais gravada por outros int\u00e9rpretes at\u00e9 hoje. A saudosa Beth Carvalho, conhecida como \u201cMadrinha do Samba\u201d, foi quem mais gravou a obra musical de Nelson Cavaquinho.<\/p>\n<p style=\"text-align: justify;\">Nelson Ant\u00f4nio da Silva nasceu em 29 de outubro de 1911, no Rio de Janeiro, e ganhou o seu famoso apelido na juventude. Morreu em fevereiro de 1986, v\u00edtima de um enfisema pulmonar. O artista tem 226 m\u00fasicas de sua autoria e 63 grava\u00e7\u00f5es suas e de parceiros cadastradas no banco de dados do Ecad. A maior parte de seus rendimentos em direitos autorais pela execu\u00e7\u00e3o p\u00fablica de suas m\u00fasicas, nos \u00faltimos 10 anos, foi proveniente dos segmentos de TV e M\u00fasica ao Vivo, que correspondem a quase 65% do que \u00e9 destinado a ele.<\/p>\n<p style=\"text-align: justify;\">Seus rendimentos em direitos autorais pela execu\u00e7\u00e3o p\u00fablica de suas m\u00fasicas s\u00e3o garantidos pela lei do direito autoral (9.610\/98), que determina que esse pagamento seja assegurado por 70 anos ap\u00f3s a morte do autor (ou do \u00faltimo autor, em caso de parcerias). Com isso, seus herdeiros continuam a receber os valores por meio da gest\u00e3o coletiva da m\u00fasica por este per\u00edodo. Confira abaixo o ranking de m\u00fasicas de autoria de Nelson Cavaquinho mais tocadas nos \u00faltimos 10 anos nos principais segmentos de execu\u00e7\u00e3o p\u00fablica (R\u00e1dio, Sonoriza\u00e7\u00e3o Ambiental, Casas de Festa e Divers\u00e3o, Carnaval, Festa Junina, Show e M\u00fasica ao Vivo).<\/p>\n<p><iframe loading=\"lazy\" title=\"Nelson Cavaquinho - Ju\u00edzo Final - ao vivo\" width=\"747\" height=\"560\" src=\"https:\/\/www.youtube.com\/embed\/7DmNk-nEYx0?feature=oembed\" frameborder=\"0\" allow=\"accelerometer; autoplay; clipboard-write; encrypted-media; gyroscope; picture-in-picture\" allowfullscreen><\/iframe><\/p>\n<p style=\"text-align: justify;\"><strong>TOP 20<\/strong><\/p>\n<p style=\"text-align: justify;\">01) &#8220;Ju\u00edzo final&#8221; (\u00c9lcio Soares \/ Nelson Cavaquinho)<br \/>\n02) &#8220;Folhas secas&#8221; (Guilherme de Brito \/ Nelson Cavaquinho)<br \/>\n03) &#8220;A flor e o espinho&#8221; (Guilherme de Brito \/ Alcides Caminha \/ Nelson Cavaquinho)<br \/>\n04) &#8220;Luz negra&#8221; (Am\u00e2ncio Cardoso \/ Nelson Cavaquinho)<br \/>\n05) &#8220;Quando eu me chamar saudade&#8221; (Guilherme de Brito \/ Nelson Cavaquinho)<br \/>\n06) &#8220;Rugas&#8221; (Ary Monteiro \/ Augusto Ferreira Garcez \/ Nelson Cavaquinho)<br \/>\n07) &#8220;Pranto de poeta&#8221; (Guilherme de Brito \/ Nelson Cavaquinho)<br \/>\n08) &#8220;Not\u00edcia&#8221; (Alcides Caminha \/ Nourival Bahia \/ Nelson Cavaquinho)<br \/>\n09) &#8220;Palha\u00e7o&#8221; (Oswaldo Martins \/ Washington Fernandes \/ Nelson Cavaquinho)<br \/>\n10) &#8220;Caminhando&#8221; (Nourival Bahia \/ Nelson Cavaquinho)<br \/>\n11) &#8220;Se voc\u00ea me ouvisse&#8221; (Guilherme de Brito \/ Nelson Cavaquinho)<br \/>\n12) &#8220;Vou partir&#8221; (Jair Costa \/ Nelson Cavaquinho)<br \/>\n13) &#8220;Cuidado com a outra&#8221; (Augusto Thomaz Junior \/ Nelson Cavaquinho)<br \/>\n14) &#8220;Gotas de luar&#8221; (Guilherme de Brito \/ Nelson Cavaquinho)<br \/>\n15) &#8220;Luto&#8221; (Guilherme de Brito \/ Sebastiao Nunes \/ Nelson Cavaquinho)<br \/>\n16) &#8220;Dona carola&#8221; (Walto Feitosa \/ Nourival Bahia \/ Nelson Cavaquinho)<br \/>\n17) &#8220;Degraus da vida&#8221; (Cesar Brasil \/ Antonio Braga \/ Nelson Cavaquinho)<br \/>\n18) &#8220;Eu e as flores&#8221; (Jair Costa \/ Nelson Cavaquinho)<br \/>\n19) &#8220;Hist\u00f3ria de um valente&#8221; (Jos\u00e9 Ribeiro \/ Nelson Cavaquinho)<br \/>\n20) &#8220;Miragem&#8221; (Guilherme de Brito \/ Nelson Cavaquinho)<\/p>\n<p><iframe loading=\"lazy\" title=\"Nelson Cavaquinho - Programa Ensaio 1973\" width=\"747\" height=\"560\" src=\"https:\/\/www.youtube.com\/embed\/GxfaYgJxbQE?feature=oembed\" frameborder=\"0\" allow=\"accelerometer; autoplay; clipboard-write; encrypted-media; gyroscope; picture-in-picture\" allowfullscreen><\/iframe><\/p>\n<p><iframe loading=\"lazy\" title=\"Ju\u00edzo Final\" width=\"747\" height=\"560\" src=\"https:\/\/www.youtube.com\/embed\/lU8j7lj4RdU?list=OLAK5uy_nX__A9wk-SMF5nzf8EZGY5vjfgDctuFq8\" frameborder=\"0\" allow=\"accelerometer; autoplay; clipboard-write; encrypted-media; gyroscope; picture-in-picture\" allowfullscreen><\/iframe><\/p>\n<p><iframe loading=\"lazy\" title=\"Quando Eu Me Chamar Saudade\" width=\"747\" height=\"560\" src=\"https:\/\/www.youtube.com\/embed\/QypF2T81LHk?list=OLAK5uy_m1yV8aCi3-Nmup7WpxUgk2tXuP9QrnzHw\" frameborder=\"0\" allow=\"accelerometer; autoplay; clipboard-write; encrypted-media; gyroscope; picture-in-picture\" allowfullscreen><\/iframe><\/p>\n","protected":false},"excerpt":{"rendered":"\u201cO sol h\u00e1 de brilhar mais uma vez\u201d. \u00c9 com essa frase que Nelson Cavaquinho abre o samba \u201cJu\u00edzo final\u201d, sua m\u00fasica mais tocada nos \u00faltimos 10 anos no Brasil, um cl\u00e1ssico absoluto feito em parceria com \u00c9lcio Soares. Nesta sexta-feira, dia 29, Nelson completaria 110 anos&#8230;\n<a class=\"moretag\" href=\"https:\/\/screamyell.com.br\/site\/2021\/10\/29\/nelson-cavaquinho-110-anos\/\"> [...]<\/a>","protected":false},"author":1,"featured_media":62895,"comment_status":"open","ping_status":"open","sticky":false,"template":"","format":"standard","meta":[],"categories":[3],"tags":[5369],"_links":{"self":[{"href":"https:\/\/screamyell.com.br\/site\/wp-json\/wp\/v2\/posts\/62894"}],"collection":[{"href":"https:\/\/screamyell.com.br\/site\/wp-json\/wp\/v2\/posts"}],"about":[{"href":"https:\/\/screamyell.com.br\/site\/wp-json\/wp\/v2\/types\/post"}],"author":[{"embeddable":true,"href":"https:\/\/screamyell.com.br\/site\/wp-json\/wp\/v2\/users\/1"}],"replies":[{"embeddable":true,"href":"https:\/\/screamyell.com.br\/site\/wp-json\/wp\/v2\/comments?post=62894"}],"version-history":[{"count":2,"href":"https:\/\/screamyell.com.br\/site\/wp-json\/wp\/v2\/posts\/62894\/revisions"}],"predecessor-version":[{"id":62897,"href":"https:\/\/screamyell.com.br\/site\/wp-json\/wp\/v2\/posts\/62894\/revisions\/62897"}],"wp:featuredmedia":[{"embeddable":true,"href":"https:\/\/screamyell.com.br\/site\/wp-json\/wp\/v2\/media\/62895"}],"wp:attachment":[{"href":"https:\/\/screamyell.com.br\/site\/wp-json\/wp\/v2\/media?parent=62894"}],"wp:term":[{"taxonomy":"category","embeddable":true,"href":"https:\/\/screamyell.com.br\/site\/wp-json\/wp\/v2\/categories?post=62894"},{"taxonomy":"post_tag","embeddable":true,"href":"https:\/\/screamyell.com.br\/site\/wp-json\/wp\/v2\/tags?post=62894"}],"curies":[{"name":"wp","href":"https:\/\/api.w.org\/{rel}","templated":true}]}}