{"id":6244,"date":"2010-10-27T20:09:53","date_gmt":"2010-10-27T23:09:53","guid":{"rendered":"https:\/\/screamyell.com.br\/site\/?p=6244"},"modified":"2011-09-20T15:21:51","modified_gmt":"2011-09-20T18:21:51","slug":"cinema-tropa-de-elite-2-jose-padilha","status":"publish","type":"post","link":"https:\/\/screamyell.com.br\/site\/2010\/10\/27\/cinema-tropa-de-elite-2-jose-padilha\/","title":{"rendered":"Cinema: Tropa de Elite 2, Jos\u00e9 Padilha"},"content":{"rendered":"<p style=\"text-align: center;\"><img decoding=\"async\" class=\"alignnone size-full wp-image-6245\" title=\"tropa2\" src=\"https:\/\/screamyell.com.br\/site\/wp-content\/uploads\/2010\/10\/tropa2.jpg\" alt=\"\" \/><\/p>\n<p style=\"text-align: center;\"><strong>por <a href=\"http:\/\/twitter.com\/screamyell\" target=\"_blank\">Marcelo Costa<\/a><\/strong><\/p>\n<p style=\"text-align: justify;\"><em>\u201cTropa de Elite\u201d \u00e9 o rascunho quase perfeito da letra de Renato Russo para \u201cVeraneio Vasca\u00edna\u201d, can\u00e7\u00e3o gravada (e proibida) no primeiro \u00e1lbum do Capital Inicial (1986), mas h\u00e1 uma glamoriza\u00e7\u00e3o na forma com que este rascunho \u00e9 desenhado que muita gente deixa o cinema f\u00e3 dos soldados do Bope. A culpa n\u00e3o \u00e9 s\u00f3 do filme muito menos de seu diretor. A culpa tamb\u00e9m \u00e9 do p\u00fablico (na verdade a culpa \u00e9 do Estado, mas esse \u00e9 o ponto final da discuss\u00e3o, local para o qual todas as an\u00e1lises deveriam convergir). <\/em><\/p>\n<p style=\"text-align: justify;\">Trecho da resenha escrita sobre \u201cTropa de Elite\u201d, por Marcelo Costa, 07\/10\/2007<\/p>\n<p style=\"text-align: justify;\">H\u00e1 uma dist\u00e2ncia significativa entre arte e cr\u00edtica, um espa\u00e7o que vem se ampliando cada vez mais, passando de uma micro-rachadura nos anos 50 para um enorme c\u00e2nion na atualidade. A culpa do aumento do buraco foi, em primeira est\u00e2ncia, a industrializa\u00e7\u00e3o da cultura, que nas d\u00e9cadas de 60 (m\u00fasica) e 70 (cinema) deixaram de serem objetos de nicho para\u00a0 se transformarem em fen\u00f4menos de massa. Filmes e discos passaram a vender milh\u00f5es, e a cr\u00edtica foi atropelada pelo mercado.<\/p>\n<p style=\"text-align: justify;\">Um dos sintomas deste atropelamento foi a perda de for\u00e7a da cr\u00edtica cultural, que continuou (e continua) existindo, mas praticamente se desmaterializou frente \u00e0s cifras astron\u00f4micas da ind\u00fastria de massa. Boa parte de artistas, m\u00fasicos e cineastas, na posi\u00e7\u00e3o central de criadores (tal qual um Deus no Olimpo), passou a ignorar opini\u00f5es, e o processo cr\u00edtico enfraqueceu \u2013 e, de certa forma, a arte (e principalmente \u201cg\u00eanios\u201d que adoram esmurrar pontas de faca) perderam um norte.<\/p>\n<p style=\"text-align: justify;\"><img decoding=\"async\" class=\"size-full wp-image-6246 aligncenter\" title=\"tropa3\" src=\"https:\/\/screamyell.com.br\/site\/wp-content\/uploads\/2010\/10\/tropa3.jpg\" alt=\"\" \/><br \/>\nO cineasta Jos\u00e9 Padilha foi do inferno ao c\u00e9u com \u201cTropa de Elite\u201d, um filme de grande sucesso de p\u00fablico, que arrebatou o Urso de Ouro no Festival de Berlim, mas que ganhou a pecha de reacion\u00e1rio e fascista em dezenas de cr\u00edticas. Padilha defendeu o filho pr\u00f3digo em debates, entrevistas e em qualquer outra brecha que aparecesse pelo caminho, e esse calv\u00e1rio cr\u00edtico teve total influ\u00eancia sobre \u201cTropa de Elite 2\u201d, que como definiu muito bem o jornalista Daniel Piza, no Estad\u00e3o, n\u00e3o \u00e9 uma continua\u00e7\u00e3o do primeiro, e sim uma desconstru\u00e7\u00e3o.<\/p>\n<p style=\"text-align: justify;\">O cen\u00e1rio \u00e9 o mesmo (Rio de Janeiro, dias de hoje), mas o foco mudou. Isso n\u00e3o fica percept\u00edvel na primeira meia hora da pel\u00edcula, tempo em que o Tenente Coronel Nascimento (Wagner Moura novamente sensacional) aponta sua metralhadora verbal para soci\u00f3logos e bandidos, e despeja muni\u00e7\u00e3o com sorriso no rosto (dele e da plateia). \u201cTem muito intelectualzinho de esquerda que ganha a vida defendendo vagabundo. E o pior \u00e9 que esses caras fazem a cabe\u00e7a de muita gente\u201d, esbraveja Nascimento com uma certeza que ser\u00e1 colocada \u00e0 prova nos minutos seguintes.<\/p>\n<p style=\"text-align: justify;\">A coisa toda degringola assim que Matias (Andr\u00e9 Ramiro), comandando um esquadr\u00e3o no meio de uma rebeli\u00e3o dos cabe\u00e7as do tr\u00e1fico na penitenciaria Bangu 1, coloca em pr\u00e1tica aquilo que aprendeu no Bope (e que todo o p\u00fablico viu no primeiro filme). Bandido bom \u00e9 bandido morto, diz a m\u00e1xima popular, e a a\u00e7\u00e3o de Matias causa uma reviravolta na vida de Nascimento, que \u00e9 aplaudido pelo povo ao mesmo tempo que se v\u00ea obrigado a deixar o comando do Bope, mas \u201ccai pra cima\u201d e se transforma em Sub-Secret\u00e1rio de Seguran\u00e7a P\u00fablica do Rio de Janeiro. Seu plano pessoal: \u201cfoder a m\u00e1quina dentro da m\u00e1quina\u201d.<\/p>\n<p style=\"text-align: center;\"><img decoding=\"async\" class=\"size-full wp-image-6247 aligncenter\" title=\"tropa5\" src=\"https:\/\/screamyell.com.br\/site\/wp-content\/uploads\/2010\/10\/tropa5.jpg\" alt=\"\" \/><\/p>\n<p style=\"text-align: justify;\">Depois de meia hora de exibi\u00e7\u00e3o, \u201cTropa de Elite 2\u201d mostra que Jos\u00e9 Padilha ouviu com aten\u00e7\u00e3o tudo aquilo que lhe foi cobrado pela cr\u00edtica no primeiro filme. Trabalhando em um \u00f3rg\u00e3o p\u00fablico, Nascimento percebe\/descobre que o problema do tr\u00e1fico (e, em extens\u00e3o, da pol\u00edcia, da educa\u00e7\u00e3o, da sa\u00fade e, de modo geral, do Brasil)\u00a0 \u00e9 bem mais complexo do que se parece e que seu inimigo \u00e9 outro (n\u00e3o a toa, o subt\u00edtulo do filme) come\u00e7ando assim uma escalada rumo \u00e0 destrui\u00e7\u00e3o (dele pr\u00f3prio e do meio que o cerca).<\/p>\n<p style=\"text-align: justify;\">Velhos conhecidos retornam. Al\u00e9m de Nascimento e Matias, Capit\u00e3o F\u00e1bio (Milhem Cortaz), Russo (Sandro Rocha, um dos tr\u00eas grandes personagens do filme) e Rosane (Maria Ribeiro) tamb\u00e9m marcam presen\u00e7a dividindo espa\u00e7o com novos personagens, como o ativista Diogo Fraga (Irandhir Santos, a segunda estrela de \u201cTropa de Elite 2\u201d), a jornalista Clara (Tain\u00e1 M\u00fcller), o caricato governador do Rio e o tragic\u00f4mico Deputado Fortunato (Andr\u00e9 Mattos em atua\u00e7\u00e3o excelente). At\u00e9 Seu Jorge brilha.<\/p>\n<p style=\"text-align: justify;\">Saem de cena os traficantes, entram as mil\u00edcias. Policiais corruptos ocupam o lugar de bandidos (escrito assim sugere redund\u00e2ncia) enquanto o Estado, ausente e impotente (e pouco se fodendo), observa a readequa\u00e7\u00e3o do caos. O tom, todavia, \u00e9 did\u00e1tico (\u00e0s vezes em excesso). Favorecido pela narra\u00e7\u00e3o em off do Capit\u00e3o Nascimento, que n\u00e3o s\u00f3 expurga dem\u00f4nios pessoais (a separa\u00e7\u00e3o da mulher, o relacionamento dif\u00edcil com o filho) e profissionais como tamb\u00e9m explica tintin por tintin tudo o que se desenrola na tela, \u201cTropa de Elite 2\u201d ganha em foco, mas perde em impacto (o que n\u00e3o atrapalha o resultado final, acredite).<\/p>\n<p style=\"text-align: center;\"><img decoding=\"async\" loading=\"lazy\" class=\"size-full wp-image-6248 aligncenter\" title=\"tropa4\" src=\"https:\/\/screamyell.com.br\/site\/wp-content\/uploads\/2010\/10\/tropa4.jpg\" alt=\"\" width=\"605\" height=\"119\" \/><\/p>\n<p style=\"text-align: justify;\">A for\u00e7a do primeiro filme residia exatamente em n\u00e3o deixar o p\u00fablico pensar na sala de cinema. Seu ritmo vertiginoso n\u00e3o abria espa\u00e7o para reflex\u00f5es nem cr\u00edticas. Prostrado na cadeira, o p\u00fablico podia apenas observar (e aplaudir?) a acelerada carnificina \u00e0 espera do pr\u00f3ximo fotograma. \u201cTropa de Elite 2\u201d, por sua vez, \u00e9 t\u00e3o violento quanto seu antecessor, mas abre espa\u00e7o para que o espectador observe, reflita e entenda a mudan\u00e7a de comportamento e de conceitos do amigo Nascimento. O resultado, ainda que menos impactante em a\u00e7\u00e3o (n\u00e3o em texto), \u00e9 cinema pol\u00edtico de primeira grandeza, algo raro nestes tempos neste Pa\u00eds.<\/p>\n<p style=\"text-align: justify;\">Mais: Jos\u00e9 Padilha conseguiu brilhantemente fugir da elitiza\u00e7\u00e3o do discurso, que talvez transformasse \u201cTropa de Elite 2\u201d em filme cult e n\u00e3o em sucesso de massa, retirando a obra do colo dos intelectuais e passando-a \u00e0s m\u00e3os de um p\u00fablico que n\u00e3o tem a m\u00ednima id\u00e9ia do real problema do Brasil. Nascimento pode soar did\u00e1tico para muita gente, mas n\u00e3o para a massa que elege palha\u00e7os (com e sem sentido figurado) muito menos para a classe m\u00e9dia que \u201cv\u00ea\u201d revistas, mas n\u00e3o enxerga a realidade do Pa\u00eds. Para estes, \u201cTropa de Elite 2\u201d n\u00e3o \u00e9 um soco no est\u00f4mago, mas sim uma pedalada na nuca. Quem sabe funciona no tranco.<\/p>\n<p style=\"text-align: justify;\">Afinal, voc\u00ea sabe, \u201co sistema \u00e9 foda, parceiro\u201d.<\/p>\n<p style=\"text-align: left;\"><img decoding=\"async\" class=\"size-full wp-image-6249 aligncenter\" title=\"tropa6\" src=\"https:\/\/screamyell.com.br\/site\/wp-content\/uploads\/2010\/10\/tropa6.jpg\" alt=\"\" \/><br \/>\n<strong>Leia tamb\u00e9m:<\/strong><br \/>\n&#8211; \u201cTropa de Elite 1\u201d, quase um grande filme, por Marcelo Costa (<a href=\"https:\/\/screamyell.com.br\/blog\/2007\/10\/06\/tropa-de-elite-um-quase-grande-filme\/\" target=\"_blank\">aqui<\/a>)<br \/>\n&#8211; \u201cTropa de Elite 2\u201d, toda maturidade deve ser aplaudida, por Daniel Piza (<a href=\"http:\/\/www.estadao.com.br\/estadaodehoje\/20101017\/not_imp625751,0.php\" target=\"_blank\">aqui<\/a>)<\/p>\n<p style=\"text-align: left;\">Sele\u00e7\u00e3o de frases do blog <a href=\"http:\/\/www.naosalvo.com.br\/\" target=\"_blank\">N\u00e3o Salvo<\/a>. Veja outras quinze p\u00e9rolas do filme <a href=\"http:\/\/www.naosalvo.com.br\/vc\/18-frases-marcantes-do-tropa-de-elite-2\/\" target=\"_blank\">aqui<\/a><\/p>\n","protected":false},"excerpt":{"rendered":"por Marcelo Costa\nTropa de Elite 2 n\u00e3o \u00e9 um soco no est\u00f4mago como o primeiro, mas sim uma pedalada na nuca (vai que a cabe\u00e7a funciona no tranco)\n<a class=\"moretag\" href=\"https:\/\/screamyell.com.br\/site\/2010\/10\/27\/cinema-tropa-de-elite-2-jose-padilha\/\"> [...]<\/a>","protected":false},"author":2,"featured_media":0,"comment_status":"open","ping_status":"open","sticky":false,"template":"","format":"standard","meta":[],"categories":[4],"tags":[],"_links":{"self":[{"href":"https:\/\/screamyell.com.br\/site\/wp-json\/wp\/v2\/posts\/6244"}],"collection":[{"href":"https:\/\/screamyell.com.br\/site\/wp-json\/wp\/v2\/posts"}],"about":[{"href":"https:\/\/screamyell.com.br\/site\/wp-json\/wp\/v2\/types\/post"}],"author":[{"embeddable":true,"href":"https:\/\/screamyell.com.br\/site\/wp-json\/wp\/v2\/users\/2"}],"replies":[{"embeddable":true,"href":"https:\/\/screamyell.com.br\/site\/wp-json\/wp\/v2\/comments?post=6244"}],"version-history":[{"count":19,"href":"https:\/\/screamyell.com.br\/site\/wp-json\/wp\/v2\/posts\/6244\/revisions"}],"predecessor-version":[{"id":6260,"href":"https:\/\/screamyell.com.br\/site\/wp-json\/wp\/v2\/posts\/6244\/revisions\/6260"}],"wp:attachment":[{"href":"https:\/\/screamyell.com.br\/site\/wp-json\/wp\/v2\/media?parent=6244"}],"wp:term":[{"taxonomy":"category","embeddable":true,"href":"https:\/\/screamyell.com.br\/site\/wp-json\/wp\/v2\/categories?post=6244"},{"taxonomy":"post_tag","embeddable":true,"href":"https:\/\/screamyell.com.br\/site\/wp-json\/wp\/v2\/tags?post=6244"}],"curies":[{"name":"wp","href":"https:\/\/api.w.org\/{rel}","templated":true}]}}