{"id":61650,"date":"2021-07-20T01:32:53","date_gmt":"2021-07-20T04:32:53","guid":{"rendered":"https:\/\/screamyell.com.br\/site\/?p=61650"},"modified":"2021-08-19T00:22:36","modified_gmt":"2021-08-19T03:22:36","slug":"20-videos-selecao-do-editor-301","status":"publish","type":"post","link":"https:\/\/screamyell.com.br\/site\/2021\/07\/20\/20-videos-selecao-do-editor-301\/","title":{"rendered":"20 v\u00eddeos: Sele\u00e7\u00e3o do Editor 301"},"content":{"rendered":"<h2 style=\"text-align: center;\"><strong>Sele\u00e7\u00e3o do editor do Scream &amp; Yell, Marcelo Costa<\/strong><br \/>\n<a href=\"https:\/\/open.spotify.com\/playlist\/656Z6F7ZjgEMXujUEKoT0S\" target=\"_blank\" rel=\"noopener\">Ou\u00e7a a playlist no Spotify<\/a><\/h2>\n<p><iframe loading=\"lazy\" title=\"Duda Beat feat. Trevo - Nem Um Pouquinho (Clipe Oficial)\" width=\"747\" height=\"420\" src=\"https:\/\/www.youtube.com\/embed\/qGZgSnJBilE?feature=oembed\" frameborder=\"0\" allow=\"accelerometer; autoplay; clipboard-write; encrypted-media; gyroscope; picture-in-picture\" allowfullscreen><\/iframe><\/p>\n<p style=\"text-align: center;\"><strong>\u201cNem Um Pouquinho\u201d, Duda Beat feat. Trevo<\/strong><br \/>\n<i>&#8220;Se apaixonar \u00e9 uma del\u00edcia, mas nem sempre traz coisas boas. Nesse clipe, falamos de como podemos nos perder de n\u00f3s mesmas e como pode ser dif\u00edcil se reencontrar. Mas, ao mesmo tempo, se reconectar consigo mesma \u00e9 um processo cat\u00e1rtico e de renascimento, \u00e9 se tornar dona de si e se emancipar. Tudo ao mesmo tempo\u201d, explica Duda.<\/i><br \/>\nCan\u00e7\u00e3o do \u00e1lbum &#8220;Te Amo L\u00e1 Fora&#8221; (2021). <a href=\"https:\/\/open.spotify.com\/album\/5o6MJpi6Y4fQwI8gmv0oZc\" target=\"_blank\" rel=\"noopener noreferrer\">Ou\u00e7a o \u00e1lbum no Spotify<\/a>.<br \/>\nFacebook oficial: <a href=\"https:\/\/www.facebook.com\/DUDABEAT\" target=\" rel=\" rel=\"noopener\">https:\/\/www.facebook.com\/DUDABEAT<\/a><\/p>\n<hr \/>\n<p><iframe loading=\"lazy\" title=\"Letrux - I&#039;m Trying To Quit\" width=\"747\" height=\"420\" src=\"https:\/\/www.youtube.com\/embed\/An6kHszmrAE?feature=oembed\" frameborder=\"0\" allow=\"accelerometer; autoplay; clipboard-write; encrypted-media; gyroscope; picture-in-picture\" allowfullscreen><\/iframe><\/p>\n<p style=\"text-align: center;\"><strong>\u201cI&#8217;m Trying To Quit\u201d, Letrux<\/strong><br \/>\n<i>&#8220;Let\u00edcia fez a m\u00fasica &#8216;I\u2019m Trying To Quit&#8217; em 2013, mas havia tocado apenas voz e viol\u00e3o. At\u00e9 que eu fui arrebatada pela m\u00fasica em uma live de 2020 e, trancada em casa na pandemia, resolvi experimentar arranjos, sem pretens\u00f5es, apenas por terapia e estudo&#8221;, conta a produtora Carina Ren\u00f3. &#8220;Quando chegou a hora de gravar vocais tive certeza que aquela produ\u00e7\u00e3o s\u00f3 faria sentido com Letrux cantando. Arrisquei mandar um email mostrando e a resposta veio positiva, curtiram a produ\u00e7\u00e3o e a m\u00fasica foi lan\u00e7ada no in\u00edcio de julho. Letrux \u00e9 uma artista completa que consegue reunir pessoas e hist\u00f3rias incr\u00edveis em torno de si&#8221;, completa Carina.<\/i><br \/>\nSingle (2021). <a href=\"https:\/\/open.spotify.com\/album\/0sxn5L6McIMzup8rQQzOUz\" target=\"_blank\" rel=\"noopener noreferrer\">Ou\u00e7a mais no Spotify<\/a>.<br \/>\nFacebook oficial: <a href=\"https:\/\/www.facebook.com\/leticialetrux\" target=\"_blank\" rel=\"noopener= noopener noreferrer\">https:\/\/www.facebook.com\/leticialetrux<\/a><br \/>\nFacebook oficial: <a href=\"https:\/\/www.facebook.com\/carinareno\" target=\"_blank\" rel=\"noopener= noopener noreferrer\">https:\/\/www.facebook.com\/carinareno<\/a><\/p>\n<hr \/>\n<p><iframe loading=\"lazy\" title=\"Persie - Caro\u00e7o Cora\u00e7\u00e3o (Clipe Oficial)\" width=\"747\" height=\"420\" src=\"https:\/\/www.youtube.com\/embed\/lt99KkTJPMk?feature=oembed\" frameborder=\"0\" allow=\"accelerometer; autoplay; clipboard-write; encrypted-media; gyroscope; picture-in-picture\" allowfullscreen><\/iframe><\/p>\n<p style=\"text-align: center;\"><strong>\u201cCaro\u00e7o Cora\u00e7\u00e3o\u201d, Persie<\/strong><br \/>\n<i>Uma explos\u00e3o carnal e sentimental que mistura o balan\u00e7o do brega \u00e0 profundidade do dream pop. Na letra, a cantora aborda o \u00e2mbito sensorial das paix\u00f5es. A faixa chega nas plataformas de streaming pelo selo Maxilar, que \u00e9 capitaneado por Gabriel Thomaz (Autoramas) e Henrique Roncoletta (NDK). O videoclipe traz um paralelo entre o erotismo e a tropicalidade das frutas. A filmagem ocorreu na Ch\u00e1cara Primavera, em Campo Formoso (BA). Na ocasi\u00e3o, Persie dirigiu o material audiovisual em parceria com a filmmaker Thais Demello.<\/i><br \/>\nSingle (2021). <a href=\"https:\/\/open.spotify.com\/album\/6R08VQM4hH4NzZ7I6ihUTz\" target=\"_blank\" rel=\"noopener noreferrer\">Ou\u00e7a no Spotify<\/a>.<br \/>\nInstagram oficial: <a href=\"https:\/\/www.facebook.com\/Persie.sound\" target=\"_blank\" rel=\"noopener noreferrer\">https:\/\/www.facebook.com\/Persie.sound<\/a><\/p>\n<hr \/>\n<p><iframe loading=\"lazy\" title=\"SANDYAL\u00ca --- PENSANDO EM MIM [Clipe Oficial]\" width=\"747\" height=\"420\" src=\"https:\/\/www.youtube.com\/embed\/KvGoOAEMAJg?feature=oembed\" frameborder=\"0\" allow=\"accelerometer; autoplay; clipboard-write; encrypted-media; gyroscope; picture-in-picture\" allowfullscreen><\/iframe><\/p>\n<p style=\"text-align: center;\"><strong>\u201cPensando em Mim\u201d, Sandyal\u00ea<\/strong><br \/>\n<i>Clipe que encerra a &#8220;trilogia do desapego&#8221;, dirigida por Raymundo Calumby, &#8220;Pensando em Mim&#8221; aposta na fic\u00e7\u00e3o cient\u00edfica, que d\u00e1 o tom sob contornos futuristas buscando refer\u00eancias em cl\u00e1ssicos do g\u00eanero como Barbarella e Flash Gordon. Nesta hist\u00f3ria, contudo, n\u00e3o h\u00e1 vil\u00e3o, mas sim a busca pelo autoconhecimento e a clareza em rela\u00e7\u00e3o \u00e0s decis\u00f5es e intemp\u00e9ries da vida. O recado \u00e9 de que a cura est\u00e1 no autocuidado, na abertura para o outro e no contato com a natureza.<\/i><br \/>\nSingle (2021). <a href=\"https:\/\/open.spotify.com\/artist\/0S2198EHOgRJ1k1A8pnp3v\" target=\"_blank\" rel=\"noopener noreferrer\">Ou\u00e7a no Spotify<\/a>.<br \/>\nFacebook oficial: <a href=\"https:\/\/www.facebook.com\/sandyaleoficial\" target=\"_blank\" rel=\"noopener noreferrer\">https:\/\/www.facebook.com\/sandyaleoficial<\/a><\/p>\n<hr \/>\n<p><iframe loading=\"lazy\" title=\"Nai\u00e1 Camargo - Salom\u00e9 (Official Music Video)\" width=\"747\" height=\"420\" src=\"https:\/\/www.youtube.com\/embed\/GBNkWNSa27I?feature=oembed\" frameborder=\"0\" allow=\"accelerometer; autoplay; clipboard-write; encrypted-media; gyroscope; picture-in-picture\" allowfullscreen><\/iframe><\/p>\n<p style=\"text-align: center;\"><strong>\u201cSalom\u00e9\u201d, Nai\u00e1 Camargo<\/strong><br \/>\n<i>&#8220;&#8216;Salom\u00e9&#8217; traz uma refer\u00eancia aos anos 50, per\u00edodo no qual o machismo estava estampado descaradamente em propagandas e revistas, e a personagem, uma dona de casa &#8216;perfeita&#8217; t\u00edpica dos an\u00fancios da \u00e9poca. O clipe tamb\u00e9m traz como refer\u00eancia a hist\u00f3ria b\u00edblica de Salom\u00e9, que ordenou a decapita\u00e7\u00e3o de Jo\u00e3o Batista&#8221;, conta Nai\u00e1. &#8220;Essa m\u00fasica e clipe trazem mensagens importantes sobre a mulher que se enxerga no lugar de submiss\u00e3o e busca mudar a narrativa da pr\u00f3pria vida. Mas antes se vinga!&#8221;, completa.<\/i><br \/>\nSingle (2021). <a href=\"https:\/\/open.spotify.com\/album\/4Hliu451kS39VqBMJNn7R6\" target=\"_blank\" rel=\"noopener noreferrer\">Ou\u00e7a mais no Youtube<\/a>.<br \/>\nFacebook oficial: <a href=\"https:\/\/www.facebook.com\/naiacamargooficial\" target=\"_blank\" rel=\"noopener= noopener noreferrer\">https:\/\/www.facebook.com\/naiacamargooficial<\/a><\/p>\n<hr \/>\n<p><iframe loading=\"lazy\" title=\"Cante Pra Chamar - Larissa Luz\" width=\"747\" height=\"420\" src=\"https:\/\/www.youtube.com\/embed\/fdT27sGwazc?feature=oembed\" frameborder=\"0\" allow=\"accelerometer; autoplay; clipboard-write; encrypted-media; gyroscope; picture-in-picture\" allowfullscreen><\/iframe><\/p>\n<p style=\"text-align: center;\"><strong>\u201cCante Pra Chamar\u201d, Larissa Luz<\/strong><br \/>\n<i>\u201cQuando esse mundo palp\u00e1vel est\u00e1 pesado, denso demais, crer que existem for\u00e7as para al\u00e9m deste plano que fazem as coisas acontecer \u00e9 a sa\u00edda\u201d. Essa \u00e9 a concep\u00e7\u00e3o que Larissa Luz prop\u00f5e em seu novo single, \u201cCante Pra Chamar\u201d. Em parceria com o laborat\u00f3rio musical Rumpilezzinho, do maestro Letieres Leite, Larissa evoca o sentimento de f\u00e9 para atravessar tempos dif\u00edceis na can\u00e7\u00e3o composta \u201cno auge da pandemia\u201d, como ela conta.<\/i><br \/>\nSingle (2021). <a href=\"https:\/\/open.spotify.com\/album\/3P2WuVAVOYZnQfvHUHRFxH\" target=\"_blank\" rel=\"noopener noreferrer\">Ou\u00e7a no Spotify<\/a>.<br \/>\nFacebook oficial: <a href=\"https:\/\/www.facebook.com\/LarissaLuzOficial\" target=\"_blank\" rel=\"noopener noreferrer\">https:\/\/www.facebook.com\/LarissaLuzOficial<\/a><\/p>\n<hr \/>\n<p><iframe loading=\"lazy\" title=\"Vict\u00f3ria Duarte | o Som do Ventre (EP Visual)\" width=\"747\" height=\"420\" src=\"https:\/\/www.youtube.com\/embed\/a_rtuNJHGJU?feature=oembed\" frameborder=\"0\" allow=\"accelerometer; autoplay; clipboard-write; encrypted-media; gyroscope; picture-in-picture\" allowfullscreen><\/iframe><\/p>\n<p style=\"text-align: center;\"><strong>\u201co Som do Ventre\u201d, Vict\u00f3ria Duarte<\/strong><br \/>\n<i>&#8220;&#8216;O Som do Ventre&#8217; apresenta uma reflex\u00e3o cr\u00edtica e est\u00e9tica acerca do desenvolvimento humano, em seus ciclos e rela\u00e7\u00f5es. Um trabalho produzido e dirigido por mulheres pernambucanas a partir de suas pr\u00f3prias viv\u00eancias, escutas, olhares e percep\u00e7\u00f5es sobre o mundo. A obra \u00e9 retratada no sert\u00e3o petrolinense, com sua aridez ribeirinha e seu interior metropolitano, consistindo num conjunto de narrativas r\u00edtmicas, mel\u00f3dicas e imag\u00e9ticas, na busca por resolu\u00e7\u00f5es sensoriais frente \u00e0s disson\u00e2ncias cognitivas oriundas da desigualdade social historicamente constru\u00edda pela esp\u00e9cie humana&#8221;.<\/i><br \/>\nCan\u00e7\u00e3o do EP &#8220;o Som do Ventre&#8221; (2021). <a href=\"https:\/\/open.spotify.com\/album\/6Y7irM3bxwmMdhnRIEmL6G\" target=\"_blank\" rel=\"noopener noreferrer\">Ou\u00e7a o EP no Spotify<\/a>.<br \/>\nInstagram oficial: <a href=\"https:\/\/www.instagram.com\/victoria.d.arte\" target=\"_blank\" rel=\"noopener= noopener noreferrer\">https:\/\/www.instagram.com\/victoria.d.arte<\/a><\/p>\n<hr \/>\n<p><iframe loading=\"lazy\" title=\"N\u00e3o Se Desespere | Etrusca | Videoclipe Oficial\" width=\"747\" height=\"420\" src=\"https:\/\/www.youtube.com\/embed\/z9UN8QSzqRY?feature=oembed\" frameborder=\"0\" allow=\"accelerometer; autoplay; clipboard-write; encrypted-media; gyroscope; picture-in-picture\" allowfullscreen><\/iframe><\/p>\n<p style=\"text-align: center;\"><strong>\u201cN\u00e3o Se Desespere\u201d, Etrusca<\/strong><br \/>\n<i>&#8220;&#8216;N\u00e3o Se Desespere&#8217; foi composta em 2003, mas expressava o que eu estava sentindo no in\u00edcio da pandemia, em 2020. Por isso retomei sua produ\u00e7\u00e3o, gravando com equipamentos dispon\u00edveis em casa, jogando com as limita\u00e7\u00f5es t\u00e9cnicas. A pandemia e a produ\u00e7\u00e3o foram potencializadas pelo despejo que eu e meus vizinhos passamos no final de 2020, em consequ\u00eancia da venda do pr\u00e9dio onde mor\u00e1vamos, para investidores o constru\u00edrem um hotel gourmet pra estudantes, seguindo a gentrifica\u00e7\u00e3o do bairro de Pinheiros. O clipe \u00e9 dedicado aos vizinhes, amiges, fam\u00edlias, todas as pessoas despejadas, que ficaram abaladas por ter que sair a procura de im\u00f3veis, enquanto a OMS nos recomendava ficar dentro de casa&#8221;, diz Carina Ren\u00f3.<\/i><br \/>\nCan\u00e7\u00e3o da compila\u00e7\u00e3o &#8220;Deusa Vol. 1&#8221; (2021). <a href=\"https:\/\/open.spotify.com\/album\/7rpyJI6Mz1VTBdaSQoU4rQ\" target=\"_blank\" rel=\"noopener noreferrer\">Ou\u00e7a o EP no Spotify<\/a>.<br \/>\nFacebook oficial: <a href=\"https:\/\/www.facebook.com\/etruscasound\" target=\"_blank\" rel=\"noopener noreferrer\">https:\/\/www.facebook.com\/etruscasound<\/a><\/p>\n<hr \/>\n<p><iframe loading=\"lazy\" title=\"Juliana Linhares - Bombinha (Clipe Oficial)\" width=\"747\" height=\"420\" src=\"https:\/\/www.youtube.com\/embed\/Cpu9N9y2ggA?feature=oembed\" frameborder=\"0\" allow=\"accelerometer; autoplay; clipboard-write; encrypted-media; gyroscope; picture-in-picture\" allowfullscreen><\/iframe><\/p>\n<p style=\"text-align: center;\"><strong>\u201cBombinha\u201d, Juliana Linhares<\/strong><br \/>\n<i>O clipe de &#8220;Bombinha&#8221;, dirigido por Duda Maia, \u00e9 um plano sequ\u00eancia gravado em uma casa vazia. \u201cQuando chamei a Duda Maia pra dirigir sabia que ela iria buscar um caminho atrav\u00e9s do corpo. E assim fomos experimentando pelo espa\u00e7o e criando camadas pra can\u00e7\u00e3o. No clipe, me sinto guerreira da minha pequena jornada, como na vida, de p\u00e9s no ch\u00e3o dan\u00e7ando por um percurso curto dentro de casa. Nossos passos di\u00e1rios pra atravessar estes dias estranhos, e que dependem tanto das for\u00e7as po\u00e9ticas\u201d, explica Juliana Linhares.<\/i><br \/>\nCan\u00e7\u00e3o do \u00e1lbum &#8220;Nordeste Fic\u00e7\u00e3o&#8221; (2021). <a href=\"https:\/\/open.spotify.com\/album\/5k5zBgDqt68LfLrQ4OWIf2\" target=\"_blank\" rel=\"noopener noreferrer\">Ou\u00e7a no Spotify<\/a>.<br \/>\nFacebook oficial: <a href=\"https:\/\/www.facebook.com\/Juliana-Linhares-253867391985003\" target=\"_blank\" rel=\"noopener noreferrer\">https:\/\/www.facebook.com\/Juliana-Linhares-253867391985003<\/a><\/p>\n<hr \/>\n<p><iframe loading=\"lazy\" title=\"Mallu Magalh\u00e3es - America Latina\" width=\"747\" height=\"420\" src=\"https:\/\/www.youtube.com\/embed\/q8Q-9DHzoZE?feature=oembed\" frameborder=\"0\" allow=\"accelerometer; autoplay; clipboard-write; encrypted-media; gyroscope; picture-in-picture\" allowfullscreen><\/iframe><\/p>\n<p style=\"text-align: center;\"><strong>\u201cAmerica Latina\u201d, Mallu Magalh\u00e3es<\/strong><br \/>\n<i>Com lembran\u00e7as da inf\u00e2ncia e idealizado por Bruno Ilgoti, o clipe mostra cenas de Mallu se misturando com recortes de desenhos, imagens da cidade de S\u00e3o Paulo e refer\u00eancias como picol\u00e9, pa\u00e7oquinha, bambol\u00ea e jacar\u00e9, que vem na letra, lembrando a inf\u00e2ncia da cantora. \u201cFilmar &#8216;Am\u00e9rica Latina&#8217; foi inesquec\u00edvel e especialmente divertido. O Bruno tinha tudo em mente, desenhado e explicado detalhe a detalhe. Ele \u00e9 o m\u00e1ximo\u201d, conta Mallu acrescentando que tanto ele quanto a equipe trabalharam muito r\u00e1pido. \u201cAs filmagens da minha parte duraram um dia s\u00f3, mas a pr\u00e9 e a p\u00f3s produ\u00e7\u00e3o exigiram mais tempo\u201d, completa.<\/i><br \/>\nCan\u00e7\u00e3o do disco &#8220;Esperan\u00e7a&#8221; (2021). <a href=\"https:\/\/open.spotify.com\/album\/2n7oWUeEcKoYDZ6KCWuEaO\" target=\"_blank\" rel=\"noopener noreferrer\">Ou\u00e7a o \u00e1lbum no Spotify<\/a>.<br \/>\nFacebook oficial: <a href=\"https:\/\/www.facebook.com\/mallumagalhaes\" target=\"_blank\" rel=\"noopener noreferrer\">https:\/\/www.facebook.com\/mallumagalhaes<\/a><\/p>\n<hr \/>\n<p><iframe loading=\"lazy\" title=\"Ana Frango El\u00e9trico: Promessas e Previs\u00f5es (Clipe Oficial)\" width=\"747\" height=\"420\" src=\"https:\/\/www.youtube.com\/embed\/2tJvbkVgUPU?feature=oembed\" frameborder=\"0\" allow=\"accelerometer; autoplay; clipboard-write; encrypted-media; gyroscope; picture-in-picture\" allowfullscreen><\/iframe><\/p>\n<p style=\"text-align: center;\"><strong>\u201cPromessas e Previs\u00f5es\u201d, Ana Frango El\u00e9trico<\/strong><br \/>\n<i>O clipe \u00e9 montado a partir de imagens de arquivo cedidas pela cineasta colombo-brasileira, Paula Gait\u00e0n, que assina a fotografia, montagem e dire\u00e7\u00e3o. Para Ana, o \u00e1lbum &#8220;Little Electric Chicken Heart&#8221; \u00e9 majoritariamente sobre nostalgia, e a ideia de chamar Paula para somar se deu a partir da vontade de trazer mem\u00f3rias e sensa\u00e7\u00f5es que n\u00e3o passassem por Ana, mas que fossem ativadas a partir do som. \u201cEu conheci a Paula num festival de cinema feminino, de curtas, e vi um trabalho dela que me marcou muito. Quando isso aconteceu, eu estava come\u00e7ando a ficar muito f\u00e3 da Ava Rocha, que come\u00e7ou a ser muito importante pro meu trabalho, e eu n\u00e3o sabia que elas eram m\u00e3e e filha. S\u00f3 depois eu fui fazer a liga\u00e7\u00e3o\u201d conta Ana.<\/i><br \/>\nM\u00fasica do disco &#8220;Little Eletric Chicken Heart&#8221; (2019). <a href=\"https:\/\/open.spotify.com\/album\/1oHUngg3flG4Zda1Ukp8vP\" target=\"_blank\" rel=\"noopener noreferrer\">Ou\u00e7a no Spotify<\/a>.<br \/>\nFacebook oficial: <a href=\"https:\/\/www.facebook.com\/anafrangoeletrico\" target=\"_blank\" rel=\"noopener noreferrer\">https:\/\/www.facebook.com\/anafrangoeletrico<\/a><\/p>\n<hr \/>\n<p><iframe loading=\"lazy\" title=\"YMA - White Peacock (Clipe Oficial)\" width=\"747\" height=\"420\" src=\"https:\/\/www.youtube.com\/embed\/AKH2TfBxTwU?feature=oembed\" frameborder=\"0\" allow=\"accelerometer; autoplay; clipboard-write; encrypted-media; gyroscope; picture-in-picture\" allowfullscreen><\/iframe><\/p>\n<p style=\"text-align: center;\"><strong>\u201cWhite Peacock\u201d, YMA<\/strong><br \/>\n<i>\u201cAqui. Em casa. Pensando nas cortinas, nas telas, nos rel\u00f3gios girando no mesmo eixo h\u00e1 incont\u00e1veis dias. aqui. de dentro da minha sala o mundo est\u00e1 distante. cansada dos movimentos engessados do corpo e da automa\u00e7\u00e3o do pensamento. quando, de s\u00fabito, um som desprende meu corpo. n\u00e3o sei se \u00e9 um grito ou saxofone. mas estou dan\u00e7ando. Livre\u201d.<\/i><br \/>\nCan\u00e7\u00e3o do \u00e1lbum &#8220;Caro\u00e7o&#8221; (2019). <a href=\"https:\/\/open.spotify.com\/album\/2mVNStdVRQgIFs2fpIlu5G\" target=\"_blank\" rel=\"noopener noreferrer\">Ou\u00e7a no Spotify<\/a><br \/>\nInstagram oficial: <a href=\"https:\/\/www.instagram.com\/ymamusic\" target=\"_blank\" rel=\"noopener noreferrer\">https:\/\/www.instagram.com\/ymamusic<\/a><\/p>\n<hr \/>\n<p><iframe loading=\"lazy\" title=\"A Inven\u00e7\u00e3o - Vivian Benford (Sob a Influ\u00eancia :: Tributo a Tom Bloch)\" width=\"747\" height=\"420\" src=\"https:\/\/www.youtube.com\/embed\/6p2zuJnRZyY?feature=oembed\" frameborder=\"0\" allow=\"accelerometer; autoplay; clipboard-write; encrypted-media; gyroscope; picture-in-picture\" allowfullscreen><\/iframe><\/p>\n<p style=\"text-align: center;\"><strong>\u201cA Inven\u00e7\u00e3o\u201d, Vivian Benford<\/strong><br \/>\n<i>\u201cEssa can\u00e7\u00e3o veio como sugest\u00e3o do (produtor Leonardo) Vinhas e a ideia inicial do arranjo era usar muitos elementos eletr\u00f4nicos, primeiro pela independ\u00eancia que me dava, e depois pela sonoridade. Mas surgiu a necessidade de uma batera de verdade, e partimos pro est\u00fadio. Rodrigo EBA! traduziu muito bem as ideias que eu tive, foi ele quem produziu e mixou a faixa, al\u00e9m de fazer todos os arranjos eletr\u00f4nicos e tocar baixo. O Marcos Banana chegou pra tocar batera, mas deu muitas sugest\u00f5es de percuss\u00e3o o que resultou, entre outras coisas, na entrada do berimbau. Fiquei bem feliz com o resultado, principalmente por sair totalmente da minha zona de conforto\u201d, diz Vivian Benford. O clipe foi todo feito por Vivian e Rodrigo.<\/i><br \/>\nCan\u00e7\u00e3o do tributo a Tom Bloch &#8220;Sob a Influ\u00eancia&#8221; (2021). <a href=\"https:\/\/open.spotify.com\/album\/6ivvtKSdNI5eD1HOYil4JD\" target=\"_blank\" rel=\"noopener noreferrer\">Ou\u00e7a no Spotify<\/a>.<br \/>\nInstagram oficial: <a href=\"https:\/\/www.facebook.com\/vivianbenford\" target=\"_blank\" rel=\"noopener noreferrer\">https:\/\/www.facebook.com\/vivianbenford<\/a><\/p>\n<hr \/>\n<p><iframe loading=\"lazy\" title=\"Ana Ca\u00f1as - ALUCINA\u00c7\u00c3O (Videoclipe Oficial)\" width=\"747\" height=\"420\" src=\"https:\/\/www.youtube.com\/embed\/80yWohI6NwQ?feature=oembed\" frameborder=\"0\" allow=\"accelerometer; autoplay; clipboard-write; encrypted-media; gyroscope; picture-in-picture\" allowfullscreen><\/iframe><\/p>\n<p style=\"text-align: center;\"><strong>\u201cAlucina\u00e7\u00e3o\u201d, Ana Ca\u00f1as<\/strong><br \/>\n<i>O clipe de &#8220;Alucina\u00e7\u00e3o&#8221; \u00e9 estrelado pela atriz Maria Casadevall e dirigido por Ariela Bueno. Nas cenas, inspiradas no longa \u201cPersona\u201d, de Ingmar Bergman, Ana e Maria sentem e provocam uma avalanche de sentimentos baseadas na narrativa da melodia e da letra. \u201cMaria j\u00e1 tinha cantado esta m\u00fasica comigo em alguns shows meus. Ela \u00e9 louca por Belchior e a pessoa perfeita para estar neste clipe comigo. Esta can\u00e7\u00e3o pede algu\u00e9m preocupada com causas sociais e que \u00e9 capaz de transformar partitura corporal em sentimento\u201d, opina a cantora.<\/i><br \/>\nM\u00fasica do disco &#8220;Ana Ca\u00f1as canta Belchior Vol. 1&#8221; (2021). <a href=\"https:\/\/open.spotify.com\/album\/67YmYMM6jBuW413BgctBTX\" target=\"_blank\" rel=\"noopener noreferrer\">Ou\u00e7a no Spotify<\/a><br \/>\nFacebook oficial: <a href=\"https:\/\/www.facebook.com\/anacanasoficial\" target=\"_blank\" rel=\"noopener noreferrer\">https:\/\/www.facebook.com\/anacanasoficial<\/a><\/p>\n<hr \/>\n<p><iframe loading=\"lazy\" title=\"Marisa Monte | Portas (Clipe Oficial)\" width=\"747\" height=\"420\" src=\"https:\/\/www.youtube.com\/embed\/n_b0v9cjAQw?feature=oembed\" frameborder=\"0\" allow=\"accelerometer; autoplay; clipboard-write; encrypted-media; gyroscope; picture-in-picture\" allowfullscreen><\/iframe><\/p>\n<p style=\"text-align: center;\"><strong>\u201cPortas\u201d, Marisa Monte<\/strong><br \/>\n<i>\u201cA vida \u00e9 como um caixa de l\u00e1pis de cores e eu tive a sorte de poder desenhar, colorir, escrever e rabiscar mais um cap\u00edtulo desse corredor da vida, que t\u00e3o poeticamente minha amiga g\u00eania Marisa criou, pra dar um pouquinho de cores ao nossos cora\u00e7\u00f5es. O v\u00eddeo de &#8216;Portas&#8217; \u00e9 isso! A gentileza dessa minha diva! E deixa ventilar&#8230;\u201d, palavras do diretor do clipe, Giovanni Bianco.<\/i><br \/>\nM\u00fasica do \u00e1lbum &#8220;Portas&#8221; (2021). <a href=\"https:\/\/open.spotify.com\/album\/3SnD7NKo8aqZAvjGdJFS5Y\" target=\"_blank\" rel=\"noopener noreferrer\">Ou\u00e7a no Spotify<\/a>.<br \/>\nFacebook oficial: <a href=\"https:\/\/www.facebook.com\/marisamonteoficial\" target=\"_blank\" rel=\"noopener= noopener noreferrer\">https:\/\/www.facebook.com\/marisamonteoficial<\/a><\/p>\n<hr \/>\n<p><iframe loading=\"lazy\" title=\"JOANA ESPADINHA - MAU FEITIO\" width=\"747\" height=\"420\" src=\"https:\/\/www.youtube.com\/embed\/YJ2chJy-Ug8?feature=oembed\" frameborder=\"0\" allow=\"accelerometer; autoplay; clipboard-write; encrypted-media; gyroscope; picture-in-picture\" allowfullscreen><\/iframe><\/p>\n<p style=\"text-align: center;\"><strong>\u201cMau Feitio\u201d, Joana Espadinha<\/strong><br \/>\n<i>&#8220;Escrevi &#8216;Mau Feitio&#8217; para brincar com o lado mais cinzento das rela\u00e7\u00f5es. As pequenas guerras de poder, os amuos, as pazes, o vaiv\u00e9m de emo\u00e7\u00f5es que as vezes se apodera de n\u00f3s. O mau feitio \u00e9 quase uma entidade externa, a comandar as nossas ac\u00e7\u00f5es em dias menos bons. Todos temos mau feitio de vez em quando, e lidar com isso requer algum jogo de cintura, e tamb\u00e9m sentido de humor. A capacidade de nos rirmos de n\u00f3s pr\u00f3prios \u00e9 essencial. A can\u00e7\u00e3o fala de tudo isso, em tom de brincadeira, com ironia, e espero que vos fa\u00e7a dan\u00e7ar&#8221;, diz Joana Espadinha.<\/i><br \/>\nSingle&#8221; (2021). <a href=\"https:\/\/open.spotify.com\/album\/7F7EANu1JTpatyZYgOuNX7\" target=\"_blank\" rel=\"noopener noreferrer\">Ou\u00e7a no Spotify<\/a>.<br \/>\nFacebook oficial: <a href=\"https:\/\/www.facebook.com\/JoanaEspadinha\" target=\"_blank\" rel=\"noopener noreferrer\">https:\/\/www.facebook.com\/JoanaEspadinha<\/a><\/p>\n<hr \/>\n<p><iframe loading=\"lazy\" title=\"Lara Aufranc \u2013\u00a0Viver Sem D\u00f3 (Clipe Oficial) \u2013\u00a0Part. Tat\u00e1 Aeroplano\" width=\"747\" height=\"420\" src=\"https:\/\/www.youtube.com\/embed\/jfz6HVgor-M?feature=oembed\" frameborder=\"0\" allow=\"accelerometer; autoplay; clipboard-write; encrypted-media; gyroscope; picture-in-picture\" allowfullscreen><\/iframe><\/p>\n<p style=\"text-align: center;\"><strong>\u201cViver Sem D\u00f3\u201d, Lara Aufranc Part. Tat\u00e1 Aeroplano<\/strong><br \/>\n<i>\u201cA letra da m\u00fasica e essas imagens s\u00e3o a afirma\u00e7\u00e3o da vida, sempre ela, que mesmo nos momentos de horror que vivemos temos que segurar sua m\u00e3o&#8221;, diz a diretora Tarsila Ara\u00fajo. Lara e Tarsila trabalharam de forma remota na constru\u00e7\u00e3o do roteiro desde o in\u00edcio da pandemia. \u201c\u2018Viver Sem D\u00f3\u2019 foi o nosso porto seguro. O clipe nos fez enxergar a natureza de uma forma quase infantil, de se encantar e deslumbrar\u201d.<\/i><br \/>\nCan\u00e7\u00e3o do EP &#8220;Viver Sem D\u00f3&#8221; (2020). <a href=\"https:\/\/open.spotify.com\/album\/62S3YWho9hLxmxeAfHZgBk\" target=\"_blank\" rel=\"noopener noreferrer\">Ou\u00e7a no Spotify<\/a>.<br \/>\nFacebook oficial: <a href=\"https:\/\/www.facebook.com\/laraaufranc\" target=\"_blank\" rel=\"noopener= noopener noreferrer\">https:\/\/www.facebook.com\/laraaufranc<\/a><br \/>\nFacebook oficial: <a href=\"https:\/\/www.facebook.com\/tata.aeroplano\" target=\"_blank\" rel=\"noopener= noopener noreferrer\">https:\/\/www.facebook.com\/tata.aeroplano<\/a><\/p>\n<hr \/>\n<p><iframe loading=\"lazy\" title=\"Lurdez da Luz - Modo Aleat\u00f3rio\" width=\"747\" height=\"420\" src=\"https:\/\/www.youtube.com\/embed\/Nq2i0DvL-Pw?feature=oembed\" frameborder=\"0\" allow=\"accelerometer; autoplay; clipboard-write; encrypted-media; gyroscope; picture-in-picture\" allowfullscreen><\/iframe><\/p>\n<p style=\"text-align: center;\"><strong>\u201cModo Aleat\u00f3rio\u201d, Lurdez da Luz<\/strong><br \/>\n<i>\u201c\u00cdamos gravar na Luz onde eu cresci, por\u00e9m, mesmo sendo s\u00f3 eu, diretor e maquiadora na equipe, n\u00e3o \u00e9 momento de rua. Arte \u00e9 essencial, por\u00e9m nesse quadro que temos em S\u00e3o Paulo, essencial \u00e9 ficar vivo! A m\u00fasica tem uma frase que diz: \u2018meu corpo \u00e9 minha casa\u2019, ent\u00e3o a partir da\u00ed escrevi o roteiro com a\u00e7\u00f5es que nos ajudam a manter a sanidade dentro de casa, mas pra n\u00e3o ficar mais um v\u00eddeo de registros da pandemia, coloquei cenas bem de clipe mesmo cantando pra c\u00e2mera, n\u00e3o aquela coisa reality show, cenas mais l\u00fadicas e figurino. Mandei pro diretor que \u00e9 c\u00e2mera e ilumina\u00e7\u00e3o e tudo mais, e ele teve ideias melhores em cima das minhas e assim foi\u201d, conta a artista.<\/i><br \/>\nSingle (2021). <a href=\"https:\/\/open.spotify.com\/album\/5JA3VWpiDtlToN2fjtAzCc\" target=\"_blank\" rel=\"noopener noreferrer\">Ou\u00e7a no Spotify<\/a>.<br \/>\nFacebook oficial: <a href=\"https:\/\/www.facebook.com\/lurdezdaluz\" target=\"_blank\" rel=\"noopener noreferrer\">https:\/\/www.facebook.com\/lurdezdaluz<\/a><\/p>\n<hr \/>\n<p><iframe loading=\"lazy\" title=\"Dani Nega - Como Noiz Quiser (clipe oficial)\" width=\"747\" height=\"420\" src=\"https:\/\/www.youtube.com\/embed\/u2yQKyY-vB8?feature=oembed\" frameborder=\"0\" allow=\"accelerometer; autoplay; clipboard-write; encrypted-media; gyroscope; picture-in-picture\" allowfullscreen><\/iframe><\/p>\n<p style=\"text-align: center;\"><strong>\u201cComo Noiz Quiser\u201d, Dani Nega<\/strong><br \/>\n<i>Dentro das atuais condi\u00e7\u00f5es poss\u00edveis por conta da pandemia, o clipe foi produzido em parceria entre Dani Nega e o diretor e roteirista Tide Gugliano, seguindo tr\u00eas narrativas: de arquivos documentais, grafite digital feito pelo artista visual Achiles Luciano e imagens da rapper. A linguagem simples e cheia de ru\u00eddos revela a impossibilidade atual do encontro, mas tamb\u00e9m a falta de recursos que o setor cultural enfrenta, um dos setores mais prejudicados com a Covid-19. <\/i><br \/>\nSingle (2019). <a href=\"https:\/\/open.spotify.com\/album\/0w6iWKdxofhSUHT5O0KbX3\" target=\"_blank\" rel=\"noopener noreferrer\">Ou\u00e7a no Spotify<\/a>.<br \/>\nFacebook oficial: <a href=\"https:\/\/www.facebook.com\/daninegaoficial\" target=\"_blank\" rel=\"noopener noreferrer\">https:\/\/www.facebook.com\/daninegaoficial<\/a><\/p>\n<hr \/>\n<p><iframe loading=\"lazy\" title=\"MC Carol - LEVANTA MINA (feat. DJ Thai) [Clipe Oficial]\" width=\"747\" height=\"420\" src=\"https:\/\/www.youtube.com\/embed\/5EUBHEh5Ue8?feature=oembed\" frameborder=\"0\" allow=\"accelerometer; autoplay; clipboard-write; encrypted-media; gyroscope; picture-in-picture\" allowfullscreen><\/iframe><\/p>\n<p style=\"text-align: center;\"><strong>\u201cLevanta Mina\u201d, MC Carol feat. DJ Thai e Elis MC<\/strong><br \/>\n<i>\u201cAo contr\u00e1rio do que muita gente pensa, eu fiz \u2018Levanta Mina&#8217; pra mim e n\u00e3o apenas para inspirar outras mulheres. \u00c9 uma m\u00fasica pra me ajudar nos dias dif\u00edceis porque, por mais que eu me ame, n\u00e3o h\u00e1 autoestima que aguente voc\u00ea n\u00e3o encontrar uma base no seu tom de pele, uma roupa do seu tamanho numa loja, n\u00e3o se ver na TV e revistas, entre outras coisas no dia a dia que te excluem direta ou indiretamente\u201d, revela Carol.<\/i><br \/>\nSingle (2021). <a href=\"https:\/\/open.spotify.com\/album\/0C86BVK92lJBVpxgzG3CCK\" target=\"_blank\" rel=\"noopener noreferrer\">Ou\u00e7a mais no Spotifty<\/a><br \/>\nFacebook oficial: <a href=\"https:\/\/www.facebook.com\/mccaroldeniteroioficial\" target=\"_blank\" rel=\"noopener noreferrer\">https:\/\/www.facebook.com\/mccaroldeniteroioficial<\/a><\/p>\n<hr \/>\n<p style=\"text-align: center;\"><strong>Confira o acervo de v\u00eddeos publicados no Scream &amp; Yell \u2013 <a href=\"https:\/\/screamyell.com.br\/site\/category\/videos\/\" target=\"_blank\" rel=\"noopener noreferrer\">AQUI<\/a><\/strong><\/p>\n","protected":false},"excerpt":{"rendered":"Assista aos clipes de Duda Beat feat. Trevo, Letrux, Persie, Sandyal\u00ea, Nai\u00e1 Camargo, Larissa Luz, Vict\u00f3ria Duarte, Etrusca, Juliana Linhares, Mallu Magalh\u00e3es, Ana Frango El\u00e9trico, YMA, Vivian Benford, Ana Ca\u00f1as, Marisa Monte, Joana Espadinha, Lara Aufranc Part. Tat\u00e1 Aeroplano, Lurdez da Luz, Dani Nega e MC Carol feat. DJ Thai e Elis MC\n<a class=\"moretag\" href=\"https:\/\/screamyell.com.br\/site\/2021\/07\/20\/20-videos-selecao-do-editor-301\/\"> [...]<\/a>","protected":false},"author":2,"featured_media":61657,"comment_status":"open","ping_status":"open","sticky":false,"template":"","format":"standard","meta":[],"categories":[3,118],"tags":[1954,4047,5264,4974,2923,5265,5262,5263,3024,2293,1530,2907,2135,1076,965,1078,5260,5189,1607,2276,5259,5261,1412,2107],"_links":{"self":[{"href":"https:\/\/screamyell.com.br\/site\/wp-json\/wp\/v2\/posts\/61650"}],"collection":[{"href":"https:\/\/screamyell.com.br\/site\/wp-json\/wp\/v2\/posts"}],"about":[{"href":"https:\/\/screamyell.com.br\/site\/wp-json\/wp\/v2\/types\/post"}],"author":[{"embeddable":true,"href":"https:\/\/screamyell.com.br\/site\/wp-json\/wp\/v2\/users\/2"}],"replies":[{"embeddable":true,"href":"https:\/\/screamyell.com.br\/site\/wp-json\/wp\/v2\/comments?post=61650"}],"version-history":[{"count":6,"href":"https:\/\/screamyell.com.br\/site\/wp-json\/wp\/v2\/posts\/61650\/revisions"}],"predecessor-version":[{"id":61656,"href":"https:\/\/screamyell.com.br\/site\/wp-json\/wp\/v2\/posts\/61650\/revisions\/61656"}],"wp:featuredmedia":[{"embeddable":true,"href":"https:\/\/screamyell.com.br\/site\/wp-json\/wp\/v2\/media\/61657"}],"wp:attachment":[{"href":"https:\/\/screamyell.com.br\/site\/wp-json\/wp\/v2\/media?parent=61650"}],"wp:term":[{"taxonomy":"category","embeddable":true,"href":"https:\/\/screamyell.com.br\/site\/wp-json\/wp\/v2\/categories?post=61650"},{"taxonomy":"post_tag","embeddable":true,"href":"https:\/\/screamyell.com.br\/site\/wp-json\/wp\/v2\/tags?post=61650"}],"curies":[{"name":"wp","href":"https:\/\/api.w.org\/{rel}","templated":true}]}}