{"id":61530,"date":"2021-07-09T00:17:51","date_gmt":"2021-07-09T03:17:51","guid":{"rendered":"https:\/\/screamyell.com.br\/site\/?p=61530"},"modified":"2021-09-29T00:19:38","modified_gmt":"2021-09-29T03:19:38","slug":"faro-panoramas-de-junho-na-musica-e-cultura-ibero-americana","status":"publish","type":"post","link":"https:\/\/screamyell.com.br\/site\/2021\/07\/09\/faro-panoramas-de-junho-na-musica-e-cultura-ibero-americana\/","title":{"rendered":"Faro: Panoramas de JUNHO na M\u00fasica e Cultura Ibero-americana"},"content":{"rendered":"<h4 style=\"text-align: center;\"><a href=\"#argentina\">Argentina<\/a>\u00a0|\u00a0<a href=\"#brasil\">Brasil<\/a>\u00a0|\u00a0<a href=\"#chile\">Chile<\/a>\u00a0|\u00a0<a href=\"#colombia\">Col\u00f4mbia<\/a> |\u00a0<a href=\"#cuba\">Cuba<\/a> |\u00a0<a href=\"#espanha\">Espanha<\/a>\u00a0|\u00a0<a href=\"#mexico\">M\u00e9xico<\/a>\u00a0|\u00a0<a href=\"#peru\">Peru<\/a>\u00a0|\u00a0<a href=\"#uruguai\">Uruguai<\/a><\/h4>\n<p style=\"text-align: justify;\">Nove pa\u00edses unidos pelo ideal de compartilhar cultura e, com ela, ideias, sonhos, desejos, revolu\u00e7\u00f5es.<\/p>\n<h1><span style=\"color: #ff0000;\"><strong>ARGENTINA<\/strong><a style=\"color: #ff0000;\" name=\"argentina\"><\/a><\/span><br \/>\n<strong><span style=\"color: #ff0000;\">por Juampa Barbero \/ do site<\/span> <a href=\"https:\/\/indiehoy.com\/\" target=\"_blank\" rel=\"noopener noreferrer\">Indie Hoy<\/a><\/strong><\/h1>\n<p style=\"text-align: justify;\"><strong>Ap\u00f3s as severas restri\u00e7\u00f5es que deixaram o cen\u00e1rio nacional paralisado, as manifesta\u00e7\u00f5es art\u00edsticas voltaram a florescer com propostas para todos os gostos: m\u00fasica, cinema, teatro e muito mais. Junho foi um m\u00eas decisivo em que ningu\u00e9m podia garantir com seguran\u00e7a o rumo das coisas, mas a m\u00fasica sempre nos leva \u00e0 ideia de um destino promissor e esperan\u00e7oso com lan\u00e7amentos que ajudam abrindo uma porta para escapar da realidade, nem que seja por um momento.<\/strong><\/p>\n<p style=\"text-align: justify;\"><strong>P\u00c9REZ \u2013 \u201cC\u00c1NCION PARA MIGUEL\u201d:<\/strong> Uma pr\u00e9via do EP que P\u00e9rez ainda ir\u00e1 lan\u00e7ar neste ano, \u201c<a href=\"https:\/\/indiehoy.com\/noticias\/musica-nueva-massacre-chita-unknown-mortal-orchestra-perez-ms-nina-y-mas\/\" target=\"_blank\" rel=\"noopener\">Canci\u00f3n para Miguel<\/a>\u201d \u00e9 uma can\u00e7\u00e3o cativante, uma balada que homenageia Miguel Abuelo, o ic\u00f4nico l\u00edder da Los Abuelos de la Nada. O single foi gravado durante a quarentena. A banda de La Plata aproveitou a impossibilidade de fazer shows ao vivo para se entregar totalmente \u00e0 experimenta\u00e7\u00e3o sonora. <a href=\"https:\/\/youtu.be\/C3I6BXeuWtc\" target=\"_blank\" rel=\"noopener\">Ou\u00e7a aqui<\/a>.<\/p>\n<p style=\"text-align: justify;\"><strong>CHITA \u2013 \u201cLO QUE HACE CONMIGO\u201d:<\/strong> Produzida por Nico Cotton e escrita com seu colega Cazzu em clima de reggaeton, \u201c<a href=\"https:\/\/indiehoy.com\/noticias\/musica-nueva-massacre-chita-unknown-mortal-orchestra-perez-ms-nina-y-mas\/\" target=\"_blank\" rel=\"noopener\">Lo Que Hace Conmigo<\/a>\u201d destaca uma letra que aborda uma par\u00f3dia para se referir ao ci\u00fame e outros sentimentos t\u00f3xicos em um v\u00ednculo emocional. O v\u00eddeo foi dirigido por Federico Cabred e realizado pela Anestesia Audiovisual.<\/p>\n<p><iframe loading=\"lazy\" title=\"Chita - Lo que Hace Conmigo\" width=\"747\" height=\"420\" src=\"https:\/\/www.youtube.com\/embed\/W38IZQ1eVAk?feature=oembed\" frameborder=\"0\" allow=\"accelerometer; autoplay; clipboard-write; encrypted-media; gyroscope; picture-in-picture\" allowfullscreen><\/iframe><\/p>\n<p style=\"text-align: justify;\"><strong>PABLO NEPTUNO \u2013 \u201cEL ECO QUE HIZO TU VOZ (EN M\u00cd)\u201d:<\/strong> Inspirado em &#8220;De M\u00ed&#8221;, um cl\u00e1ssico de Charly Garc\u00eda, Pablo Neptuno apresentou \u201c<a href=\"https:\/\/indiehoy.com\/noticias\/musica-nueva-lorde-eve-calletti-doja-cat-pablo-neptuno-y-mas\/\" target=\"_blank\" rel=\"noopener\">El Eco Que Hizo Tu Voz (Em M\u00ed)<\/a>\u201d, o seu segundo single em menos de um m\u00eas \u2013 precedido por depois de \u201c\u201c\u00bfQu\u00e9 Me Pas\u00f3 Cuando Te Vi a Los Ojos?\u201d. Depois de ter experimentado post rock e ambient no seu \u00e1lbum, \u201cLos D\u00edas Ser\u00e1n M\u00e1s Cortos\u201d (2021), Neptuno regressa ao estilo de cancioneiro caracter\u00edstico do seu anterior \u00e1lbum, \u201c<a href=\"https:\/\/indiehoy.com\/listas\/los-50-mejores-discos-del-2020\/\" target=\"_blank\" rel=\"noopener\">Nunca Todo Va a Ser Perfecto<\/a>\u201d (2020). <a href=\"https:\/\/youtu.be\/nGw07DFh6wY\" target=\"_blank\" rel=\"noopener\">Ou\u00e7a<\/a>!<\/p>\n<p style=\"text-align: justify;\"><strong>CAZZU &amp; JUSTIN QUILES \u2013 \u201cDIME D\u00d3NDE\u201d:<\/strong> A chefona do trap estreou &#8220;<a href=\"https:\/\/indiehoy.com\/noticias\/musica-nueva-cazzu-parcels-lichi-mykki-blanco-y-mas\/\" target=\"_blank\" rel=\"noopener\">Dime D\u00f3nde<\/a>&#8220;, uma can\u00e7\u00e3o com vibra\u00e7\u00f5es de ver\u00e3o em colabora\u00e7\u00e3o com o cantor porto-riquenho Justin Quiles. A pe\u00e7a audiovisual funde elementos da cultura americana e japonesa com n\u00e9on estridente. Foi novamente dirigido pela pr\u00f3pria Cazzu, ap\u00f3s ter estreado no papel de diretora em fevereiro com o videoclipe de \u201cNena no Puedo\u201d, sua colabora\u00e7\u00e3o com Rei.<\/p>\n<p><iframe loading=\"lazy\" title=\"Cazzu, Justin Quiles - Dime D\u00f3nde\" width=\"747\" height=\"420\" src=\"https:\/\/www.youtube.com\/embed\/JRegbiEUolo?feature=oembed\" frameborder=\"0\" allow=\"accelerometer; autoplay; clipboard-write; encrypted-media; gyroscope; picture-in-picture\" allowfullscreen><\/iframe><\/p>\n<p style=\"text-align: justify;\"><strong>WOS \u2013 \u201cQUE SE MEJOREN\u201d:<\/strong> Wos surpreendeu seus f\u00e3s com uma nova pr\u00e9via do t\u00e3o esperado sucessor de \u201c<a href=\"https:\/\/indiehoy.com\/discos\/wos-caravana\/\" target=\"_blank\" rel=\"noopener\">Caravana<\/a>\u201d (2019). \u201c<a href=\"https:\/\/indiehoy.com\/noticias\/wos-anticipa-su-nuevo-disco-con-la-cancion-que-se-mejoren\/\" target=\"_blank\" rel=\"noopener\">Que Se Mejoren<\/a>&#8221; abre com sonoridade roqueira e uma verborragia raivosa que mostra a for\u00e7a de sua proposta art\u00edstica. O renomado rapper mais uma vez usa sua engenhosidade l\u00edrica para proclamar uma den\u00fancia da desigualdade social. A faixa saiu acompanhada de um clipe cinematogr\u00e1fico feito por Orco.<\/p>\n<p><iframe loading=\"lazy\" title=\"WOS - QUE SE MEJOREN (Video Oficial)\" width=\"747\" height=\"420\" src=\"https:\/\/www.youtube.com\/embed\/BiLFc2NxRJs?feature=oembed\" frameborder=\"0\" allow=\"accelerometer; autoplay; clipboard-write; encrypted-media; gyroscope; picture-in-picture\" allowfullscreen><\/iframe><\/p>\n<p style=\"text-align: justify;\"><strong>LOUTA \u2013 \u201cLA FORMA DE TUS HUESOS\u201d:<\/strong> Depois de seu segundo \u00e1lbum, \u201c<a href=\"https:\/\/indiehoy.com\/listas\/los-50-mejores-discos-del-2020\/\" target=\"_blank\" rel=\"noopener\">2030<\/a>\u201d (2020), Louta retorna com \u201c<a href=\"https:\/\/indiehoy.com\/noticias\/louta-presenta-su-nueva-cancion-la-forma-de-tus-huesos\/\" target=\"_blank\" rel=\"noopener\">La Forma de Tus Huesos<\/a>\u201d, uma m\u00fasica pop com um refr\u00e3o contagiante e uma po\u00e9tica eloquente e distorcida. O m\u00fasico e performer Jaime James n\u00e3o s\u00f3 realizou a produ\u00e7\u00e3o em colabora\u00e7\u00e3o com Lautaro Rico Gomez e Dylan Lerne como tamb\u00e9m dirigiu a pe\u00e7a audiovisual filmada em Avellaneda junto a Odile Sucari e Ramiro Birriel.<\/p>\n<p><iframe loading=\"lazy\" title=\"LOUTA - LA FORMA DE TUS HUESOS (Official Video)\" width=\"747\" height=\"560\" src=\"https:\/\/www.youtube.com\/embed\/Mmp2gFwZXPs?feature=oembed\" frameborder=\"0\" allow=\"accelerometer; autoplay; clipboard-write; encrypted-media; gyroscope; picture-in-picture\" allowfullscreen><\/iframe><\/p>\n<p style=\"text-align: justify;\"><strong>CONOCIENDO RUSIA \u2013 \u201cEL ENEMIGO\u201d:<\/strong> Pr\u00e9via do terceiro \u00e1lbum de est\u00fadio do Conociendo Rusia. Mateo Sujatovich abre espa\u00e7o para cr\u00edticas sociais: panela\u00e7os contra o governo, viagens a Miami para receber a vacina e festas clandestinas. Com um v\u00eddeo em preto e branco dirigido por Iv\u00e1n Pierotti, o cantor e compositor portenho mostra em &#8220;<a href=\"https:\/\/indiehoy.com\/canciones\/conociendo-rusia-presenta-su-nueva-cancion-y-video-el-enemigo\/\" target=\"_blank\" rel=\"noopener\">El Enemigo<\/a>&#8221; uma nova faceta sem sair da esquina do Cabildo com Juramento.<\/p>\n<p><iframe loading=\"lazy\" title=\"Conociendo Rusia - &quot;El Enemigo&quot; (Video Oficial)\" width=\"747\" height=\"420\" src=\"https:\/\/www.youtube.com\/embed\/A6rqu1FNSKU?feature=oembed\" frameborder=\"0\" allow=\"accelerometer; autoplay; clipboard-write; encrypted-media; gyroscope; picture-in-picture\" allowfullscreen><\/iframe><\/p>\n<p style=\"text-align: justify;\"><strong>TRUENO &amp; DUKI \u2013 \u201cPANAM\u00c1\u201d:<\/strong> Uma das fus\u00f5es mais sonhadas se tornou realidade. Trueno e Duki, duas das principais figuras da cena urbana latino-americana, uniram for\u00e7as em \u201c<a href=\"https:\/\/indiehoy.com\/videos\/3-lanzamientos-para-escuchar-este-fin-de-semana\/\" target=\"_blank\" rel=\"noopener\">Panam\u00e1<\/a>\u201d. A nov\u00edssima colabora\u00e7\u00e3o saiu com um v\u00eddeo feito por El Dorado e Lucas Vignale, onde vemos as duas estrelas do trap viajando por Buenos Aires em um t\u00e1xi usando m\u00e1scaras de seus pr\u00f3prios rostos.<\/p>\n<p><iframe loading=\"lazy\" title=\"Trueno, Duki - PANAM\u00c1 (Video Oficial)\" width=\"747\" height=\"420\" src=\"https:\/\/www.youtube.com\/embed\/XDcUDnhKPTQ?feature=oembed\" frameborder=\"0\" allow=\"accelerometer; autoplay; clipboard-write; encrypted-media; gyroscope; picture-in-picture\" allowfullscreen><\/iframe><\/p>\n<p style=\"text-align: justify;\">NOS CINEMAS: Depois de retomar a experi\u00eancia virtual nos festivais de S\u00e9ptimo Arte, temos o prazer de anunciar a reabertura das salas de cinema com p\u00fablico reduzido. Esta not\u00edcia reconfortante para a cinefilia local \u00e9 acompanhada por v\u00e1rias estreias nacionais como \u201c<a href=\"https:\/\/indiehoy.com\/cine\/ojos-de-arena-el-thriller-argentino-que-aborda-la-trata-de-menores-llega-a-salas\/\" target=\"_blank\" rel=\"noopener\"><strong>Ojos de Arena<\/strong><\/a>\u201d, da realizadora Alejandra Marino, \u201c<strong>Convaleciente<\/strong>\u201d, de Mat\u00edas de Leis Correa e \u201c<strong>Chico Ventana Tambi\u00e9n Quisiera Tener Un Submarino<\/strong>\u201d, Alex Piperno. N\u00e3o h\u00e1 desculpa para n\u00e3o voltar para a tela grande.<\/p>\n<p><iframe loading=\"lazy\" title=\"Ojos de arena - Tr\u00e1iler\" width=\"747\" height=\"420\" src=\"https:\/\/www.youtube.com\/embed\/zhomkPECG1Y?feature=oembed\" frameborder=\"0\" allow=\"accelerometer; autoplay; clipboard-write; encrypted-media; gyroscope; picture-in-picture\" allowfullscreen><\/iframe><\/p>\n<hr \/>\n<hr \/>\n<h1><span style=\"color: #ff0000;\"><strong>BRASIL<\/strong><a style=\"color: #ff0000;\" name=\"brasil\"><\/a><\/span><br \/>\n<span style=\"color: #ff0000;\"><strong>por <a href=\"https:\/\/twitter.com\/screamyell\" target=\"_blank\" rel=\"noopener\">Marcelo Costa<\/a> \/ do site Scream &amp; Yell<\/strong><\/span><\/h1>\n<p style=\"text-align: justify;\"><strong>M\u00eas acaba, m\u00eas come\u00e7a, e a crise pand\u00eamica no Brasil segue sem solu\u00e7\u00e3o. A vacina\u00e7\u00e3o acelerou, mas o caos pol\u00edtico, social e econ\u00f4mico em que o cl\u00e3 Bolsonaro colocou a na\u00e7\u00e3o soa infind\u00e1vel. As manifesta\u00e7\u00f5es por impeachment do presidente est\u00e3o se proliferando, e as confus\u00f5es que o governo federal se envolve est\u00e3o fazendo at\u00e9 apoiadores do genocida abandon\u00e1-lo. O futuro ainda \u00e9 incerto e j\u00e1 alcan\u00e7amos a tr\u00e1gica marca de 520 mil mortes por Covid-19 notificadas no pa\u00eds. Para alguns, a vida parece ter voltado ao ritmo normal, mas ainda h\u00e1 muito medo, confus\u00e3o e desinforma\u00e7\u00e3o. \u00c9 dif\u00edcil demais lutar contra dois v\u00edrus: a Covid e Bolsonaro.<\/strong><\/p>\n<p style=\"text-align: justify;\">O mercado da cultura, nessa onda surreal de normalidade que assola o pa\u00eds (com 2 mil pessoas morrendo por dia por complica\u00e7\u00f5es ligadas ao Coronav\u00edrus), agora exibe muitos cinemas abertos e mesmo algumas casas de shows come\u00e7am a agendar apresenta\u00e7\u00f5es ao vivo. E, sim, h\u00e1 p\u00fablico interessado. Os lan\u00e7amentos de singles, discos, clipes e filmes seguem em ritmo acelerado, e festivais de cinema cumprem sua agenda \u2013 todos on-line. Abaixo alguns destaques de junho.<\/p>\n<p style=\"text-align: justify;\"><strong>MARISA MONTE \u2013 \u201cPORTAS\u201d:<\/strong> Das maiores artistas da m\u00fasica brasileira, Marisa encerrou um sil\u00eancio discogr\u00e1fico de 10 anos lan\u00e7ando seu 8\u00ba disco solo, \u201cPortas\u201d, um trabalho bonito que traz colabora\u00e7\u00f5es com parceiros tradicionais (Nando Reis, Arnaldo Antunes, Carlinhos Brown, Arto Lindsay), colabora\u00e7\u00f5es com Marcelo Camelo (ex-Los Hermanos) e com alguns nomes da nova m\u00fasica brasileira. Junto com o disco ela lan\u00e7ou um \u00e1lbum visual, que voc\u00ea pode assistir abaixo.<\/p>\n<p><iframe loading=\"lazy\" title=\"Marisa Monte | Portas (v\u00eddeo)\" width=\"747\" height=\"420\" src=\"https:\/\/www.youtube.com\/embed\/80GGyFtgjN0?list=PLZGavNCmaftEk2jtcm7kQXbaj545IIZO2\" frameborder=\"0\" allow=\"accelerometer; autoplay; clipboard-write; encrypted-media; gyroscope; picture-in-picture\" allowfullscreen><\/iframe><\/p>\n<p style=\"text-align: justify;\"><strong>ANDR\u00c9 ABUJAMRA \u2013 \u201cDUZOUTROS \u2013 VOL. 1\u201d:<\/strong> Artista genial, o inquieto Andr\u00e9 Abujamra lan\u00e7ou um EP com vers\u00f5es para can\u00e7\u00f5es de Gilberto Gil, Chico C\u00e9sar e Itamar Assump\u00e7\u00e3o, entre outros. O clipe e a vers\u00e3o de \u201cSaiba\u201d, can\u00e7\u00e3o de Arnaldo Antunes, \u00e9 uma del\u00edcia (perceba a risadinha ap\u00f3s a frase \u201co presidente vai morrer\u201d). <a href=\"https:\/\/tratore.ffm.to\/duzoutruzep01\" target=\"_blank\" rel=\"noopener\">Ou\u00e7a o disco aqui<\/a> e assista ao clipe abaixo.<\/p>\n<p><iframe loading=\"lazy\" title=\"Andre Abujamra - Saiba [Clipe Oficial]\" width=\"747\" height=\"420\" src=\"https:\/\/www.youtube.com\/embed\/Pq5d8k2-FyQ?feature=oembed\" frameborder=\"0\" allow=\"accelerometer; autoplay; clipboard-write; encrypted-media; gyroscope; picture-in-picture\" allowfullscreen><\/iframe><\/p>\n<p style=\"text-align: justify;\"><strong>MOPHO \u2013 \u201cQUE FIM LEVOU MEU SORRISO\u201d:<\/strong> Bel\u00edssima banda de rock regressivo do Nordeste do Brasil, a Mopho lan\u00e7ou seu 5\u00ba disco comemorando 25 anos de estrada. \u201cQue Fim Levou Meu Sorriso\u201d \u00e9 um \u00e1lbum curto, de seis faixas e menos de 25 minutos. E \u00e9 poeticamente e melodicamente bem bonito, com rock, psicodelia suave e belos solos de guitarra. <a href=\"https:\/\/orcd.co\/erv85mk\" target=\"_blank\" rel=\"noopener\">Entregue-se<\/a>.<\/p>\n<p style=\"text-align: justify;\"><strong>SELTON \u2013 \u201cBENVENUTI\u201d<\/strong>: Trio brasileiro que vive na It\u00e1lia, e canta em italiano (com trechos em portugu\u00eas), a Selton est\u00e1 de volta com o maravilhoso \u201cBenvenuti\u201d, um disco que traz os metais dos geniais Bixiga 70, participa\u00e7\u00e3o de Emicida e produ\u00e7\u00e3o de Kastrup em algumas faixas num resultado dan\u00e7ante e festivo que tenta aconchegar as pessoas numa nau afetiva. Um dos grandes discos de 2021. No Scream &amp; Yell <a href=\"https:\/\/screamyell.com.br\/site\/2021\/06\/08\/faixa-a-faixa-benvenuti-selton\/\" target=\"_blank\" rel=\"noopener\">eles comentam o disco faixa a faixa<\/a>.<\/p>\n<p><iframe loading=\"lazy\" title=\"Selton - Sigaretta in mano a Dio\" width=\"747\" height=\"420\" src=\"https:\/\/www.youtube.com\/embed\/Ui528JYu0BY?feature=oembed\" frameborder=\"0\" allow=\"accelerometer; autoplay; clipboard-write; encrypted-media; gyroscope; picture-in-picture\" allowfullscreen><\/iframe><\/p>\n<p style=\"text-align: justify;\"><strong>FELLINI \u2013 \u201cLEAVE ME ALONE\u201d:<\/strong> Cult banda que nasceu p\u00f3s punk na S\u00e3o Paulo dos anos 80 e cresceu juntando samba esquisito lo-fi com poesia, a Fellini resgatou uma sobra antiga e a reconstruiu. O resultado \u00e9 a delicada \u201c<a href=\"https:\/\/www.youtube.com\/watch?v=sKSOzrcTh5U&amp;feature=emb_title\">Leave Me Alone<\/a>\u201d, que foi o start para que \u00be do grupo conversassem com o Scream &amp; Yell <a href=\"https:\/\/screamyell.com.br\/site\/2021\/06\/25\/entrevista-fellini-ou-tudo-que-voce-queria-saber-sobre-a-banda-e\/\" target=\"_blank\" rel=\"noopener\">e analisassem sua discografia, \u00e1lbum a \u00e1lbum<\/a>. Imperd\u00edvel.<\/p>\n<p style=\"text-align: justify;\"><strong>BANDA EDDIE \u2013 \u201cATI\u00c7A\u201d:<\/strong> Natural de Olinda, Pernambuco, e com mais de tr\u00eas d\u00e9cadas de excelentes servi\u00e7os prestados \u00e0 m\u00fasica brasileira, a Eddie \u00e9 fruto da efervescente cena mangue beat dos anos 90 e no seu caldeir\u00e3o de sons convivem com naturalidade o punk rock, a m\u00fasica eletr\u00f4nica e, alinhados a identidade regional, o frevo e o carnaval. \u201cAti\u00e7a\u201d \u00e9 mais um manifesto que instiga a dan\u00e7ar e a pensar. <a href=\"https:\/\/screamyell.com.br\/site\/2021\/06\/18\/entrevista-eddie-lanca-atica-e-avisa-a-cultura-e-a-identidade-nacional-estao-sendo-atacadas\/\" target=\"_blank\" rel=\"noopener\">Fabio Trummer, o vocalista e letrista, conversou com o Scream &amp; Yell<\/a>. Afaste os m\u00f3veis, <a href=\"https:\/\/www.youtube.com\/watch?v=Q7x71PL4BJg&amp;feature=emb_title\" target=\"_blank\" rel=\"noopener\">d\u00ea play no disco<\/a> e prepare-se para dan\u00e7ar.<\/p>\n<p style=\"text-align: justify;\"><strong>AMARO FREITAS \u2013 \u201cSANKOFA\u201d:<\/strong> \u201cTrabalhei para tentar entender meus ancestrais, meu lugar, minha hist\u00f3ria como homem negro. A hist\u00f3ria dos povos origin\u00e1rios, das diversas etnias que ocuparam este territ\u00f3rio, de como somos plurais. O Brasil n\u00e3o nos disse a verdade sobre o Brasil. A hist\u00f3ria dos negros antes da escravid\u00e3o \u00e9 rica em filosofias antigas. Ao compreender a hist\u00f3ria e a for\u00e7a de nosso povo, pode-se come\u00e7ar a entender de onde v\u00eam nossos desejos, sonhos e vontades\u201d, diz o pianista recifense Amaro Freitas ao falar de seu terceiro \u00e1lbum, o encantador \u201cSankofa\u201d, outro dos grandes discos da m\u00fasica brasileira (e de jazz) a nos salvar em 2021. <a href=\"https:\/\/open.spotify.com\/album\/5cT5wndmYkuba7x4bnvIRf\" target=\"_blank\" rel=\"noopener\">Ou\u00e7a aqui<\/a> (e assista ao clipe da faixa t\u00edtulo abaixo).<\/p>\n<p><iframe loading=\"lazy\" title=\"Amaro Freitas- Sankofa ( Official Music Video )\" width=\"747\" height=\"420\" src=\"https:\/\/www.youtube.com\/embed\/GDWjeoOii8U?feature=oembed\" frameborder=\"0\" allow=\"accelerometer; autoplay; clipboard-write; encrypted-media; gyroscope; picture-in-picture\" allowfullscreen><\/iframe><\/p>\n<p style=\"text-align: justify;\"><strong>SETE DISCOS<\/strong><br \/>\nUm dos grandes nomes da m\u00fasica brasileira atual, a drag maranhense <strong>Pabllo Vittar<\/strong> declara seu amor ao Norte e Nordeste do pa\u00eds em seu quarto disco, \u201c<a href=\"https:\/\/open.spotify.com\/album\/194szTkDIGJsa9iZJNStwN\" target=\"_blank\" rel=\"noopener\">Batid\u00e3o Tropical<\/a>\u201d, com muito forr\u00f3 e tecnobrega; <strong>Lurdez da Luz<\/strong>, <strong>Luana Flores<\/strong> e <strong>Another Magic<\/strong> lan\u00e7am o dan\u00e7ante EP de remixes \u201c<a href=\"https:\/\/open.spotify.com\/album\/1ltyH0vm4blddzdhTYGfFq\" target=\"_blank\" rel=\"noopener\">Um Maracatu Desse<\/a>\u201d: o sambista torto paulista <strong>Romulo Fr\u00f3es<\/strong> provoca lan\u00e7ando dois \u00e1lbuns com o mesmo repert\u00f3rio, mas produ\u00e7\u00e3o totalmente oposta: \u201c<a href=\"https:\/\/open.spotify.com\/album\/5VZHw2ZhkJTLV61vLjIdNN\" target=\"_blank\" rel=\"noopener\">Aquele Nenhum<\/a>\u201d e \u201c<a href=\"https:\/\/open.spotify.com\/album\/5BWnfbkpn6Jzx9kM8cUX6v\" target=\"_blank\" rel=\"noopener\">\u00d4 N\u00f3is<\/a>\u201d. A colet\u00e2nea &#8220;<a href=\"https:\/\/tratore.ffm.to\/nossaterratemjanelas\" target=\"_blank\" rel=\"noopener\">Nossa Terra Tem Janelas<\/a>&#8221; re\u00fane <strong>artistas LGBTQIA+<\/strong> de diversos estados e contextos brasileiros para cantarem sa\u00eddas po\u00e9ticas ao isolamento na pandemia; <strong>NiLL<\/strong>, rapper do interior de S\u00e3o Paulo, est\u00e1 de volta com o elogiado \u201c<a href=\"https:\/\/open.spotify.com\/album\/46SotNSwVlaHGFmSxCHOV1\" target=\"_blank\" rel=\"noopener\">BLU<\/a>\u201d; e <strong>Iar\u00e1 Renno<\/strong>, acompanhada de um time luxuoso de participa\u00e7\u00f5es (Duda Brack, Josyara, Ava Rocha, Peri Pane, Alzira E, Thalma de Freitas e Joy Espindola), lan\u00e7ou o aconchegante \u201c<a href=\"https:\/\/open.spotify.com\/album\/7qqax9sNzpHAUVu98sqfQJ\" target=\"_blank\" rel=\"noopener\">Pra Te Abra\u00e7ar<\/a>\u201d.<\/p>\n<p><iframe loading=\"lazy\" title=\"Criolo - Fellini\" width=\"747\" height=\"420\" src=\"https:\/\/www.youtube.com\/embed\/T5xOzRY6nWw?feature=oembed\" frameborder=\"0\" allow=\"accelerometer; autoplay; clipboard-write; encrypted-media; gyroscope; picture-in-picture\" allowfullscreen><\/iframe><\/p>\n<p style=\"text-align: justify;\"><strong>SETE SINGLES<\/strong><br \/>\nCom cita\u00e7\u00f5es ao filme \u201c<a href=\"https:\/\/screamyell.com.br\/site\/2015\/01\/01\/filmografia-comentada-federico-fellini\/\" target=\"_blank\" rel=\"noopener\">Oito e Meio<\/a>\u201d, o rapper <strong>Criolo<\/strong> lan\u00e7ou a intensa \u201cFellini\u201d (acima); segunda faixa do maravilhoso \u201cLittle Electric Chicken Heart\u201d \u2013 que lhe rendeu indica\u00e7\u00f5es ao Grammy Latino \u2013, \u201cPromessas e Previs\u00f5es&#8221;, de <strong>Ana Frango El\u00e9trico<\/strong>, <a href=\"https:\/\/www.youtube.com\/watch?v=2tJvbkVgUPU\" target=\"_blank\" rel=\"noopener\">ganhou esse clipe<\/a>; a hist\u00f3rica banda punk recifense <strong>Devotos<\/strong> mergulha no reggae com \u201c<a href=\"https:\/\/www.youtube.com\/watch?v=wZPP9HmNZog\" target=\"_blank\" rel=\"noopener\">Nossa Hist\u00f3ria<\/a>\u201d; <strong>Dario Julio e os Franciscanos<\/strong> segue adiantando faixas de seu segundo disco, desta vez com a folk \u201c<a href=\"https:\/\/tratore.ffm.to\/democraciagourmetcontemironia\" target=\"_blank\" rel=\"noopener\">Democracia Gourmet (Cont\u00e9m Ironia)<\/a>\u201d, um triste resumo do governo Bolsonaro; o supergrupo <strong>TRIPLX<\/strong>, que combina rock e rap, tamb\u00e9m adiantou mais uma faixa de seu vindouro primeiro \u00e1lbum, \u201c<a href=\"https:\/\/www.youtube.com\/watch?v=UjLY_73q5ss\" target=\"_blank\" rel=\"noopener\">Se Liga L\u00f3ki<\/a>\u201d; a deusa <strong>Maria Bethania<\/strong> liberou a primeira faixa de seu novo disco de in\u00e9ditas, \u201c<a href=\"https:\/\/orcd.co\/aflorencarnada\" target=\"_blank\" rel=\"noopener\">Flor Encantada<\/a>\u201d; e <strong>Duda Beat<\/strong> n\u00e3o para de aprontar: o que dizer do clipe de \u201cNem Um Pouquinho\u201d? Maravilhoso \u00e9 pouco. Um filma\u00e7o! Assista abaixo.<\/p>\n<p><iframe loading=\"lazy\" title=\"Duda Beat feat. Trevo - Nem Um Pouquinho (Clipe Oficial)\" width=\"747\" height=\"420\" src=\"https:\/\/www.youtube.com\/embed\/qGZgSnJBilE?feature=oembed\" frameborder=\"0\" allow=\"accelerometer; autoplay; clipboard-write; encrypted-media; gyroscope; picture-in-picture\" allowfullscreen><\/iframe><\/p>\n<p style=\"text-align: justify;\"><strong>S\u00c9TIMA ARTE<\/strong><br \/>\nJunho foi m\u00eas de mais uma edi\u00e7\u00e3o do consagrado festival <strong>In-Edit Brasil<\/strong>, que exibiu mais de 50 document\u00e1rios musicais online. Tamb\u00e9m tivemos estreias dos filmes <strong>\u201c<a href=\"https:\/\/screamyell.com.br\/site\/2021\/06\/17\/cinema-veneza-e-uma-delicada-homenagem-de-miguel-falabella-ao-cinema-italiano\/\" target=\"_blank\" rel=\"noopener\">Veneza<\/a>\u201d, de Miguel Falabella<\/strong> e com uma das musas de Pedro Alm\u00f3dovar, Carmen Maura; o Grupo Rumo, um dos nomes celebrados da Vanguarda Paulistana, t\u00eam sua hist\u00f3ria recontada n<strong>o document\u00e1rio \u201c<a href=\"https:\/\/screamyell.com.br\/site\/2021\/07\/01\/cinema-documentario-rumo-de-flavio-frederico-e-mariana-pamplona-reconta-a-historia-do-grupo-da-vanguarda-paulista\/\" target=\"_blank\" rel=\"noopener\">Rumo<\/a>\u201d<\/strong>, que estreou nos cinemas; a Amazon Prime Video anunciou sua nova s\u00e9rie documental brasileira estrelando a fam\u00edlia de Gilberto Gil. A s\u00e9rie ir\u00e1 retratar o processo da <strong>Fam\u00edlia Gil<\/strong> para a cria\u00e7\u00e3o de um show in\u00e9dito que vai reunir os integrantes da fam\u00edlia no palco em 2022; e, encerrando nossas dicas, a anima\u00e7\u00e3o <strong><a href=\"https:\/\/screamyell.com.br\/site\/2021\/06\/13\/entrevista-ducca-rios-fala-sobre-meu-tio-jose-animacao-baiana-selecionada-para-o-festival-annecy-2021\/\" target=\"_blank\" rel=\"noopener\">\u201cMeu Tio Jos\u00e9\u201d, de Ducca Rios<\/a><\/strong>, foi selecionada para o badalado Festival Annecy 2021.<\/p>\n<p><iframe loading=\"lazy\" title=\"TRAILER OFICIAL &quot;MEU TIO JOS\u00c9&quot; ANNECY\" width=\"747\" height=\"420\" src=\"https:\/\/www.youtube.com\/embed\/ZoLOq7j_3r4?feature=oembed\" frameborder=\"0\" allow=\"accelerometer; autoplay; clipboard-write; encrypted-media; gyroscope; picture-in-picture\" allowfullscreen><\/iframe><\/p>\n<hr \/>\n<hr \/>\n<h1><span style=\"color: #ff0000;\"><strong>CHILE<\/strong><a style=\"color: #ff0000;\" name=\"chile\"><\/a><\/span><br \/>\n<strong><span style=\"color: #ff0000;\">pela Equipe do site<\/span>\u00a0<a href=\"https:\/\/www.potq.net\/\" target=\"_blank\" rel=\"noopener noreferrer\">POTQ Magazine<\/a><\/strong><\/h1>\n<p style=\"text-align: justify;\"><strong>No Chile a pandemia n\u00e3o d\u00e1 tr\u00e9gua e, honestamente, n\u00e3o sabemos por quanto tempo o setor cultural vai durar. Estamos em um ano eleitoral, as prim\u00e1rias presidenciais est\u00e3o chegando em meados de julho e a Conven\u00e7\u00e3o Constituinte acaba de ser estabelecida, com o povo eleito para redigir a nova constitui\u00e7\u00e3o. Mais de um habitante deste pa\u00eds sente que as palavras \u201cf\u00e9rias\u201d e \u201crelaxe\u201d s\u00e3o um ru\u00eddo distante, mas, pelo menos, ainda existem as can\u00e7\u00f5es que nos ajudam a respirar. Estas s\u00e3o as dez novidades chilenas que recomendamos.<\/strong><\/p>\n<p style=\"text-align: justify;\"><strong>BELENCHA \u2013 \u201cPETRONILA\u201d:<\/strong> A folclorista nacional Claudia Mena (mais conhecida pelo nome art\u00edstico Belencha) apresentar \u201cPetronila\u201d, uma can\u00e7\u00e3o no tom da valsa cl\u00e1ssica, mas que com a conjun\u00e7\u00e3o de melodias e a incorpora\u00e7\u00e3o da voz de Camila Moreno consegue se destacar como uma bela obra que consegue lembrar at\u00e9 mesmo Margot Loyola (de quem Belencha foi disc\u00edpula direta). Com esse single j\u00e1 queremos ouvir o \u00e1lbum em que ela est\u00e1 trabalhando com Gepe e Cristi\u00e1n Heyne na produ\u00e7\u00e3o.<\/p>\n<p><iframe loading=\"lazy\" title=\"Belencha y Camila Moreno - Petronila (video oficial)\" width=\"747\" height=\"560\" src=\"https:\/\/www.youtube.com\/embed\/Nd7WGU0vpjw?feature=oembed\" frameborder=\"0\" allow=\"accelerometer; autoplay; clipboard-write; encrypted-media; gyroscope; picture-in-picture\" allowfullscreen><\/iframe><\/p>\n<p style=\"text-align: justify;\"><strong>ENSECRETO \u2013 \u201cNECESARIO\u201d:<\/strong> O MC chileno EnSecreto est\u00e1 procurando retornar \u00e0s ra\u00edzes do rap, ou pelo menos foi isso que ele sugeriu em sua m\u00fasica anterior, &#8220;Perro Siberiano&#8221;. J\u00e1 na nova \u201cNecesario\u201d, os ritmos s\u00e3o equilibrados entre o rap e o trap mais cl\u00e1ssico e, seja como for, a m\u00fasica funciona perfeitamente. Acaba soando redonda gra\u00e7as \u00e0 combina\u00e7\u00e3o que ocorre entre o saxofone no final e as belas imagens da natureza que vemos no clipe.<\/p>\n<p><iframe loading=\"lazy\" title=\"EnSecreto - Necesario\" width=\"747\" height=\"420\" src=\"https:\/\/www.youtube.com\/embed\/NuxVONEEptk?feature=oembed\" frameborder=\"0\" allow=\"accelerometer; autoplay; clipboard-write; encrypted-media; gyroscope; picture-in-picture\" allowfullscreen><\/iframe><\/p>\n<p style=\"text-align: justify;\"><strong>DANIELA AMAYA \u2013 \u201cEN EL SILENCIO\u201d:<\/strong> O primeiro \u00e1lbum de Daniela Amaya, \u201cEn el Silencio\u201d, saiu em 2016 mostrando uma artista fortemente enraizada na m\u00fasica folk rom\u00e2ntica. Agora, em meados de 2021, a cantora tenta dar um passo \u00e0 frente com seu novo \u00e1lbum: \u201cUmbral\u201d, que, como ela mesma explica, \u00e9 uma esp\u00e9cie de obra conceitual sobre superar julgamentos, fantasmas e medos para chegar a lugares mais luminosos, algo que se faz notar at\u00e9 na estrutura do disco, que busca come\u00e7ar em um lugar para terminar em outro, algo que em tempos de singles e EPs soa bem interessante. <a href=\"https:\/\/open.spotify.com\/album\/7BBWa4gyhw6CRZXlff39rA?si=DecVRLqPQNaBix8MM8AIvw&amp;dl_branch=1\" target=\"_blank\" rel=\"noopener\">Ou\u00e7a o disco (inteiro) aqui<\/a>.<\/p>\n<p style=\"text-align: justify;\"><strong>EL PURPURADO DE CHAROL \u2013 \u201cNADA VOLVERA A SER IGUAL\u201d:<\/strong> Uma das bandas indie chilenas mais longevas est\u00e1 de volta, com disco novo. El Purpurado de Charol sempre foi conhecido por misturar ru\u00eddo com melodia, mas em um Chile p\u00f3s-explos\u00e3o-p\u00f3s-auge-e-decad\u00eancia-do-indie, foi necess\u00e1rio atualizar aquela f\u00f3rmula j\u00e1 conhecida de todos. \u201cNada Volvera a Ser Igual\u201d \u00e9 a tentativa da banda de fazer exatamente isso, um \u00e1lbum que se baseia nas mesmas estruturas que j\u00e1 temos claras, mas que tenta propor algo novo. Se conseguem ou n\u00e3o \u00e9 uma quest\u00e3o que o ouvinte deve responder, mas podemos dizer que, no momento certo e com vontade, os quarenta e dois minutos deste \u00e1lbum podem ser um dos mais agrad\u00e1veis de 2021. <a href=\"https:\/\/open.spotify.com\/album\/4oEARSSFTOSRidTZ2jbwiZ?si=e1eb1c53404d437b\" target=\"_blank\" rel=\"noopener\">Fa\u00e7a o teste aqui<\/a>.<\/p>\n<p style=\"text-align: justify;\"><strong>SAFO999 \u2013 \u201cSIN SE\u00d1AL\u201d:<\/strong> O primeiro trabalho de qualquer artista \u00e9 importante, pois marca o ponto de partida para a carreira nascente e tudo que est\u00e1 por vir. No caso do Safo999, esse primeiro passo \u00e9 o \u201cSin Se\u00f1al\u201d, um EP cheio de sons que vagueiam entre o dreampop e as guitarradas. Com apenas cinco m\u00fasicas, \u201cSin Se\u00f1al\u201d deixa voc\u00ea querendo mais, pois mais do que o som &#8211; que j\u00e1 \u00e9 muito marcante -, as letras s\u00e3o o que d\u00e3o alma a este projeto. Ent\u00e3o voc\u00ea n\u00e3o tem mais desculpas: reserve 17 minutos para ouvir <a href=\"https:\/\/open.spotify.com\/album\/6hWUqKkO0ooswxwooEoHA1?si=6b11b2a0bf724f01\" target=\"_blank\" rel=\"noopener\">um dos lan\u00e7amentos mais quentes de junho na m\u00fasica chilena<\/a>.<\/p>\n<p style=\"text-align: justify;\"><strong>LOLEIN \u2013 \u201cMALA\u201d:<\/strong> Do sul do Chile, Lolein, dupla composta por Pri e Eileen, funde suas influ\u00eancias kpop com o dembow latino para nos fazer dan\u00e7ar um perreo, o que \u00e9 ao mesmo tempo um convite a absorver o desejo sexual que tanto foi frustrado no confinamento que ainda continua no Chile. Essa estreia vem acompanhada de um clipe gravado em plano sequ\u00eancia, em que vemos a grosseria coreogr\u00e1fica da dupla que afirma estar preparando um \u00e1lbum que serve de playlist para divers\u00e3o p\u00f3s-pandemia.<\/p>\n<p><iframe loading=\"lazy\" title=\"Lolein - Mala\" width=\"747\" height=\"420\" src=\"https:\/\/www.youtube.com\/embed\/BiRuf2MbKPA?feature=oembed\" frameborder=\"0\" allow=\"accelerometer; autoplay; clipboard-write; encrypted-media; gyroscope; picture-in-picture\" allowfullscreen><\/iframe><\/p>\n<p style=\"text-align: justify;\"><strong>NATIS\u00da \u2013 \u201cAMORES\u201d:<\/strong> Durante o m\u00eas de junho foi realizado o Pulsar, uma das principais premia\u00e7\u00f5es de m\u00fasica do pa\u00eds. Pela primeira vez na hist\u00f3ria do evento, a categoria de Melhor Produtor(a) ficou para uma produtora: Natis\u00fa, que apresenta seu segundo \u00e1lbum encarregado de suceder o ic\u00f4nico \u201cLa Historia\u201d, de 2014. \u201cAmores\u201d \u00e9 pop influenciado pela experimenta\u00e7\u00e3o de Bj\u00f6rk e ambientado por Bon Iver, que incorpora a transcend\u00eancia do amor. O conceito que se metaforiza na m\u00edtica t\u00e9cnica japonesa de Kintsugi por meio de um videoclipe dirigido por Val Palavecino.<\/p>\n<p><iframe loading=\"lazy\" title=\"Natis\u00fa - Amores\" width=\"747\" height=\"420\" src=\"https:\/\/www.youtube.com\/embed\/45rNqFp4IIk?feature=oembed\" frameborder=\"0\" allow=\"accelerometer; autoplay; clipboard-write; encrypted-media; gyroscope; picture-in-picture\" allowfullscreen><\/iframe><\/p>\n<p style=\"text-align: justify;\"><strong>PRINCESA ALBA \u2013 \u201cMISS U BB\u201d:<\/strong> Uma das nossas artistas preferidas est\u00e1 a semanas de lan\u00e7ar seu primeiro \u00e1lbum, depois de nos conquistar com singles como \u201cSummer Love\u201d, \u201cConv\u00e9ncete\u201d e \u201cYa No Quiero Quererme\u201d, singles que n\u00e3o far\u00e3o parte do \u00e1lbum. O que estar\u00e1 na tracklist \u00e9 seu mais recente lan\u00e7amento, \u201cmiss u bb\u201d, segundo single depois de \u201caccelero&#8217;. Produzida pelo argentino Nico Cotton, a cantora volta ao trap pop para nos contar sobre desgosto e supera\u00e7\u00e3o; um cora\u00e7\u00e3o partido que se torna um apre\u00e7o pessoal que mostra a versatilidade da artista chilena. Al\u00e9m disso, ela apresenta um clipe inspirado em atividades escolares que incluem a elei\u00e7\u00e3o da rainha da c\u00e7lasse, onde a vemos ser coroada na frente de uma bastante particular colega de classe.<\/p>\n<p><iframe loading=\"lazy\" title=\"Princesa Alba - miss u bb (Video Oficial)\" width=\"747\" height=\"420\" src=\"https:\/\/www.youtube.com\/embed\/MkFbYItklcw?feature=oembed\" frameborder=\"0\" allow=\"accelerometer; autoplay; clipboard-write; encrypted-media; gyroscope; picture-in-picture\" allowfullscreen><\/iframe><\/p>\n<p style=\"text-align: justify;\"><strong>PABLO ILABACA \u2013 \u201cP\u00c1LIDA FORMA NOCHE\u201d:<\/strong> O ex-guitarrista do Chancho en Piedra deixou sua conhecida banda m\u00e3e ap\u00f3s v\u00e1rias experi\u00eancias como solista. Se antes aparecia com o nome de Jaco S\u00e1nchez, agora o faz com seu nome pessoal: Pablo Ilabaca. \u201cP\u00e1lida Forma Noche\u201d \u00e9 a segunda pr\u00e9via de seu pr\u00f3ximo \u00e1lbum: \u201cCanciones Para Conversar com La Muerte\u201d; Embora j\u00e1 tiv\u00e9ssemos uma pr\u00e9via dela (o cover para \u201cMi Viejo\u201d, de Piero), esta \u00e9 a primeira m\u00fasica que nos mostra como o \u00e1lbum est\u00e1 chegando. Muitos aplausos <a href=\"https:\/\/open.spotify.com\/track\/2ptZ7SzUM4PHW7MqhBYV1q?si=3085dea3557b4997\" target=\"_blank\" rel=\"noopener\">para essas cordas bem utilizadas<\/a>.<\/p>\n<p style=\"text-align: justify;\"><strong>POLIM\u00c1 WESTCOAST: \u201cLAS CR\u00d3NICAS DE NGANGU 2\u201d:<\/strong> Polim\u00e1 Westcoast foi um dos respons\u00e1veis pela pavimenta\u00e7\u00e3o do movimento urbano recente no Chile e ap\u00f3s seu c\u00e9lebre \u00e1lbum \u201cLas Cr\u00f3nicas de Ngangu\u201d, aproveitou junho para nos dar a segunda parte. \u201cLas Cr\u00f3nicas de Ngangu 2\u201d foi precedido com os singles &#8216;Enigma&#8217;, &#8216;Tip Tap Toe&#8217; e &#8216;Vlone&#8217; junto com o argentino Khea; as quatro can\u00e7\u00f5es restantes d\u00e3o forma a uma placa que levanta seus eixos de hist\u00f3ria no respeito, na supera\u00e7\u00e3o e na f\u00e9. Nesta continua\u00e7\u00e3o da estreia de 2018 encontramos sucessos como \u201cGorgon\u201d e uma participa\u00e7\u00e3o de Drefquila intitulada &#8216;R.A.P&#8217;.<\/p>\n<p><iframe loading=\"lazy\" title=\"Spotify Embed: Las Cr\u00f3nicas de Ngangu 2\" width=\"100%\" height=\"380\" allowtransparency=\"true\" frameborder=\"0\" allow=\"encrypted-media\" src=\"https:\/\/open.spotify.com\/embed\/album\/4O0C2fVXfpU3QfDAW0U51l?si=kYhFZfPsSlWfd_OAUOvDaw&#038;dl_branch=1\"><\/iframe><\/p>\n<hr \/>\n<hr \/>\n<h1><span style=\"color: #ff0000;\">COL\u00d4MBIA<a style=\"color: #ff0000;\" name=\"colombia\"><\/a><\/span><br \/>\n<strong><span style=\"color: #ff0000;\">por Fabi\u00e1n P\u00e1ez L\u00f3pez do site <\/span><a href=\"https:\/\/www.shock.co\/\" target=\"_blank\" rel=\"noopener noreferrer\">Shock.co<\/a><\/strong><\/h1>\n<p style=\"text-align: justify;\"><strong>Junho foi um m\u00eas longo e doloroso na Col\u00f4mbia. Na madrugada do dia 14 de junho, no momento em que se preparava para se apresentar ao vivo, Junior Jein foi assassinado na cidade de Cali: artista de Buenaventura, um dos precursores de um g\u00eanero conhecido como salsa choke e voz ativa durante a recente Greve Nacional. Continuamos adicionando mortes.<\/strong><\/p>\n<p><iframe loading=\"lazy\" title=\"SOS Buenaventura: Junior Jein explica las problem\u00e1ticas que vive el territorio vallecaucano - Shock\" width=\"747\" height=\"560\" src=\"https:\/\/www.youtube.com\/embed\/KwlbbcszFwE?feature=oembed\" frameborder=\"0\" allow=\"accelerometer; autoplay; clipboard-write; encrypted-media; gyroscope; picture-in-picture\" allowfullscreen><\/iframe><\/p>\n<p style=\"text-align: justify;\">Ap\u00f3s quase dois meses de massivas manifesta\u00e7\u00f5es nas ruas, viol\u00eancia policial e, apesar do aumento de mortes por parte da Covid, foi anunciada a reabertura de cinemas e salas de concerto com lota\u00e7\u00e3o reduzida na capital colombiana.<\/p>\n<p style=\"text-align: justify;\">No dia 21 de junho, por exemplo, em Shock apresentamos <strong>N. Hardem<\/strong> no Teatro Mayor, um rapper de Bogot\u00e1 que tocou, pela primeira vez ao vivo, seu \u00e1lbum mais recente: \u201cVerdor\u201d.<\/p>\n<p style=\"text-align: justify;\">\u00c9 assim que se parece um evento em um teatro com capacidade reduzida para 30%<\/p>\n<p><iframe loading=\"lazy\" title=\"Shock Presenta: As\u00ed fue el concierto de N. Hardem en el Teatro Mayor - Shock\" width=\"747\" height=\"420\" src=\"https:\/\/www.youtube.com\/embed\/_oh8YYf3wbI?feature=oembed\" frameborder=\"0\" allow=\"accelerometer; autoplay; clipboard-write; encrypted-media; gyroscope; picture-in-picture\" allowfullscreen><\/iframe><\/p>\n<p style=\"text-align: justify;\">Muitos lan\u00e7amentos, que haviam sido reprogramados devido \u00e0 Greve Nacional, est\u00e3o come\u00e7ando a ver a luz. Aqui est\u00e3o nossas recomenda\u00e7\u00f5es do m\u00eas:<\/p>\n<p style=\"text-align: justify;\"><strong>MABILAND \u2013 \u201cNI\u00d1XS ROTXS\u201d<\/strong>: No final de junho, a artista chocoana Mabiland lan\u00e7ou um dos \u00e1lbuns mais esperados do ano: \u201c<a href=\"https:\/\/open.spotify.com\/album\/1XLeW2s0YvZSomXynkBKgm\" target=\"_blank\" rel=\"noopener\">Ni\u00f1xs Rotxs<\/a>\u201d. Este segundo LP de Mabiland \u00e9 uma joia com uma produ\u00e7\u00e3o apurada que confirma o impacto do seu primeiro \u00e1lbum, \u201c1995\u201d. H\u00e1 trap, afrobeat, versos cortantes e os toques da neosoul com os quais a conhecemos.<\/p>\n<p><iframe loading=\"lazy\" title=\"Mabiland - NI\u00d1XS ROTXS (Video Oficial)\" width=\"747\" height=\"420\" src=\"https:\/\/www.youtube.com\/embed\/UMXGH3BLLsE?feature=oembed\" frameborder=\"0\" allow=\"accelerometer; autoplay; clipboard-write; encrypted-media; gyroscope; picture-in-picture\" allowfullscreen><\/iframe><\/p>\n<p style=\"text-align: justify;\"><strong>SE\u00d1OR NARANJO \u2013 \u201cEL MALESTAR BURGU\u00c9S\u201d:<\/strong> A banda de Medell\u00edn Se\u00f1or Naranjo lan\u00e7ou um \u00e1lbum que deve ser ouvido e lido com aten\u00e7\u00e3o. \u00c9 intitulado \u201c<a href=\"https:\/\/open.spotify.com\/album\/2KpjqsR1iVJ1LTlS2JNuig\" target=\"_blank\" rel=\"noopener\">El Malestar Burgu\u00e9s<\/a>\u201d e cont\u00e9m 10 can\u00e7\u00f5es que s\u00e3o como chicotadas, divaga\u00e7\u00f5es sobre refer\u00eancias te\u00f3ricas e punk tropical.<\/p>\n<p><iframe loading=\"lazy\" title=\"Se\u00f1or Naranjo - Ciberneardental\" width=\"747\" height=\"420\" src=\"https:\/\/www.youtube.com\/embed\/UFrF6dQ2hLs?feature=oembed\" frameborder=\"0\" allow=\"accelerometer; autoplay; clipboard-write; encrypted-media; gyroscope; picture-in-picture\" allowfullscreen><\/iframe><\/p>\n<p style=\"text-align: justify;\"><strong>DUPLAT \u2013 \u201cCIELO\u201d:<\/strong> Cinco faixas constituem o mais recente EP do m\u00fasico, pianista e matem\u00e1tico bogotano Duplat. \u00c9 intitulado \u201c<a href=\"https:\/\/open.spotify.com\/album\/31eB2jT91yvE3rfTMzeSN3\" target=\"_blank\" rel=\"noopener\">Cielo<\/a>\u201d, honrando o calor celestial de seu som. Calmas e serenas can\u00e7\u00f5es de amor e desgosto que soam como uma nuvem.<\/p>\n<p><iframe loading=\"lazy\" title=\"Duplat - Cielo (Video Oficial)\" width=\"747\" height=\"420\" src=\"https:\/\/www.youtube.com\/embed\/PAgS21LnuJw?feature=oembed\" frameborder=\"0\" allow=\"accelerometer; autoplay; clipboard-write; encrypted-media; gyroscope; picture-in-picture\" allowfullscreen><\/iframe><\/p>\n<p style=\"text-align: justify;\"><strong>LEE EYE &amp; JUAN POR DIOS \u2013 \u201cFACETIME\u201d:<\/strong> A artista bogotana Lee Eye se juntou a Juan por Dios para fazer um EP de cinco can\u00e7\u00f5es das quais recomendamos a primeira faixa, \u201cFacetime\u201d, na qual tamb\u00e9m colabora o produtor Mik Mish. Uma can\u00e7\u00e3o cativante com dicas de perreo e baixo global p\u00f3s-pand\u00eamico.<\/p>\n<p><iframe loading=\"lazy\" title=\"FACETIME - LEE EYE x JUANPORDIOS! x MIK MISH  (video oficial)\" width=\"747\" height=\"420\" src=\"https:\/\/www.youtube.com\/embed\/dC_YlV2BSE8?feature=oembed\" frameborder=\"0\" allow=\"accelerometer; autoplay; clipboard-write; encrypted-media; gyroscope; picture-in-picture\" allowfullscreen><\/iframe><\/p>\n<p style=\"text-align: justify;\"><strong>BOMBY &amp; MABILAND \u2013 \u201cDIFERENTE\u201d:<\/strong> Para sair do molde, o artista paisa Bomby, o cara que popularizou a frase &#8220;Somos melos, sisas, sisas&#8221;, convidou Mabiland (que repete nessas recomenda\u00e7\u00f5es) e lan\u00e7ou um perreo com afrobeat intitulado \u201cDiferente\u201d. O videoclipe tem muita cor, dan\u00e7a e poder afro-colombiano.<\/p>\n<p><iframe loading=\"lazy\" title=\"DIFERENTE, Bomby Ft @Mabiland\" width=\"747\" height=\"420\" src=\"https:\/\/www.youtube.com\/embed\/lV1wOX9cLGw?feature=oembed\" frameborder=\"0\" allow=\"accelerometer; autoplay; clipboard-write; encrypted-media; gyroscope; picture-in-picture\" allowfullscreen><\/iframe><\/p>\n<hr \/>\n<hr \/>\n<h1><span style=\"color: #ff0000;\"><strong>CUBA<\/strong><a style=\"color: #ff0000;\" name=\"cuba\"><\/a><\/span><br \/>\n<strong><span style=\"color: #ff0000;\">pela Equipe do site<\/span>\u00a0<a href=\"https:\/\/www.magazineampm.com\/\" target=\"_blank\" rel=\"noopener noreferrer\">Magazine AM:PM<\/a><\/strong><\/h1>\n<p style=\"text-align: justify;\"><strong>As primeiras luzes no fim do t\u00fanel para Cuba surgiram em junho: gra\u00e7as aos esfor\u00e7os dos cientistas cubanos, o pa\u00eds est\u00e1 prestes a conseguir a primeira vacina latino-americana contra Covid-19 com altos n\u00edveis de efic\u00e1cia. A felicidade veio primeiro com a not\u00edcia de que Soberana 02, a vacina candidata desenvolvida pelo Finlay Vaccine Institute, mostra 62% de efic\u00e1cia com apenas duas inje\u00e7\u00f5es; enquanto Abdala, do Centro de Engenharia Gen\u00e9tica e Biotecnologia (CIGB), atingiu 92,28% no esquema de tr\u00eas doses completo. Ambos os n\u00fameros atendem aos exigidos pela Organiza\u00e7\u00e3o Mundial da Sa\u00fade (50%), o que nos faz sonhar em ter nossa pr\u00f3pria vacina certificada pelo \u00f3rg\u00e3o mundial nos pr\u00f3ximos meses.<\/strong><\/p>\n<p style=\"text-align: justify;\">Entretanto, e j\u00e1 no territ\u00f3rio da cultura, come\u00e7aram a ser produzidas e anunciadas as primeiras turn\u00eas internacionais p\u00f3s-pand\u00e9micas da m\u00fasica cubana. Omara Portuondo &#8211; que recebeu em 23 de junho a Medalha de Ouro ao M\u00e9rito em Belas Artes do Minist\u00e9rio da Cultura e do Esporte da Espanha-, Chucho Vald\u00e9s, Aym\u00e9e Nuviola e Gonzalo Rubalcaba, Roberto Fonseca e Harold L\u00f3pez-Nussa, entre outros j\u00e1 est\u00e3o na estrada.<\/p>\n<p><iframe loading=\"lazy\" title=\"Willy Chirino (feat. Leoni Torres) - Para Mi Viejo (Video Oficial) #DiaDeLosPadres\" width=\"747\" height=\"420\" src=\"https:\/\/www.youtube.com\/embed\/kEV6uhxnt08?feature=oembed\" frameborder=\"0\" allow=\"accelerometer; autoplay; clipboard-write; encrypted-media; gyroscope; picture-in-picture\" allowfullscreen><\/iframe><\/p>\n<p style=\"text-align: justify;\"><strong>LEONI TORRES \u2013 \u201cAUNQUE SEA UM RATICO\u201d \/ \u201cPARA MI VIEJO\u201d:<\/strong> Um dos m\u00fasicos cubanos mais ativos durante a pandemia \u2013 e especificamente neste m\u00eas de junho \u2013 foi Leoni Torres, de Camag\u00fcey. Primeiramente, no dia 11, estreou junto com Cimafunk e Brenda Navarrete o single \u201cAunque Sea um Ratico\u201d, cujo videoclipe j\u00e1 ultrapassa 800 mil visualiza\u00e7\u00f5es no YouTube. Em seguida, a prop\u00f3sito do Dia dos Pais, ele compartilhou o tema \u201cPara Mi Viejo\u201d, junto com o cantor-compositor e produtor musical cubano-americano Willy Chirino. Deixamos ambos os v\u00eddeos como recomenda\u00e7\u00e3o (um acima, outro abaixo).<\/p>\n<p><iframe loading=\"lazy\" title=\"Leoni Torres, Cimafunk - Aunque Sea Un Ratico (Video oficial) feat Brenda Navarrete\" width=\"747\" height=\"420\" src=\"https:\/\/www.youtube.com\/embed\/roZlGFYWDLk?feature=oembed\" frameborder=\"0\" allow=\"accelerometer; autoplay; clipboard-write; encrypted-media; gyroscope; picture-in-picture\" allowfullscreen><\/iframe><\/p>\n<p style=\"text-align: justify;\"><strong>YOMI HIDALGO \u2013 \u201cBOOMERANG\u201d:<\/strong> Yomil Hidalgo est\u00e1 impar\u00e1vel. Outra estreia de seu \u00e1lbum \u201cPerreo 2030\u201d promete bater muito forte entre seus seguidores \u2013 que n\u00e3o s\u00e3o poucos \u2013 e tocar bastante neste ver\u00e3o. Trata-se de \u201cBoomerang\u201d, um novo single que o fundador do Yomil &amp; El Dany garante que ser\u00e1 uma revolu\u00e7\u00e3o dentro do g\u00eanero urbano na Ilha. <a href=\"https:\/\/open.spotify.com\/album\/1m9UUg7SlauN2HOm0HOa4Y?si=ssftf02xQ-CCbT2lKfTniA\" target=\"_blank\" rel=\"noopener\">Ou\u00e7a aqui<\/a>.<\/p>\n<p style=\"text-align: justify;\"><strong>AL2 EL ALDEANO &amp; NANPA B\u00c1SICO \u2013 \u201cPOR SI TE OLVIDA\u201d:<\/strong> Novo single promovido atualmente pelo rapper cubano Al2 El Aldeano com Nanpa B\u00e1sico colombiano. Entre batidas potentes \u2013 onde o fundador de Los Aldeanos repete, caso n\u00e3o soub\u00e9ssemos, que continua ativo nos bairros \u2013 se destaca o violino de Juan Camilo D\u00edaz, um rapaz muito jovem que j\u00e1 anda com alguns dos grandes nomes do hip hop da ilha.<\/p>\n<p><iframe loading=\"lazy\" title=\"Al2 El Aldeano ft. Nanpa Basico - POR SI SE TE OLVIDA\" width=\"747\" height=\"420\" src=\"https:\/\/www.youtube.com\/embed\/aM7WXOdS1gY?feature=oembed\" frameborder=\"0\" allow=\"accelerometer; autoplay; clipboard-write; encrypted-media; gyroscope; picture-in-picture\" allowfullscreen><\/iframe><\/p>\n<p style=\"text-align: justify;\"><strong>ALEXANDER ABREU &amp; HAVANA D\u2019PRIMEIRA \u2013 \u201cSER\u00c1 QUE SE ACAB\u00d3\u201d:<\/strong> O novo \u00e1lbum de Alexander Abreu e Havana D &#8216;Primera homenageia musica dan\u00e7ante popular cubana dos anos 80 e 90 e nos entrega can\u00e7\u00f5es cl\u00e1ssicas como \u201c\u00c9chale Lim\u00f3n\u201d, \u201cM\u00e1s Rollo Que Pel\u00edcula\u201d, \u201cT\u00fa No Me Calculas\u201d, \u201cUna Aventura Loca\u201d e \u201cEl Baile del Buey Cansao\u201d, entre outras. Produzido musicalmente pelo trompetista, compositor, cantor e l\u00edder da banda \u2013 em companhia do pianista Tony Rodr\u00edguez \u2013, \u201cSer\u00e1 Que Se Acab\u00e1\u201d faz dan\u00e7ar dos mais nost\u00e1lgicos e, tamb\u00e9m, os mais jovens.<\/p>\n<p><iframe loading=\"lazy\" title=\"Spotify Embed: Ser\u00e1 Que Se Acab\u00f3\" width=\"100%\" height=\"380\" allowtransparency=\"true\" frameborder=\"0\" allow=\"encrypted-media\" src=\"https:\/\/open.spotify.com\/embed\/album\/3CLJvW90sR3mFGmRQU3Uyg?si=Io6yhHK_SLiQEFmVg0-LkA\"><\/iframe><\/p>\n<p style=\"text-align: justify;\"><strong>AYM\u00c9E NUVIOLA \u2013 \u201cSIN SALSA NO HAY PARA\u00cdSO\u201d:<\/strong> Produzido por Gregory Elias, \u00c1ngel Arce, Paulo Simeon e Kenya Autie, o \u00e1lbum mais recente de Aym\u00e9e Nuviola \u00e9 uma viagem por algumas das can\u00e7\u00f5es mais populares da Col\u00f4mbia, uma terra de inspira\u00e7\u00e3o para as mulheres cubanas. Uma viagem, claro, nos termos desta artista \u2013 vencedora de um Grammy e de um Grammy Latino \u2013 que s\u00e3o, no fundo, os termos da salsa. Em \u201cSin Salsa no Hay Para\u00edso\u201d (Top Stop Music), Aym\u00e9e n\u00e3o se entrega apenas a cantar can\u00e7\u00f5es como \u201cNo Te Pido Flores\u201d, \u201cEnfermedad de Ti\u201d e \u201cTe busco\u201d como tamb\u00e9m convida algumas vozes colombianas: Majida Issa, Paula Arenas, Ma\u00eda e Fanny Lu. O videoclipe da ic\u00f4nica \u201cLa Gota Fria\u201d, interpretada por Carlos Vives, Grupo Niche e at\u00e9 Julio Iglesias, tamb\u00e9m foi lan\u00e7ado em junho. <a href=\"https:\/\/open.spotify.com\/album\/1boJOJLc15ZgnsmVXLrAOc?si=FswE_gt9RF-473OKbBHMiQ\" target=\"_blank\" rel=\"noopener\">Ou\u00e7a o \u00e1lbum aqui<\/a> e assista ao clipe abaixo.<\/p>\n<p><iframe loading=\"lazy\" title=\"Aym\u00e9e Nuviola &quot;La Gota Fr\u00eda&quot; (Official Music Video)\" width=\"747\" height=\"420\" src=\"https:\/\/www.youtube.com\/embed\/YnO0mynLfVI?feature=oembed\" frameborder=\"0\" allow=\"accelerometer; autoplay; clipboard-write; encrypted-media; gyroscope; picture-in-picture\" allowfullscreen><\/iframe><\/p>\n<p style=\"text-align: justify;\"><strong>ELLA Y YO<\/strong>: No que diz respeito aos eventos, ainda na modalidade online, rolou de 23 a 26 de junho o IV Encontro de Cantoras \u201cElla y Yo\u201d, que habitualmente celebra a cria\u00e7\u00e3o das mulheres no circuito trova nacional. Nesta ocasi\u00e3o, o festival foi dedicado aos 70 anos de Sara Gonz\u00e1lez, e os seguidores da can\u00e7\u00e3o puderam apreci\u00e1-la atrav\u00e9s do Canal Clave, em coordena\u00e7\u00e3o com o Instituto Cubano de M\u00fasica e o Centro Nacional de M\u00fasica Popular.<\/p>\n<p style=\"text-align: justify;\"><strong>O que vem em julho:<\/strong><br \/>\nJulho tem todas as caracter\u00edsticas de ser um m\u00eas muito produtivo em termos de cria\u00e7\u00e3o musical. Esperamos a colabora\u00e7\u00e3o de <strong>La Reyna<\/strong> e <strong>La Real<\/strong> com <strong>David Blanco<\/strong>; a estreia do single \u201cA veces muriendo\u201d, da banda de rock <strong>Tracks<\/strong>; o lan\u00e7amento do single \u201cLa serpiente de mi tierra\u201d, de <strong>Arema Arega<\/strong>; e o que promete ser uma das grandes estreias do ano, pelo menos para a m\u00fasica urbana: o \u00e1lbum \u201cLos brit\u00e2nicos\u201d, de <strong>El Taiger<\/strong>, que junta <strong>DJ Conds, El Brujo e El Lucitano<\/strong> nesta nova produ\u00e7\u00e3o.<\/p>\n<hr \/>\n<hr \/>\n<h1><span style=\"color: #ff0000;\"><strong>ESPANHA<\/strong><a style=\"color: #ff0000;\" name=\"espanha\"><\/a><\/span><br \/>\n<strong><span style=\"color: #ff0000;\">pela editoria dos sites <a href=\"https:\/\/www.mondosonoro.com\/\" target=\"_blank\" rel=\"noopener\">Mundo Sonoro<\/a> e<\/span>\u00a0<a href=\"https:\/\/www.zonadeobras.com\/\" target=\"_blank\" rel=\"noopener noreferrer\">Zona de Obras<\/a><\/strong><\/h1>\n<p style=\"text-align: justify;\"><strong>Com o in\u00edcio do ver\u00e3o e os primeiros dias sem a obrigatoriedade de uso de m\u00e1scaras em espa\u00e7os externos \u2013 desde que a dist\u00e2ncia de seguran\u00e7a seja mantida \u2013, o clima parece melhorar depois de uma longa jornada pand\u00eamica. Alguns festivais e shows j\u00e1 est\u00e3o acontecendo. E continua a tocar m\u00fasica que alegra nossos cora\u00e7\u00f5es.<\/strong><\/p>\n<p style=\"text-align: justify;\"><strong>KIKO VENENO \u2013 \u201cHAMBRE\u201d<\/strong>: Kiko Veneno rejuvenesce a cada nova apari\u00e7\u00e3o. \u00c9 ser tocado pelo dom da inspira\u00e7\u00e3o divina. Depois do genial \u201c<a href=\"https:\/\/www.zonadeobras.com\/apuestas\/2019\/04\/07\/kiko-veneno-sombrero-roto\/\" target=\"_blank\" rel=\"noopener\">Sombrero Roto<\/a>\u201d (2019), ele regressa com \u201c<a href=\"https:\/\/www.zonadeobras.com\/apuestas\/2021\/06\/21\/kiko-veneno-hambre\/\" target=\"_blank\" rel=\"noopener\">Hambre<\/a>\u201d, um \u00e1lbum que se destaca por tocar uma dial\u00e9tica minimalista do flamenco de puls\u00e3o africana. Seu inalter\u00e1vel estado de curiosidade permeia at\u00e9 o \u00faltimo \u00e1tomo das 10 m\u00fasicas que constituem uma nova demonstra\u00e7\u00e3o de seus poderes criativos, que s\u00e3o muitos e necess\u00e1rios. <a href=\"https:\/\/open.spotify.com\/album\/6aVI4oGFxwzNrltXXknX6f\" target=\"_blank\" rel=\"noopener\">Ou\u00e7a o disco aqui<\/a>.<\/p>\n<p><iframe loading=\"lazy\" title=\"Hambre - Kiko Veneno (videoclip oficial)\" width=\"747\" height=\"420\" src=\"https:\/\/www.youtube.com\/embed\/919NqrV1QqQ?feature=oembed\" frameborder=\"0\" allow=\"accelerometer; autoplay; clipboard-write; encrypted-media; gyroscope; picture-in-picture\" allowfullscreen><\/iframe><\/p>\n<p style=\"text-align: justify;\"><strong>LOS PILOTOS \u2013 \u201cALIANZA ATL\u00c1NTICA\u201d<\/strong>: Depois de abra\u00e7ar a ortodoxia krautrock em toda a sua cosmologia sint\u00e9tica, com \u201c<a href=\"https:\/\/www.zonadeobras.com\/apuestas\/2021\/06\/04\/los-pilotos-alianza-atlantica-2\/\" target=\"_blank\" rel=\"noopener\">Alianza Atl\u00e1ntica<\/a>\u201d, Los Pilotos avan\u00e7a sem amarras e dire\u00e7\u00f5es fixas por meio de uma obra que constr\u00f3i pontes com nomes pop de destaque latino-americanos. Assim participam, entre outros, os mexicanos Little Jesus e Marcela Viejo, o trio dominicano Mula, a peruana Pamela Rodr\u00edguez, os colombianos Monta\u00f1era e Pedrina e o Weste da Argentina. <a href=\"https:\/\/open.spotify.com\/album\/4ONpoZmgTyWotFTv79FOVT\" target=\"_blank\" rel=\"noopener\">Ou\u00e7a<\/a>!<\/p>\n<p style=\"text-align: justify;\"><strong>QUERALT LAHOZ \u2013 \u201cPUREZA\u201d:<\/strong> Primeiro \u00e1lbum cheio de <a href=\"https:\/\/www.mondosonoro.com\/entrevistas\/queralt-lahoz-entrevista\/\" target=\"_blank\" rel=\"noopener\">Queralt Lahoz<\/a>, \u201c<a href=\"https:\/\/www.mondosonoro.com\/criticas\/discos-musica\/queralt-lahoz-pureza\/\" target=\"_blank\" rel=\"noopener\">Pureza<\/a>\u201d \u00e9 um excelente \u00e1lbum que combina sons urbanos com as ra\u00edzes flamencas da cantora catal\u00e3. A sua apresenta\u00e7\u00e3o ao vivo deixa uma marca a cada palco em que pisa, e a sua recente presen\u00e7a no ciclo XXS do Festival Cru\u00eflla em Barcelona foi um triunfo retumbante para o p\u00fablico e cr\u00edtica, que pressagia que Queralt Lahoz tem um grande futuro pela frente. <a href=\"https:\/\/open.spotify.com\/album\/3hTQf3Mj4ty2N69RCZ07D8\" target=\"_blank\" rel=\"noopener\">Ou\u00e7a o \u00e1lbum aqui<\/a>.<\/p>\n<p><iframe loading=\"lazy\" title=\"QUERALT LAHOZ - Si la Luna Quiere (Videoclip oficial)\" width=\"747\" height=\"420\" src=\"https:\/\/www.youtube.com\/embed\/x9WVt2dqDYg?feature=oembed\" frameborder=\"0\" allow=\"accelerometer; autoplay; clipboard-write; encrypted-media; gyroscope; picture-in-picture\" allowfullscreen><\/iframe><\/p>\n<p style=\"text-align: justify;\"><strong>MAIKA MAKOYSKI \u2013 \u201cMKMK\u201d<\/strong>: <a href=\"https:\/\/www.mondosonoro.com\/entrevistas\/maika-makovski-entrevista-mkmk\/\" target=\"_blank\" rel=\"noopener\">Maika Makovski<\/a> tornou-se bastante popular na Espanha como apresentadora de \u201cLa Hora Musa\u201d, um dos poucos espa\u00e7os da rede de televis\u00e3o dedicados \u00e0 m\u00fasica ao vivo. Mas seu trabalho como compositora e cantora vem de longe e ela guarda uma vasta experi\u00eancia que agora se realiza no lan\u00e7amento de \u201c<a href=\"https:\/\/www.mondosonoro.com\/criticas\/discos-musica\/maika-makovski-mkmk\/\" target=\"_blank\" rel=\"noopener\">MKMK<\/a>\u201d (BMG, 21). Rock de autora que valoriza a personalidade e a raiva.<\/p>\n<p><iframe loading=\"lazy\" title=\"Spotify Embed: MKMK\" width=\"100%\" height=\"380\" allowtransparency=\"true\" frameborder=\"0\" allow=\"encrypted-media\" src=\"https:\/\/open.spotify.com\/embed\/album\/28KsYUjFJI0kCXw6iXUl0l\"><\/iframe><\/p>\n<p style=\"text-align: justify;\"><strong>MUJERES \u2013 \u201cROCK Y AMISTAD\u201d:<\/strong> <a href=\"https:\/\/www.mondosonoro.com\/entrevistas\/mujeres-entrevista-rock\/\" target=\"_blank\" rel=\"noopener\">Mujeres<\/a> tornaram-se uma das bandas mais queridas e sinceras do pop castelhano, afastando-se um pouco mais das ra\u00edzes garageiras a cada dia. Agora eles levam um passo adiante sua m\u00e1xima \u201c<a href=\"https:\/\/open.spotify.com\/album\/2C2DoVQJn92qd5tUCndb3N\" target=\"_blank\" rel=\"noopener\">Rock y Amistad<\/a>\u201d (Sonido Muchacho, 21), formando um EP em que s\u00e3o acompanhados por Cari\u00f1o, Carolina Durante, Los Punsetes e Nueva Vulcano. \u00c9 imposs\u00edvel ouvir can\u00e7\u00f5es como &#8220;Al Final Abrazos&#8221; e n\u00e3o sentir a euforia dos concertos e a exalta\u00e7\u00e3o pessoal de tudo o que temos em comum.<\/p>\n<p><iframe loading=\"lazy\" title=\"Mujeres, Cari\u00f1o - Al Final Abrazos\" width=\"747\" height=\"420\" src=\"https:\/\/www.youtube.com\/embed\/hhVbQQUx0K0?feature=oembed\" frameborder=\"0\" allow=\"accelerometer; autoplay; clipboard-write; encrypted-media; gyroscope; picture-in-picture\" allowfullscreen><\/iframe><\/p>\n<p style=\"text-align: justify;\"><strong>OQUES GRASSES \u2013 \u201cA TOPE AMB LA VIDA\u201d:<\/strong> Em 2019, \u201cFans del Sol\u201d tornou-se um verdadeiro impulso n\u00e3o s\u00f3 para a carreira do grupo catal\u00e3o <a href=\"https:\/\/www.mondosonoro.com\/entrevistas\/oques-grasses-entrevista\/\" target=\"_blank\" rel=\"noopener\">Oques Grasses<\/a>, mas tamb\u00e9m para uma cena que descobriu com eles novos caminhos. Agora, \u201c<a href=\"https:\/\/www.mondosonoro.com\/criticas\/discos-musica\/oques-grasses-a-tope-amb-la-vida-disco\/\" target=\"_blank\" rel=\"noopener\">A Tope Amb La Vida<\/a>\u201d (Halley Records, 21) vai um passo al\u00e9m, combinando o som usual da banda liderada por Josep Montero com sua capacidade de absorver influ\u00eancias da eletr\u00f4nica, pop e o que quiserem. <a href=\"https:\/\/open.spotify.com\/album\/0jgM3S1BYmkBTGLP5yTsMf\" target=\"_blank\" rel=\"noopener\">Ou\u00e7a<\/a>.<\/p>\n<p style=\"text-align: justify;\"><strong>DORIAN \u2013 \u201cJUSTICIA UNIVERSAL EM DIRECTO\u201d:<\/strong> Enquanto eles continuam a formar um novo \u00e1lbum no qual, dizem, vamos encontrar muitas surpresas al\u00e9m da j\u00e1 conhecida colabora\u00e7\u00e3o com Pimp Flaco em \u201cDual\u201d, a banda de Barcelona Dorian compartilha \u201c<a href=\"https:\/\/www.mondosonoro.com\/noticias-actualidad-musical\/dorian-documental-justicia-universal\/\" target=\"_blank\" rel=\"noopener\">Justicia Universal Live<\/a>\u201d (Introm\u00fasica, 21), um document\u00e1rio que nos ajuda a conhec\u00ea-los um pouco melhor a partir de seus diversos depoimentos e filmagens de bastidores, al\u00e9m de nos lembrar de seu impacto internacional em pa\u00edses como o M\u00e9xico e Estados Unidos.<\/p>\n<p><iframe loading=\"lazy\" title=\"Dorian - DORIAN: Justicia universal en directo (documental)\" width=\"747\" height=\"420\" src=\"https:\/\/www.youtube.com\/embed\/YxDu8KHCc6E?feature=oembed\" frameborder=\"0\" allow=\"accelerometer; autoplay; clipboard-write; encrypted-media; gyroscope; picture-in-picture\" allowfullscreen><\/iframe><\/p>\n<p style=\"text-align: justify;\"><strong>13\u00ba PR\u00caMIOS MIN<\/strong>: Em 15 de junho aconteceu na cidade de Burgos a XIII edi\u00e7\u00e3o do Pr\u00eamios MIN, organizado pela Uni\u00e3o Fonogr\u00e1fica Independente da Espanha. Os grandes vencedores foram a dupla madrilena Delaporte, que conquistou tr\u00eas pr\u00eamios: Melhor Artista, Melhor Grava\u00e7\u00e3o Eletr\u00f4nica e Melhor Videoclipe; Tri\u00e1ngulo de Amor Bizarro, galardoado com o pr\u00eamio de \u00c1lbum do Ano e Melhor Produ\u00e7\u00e3o; e Rigoberta Bandini, que ganhou o pr\u00eamio da Melhor Artista Emergente e da Can\u00e7\u00e3o do Ano pelo \u201cIn Spain We Call It Soledad\u201d. <a href=\"https:\/\/www.zonadeobras.com\/ultima-hora\/2021\/06\/17\/delaporte-gran-triunfador-en-los-premios-min\/\" target=\"_blank\" rel=\"noopener\">Descubra todos os vencedores aqui<\/a>.<\/p>\n<p style=\"text-align: justify;\">Durante o m\u00eas de junho ocorreram v\u00e1rios eventos cinematogr\u00e1ficos de interesse que encantaram a maioria dos cin\u00e9filos. Realizou-se o <a href=\"https:\/\/www.zonadeobras.com\/apuestas\/2021\/06\/03\/festival-de-malaga-2021\/\" target=\"_blank\" rel=\"noopener\">Festival de Cinema de M\u00e1laga<\/a> (3 a 13\/6), evento imperd\u00edvel para o cinema espanhol e latino-americano, no qual foi premiada \u201cEl Vientre del Mar\u201d de Agust\u00ed Villaronga; \u201cKarnawal\u201d, de Juan Pablo F\u00e9lix; \u201cLa Ciudad de Las Fieras\u201d, de Henry Rinc\u00f3n e \u201c<a href=\"https:\/\/www.zonadeobras.com\/apuestas\/2021\/06\/18\/ainhoa-rodriguez-destello-bravio\/\" target=\"_blank\" rel=\"noopener\">Destello Bravio<\/a>\u201d, de Ainhoa Rodr\u00edguez. Realizaram-se tamb\u00e9m o <a href=\"https:\/\/www.zonadeobras.com\/apuestas\/2021\/06\/12\/festival-internacional-de-cine-de-huesca-2021\/\" target=\"_blank\" rel=\"noopener\">Festival de Huesca<\/a> (11 a 19\/6), com as suas tr\u00eas categorias de curtas-metragens em competi\u00e7\u00e3o; o <a href=\"https:\/\/www.zonadeobras.com\/ultima-hora\/2021\/05\/20\/documentamadrid-presenta-su-18-edicion\/\" target=\"_blank\" rel=\"noopener\">DocumentaMadrid<\/a> (26\/5 a 6\/6) aposta no cinema document\u00e1rio e <a href=\"https:\/\/www.zonadeobras.com\/apuestas\/2021\/06\/09\/filmadrid-junio-2021\/\" target=\"_blank\" rel=\"noopener\">Filmadrid<\/a> (9 a 13\/6) especializada no cinema mais independente e transgressor.<\/p>\n<p><iframe loading=\"lazy\" title=\"Spot 49HIFF\" width=\"747\" height=\"420\" src=\"https:\/\/www.youtube.com\/embed\/cfB54PqsmQM?feature=oembed\" frameborder=\"0\" allow=\"accelerometer; autoplay; clipboard-write; encrypted-media; gyroscope; picture-in-picture\" allowfullscreen><\/iframe><\/p>\n<p style=\"text-align: justify;\">Os amantes dos livros tamb\u00e9m deram suas festas. De 16 a 20 aconteceu <a href=\"https:\/\/www.zonadeobras.com\/apuestas\/2021\/06\/16\/kosmopolis-2021\/\" target=\"_blank\" rel=\"noopener\">Kosmopolis \u2013 O Festival de Literatura Ampliada<\/a>, encontro liter\u00e1rio bienal que se realiza no Centro de Cultura Contempor\u00e2nea de Barcelona (CCCB) desde 2002 e que nesta ocasi\u00e3o celebra a fic\u00e7\u00e3o cient\u00edfica como um grande g\u00e9nero liter\u00e1rio que ultrapassa fronteiras e tradi\u00e7\u00f5es. J\u00e1 o <a href=\"https:\/\/www.zonadeobras.com\/apuestas\/2021\/06\/18\/file-2021\/\" target=\"_blank\" rel=\"noopener\">FILE &#8211; Festival Internacional de Literatura Espanhola de Castilla e Le\u00f3n<\/a> se realizou pela primeira vez com mais de 70 atividades e a participa\u00e7\u00e3o de mais de 200 autores em nove prov\u00edncias da comunidade aut\u00f4noma.<\/p>\n<p><iframe loading=\"lazy\" title=\"Festival Internacional de Literatura en Espa\u00f1ol 2021. Junta de Castilla y Le\u00f3n\" width=\"747\" height=\"420\" src=\"https:\/\/www.youtube.com\/embed\/Pe0qY7kL-cU?feature=oembed\" frameborder=\"0\" allow=\"accelerometer; autoplay; clipboard-write; encrypted-media; gyroscope; picture-in-picture\" allowfullscreen><\/iframe><\/p>\n<p><strong>O que vem em julho:<\/strong><\/p>\n<p style=\"text-align: justify;\">Entre os festivais de m\u00fasica de julho destacamos o <a href=\"https:\/\/www.vidafestival.com\/\" target=\"_blank\" rel=\"noopener\">Vida Festival<\/a> (1 a 3) de Vilanova i la Geltr\u00fa com Vetusta Morla, Nathy Peluso e Love Of Lesbian como headliners em cada um dos seus tr\u00eas dias e o <a href=\"https:\/\/www.cruillabarcelona.com\/en\/\" target=\"_blank\" rel=\"noopener\">Cru\u00eflla Festival<\/a> (8 a 10), em Barcelona, primeiro festival desde a pandemia que agrega artistas internacionais ao seu cartaz (Two Door Cinema Club, 2Many Djs, Morcheeba e mais) e que ser\u00e1 realizado com pessoas em p\u00e9 e sem dist\u00e2ncias seguras , com expectativa de convocar 20 mil pessoas.<\/p>\n<p style=\"text-align: justify;\">A eles se junta <a href=\"https:\/\/lamardemusicas.cartagena.es\/2021\/\" target=\"_blank\" rel=\"noopener\">La Mar de M\u00fasicas<\/a> (16 a 24), em Cartagena, que oferecer\u00e1 em sua 26\u00aa edi\u00e7\u00e3o um Especial Espanha protagonizado pela nova gera\u00e7\u00e3o de artistas que se aproximam da tradi\u00e7\u00e3o da vanguarda.<\/p>\n<p style=\"text-align: justify;\">Os amantes da s\u00e9tima arte, por sua vez, assistem \u00e0 11\u00aa edi\u00e7\u00e3o do <a href=\"https:\/\/atlantidafilmfest.com\/es\" target=\"_blank\" rel=\"noopener\">Atl\u00e0ntida Mallorca Film Fest<\/a> (26\/7 a 1\/8), com uma vers\u00e3o ampliada dispon\u00edvel online atrav\u00e9s da Filmin, e os f\u00e3s de arte aguardam ansiosamente a nova edi\u00e7\u00e3o da Arco Madrid (7 a 11\/7), a grande feira de arte contempor\u00e2nea nascida em 1982.<\/p>\n<hr \/>\n<hr \/>\n<h1><span style=\"color: #ff0000;\"><strong>M\u00c9XICO<\/strong><a style=\"color: #ff0000;\" name=\"mexico\"><\/a><\/span><br \/>\n<strong><span style=\"color: #ff0000;\">por Anali Rodriguez do site<\/span>\u00a0<a href=\"https:\/\/www.indierocks.mx\/\" target=\"_blank\" rel=\"noopener noreferrer\">Indie Rocks!<\/a><\/strong><\/h1>\n<p style=\"text-align: justify;\"><strong>Finalmente chegou a primeira metade do ano. Muito r\u00e1pido, certo? Se procurarmos fazer uma recontagem dos acontecimentos, podemos destacar que a pandemia continua e mesmo em junho a terceira onda de Covid-19 chegou ao M\u00e9xico; infelizmente, as infec\u00e7\u00f5es e o n\u00famero de mortos continuam a aumentar.<\/strong><\/p>\n<p style=\"text-align: justify;\">Por outro lado, em um campo agr\u00edcola no estado de Puebla (a uma hora e meia da Cidade do M\u00e9xico) se originou um enorme buraco que colocou em risco a resid\u00eancia dos moradores. No momento, os motivos que levaram ao surgimento deste sumidouro s\u00e3o desconhecidos, no entanto, a Prote\u00e7\u00e3o Civil est\u00e1 monitorando a \u00e1rea para evitar qualquer tipo de acidente de longa dura\u00e7\u00e3o.<\/p>\n<p style=\"text-align: justify;\">A Suprema Corte de Justi\u00e7a da Na\u00e7\u00e3o (SCJN) aprovou o uso recreativo da maconha; fato que o pr\u00f3prio presidente do SCJN qualificou de &#8220;hist\u00f3rico para as liberdades do M\u00e9xico&#8221;. A maioria das pessoas est\u00e1 comemorando essa decis\u00e3o, enquanto alguns ainda questionam, por medo, se essa decis\u00e3o foi correta \u2013 temendo que aconte\u00e7a com a maconha o que acontece com o tabaco e o \u00e1lcool: abuso do consumo.<\/p>\n<p style=\"text-align: justify;\">Mas nem tudo parece ruim. A celebra\u00e7\u00e3o do dia do Orgulho LGBTQIA+ foi celebrada de forma grandiosa e pac\u00edfica na capital do pa\u00eds. Da mesma forma, em diferentes partes da Rep\u00fablica Mexicana, a aplica\u00e7\u00e3o de vacinas contra Covid aumentou e isso permitiu a retomada de diferentes atividades, especialmente culturais e de entretenimento. Cada vez mais artistas t\u00eam conseguido estabelecer um encontro \u00edntimo em diferentes espa\u00e7os e assim voltar a desfrutar do que mais gostam: a m\u00fasica ao vivo.<\/p>\n<p><strong>ESTREIAS<\/strong><br \/>\n<strong>LOS BLENDERS \u2013 \u201cOTRA VEZ (OTRA VEZ)\u201d:<\/strong> Los Blenders surgem com uma faixa otimista para quebrar a rotina e falar sobre como tem sido dif\u00edcil ficar confinado em casa por tanto tempo. &#8220;<a href=\"https:\/\/www.indierocks.mx\/musica\/noticias\/otra-vez-otra-vez-el-nuevo-sencillo-de-los-blenders\/\" target=\"_blank\" rel=\"noopener\">Otra Vez (Otra Vez)<\/a>&#8221; ir\u00e1 convid\u00e1-lo a dan\u00e7ar e desfrutar daqueles encontros felizes que voc\u00ea certamente ter\u00e1 quando tudo isso acontecer. <a href=\"https:\/\/www.youtube.com\/watch?v=Et-m1ns8VhE\" target=\"_blank\" rel=\"noopener\">Ou\u00e7a aqui<\/a><\/p>\n<p style=\"text-align: justify;\"><strong>ELIS PAPRIKA \u2013 \u201cTHE END OF THE WORLD\u201d:<\/strong> Como uma esp\u00e9cie de carta a um mundo incerto, Elis Paprika expressa em &#8220;<a href=\"https:\/\/www.indierocks.mx\/musica\/noticias\/elis-paprika-comparte-the-end-of-the-world\/\" target=\"_blank\" rel=\"noopener\">The End Of The World<\/a>&#8221; seus sentimentos mais sinceros em meio a ondas nost\u00e1lgicas que nada mais fazem do que receber eventos poss\u00edveis com um sorriso no rosto. \u201c&#8217;The End Of The World&#8217; foi minha \u00faltima carta ao mundo quando tudo era incerto, mas eu queria criar algo t\u00e3o bonito, que minha fam\u00edlia soubesse que estar\u00edamos bem e conscientes. Mesmo que tudo estivesse desmoronando, eu queria que meu namorado soubesse que foi a melhor coisa que j\u00e1 aconteceu comigo&#8221;. <a href=\"https:\/\/www.youtube.com\/watch?v=Zfm7Ftoecp8\" target=\"_blank\" rel=\"noopener\">Ou\u00e7a aqui<\/a>.<\/p>\n<p style=\"text-align: justify;\"><strong>SGT. PAPERS \u2013 \u201cNO ES PARA TODOS\u201d \/ \u201cSE SIENTE BIEN\u201d:<\/strong> Jes\u00fas e Felipe Garc\u00eda de Hermosillo, Sonora, decidiram narrar os infort\u00fanios do rock atrav\u00e9s de um single duplo &#8220;No Es Para Todos&#8221; e &#8220;Se Siente Bien&#8221;, a primeira pr\u00e9via do que ser\u00e1 seu novo \u00e1lbum de est\u00fadio. <a href=\"https:\/\/www.indierocks.mx\/musica\/noticias\/sgt-papers-estrena-no-es-para-todos-y-se-siente-bien\/\" target=\"_blank\" rel=\"noopener\">Sgt. Papers<\/a> enlouquece com seus j\u00e1 caracter\u00edsticos viol\u00f5es que trazem explos\u00f5es de energia e emo\u00e7\u00e3o a cada uma de suas composi\u00e7\u00f5es. Com essas duas can\u00e7\u00f5es, o grupo sonorense convida voc\u00ea a fazer as coisas por si mesmo e a questionar suas decis\u00f5es. Ou\u00e7a as duas m\u00fasicas: <a href=\"https:\/\/www.youtube.com\/watch?v=VFN5Z2fhZ-Q\" target=\"_blank\" rel=\"noopener\">aqui<\/a> e <a href=\"https:\/\/www.youtube.com\/watch?v=2L9wSvWHvPw\" target=\"_blank\" rel=\"noopener\">aqui<\/a>.<\/p>\n<p style=\"text-align: justify;\"><strong>ZEMMOA Y TESSA IA \u2013 \u201cMI AMOR SOY YO\u201d:<\/strong> Como parte da celebra\u00e7\u00e3o do orgulho LGBTQIA+, Zemmoa apresentou com Tessa Ia &#8220;<a href=\"https:\/\/www.indierocks.mx\/musica\/noticias\/zemmoa-y-tessa-ia-estrenan-video-para-mi-amor-soy-yo\/\" target=\"_blank\" rel=\"noopener\">Mi Amor Soy Yo<\/a>&#8220;, um dueto interessante que flui entre ondas de electro pop. A estreia \u00e9 acompanhada por um video dirigido por Brenda de Arrigunaga no qual poder\u00e1 constatar o frescor e a alegria com que desfrutam o seu dia.<\/p>\n<p><iframe loading=\"lazy\" title=\"Zemmoa, Tessa Ia - Mi Amor Soy Yo ft. Trans-X\" width=\"747\" height=\"420\" src=\"https:\/\/www.youtube.com\/embed\/jWMET5rOyYA?feature=oembed\" frameborder=\"0\" allow=\"accelerometer; autoplay; clipboard-write; encrypted-media; gyroscope; picture-in-picture\" allowfullscreen><\/iframe><\/p>\n<p style=\"text-align: justify;\"><strong>CONCEPCI\u00d3N HUERTA &amp; JOS\u00c9 OROZCO MORA \u2013 SESSION:<\/strong> Ap\u00f3s a publica\u00e7\u00e3o de \u201cMemorias Suspendidas\u201d, <a href=\"https:\/\/www.indierocks.mx\/musica\/entrevistas\/entrevista-con-concepcion-huerta\/\" target=\"_blank\" rel=\"noopener\">Concepci\u00f3n Huerta<\/a> e Jos\u00e9 Orozco Mora se estabeleceram no rio Pixquiac, em Veracruz, para combinar seus sons com elementos org\u00e2nicos; o correr da \u00e1gua, o som dos animais e at\u00e9 o pr\u00f3prio p\u00f4r-do-sol combinam-se na perfei\u00e7\u00e3o para dar lugar a esta performance que envolve o espectador na sua intimidade. Sess\u00e3o imperd\u00edvel!<\/p>\n<p><iframe loading=\"lazy\" title=\"Concepci\u00f3n Huerta + Jos\u00e9 Orozco Mora @ R\u00edo Pixquiac (Pt1)\" width=\"747\" height=\"420\" src=\"https:\/\/www.youtube.com\/embed\/IyZYP4ow_ec?feature=oembed\" frameborder=\"0\" allow=\"accelerometer; autoplay; clipboard-write; encrypted-media; gyroscope; picture-in-picture\" allowfullscreen><\/iframe><\/p>\n<p style=\"text-align: justify;\"><strong>S\u00c1NCHEZ1000 \u2013 \u201cESPIRAL\u201d:<\/strong> Ap\u00f3s a publica\u00e7\u00e3o do seu \u00e1lbum \u201cHipergueto\u201d, <a href=\"https:\/\/www.indierocks.mx\/musica\/noticias\/sanchez1000-estrena-video-para-su-sencillo-espiral\/\" target=\"_blank\" rel=\"noopener\">S\u00e1nchez1000<\/a> decidiu encerrar o seu ciclo com um atrativo e cinematogr\u00e1fico v\u00eddeo para \u201cEspiral\u201d. Filmada em Colima, a produ\u00e7\u00e3o foi feita em 8mm por Adri\u00e1n Esc\u00e1rpita e contempla o produtor mexicano na orla da praia.<\/p>\n<p><iframe loading=\"lazy\" title=\"S\u00e1nchez1000 - Espiral\" width=\"747\" height=\"420\" src=\"https:\/\/www.youtube.com\/embed\/1L7m_tw4rlc?feature=oembed\" frameborder=\"0\" allow=\"accelerometer; autoplay; clipboard-write; encrypted-media; gyroscope; picture-in-picture\" allowfullscreen><\/iframe><\/p>\n<p style=\"text-align: justify;\"><strong>ANAN \u2013 \u201cA SONG FOR CHANGES\u201d:<\/strong> <a href=\"https:\/\/www.indierocks.mx\/musica\/noticias\/anan-estrena-videoclip-para-a-song-for-changes\/\" target=\"_blank\" rel=\"noopener\">Natalia G\u00f3mez<\/a> continua a apresentar sua complexa e inovadora proposta musical no \u00e2mbito do projeto ANAN. Nesta ocasi\u00e3o, a artista compartilha \u201cA Song For Changes\u201d, v\u00eddeo dirigido e animado pelo artista nepsy5euro; um clipe que consegue evocar o nascimento, evolu\u00e7\u00e3o e perman\u00eancia do ser humano.<\/p>\n<p><iframe loading=\"lazy\" title=\"A song for changes (Official video)\" width=\"747\" height=\"420\" src=\"https:\/\/www.youtube.com\/embed\/4Nnzv2UybWA?feature=oembed\" frameborder=\"0\" allow=\"accelerometer; autoplay; clipboard-write; encrypted-media; gyroscope; picture-in-picture\" allowfullscreen><\/iframe><\/p>\n<p style=\"text-align: justify;\"><strong>DISCOS<\/strong><br \/>\n<strong>SURICATA \u2013 \u201cMY LAUGH IS MY TRUTH\u201d:<\/strong> Com influ\u00eancias pr\u00e9-hisp\u00e2nicas e africanas chega <a href=\"https:\/\/www.indierocks.mx\/musica\/buenas-nuevas\/suricata-rave-con-tintes-africanos-y-prehispanicos\/\" target=\"_blank\" rel=\"noopener\">Suricata<\/a>, jovem produtor da Cidade do M\u00e9xico que tamb\u00e9m intercala seu interesse pela cosmologia nos filmes que acompanham seus lan\u00e7amentos. Seu EP \u201cMy Laugh Is My Truth\u201d j\u00e1 foi lan\u00e7ado e esta \u00e9 apenas uma pequena pr\u00e9via de seu pr\u00f3ximo \u00e1lbum, \u201cThe Only Way Out Is In\u201d. <a href=\"https:\/\/drecordsmx.bandcamp.com\/album\/my-laugh-is-my-truth\" target=\"_blank\" rel=\"noopener\">Ou\u00e7a o disco aqui<\/a>.<\/p>\n<p style=\"text-align: justify;\"><strong>MICROHM \u2013 \u201cLOST IN ELASTIC TIME\u201d:<\/strong> Usando sintetizadores anal\u00f3gicos, <a href=\"https:\/\/www.indierocks.mx\/musica\/noticias\/microhm-presenta-su-nuevo-ep-lost-in-elastic-time\/\" target=\"_blank\" rel=\"noopener\">Microhm<\/a> conseguiu conectar situa\u00e7\u00f5es comuns com a eletr\u00f4nica experimental. Em meio \u00e0 escurid\u00e3o e manifestando infinitas emo\u00e7\u00f5es perturbadoras, nasce \u201cLost In Elastic Time\u201d, um EP em que Leslie Garc\u00eda \u2013 nome pelo qual a artista responde \u2013 brinca com as intensidades at\u00e9 atingir uma catarse. <a href=\"https:\/\/tambien.bandcamp.com\/album\/lost-in-elastic-time\" target=\"_blank\" rel=\"noopener\">Ou\u00e7a o disco<\/a>.<\/p>\n<p style=\"text-align: justify;\"><strong>SE\u00d1OR KINO \u2013 \u201cAURORA BOREAL\u201d:<\/strong> Em meio a uma atmosfera carregada de misticismo, Se\u00f1or Kino aborda sonhos e esperan\u00e7as em \u201c<a href=\"https:\/\/www.indierocks.mx\/musica\/resenas\/senor-kino-aurora-boreal\/\" target=\"_blank\" rel=\"noopener\">Aurora Boreal<\/a>\u201d, afirmando que todos fazemos parte de um mesmo universo. Sons punk e experimentais habitam cada uma das 10 faixas que comp\u00f5em a produ\u00e7\u00e3o que vem com sua pr\u00f3pria assinatura. Se voc\u00ea ainda n\u00e3o definiu sua exist\u00eancia neste mundo, convidamos voc\u00ea a question\u00e1-la por meio deste material. <a href=\"https:\/\/senorkino.bandcamp.com\/\" target=\"_blank\" rel=\"noopener\">Ou\u00e7a o disco<\/a>.<\/p>\n<p style=\"text-align: justify;\"><strong>NOVIDADES<\/strong><br \/>\nPara quem n\u00e3o gosta tanto de ler ou n\u00e3o pode se dedicar \u00e0s p\u00e1ginas, o Audible da Amazon convocou Enrique Rangel, baixista e integrante do Caf\u00e9 Tacvba, para dar vida a um dos romances mais cativantes da literatura mexicana, <strong>\u201cLas Batallas en el Desierto\u201d, de Jos\u00e9 Emilio Pacheco<\/strong>. <a href=\"https:\/\/www.indierocks.mx\/musica\/noticias\/escucha-las-batallas-en-el-desierto-con-la-voz-de-quique-rangel\/\" target=\"_blank\" rel=\"noopener\">Ou\u00e7a aqui<\/a>.<\/p>\n<p style=\"text-align: justify;\">As perspectivas para julho apontam para um n\u00famero incomensur\u00e1vel de shows presenciais, na esperan\u00e7a de que os participantes respeitem os protocolos de sa\u00fade estabelecidos em cada interven\u00e7\u00e3o. <a href=\"https:\/\/www.indierocks.mx\/agenda\/\" target=\"_blank\" rel=\"noopener\">Voc\u00ea pode verificar todos os pr\u00f3ximos eventos aqui<\/a>.<\/p>\n<hr \/>\n<hr \/>\n<h1><span style=\"color: #ff0000;\"><strong>PERU<\/strong><a style=\"color: #ff0000;\" name=\"peru\"><\/a><\/span><br \/>\n<strong><span style=\"color: #ff0000;\">pela equipe do site<\/span> <a href=\"https:\/\/rockachorao.com\/\" target=\"_blank\" rel=\"noopener noreferrer\">Rock Achorao<\/a><\/strong><\/h1>\n<p>Em tradu\u00e7\u00e3o<\/p>\n<hr \/>\n<hr \/>\n<h1><span style=\"color: #ff0000;\"><strong>URUGUAI<\/strong><a style=\"color: #ff0000;\" name=\"uruguai\"><\/a><\/span><br \/>\n<strong><span style=\"color: #ff0000;\">por Kristel Latecki do site<\/span> <a href=\"https:\/\/www.piiila.com\/\" target=\"_blank\" rel=\"noopener noreferrer\">PiiiLA<\/a><\/strong><\/h1>\n<p style=\"text-align: justify;\"><strong>Depois de alguns meses dif\u00edceis e resumos que come\u00e7aram de forma negativa, fechamos neste m\u00eas de junho com esperan\u00e7a: a partir de 5 de julho estar\u00e1 habilitada a volta da cultura aos palcos. O entusiasmo \u00e9 palp\u00e1vel tanto por parte dos trabalhadores culturais quanto do p\u00fablico, tanto que j\u00e1 temos shows esgotados. Assim, nestes dias a agenda continuar\u00e1 a ser preenchida, embora mantendo os mesmos cuidados e protocolos que foram estabelecidos desde o ano passado.<\/strong><\/p>\n<p style=\"text-align: justify;\">Considero essas boas not\u00edcias como um salva-vidas em meio a ondas permanentes de terr\u00edveis reveses pol\u00edticos e sociais. E, a seguir, deixo uma sele\u00e7\u00e3o dos destaques que aconteceram em nosso pa\u00eds em junho.<\/p>\n<p style=\"text-align: justify;\"><strong>MIRANDA DIAZ \u2013 \u201cAMIGARNOS\u201d:<\/strong> A jovem cantora Miranda D\u00edaz est\u00e1 caminhando single a single para o seu \u00e1lbum de estreia, e este m\u00eas apresentou \u201cAmigarnos\u201d. Com um ritmo entre o dembow e o tango, a can\u00e7\u00e3o \u00e9 tomada pela sensualidade com uma melodia cativante que d\u00e1 conta de um amor atravessado pelo conflito. Al\u00e9m disso, \u00e9 acompanhado por um v\u00eddeo que \u00e9 o primeiro cap\u00edtulo de uma trilogia envolvente.<\/p>\n<p><iframe loading=\"lazy\" title=\"MIRANDA D\u00cdAZ - Amigarnos (prod. Mili Milanss) | Cap. 1\" width=\"747\" height=\"420\" src=\"https:\/\/www.youtube.com\/embed\/-YEd4fRacHs?feature=oembed\" frameborder=\"0\" allow=\"accelerometer; autoplay; clipboard-write; encrypted-media; gyroscope; picture-in-picture\" allowfullscreen><\/iframe><\/p>\n<p style=\"text-align: justify;\"><strong>MELAN\u00cd LURASCHI Y JULIETA RADA \u2013 \u201cPROFUNDO\u201d:<\/strong> Numa colabora\u00e7\u00e3o inesperada, mas totalmente perfeita, as cantoras e compositoras Melan\u00ed Luraschi e Julieta Rada trazem-nos o single \u201cProfundo\u201d. Unindo suas vozes harmoniosas com o novo folclore de uma e o candombe pop da outra, elas produziram uma bela can\u00e7\u00e3o que observa criticamente os elos ef\u00eameros e busca, como diz o t\u00edtulo, se aprofundar. Tamb\u00e9m conta com o m\u00edtico violonista de m\u00fasica popular Eduardo Larbanois no viol\u00e3o e arranjos.<\/p>\n<p><iframe loading=\"lazy\" title=\"Profundo (feat. Julieta Rada)\" width=\"747\" height=\"560\" src=\"https:\/\/www.youtube.com\/embed\/elEgAg73Bpw?feature=oembed\" frameborder=\"0\" allow=\"accelerometer; autoplay; clipboard-write; encrypted-media; gyroscope; picture-in-picture\" allowfullscreen><\/iframe><\/p>\n<p style=\"text-align: justify;\"><strong>LOS WALRUS \u2013 \u201cETERNIDAD\u201d:<\/strong> Los Walrus, uma jovem banda de La Paloma, Rocha, nos traz uma vis\u00e3o psicod\u00e9lica do pop \/ rock com a can\u00e7\u00e3o \u201cEternidad\u201d. Envolvida em uma nuvem de algod\u00e3o de distor\u00e7\u00e3o, a m\u00fasica nos leva a uma jornada ascendente, descolada e cat\u00e1rtica. Seu v\u00eddeo com imagens da natureza passadas pelo filtro lis\u00e9rgico acompanha a viagem.<\/p>\n<p><iframe loading=\"lazy\" title=\"Los Walrus - Eternidad (Videoclip Oficial)\" width=\"747\" height=\"420\" src=\"https:\/\/www.youtube.com\/embed\/x16vUKqoJQ0?feature=oembed\" frameborder=\"0\" allow=\"accelerometer; autoplay; clipboard-write; encrypted-media; gyroscope; picture-in-picture\" allowfullscreen><\/iframe><\/p>\n<p style=\"text-align: justify;\"><strong>JHONA LEMOLE \u2013 \u201cCELEBRAR\u201d:<\/strong> Quarto \u00e1lbum de Jhona Lemole, \u201cCelebrar\u201d \u00e9 uma obra melanc\u00f3lica e profunda <a href=\"https:\/\/www.piiila.com\/blog\/cadencia-16-jhona-lemole-sobre-el-amor-y-la-composicion-de-te-quiero\" target=\"_blank\" rel=\"noopener\">que canaliza duelos e reflex\u00f5es sobre o amor, mas, mais importante, sobre o amor-pr\u00f3prio em sua poesia<\/a>. Criando em torno dessas oito m\u00fasicas seu pr\u00f3prio mundo visual, Jhona encarna o papel de uma crooner taciturna, o que se refletiu n\u00e3o s\u00f3 na arte do \u00e1lbum, mas tamb\u00e9m em seu primeiro videoclipe para a m\u00fasica \u201c<a href=\"https:\/\/www.youtube.com\/watch?v=7AdQyVR_oL4\" target=\"_blank\" rel=\"noopener\">Felices<\/a>\u201d, que conta com a voz de Camila Rodr\u00edguez (Ni\u00f1a Lobo). <a href=\"https:\/\/open.spotify.com\/album\/1AkLisadeDpCd4j73a3QWK?si=DJgIAWQmSJOV4HQXJyXE4A&amp;dl_branch=1\" target=\"_blank\" rel=\"noopener\">Ou\u00e7a o disco<\/a> e veja o clipe abaixo.<\/p>\n<p><iframe loading=\"lazy\" title=\"Jhona Lemole - Felices ft Camila Rodr\u00edguez\" width=\"747\" height=\"420\" src=\"https:\/\/www.youtube.com\/embed\/7AdQyVR_oL4?feature=oembed\" frameborder=\"0\" allow=\"accelerometer; autoplay; clipboard-write; encrypted-media; gyroscope; picture-in-picture\" allowfullscreen><\/iframe><\/p>\n<p style=\"text-align: justify;\"><strong>LEANDRO AQUISTAPACIE \u2013 \u201cCAP\u00cdTULO 2\u201d<\/strong>: Minando influ\u00eancias musicais que t\u00eam mais a ver com o pop \/ rock argentino dos anos 70 do que a m\u00fasica de hoje, o multi-instrumentista Leandro Aquistapacie (que tamb\u00e9m \u00e9 o coringa em Algod\u00f3n e Piel) nos oferece um segundo \u00e1lbum tendo sua voz maravilhosa e expressiva como guia. \u201cCap\u00edtulo 2\u201d saiu pelo selo argentino Queruza e nos leva por um mundo pessoal, iluminado pela luz dourada do outono rioplatense. Demonstrando assim que as segundas partes tamb\u00e9m podem superar as anteriores.<\/p>\n<p><iframe loading=\"lazy\" title=\"Spotify Embed: Cap\u00edtulo 2\" width=\"100%\" height=\"380\" allowtransparency=\"true\" frameborder=\"0\" allow=\"encrypted-media\" src=\"https:\/\/open.spotify.com\/embed\/album\/4vdqhpOPJtQPSbQ9XH0QJv?si=mOCppYoxSEWB1lz_IzP3kA&#038;dl_branch=1\"><\/iframe><\/p>\n<p style=\"text-align: justify;\"><strong>JESUS NEGRO Y LOS PUTOS \u2013 \u201cJARDIN DELIRIO\u201d:<\/strong> O multifacetado e prol\u00edfico Pau O&#8217;Bianchi precisa de diferentes canais para canalizar sua criatividade, e um deles \u00e9 Jes\u00fas Negro y Los Putos. Atrav\u00e9s deste quarteto tomam forma as suas composi\u00e7\u00f5es mais punk e agudas (n\u00e3o \u00e9 \u00e0 toa que a banda leva esse nome), mas ainda carregam aquilo que torna Pau totalmente identific\u00e1vel e diferente. \u201cJard\u00edn Delirio\u201d \u00e9 o seu segundo trabalho e a primeira parte de uma tetralogia de EPs tem\u00e1ticos. A arte \u00e9 do artista argentino Gustavo Sala.<\/p>\n<p><iframe loading=\"lazy\" title=\"Jes\u00fas negro y los putos - Jard\u00edn delirio\" width=\"747\" height=\"420\" src=\"https:\/\/www.youtube.com\/embed\/cwdH-0c297A?feature=oembed\" frameborder=\"0\" allow=\"accelerometer; autoplay; clipboard-write; encrypted-media; gyroscope; picture-in-picture\" allowfullscreen><\/iframe><\/p>\n<p style=\"text-align: justify;\"><strong>ZALO SOLO \u2013 \u201cBUENA SUERTE\u201d:<\/strong> Depois de quatro singles e seus respectivos v\u00eddeos, o rapper Zalo Solo lan\u00e7ou seu quarto \u00e1lbum, com o qual busca maior experimenta\u00e7\u00e3o sonora e l\u00edrica. Com a participa\u00e7\u00e3o de Christian Cary, da La Triple Nelson, Gabino, de Dostrescinco e Delfina Dib, o \u00e1lbum \u201cBuena Suerte\u201d carrega a positividade e as boas vibra\u00e7\u00f5es do t\u00edtulo e festeja tanto a fam\u00edlia quanto os amigos em batidas que se fundem indo do house a salsa. <a href=\"https:\/\/open.spotify.com\/album\/2UCr8qne9VUtSAaiQhYV68?si=h6LrbsEZTQicaQEDOjHVEw&amp;dl_branch=1\" target=\"_blank\" rel=\"noopener\">Ou\u00e7a o disco aqui<\/a>.<\/p>\n<p style=\"text-align: justify;\"><strong>JUAN WAUTERS \u2013 \u201cLOCURA\u201d:<\/strong> Inspirado nos videogames 3D do in\u00edcio dos anos 2000, o novo clipe de Juan Wauters para a m\u00fasica \u201cLocura\u201d, <a href=\"https:\/\/www.piiila.com\/blog\/2021\/5\/28\/cadencia-12-la-radio-de-juan-wauters\" target=\"_blank\" rel=\"noopener\">de seu recente \u00e1lbum \u201cReal Life Situations\u201d<\/a>, transforma o m\u00fasico em um personagem digital que viaja por Nova York em sua bicicleta, com o viol\u00e3o nas m\u00e3os. O divertido e nost\u00e1lgico v\u00eddeo combina com a est\u00e9tica e o clima da m\u00fasica, e foi dirigido pelos uruguaios Jvy V\u00e1zquez e JP Bonino, com Patricia Iccardi em produ\u00e7\u00e3o.<\/p>\n<p><iframe loading=\"lazy\" title=\"Juan Wauters - Locura (Official Video)\" width=\"747\" height=\"420\" src=\"https:\/\/www.youtube.com\/embed\/3kgq2Ev2da0?feature=oembed\" frameborder=\"0\" allow=\"accelerometer; autoplay; clipboard-write; encrypted-media; gyroscope; picture-in-picture\" allowfullscreen><\/iframe><\/p>\n<p style=\"text-align: justify;\"><strong>LILA TIRANDO A VIOLETA \u2013 \u201cMALDOROR\u201d:<\/strong> Entre outros v\u00eddeos de destaque de junho est\u00e1 \u201cMaldoror\u201d, de Lila Tirando a Violeta (<a href=\"https:\/\/www.piiila.com\/blog\/2020\/12\/28\/2020-en-piiila-discos-del-ao\/#lila-tirando\" target=\"_blank\" rel=\"noopener\">de seu excelente \u00e1lbum \u201cLimerencia\u201d<\/a>), que chegou ao YouTube depois de ser lan\u00e7ado na mostra virtual \u201cEn la noche\u201d realizada no Metr\u00f4 de Montevid\u00e9u. Criada pelo artista digital mexicano Gerardo Masacre, \u201cMaldoror\u201d nos transporta para um planeta estranhamente realista, que, como a can\u00e7\u00e3o, se inspira nas famosas can\u00e7\u00f5es do Conde de Lautr\u00e9amont.<\/p>\n<p><iframe loading=\"lazy\" title=\"Maldoror - Lila Tirando a Violeta featuring Nick Le\u00f3n &amp; PRJCTN\" width=\"747\" height=\"420\" src=\"https:\/\/www.youtube.com\/embed\/LYEfyc4m7AU?feature=oembed\" frameborder=\"0\" allow=\"accelerometer; autoplay; clipboard-write; encrypted-media; gyroscope; picture-in-picture\" allowfullscreen><\/iframe><\/p>\n<p style=\"text-align: justify;\"><strong>CIELOS DE PLOMO \u2013 \u201cNUEVA EST\u00c1CION\u201d:<\/strong> E, finalmente, no ano passado Cielos de Plomo <a href=\"https:\/\/www.piiila.com\/blog\/2020\/12\/28\/2020-en-piiila-discos-del-ao\/#cielos\" target=\"_blank\" rel=\"noopener\">lan\u00e7ou o lindo \u00e1lbum \u201cEntre Luces\u201d<\/a>, que infelizmente n\u00e3o pudemos curtir ao vivo devido \u00e0 pandemia. Mas com seu novo v\u00eddeo para a m\u00fasica in\u00e9dita \u201cNueva Estaci\u00f3n\u201d podemos ter apenas um vislumbre de como seria ver esse sexteto et\u00e9reo e sutil em a\u00e7\u00e3o.<\/p>\n<p><iframe loading=\"lazy\" title=\"Cielos de plomo - Nueva estaci\u00f3n (vivo en Marsella, Uruguay)\" width=\"747\" height=\"420\" src=\"https:\/\/www.youtube.com\/embed\/bR2wjT_cKDU?feature=oembed\" frameborder=\"0\" allow=\"accelerometer; autoplay; clipboard-write; encrypted-media; gyroscope; picture-in-picture\" allowfullscreen><\/iframe><\/p>\n<p style=\"text-align: justify;\"><strong>O que vem em junho<\/strong><br \/>\nComo foi dito no in\u00edcio, j\u00e1 temos v\u00e1rios shows confirmados para os pr\u00f3ximos meses. Os grandiosos <strong>Buenos Muchachos<\/strong> j\u00e1 esgotaram quatro datas em agosto do que ser\u00e1 a celebra\u00e7\u00e3o da maioridade de seu ic\u00f4nico \u00e1lbum \u201cAmanecer B\u00faho\u201d e sua reedi\u00e7\u00e3o em vinil. J\u00e1 foram adicionadas mais tr\u00eas datas, todas no La Trastienda Club Montevid\u00e9u.<\/p>\n<p style=\"text-align: justify;\"><strong>Luciano Supervielle e Pedro Dalton, Lu Ferreira, Christian Cary e Peyote Asesino<\/strong> j\u00e1 confirmaram shows nessa mesma sala. <strong>Papina de Palma, Et\u00e9 &amp; Los Problems e Ruben Rada<\/strong> passar\u00e3o pela Sala do Museu. E <strong>Max Tejera<\/strong> <a href=\"https:\/\/www.piiila.com\/blog\/2021\/4\/23\/cadencia-7-la-intensidad-de-max-tejera\" target=\"_blank\" rel=\"noopener\">apresentar\u00e1 seu \u00e1lbum \u201cIntenso\u201d<\/a> na Sala Camacu\u00e1.<\/p>\n<p><img decoding=\"async\" loading=\"lazy\" class=\"alignnone size-full wp-image-60901\" src=\"https:\/\/screamyell.com.br\/site\/wp-content\/uploads\/2021\/05\/FARO_SIN-LOGOS.jpg\" alt=\"\" width=\"750\" height=\"440\" srcset=\"https:\/\/screamyell.com.br\/site\/wp-content\/uploads\/2021\/05\/FARO_SIN-LOGOS.jpg 750w, https:\/\/screamyell.com.br\/site\/wp-content\/uploads\/2021\/05\/FARO_SIN-LOGOS-300x176.jpg 300w\" sizes=\"(max-width: 750px) 100vw, 750px\" \/><\/p>\n<p style=\"text-align: center;\"><strong><a href=\"https:\/\/screamyell.com.br\/site\/tag\/faro\/\">LEIA OS PANORAMAS ANTERIORES DA FARO<\/a><\/strong><\/p>\n","protected":false},"excerpt":{"rendered":"Dez sites de nove pa\u00edses unidos pelo ideal de compartilhar cultura e, com ela, ideias, sonhos, desejos, revolu\u00e7\u00f5es.\n<a class=\"moretag\" href=\"https:\/\/screamyell.com.br\/site\/2021\/07\/09\/faro-panoramas-de-junho-na-musica-e-cultura-ibero-americana\/\"> [...]<\/a>","protected":false},"author":106,"featured_media":61568,"comment_status":"open","ping_status":"open","sticky":false,"template":"","format":"standard","meta":[],"categories":[9,3],"tags":[45,4817],"_links":{"self":[{"href":"https:\/\/screamyell.com.br\/site\/wp-json\/wp\/v2\/posts\/61530"}],"collection":[{"href":"https:\/\/screamyell.com.br\/site\/wp-json\/wp\/v2\/posts"}],"about":[{"href":"https:\/\/screamyell.com.br\/site\/wp-json\/wp\/v2\/types\/post"}],"author":[{"embeddable":true,"href":"https:\/\/screamyell.com.br\/site\/wp-json\/wp\/v2\/users\/106"}],"replies":[{"embeddable":true,"href":"https:\/\/screamyell.com.br\/site\/wp-json\/wp\/v2\/comments?post=61530"}],"version-history":[{"count":14,"href":"https:\/\/screamyell.com.br\/site\/wp-json\/wp\/v2\/posts\/61530\/revisions"}],"predecessor-version":[{"id":61605,"href":"https:\/\/screamyell.com.br\/site\/wp-json\/wp\/v2\/posts\/61530\/revisions\/61605"}],"wp:featuredmedia":[{"embeddable":true,"href":"https:\/\/screamyell.com.br\/site\/wp-json\/wp\/v2\/media\/61568"}],"wp:attachment":[{"href":"https:\/\/screamyell.com.br\/site\/wp-json\/wp\/v2\/media?parent=61530"}],"wp:term":[{"taxonomy":"category","embeddable":true,"href":"https:\/\/screamyell.com.br\/site\/wp-json\/wp\/v2\/categories?post=61530"},{"taxonomy":"post_tag","embeddable":true,"href":"https:\/\/screamyell.com.br\/site\/wp-json\/wp\/v2\/tags?post=61530"}],"curies":[{"name":"wp","href":"https:\/\/api.w.org\/{rel}","templated":true}]}}