{"id":6099,"date":"2010-10-13T00:25:26","date_gmt":"2010-10-13T03:25:26","guid":{"rendered":"https:\/\/screamyell.com.br\/site\/?p=6099"},"modified":"2010-12-02T20:02:37","modified_gmt":"2010-12-02T23:02:37","slug":"tres-dias-de-swu-no-interior-de-sp","status":"publish","type":"post","link":"https:\/\/screamyell.com.br\/site\/2010\/10\/13\/tres-dias-de-swu-no-interior-de-sp\/","title":{"rendered":"Tr\u00eas dias de SWU no interior de SP"},"content":{"rendered":"<p style=\"text-align: center;\"><a href=\"http:\/\/www.flickr.com\/photos\/maccosta\/5076140666\/sizes\/l\/in\/photostream\/\" target=\"_blank\"><img decoding=\"async\" loading=\"lazy\" class=\"size-full wp-image-6100 aligncenter\" title=\"swu1\" src=\"https:\/\/screamyell.com.br\/site\/wp-content\/uploads\/2010\/10\/swu1.jpg\" alt=\"\" width=\"600\" height=\"400\" \/><\/a><\/p>\n<p style=\"text-align: center;\"><strong>Texto por <a href=\"http:\/\/twitter.com\/screamyell\" target=\"_blank\">Marcelo Costa<\/a><br \/>\nFotos por <a href=\"http:\/\/twitter.com\/licallegari\" target=\"_blank\">Liliane Callegari<\/a><\/strong><\/p>\n<p style=\"text-align: justify;\">Tr\u00eas dias de m\u00fasica e confus\u00e3o. A primeira edi\u00e7\u00e3o do SWU reuniu\u00a0 mais de 165 mil pessoas em uma fazenda de Itu, interior de S\u00e3o Paulo, em 72 horas de shows, entretenimento e sustentabidade, muito embora este \u00faltimo item tenha causado muita controv\u00e9rsia. H\u00e1, de qualquer forma, um desencontro enorme entre a opini\u00e3o de muitos presentes com o balan\u00e7o geral da produ\u00e7\u00e3o, que causa desconforto.<\/p>\n<p style=\"text-align: justify;\">Para Eduardo Fischer, o SWU 2010 terminou sua jornada como um dos cinco melhores festivais do mundo. Muito prov\u00e1vel que ele desconhe\u00e7a Rock Werchter, Isle of Wight, Fib, Rock en Seine, Bumbershoot, Primavera Sound e uma dezenas de outros. Se conhecesse n\u00e3o colocaria o SWU ao lado de Lollapalooza, Coachella, Reading e Glastonbury. Al\u00e9m de exagerada, tal coloca\u00e7\u00e3o mostra desconhecimento do assunto.<\/p>\n<p style=\"text-align: center;\"><a href=\"http:\/\/www.flickr.com\/photos\/maccosta\/5075542103\/\" target=\"_blank\"><img decoding=\"async\" loading=\"lazy\" class=\"size-full wp-image-6118 aligncenter\" title=\"swu19\" src=\"https:\/\/screamyell.com.br\/site\/wp-content\/uploads\/2010\/10\/swu19.jpg\" alt=\"\" width=\"600\" height=\"400\" \/><\/a><\/p>\n<p style=\"text-align: justify;\">Por\u00e9m, o SWU surge com a dif\u00edcil miss\u00e3o de se tornar o festival anual n\u00famero 1 do Brasil, um pa\u00eds que sofre com a car\u00eancia de eventos (importantes) deste porte. Mais do que condenar o festival por seus erros \u00e9 preciso lhe conceder o beneficio da melhoria. \u00c9 preciso, sim, registrar todas as reclama\u00e7\u00f5es assim como Eduardo Fischer e equipe precisam baixar o tom do &#8220;sucesso&#8221;. Fizeram um grande festival&#8230; repleto de problemas. H\u00e1 muito ainda o que melhorar.<\/p>\n<p style=\"text-align: justify;\">Em termos musicais foram muitos os grandes shows: Queens of The Stone Age encabe\u00e7a a lista com uma apresenta\u00e7\u00e3o arrasadora. Otto vem logo abaixo. Seu show no Palco Oi mostrou o perfeito entrosamento de sua banda e uma execu\u00e7\u00e3o primorosa das can\u00e7\u00f5es. Cavalera Conspirancy surpreendeu e causou bel\u00edssimas rodas de pogo enquanto Yo La Tengo, Pixies, RATM e Josh Rouse renderam bons momentos. Abaixo, dia a dia, como foi o SWU 2010.<\/p>\n<p style=\"text-align: justify;\">Que venha 2011.<\/p>\n<p style=\"text-align: center;\"><a href=\"http:\/\/www.flickr.com\/photos\/lilianecallegari\/5076672512\/in\/set-72157625027009235\/\" target=\"_blank\"><img decoding=\"async\" loading=\"lazy\" class=\"size-full wp-image-6101 aligncenter\" title=\"swu2\" src=\"https:\/\/screamyell.com.br\/site\/wp-content\/uploads\/2010\/10\/swu2.jpg\" alt=\"\" width=\"600\" height=\"400\" \/><\/a><\/p>\n<p style=\"text-align: justify;\"><strong>DIA 1<br \/>\n<\/strong><\/p>\n<p style=\"text-align: justify;\">22h40, sala de imprensa. O Rage Against The Machine est\u00e1 fazendo uma barulheira t\u00e3o braba que as paredes de compensado chacoalham cada vez que Tim Commerford toca uma corda do baixo. Bonito de ver o pique da galera cantando e urrando as letras das m\u00fasicas (houve at\u00e9 dedicat\u00f3ria especial ao MST). Seria melhor que o grande p\u00fablico estivesse mais perto do palco (a vergonhosa \u00e1rea premium \u00e9 extensa e os afasta dos artistas), mas mesmo assim a turma de Los Angeles se esfor\u00e7ou para chegar perto dos f\u00e3s com um bom show, mas aconteceu o contr\u00e1rio.<\/p>\n<p style=\"text-align: justify;\">N\u00e3o rolou invas\u00e3o, como Zack de la Rocha incentivou pelo twitter. Mas quase. Na segunda m\u00fasica, a muvuca era t\u00e3o grande entre a galera da pista normal que Zack precisou dar um tempo e bancar o cobrador de \u00f4nibus: \u201cum passinho pra tr\u00e1s, um passinho pra tr\u00e1s\u201d. A barricada estava vindo para a frente, e isso aconteceu praticamente o show todo obrigando a produ\u00e7\u00e3o a desligar o som tr\u00eas vezes. A banda come\u00e7ava a engrenar, e o som parava para o p\u00fablico acalmar. F\u00e1cil promover o caos quando se tem um camarim caprichado e quando se est\u00e1 no palco, e n\u00e3o espremido entre milhares de pessoas. Se acontecesse alguma trag\u00e9dia algu\u00e9m diria: \u201cIsso \u00e9 o Brasil\u201d. Mas n\u00e3o \u00e9 bem assim. Bola fora do RATM (sobre um erro do SWU, a \u00e1rea premium), mas o show foi bem bom.<\/p>\n<p style=\"text-align: center;\"><a href=\"http:\/\/www.flickr.com\/photos\/lilianecallegari\/5076641542\/in\/set-72157625027009235\/\" target=\"_blank\"><img decoding=\"async\" loading=\"lazy\" class=\"size-full wp-image-6102 aligncenter\" title=\"swu3\" src=\"https:\/\/screamyell.com.br\/site\/wp-content\/uploads\/2010\/10\/swu3.jpg\" alt=\"\" width=\"600\" height=\"400\" srcset=\"https:\/\/screamyell.com.br\/site\/wp-content\/uploads\/2010\/10\/swu3.jpg 600w, https:\/\/screamyell.com.br\/site\/wp-content\/uploads\/2010\/10\/swu3-300x200.jpg 300w\" sizes=\"(max-width: 600px) 100vw, 600px\" \/><\/a><\/p>\n<p style=\"text-align: justify;\">Voltando algumas horas atr\u00e1s: Mallu Magalh\u00e3es (toda linda) brigou com a microfonia e fez o que pode (e ela n\u00e3o pode muito) no Palco Oi, mas foi o Cidad\u00e3o Instigado que fez bonito. Fernando Catatau, inspirad\u00edssimo, descontou a raiva dos problemas com o som em sua guitarra, e o p\u00fablico ganhou riffs fortes e empolgantes. No palco principal, S\u00e9rgio Dias enganava a plateia cantando hinos do Mutantes como \u201cVida de Cachorro\u201d, \u201cVirginia\u201d, Fuga N\u00ba 2?, \u201cTop Top\u201d, \u201cMinha Menina\u201d, \u201cEl Justiceiro\u201d, \u201cBalada do Louco\u201d e \u201cAndo Meio Desligado\u201d. Bom momento: a boa vers\u00e3o de \u201cA Hora e a Vez do Cabelo Nascer\u201d.<\/p>\n<p style=\"text-align: center;\"><a href=\"http:\/\/www.flickr.com\/photos\/lilianecallegari\/5076066119\/in\/set-72157625027009235\/\" target=\"_blank\"><img decoding=\"async\" loading=\"lazy\" class=\"size-full wp-image-6103 aligncenter\" title=\"swu4\" src=\"https:\/\/screamyell.com.br\/site\/wp-content\/uploads\/2010\/10\/swu4.jpg\" alt=\"\" width=\"600\" height=\"400\" srcset=\"https:\/\/screamyell.com.br\/site\/wp-content\/uploads\/2010\/10\/swu4.jpg 600w, https:\/\/screamyell.com.br\/site\/wp-content\/uploads\/2010\/10\/swu4-300x200.jpg 300w\" sizes=\"(max-width: 600px) 100vw, 600px\" \/><\/a><\/p>\n<p style=\"text-align: justify;\">J\u00e1 o Los Hermanos come\u00e7ou com \u201cAl\u00e9m do Que Se V\u00ea\u201d, engatou em \u201cTodo Carnaval Tem Seu Fim\u201d e \u201cRetrato de Ia Ia\u201d prometendo uma noite antol\u00f3gica. E, de certo modo, foi\u2026 at\u00e9 a dobradinha \u201cO Vencedor\u201d\/\u201dCara Estranho\u201d, est\u00e1 \u00faltima em vers\u00e3o enfezada, barulhenta, roqueira (melhor que show inteiro que a banda fez em 2008 abrindo para o Radiohead em S\u00e3o Paulo). Por\u00e9m, depois desse momento de beleza roqueira, a banda decidiu colocar o p\u00fablico para dormir e o show ficou chat\u00e3o. Ningu\u00e9m chegou a roncar, e a maioria acordou para cantar \u201cSentimental\u201d e pular em \u201cA Flor\u201d, mas ficou no ar a sensa\u00e7\u00e3o de \u201celes podem mais, s\u00f3 n\u00e3o querem\u201d.<\/p>\n<p style=\"text-align: center;\"><a href=\"http:\/\/www.flickr.com\/photos\/lilianecallegari\/5076609902\/in\/set-72157625027009235\/\" target=\"_blank\"><img decoding=\"async\" loading=\"lazy\" class=\"size-full wp-image-6104 aligncenter\" title=\"swu5\" src=\"https:\/\/screamyell.com.br\/site\/wp-content\/uploads\/2010\/10\/swu5.jpg\" alt=\"\" width=\"600\" height=\"400\" \/><\/a><\/p>\n<p style=\"text-align: justify;\">O saldo desse primeiro dia (n\u00e3o rolou de ver Superguidis, Curumin e Apples in Stereo &#8211; coisas de festival, mas Cidad\u00e3o valeu) foi ok. Se musicalmente o festival est\u00e1 devendo (e deve continuar, mesmo com a promessa dos grandes shows da segunda-feira), a estrutura est\u00e1 funcionando dentro do poss\u00edvel. Ainda \u00e9 preciso disponibilizar mais caixas (as filas estavam imensas) e encontrar uma sa\u00edda para o problema \u201c\u00e1rea premium\u201d (segunda tem QOTSA, tenso), mas tudo segue dentro dos conformes poss\u00edveis na Fazenda Maeda (at\u00e9 a sa\u00edda do p\u00fablico: leia <a href=\"https:\/\/screamyell.com.br\/blog\/2010\/10\/10\/swu-cenario-de-festa-ou-de-caos\/\" target=\"_blank\">aqui<\/a>).<\/p>\n<p style=\"text-align: center;\"><img decoding=\"async\" loading=\"lazy\" class=\"size-full wp-image-6105 aligncenter\" title=\"swu6\" src=\"https:\/\/screamyell.com.br\/site\/wp-content\/uploads\/2010\/10\/swu6.jpg\" alt=\"\" width=\"600\" height=\"400\" \/><\/p>\n<p style=\"text-align: justify;\"><strong>DIA 2<br \/>\n<\/strong><\/p>\n<p style=\"text-align: justify;\">Programa\u00e7\u00e3o reduzida para o segundo dia do Festival SWU. Ap\u00f3s o drama da volta na madrugada do primeiro dia, que terminou com o sol nascendo na estrada para Cabre\u00fava ap\u00f3s cinco horas de viagem (tr\u00eas dentro de um \u00f4nibus), shows que estavam na pauta foram deixados de lado (Tulipa Ruiz e Rubinho Jacobina) e a concentra\u00e7\u00e3o foi feita nas apresenta\u00e7\u00f5es que realmente valeriam a pena todo o esfor\u00e7o de chegar ao festival: Regina Spektor e Otto.<\/p>\n<p style=\"text-align: justify;\">Regina, como muita gente tinha previsto (bola cantada, bola cantada), pareceu pequena para o palco principal. O show foi bom, ela tem uma grande voz, mas na \u00e1rea premium ningu\u00e9m estava entendendo o que estava acontecendo no palco. Pareciam estar assistindo a um DVD, e n\u00e3o a um show pop. Uma pena, pois Regina Spektor merecia mais. Se fizesse o show no Palco Oi, por exemplo, poderia sair consagrada.<\/p>\n<p style=\"text-align: center;\"><a href=\"http:\/\/www.flickr.com\/photos\/lilianecallegari\/5076149281\/in\/set-72157625027265767\/\" target=\"_blank\"><img decoding=\"async\" loading=\"lazy\" class=\"size-full wp-image-6106 aligncenter\" title=\"swu7\" src=\"https:\/\/screamyell.com.br\/site\/wp-content\/uploads\/2010\/10\/swu7.jpg\" alt=\"\" width=\"600\" height=\"400\" \/><\/a><\/p>\n<p style=\"text-align: justify;\">Otto, por sua vez, tocou no Palco Oi e lotou a tenda mostrando a excelente fase de seu trabalho solo ancorado no excelente disco \u201cCerta Manh\u00e3 Acordei de Sonhos Intranq\u00fcilos\u201d. Mais de duas mil pessoas cantando, urrando e dan\u00e7ando can\u00e7\u00f5es como \u201cFilha\u201d, \u201cJanaina\u201d, \u201cDias de Janeiro\u201d, \u201cTente Entender\u201d, \u201cCiranda de Maluco\u201d e uma inspirada vers\u00e3o de \u201cSaudade\u201d, parceria do cantor com Fernando Catatau e Julieta Venegas.<\/p>\n<p style=\"text-align: center;\"><a href=\"http:\/\/www.flickr.com\/photos\/lilianecallegari\/5076158759\/in\/set-72157625027265767\/\" target=\"_blank\"><img decoding=\"async\" loading=\"lazy\" class=\"size-full wp-image-6107 aligncenter\" title=\"swu8\" src=\"https:\/\/screamyell.com.br\/site\/wp-content\/uploads\/2010\/10\/swu8.jpg\" alt=\"\" width=\"600\" height=\"400\" \/><\/a><\/p>\n<p style=\"text-align: justify;\">A Jambroband, banda que acompanha Otto, vive sua fase mais inspirada no palco. A sequ\u00eancia de shows harmonizou o quinteto instrumental com os percussionistas e a mistura de sons est\u00e1 simplesmente chapante. Fernando Catatau e Junio Boca est\u00e3o cada vez mais bem entrosados na guitarra, Ryan segura tudo no baixo, Bact\u00e9ria coloca o molho nos teclados e Pupillo \u00e9 um monstro na cad\u00eancia e nas inflex\u00f5es da bateria.<\/p>\n<p style=\"text-align: center;\"><a href=\"http:\/\/www.flickr.com\/photos\/lilianecallegari\/5076761950\/in\/set-72157625027265767\/\" target=\"_blank\"><img decoding=\"async\" loading=\"lazy\" class=\"size-full wp-image-6108 aligncenter\" title=\"swu9\" src=\"https:\/\/screamyell.com.br\/site\/wp-content\/uploads\/2010\/10\/swu9.jpg\" alt=\"\" width=\"600\" height=\"400\" srcset=\"https:\/\/screamyell.com.br\/site\/wp-content\/uploads\/2010\/10\/swu9.jpg 600w, https:\/\/screamyell.com.br\/site\/wp-content\/uploads\/2010\/10\/swu9-300x200.jpg 300w\" sizes=\"(max-width: 600px) 100vw, 600px\" \/><\/a><\/p>\n<p style=\"text-align: justify;\">Os dois cavalos de batalha (tem\u00e1tico e musical) do \u00faltimo disco, \u201cCrua\u201d e \u201cSeis Minutos\u201d, surgiram em vers\u00f5es sublimes, eternas, consagrando Otto que, mais uma vez, entregou-se a discursos nonsense, elogiou o festival, a sua banda e perguntou ao p\u00fablico: \u201cVoc\u00eas est\u00e3o gostando do show?\u201d Ante a resposta positiva, cravou: \u201cEnt\u00e3o contem para os amigos. \u00c9 assim que funciona\u201d. No boca a boca, Otto fez outra vez o show do ano.<\/p>\n<p style=\"text-align: center;\"><a href=\"http:\/\/www.flickr.com\/photos\/lilianecallegari\/5076749970\/in\/set-72157625027265767\/\" target=\"_blank\"><img decoding=\"async\" loading=\"lazy\" class=\"size-full wp-image-6109 aligncenter\" title=\"swu10\" src=\"https:\/\/screamyell.com.br\/site\/wp-content\/uploads\/2010\/10\/swu10.jpg\" alt=\"\" width=\"600\" height=\"400\" srcset=\"https:\/\/screamyell.com.br\/site\/wp-content\/uploads\/2010\/10\/swu10.jpg 600w, https:\/\/screamyell.com.br\/site\/wp-content\/uploads\/2010\/10\/swu10-300x200.jpg 300w\" sizes=\"(max-width: 600px) 100vw, 600px\" \/><\/a><\/p>\n<p style=\"text-align: justify;\">Ainda teve a \u201capari\u00e7\u00e3o\u201d de Joss Stone no palco principal (um amigo jornalista definiu: \u201cAt\u00e9 as axilas dela s\u00e3o bonitas\u201d), mas o dia j\u00e1 estava ganho. Optamos por cabular o pop Vila Ol\u00edmpia da Dave Matthews Band e o rock fracote do Kings of Leon para chegarmos \u00e0 Pousada antes do sol nascer. Funcionou. Praticamente com o estacionamento lotado (e 70% do p\u00fablico ainda no festival), deixamos o local sem traumas. Antes da meia-noite est\u00e1vamos em Itu assistindo ao Kings of Leon na barraquinha King Lanches (um local perguntou: \u201cIsso \u00e9 rock?\u201d. Diz muito). At\u00e9 abriu o apetite rock and roll para Pixies e QOTSA, no dia seguinte.<\/p>\n<p style=\"text-align: justify;\"><strong>DIA 3<\/strong><\/p>\n<p style=\"text-align: justify;\">Frente \u00e0s reclama\u00e7\u00f5es e hist\u00f3rias da noite assustadora do primeiro dia, a organiza\u00e7\u00e3o conseguiu que a pol\u00edcia liberasse uma via antes fechada para melhor escoamento do tr\u00e2nsito, colocou mais pessoas informando os locais corretos de embarque para cada destino e 40 \u00f4nibus a mais do que na noite anterior (eram 80 e passaram a 120). Como optamos por ir de carro e sa\u00edmos antes do batalh\u00e3o de p\u00fablico ao termino do \u00faltimo show, n\u00e3o podemos afirmar se funcionou ou n\u00e3o, mas fica registrada a tentativa da produ\u00e7\u00e3o em evitar repetir os erros do primeiro dia.<\/p>\n<p style=\"text-align: center;\"><img decoding=\"async\" loading=\"lazy\" class=\"size-full wp-image-6110 aligncenter\" title=\"swu11\" src=\"https:\/\/screamyell.com.br\/site\/wp-content\/uploads\/2010\/10\/swu11.jpg\" alt=\"\" width=\"600\" height=\"400\" \/><\/p>\n<p style=\"text-align: justify;\">Para o terceiro dia n\u00e3o alteramos o modus operandi do dia anterior. Fomos novamente de carro, estacionamos no local e sa\u00edmos antes do \u00faltimo show. Chegamos em tempo de pegar metade do bel\u00edssimo show de microfonia do Yo La Tengo. Teve \u201cSugarcube\u201d, \u201cTom Courtenay\u201d, \u201cAutumn Sweater\u201d e \u201cPass the Hatchet, I Think I\u2019m Godkind\u201d, 15 minutos de barulho para f\u00e3 nenhum de rock botar defeito (com exce\u00e7\u00e3o dos f\u00e3s do Linkin Park, que vamos combinar, n\u00e3o entendem de rock).<\/p>\n<p style=\"text-align: center;\"><a href=\"http:\/\/www.flickr.com\/photos\/lilianecallegari\/5076819386\/in\/set-72157625028189231\/\" target=\"_blank\"><img decoding=\"async\" loading=\"lazy\" class=\"size-full wp-image-6111 aligncenter\" title=\"swu12\" src=\"https:\/\/screamyell.com.br\/site\/wp-content\/uploads\/2010\/10\/swu12.jpg\" alt=\"\" width=\"600\" height=\"400\" \/><\/a><\/p>\n<p style=\"text-align: justify;\">Na sequencia, Max e Iggor promoveram a maior, melhor e mais bonita roda de pogo do festival ao tocar hinos do Sepultura como \u201cRefuse\/Resist\u201d e \u201cRoots Bloody Roots\u201d, que levantou poeira (ainda rolaram \u201cAtittude\u201d e \u201cTroops of Doom\u201d), com o Cavalera Conspirancy. Tocaram tamb\u00e9m can\u00e7\u00f5es do \u00e1lbum \u201cInflikted\u201d, como a faixa t\u00edtulo mais \u201cSanctuary\u201d, \u201cTerrorize\u201d, \u201cHex\u201d, \u201cUltra-Violent\u201d e um n\u00famero in\u00e9dito, \u201cWarlords\u201d. Do meio do pista normal, os ex-parceiros Paulo Jr. e Andr\u00e9as Kisser assistiam ao show. Reuni\u00e3o do Sepultura \u00e0 vista?<\/p>\n<p style=\"text-align: center;\"><a href=\"http:\/\/www.flickr.com\/photos\/lilianecallegari\/5076211865\/in\/set-72157625028189231\/\" target=\"_blank\"><img decoding=\"async\" loading=\"lazy\" class=\"size-full wp-image-6112 aligncenter\" title=\"swu13\" src=\"https:\/\/screamyell.com.br\/site\/wp-content\/uploads\/2010\/10\/swu13.jpg\" alt=\"\" width=\"600\" height=\"400\" srcset=\"https:\/\/screamyell.com.br\/site\/wp-content\/uploads\/2010\/10\/swu13.jpg 600w, https:\/\/screamyell.com.br\/site\/wp-content\/uploads\/2010\/10\/swu13-300x200.jpg 300w\" sizes=\"(max-width: 600px) 100vw, 600px\" \/><\/a><\/p>\n<p style=\"text-align: justify;\">No palco Oi, acompanhado apenas de baixol\u00e3o e viol\u00e3o, Josh Rouse fez um show intimista e bonito, mas sofreu com um problema comum nesta primeira dia edi\u00e7\u00e3o do SWU: o mau posicionamento dos palcos (estrutura \u00e9 um erro grave em um evento deste porte) fazia com que o som vazasse para os outros. O p\u00fablico que ouvia o Yo La Tengo, em momentos mais calmos, percebia o som do Autoramas chegar ao palco principal. E Josh, em show ac\u00fastico, lamentou: \u201cVoc\u00eas conseguem nos ouvir com essa m\u00fasica eletr\u00f4nica?\u201d Can\u00e7\u00f5es delicadas como \u201cCome Back\u201d, \u201cValencia\u201d, \u201cMy Love has Gone\u201d, \u201cCarolina\u201d, \u201cSunshine\u201d, \u201cStreetlights\u201d e \u201cLove Vibrations\u201d mereciam mais respeito.<\/p>\n<p style=\"text-align: center;\"><img decoding=\"async\" loading=\"lazy\" class=\"size-full wp-image-6113 aligncenter\" title=\"swu14\" src=\"https:\/\/screamyell.com.br\/site\/wp-content\/uploads\/2010\/10\/swu14.jpg\" alt=\"\" width=\"600\" height=\"400\" \/><\/p>\n<p style=\"text-align: justify;\">Com um atraso inaceit\u00e1vel de 50 minutos, o Queens of The Stone Age subiu ao palco para tocar para uma \u00e1rea Premium tomada por f\u00e3s do Linkin Park. O show demorou a engrenar \u2013 com problemas vis\u00edveis na ilumina\u00e7\u00e3o, nos tel\u00f5es e na superlota\u00e7\u00e3o da \u00e1rea \u2013 mas Josh Homme encontrou o caminho para fazer o melhor show do festival. Dois cl\u00e1ssicos modernos logo de cara (\u201dFeel Good Hit of the Summer\u201d e \u201cThe Lost Art of Keeping a Secret\u201d) mais um punhado de n\u00fameros matadores (\u201d3\u2019s &amp; 7\u2019s\u201d, \u201cSick, Sick, Sick\u201d, \u201cMonsters in the Parasol\u201d, \u201cLittle Sister\u201d, \u201cGo With The Flow\u201d) que culminaram numa vers\u00e3o majestosa de \u201cNo One Knows\u201d, a melhor m\u00fasica do melhor disco do QOTSA. Levou a medalha de ouro.<\/p>\n<p style=\"text-align: center;\"><a href=\"http:\/\/www.flickr.com\/photos\/lilianecallegari\/5076204861\/in\/set-72157625152076550\/\" target=\"_blank\"><img decoding=\"async\" loading=\"lazy\" class=\"size-full wp-image-6114 aligncenter\" title=\"swu15\" src=\"https:\/\/screamyell.com.br\/site\/wp-content\/uploads\/2010\/10\/swu15.jpg\" alt=\"\" width=\"600\" height=\"400\" srcset=\"https:\/\/screamyell.com.br\/site\/wp-content\/uploads\/2010\/10\/swu15.jpg 600w, https:\/\/screamyell.com.br\/site\/wp-content\/uploads\/2010\/10\/swu15-300x200.jpg 300w\" sizes=\"(max-width: 600px) 100vw, 600px\" \/><\/a><\/p>\n<p style=\"text-align: justify;\">Entre jornalistas, o coment\u00e1rio era de que o Pixies iria ter que suar para bater o Queens. Mas suar pelo Pixies \u00e9 um verbo que Frank Black n\u00e3o conjuga mais. A banda \u00edcone enfileirou hits (\u201cDebaser\u201d, \u201cWave of Mutilation\u201d, \u201cVelouria\u201d, \u201cMonkey Gone to Heaven\u201d, \u201cPlanet of Sound\u201d, \u201cWhere Is My Mind?\u201d e \u201cGigantic\u201d) e tocou o \u00e1lbum \u201cDoolittle\u201d praticamente inteiro (faltaram apenas quatro das 15 faixas: \u201cSilver\u201d, \u201cDead\u201d, \u201cThere Goes My Gun\u201d e, aus\u00eancia mais sentida, \u201cI Bleed\u201d), mas sofreu com um som embolado e, em momentos mais calmos, parecia tocar em marcha lenta (\u201cHere Comes Your Man\u201d, por exemplo).<\/p>\n<p style=\"text-align: center;\"><a href=\"http:\/\/www.flickr.com\/photos\/lilianecallegari\/5076797132\/in\/set-72157625152076550\/\" target=\"_blank\"><img decoding=\"async\" loading=\"lazy\" class=\"size-full wp-image-6115 aligncenter\" title=\"swu16\" src=\"https:\/\/screamyell.com.br\/site\/wp-content\/uploads\/2010\/10\/swu16.jpg\" alt=\"\" width=\"600\" height=\"400\" \/><\/a><\/p>\n<p style=\"text-align: justify;\">Frank Black estampava uma vontade de tocar t\u00e3o contagiante que se um boneco estivesse em seu lugar n\u00e3o faria diferen\u00e7a, mas s\u00e3o tantos hinos, tantas can\u00e7\u00f5es boas, que ele merece o dinheiro que ganha (hoje em dia). Ele \u00e9 a mente doentia por tr\u00e1s de uma das grandes bandas da hist\u00f3ria, mas n\u00e3o \u00e0 toa, o grande momento do show foi ouvir Kim Deal mand\u00e1-lo se foder (mesmo brincando) no \u00fanico espa\u00e7o em que a baixista pode chamar de seu no show, \u201cGigantic\u201d. Bonito. Cortinas cerradas. Ainda tinha Linkin Park e Tiesto, mas a festa j\u00e1 tinha terminado &#8211; para n\u00f3s.<\/p>\n<p style=\"text-align: justify;\">H\u00e1 muito ainda o que falar do SWU, um evento que ofereceu um punhado de shows legais, mas que teve uma por\u00e7\u00e3o de problemas na produ\u00e7\u00e3o. Apesar de Eduardo Fischer, em pequena coletiva na sala de imprensa, colocar o festival entre os cinco melhores do mundo, falta muito para o SWU entrar num top 100. Qualquer festival min\u00fasculo da B\u00e9lgica (o pa\u00eds mais pr\u00f3digo em realizar bons festivais \u2013 \u00e9 s\u00f3 consultar o Pr\u00eamio Arthur para conferir) deixa o SWU para tr\u00e1s.<\/p>\n<p style=\"text-align: center;\"><img decoding=\"async\" loading=\"lazy\" class=\"size-full wp-image-6116 aligncenter\" title=\"swu17\" src=\"https:\/\/screamyell.com.br\/site\/wp-content\/uploads\/2010\/10\/swu17.jpg\" alt=\"\" width=\"600\" height=\"400\" srcset=\"https:\/\/screamyell.com.br\/site\/wp-content\/uploads\/2010\/10\/swu17.jpg 600w, https:\/\/screamyell.com.br\/site\/wp-content\/uploads\/2010\/10\/swu17-300x200.jpg 300w\" sizes=\"(max-width: 600px) 100vw, 600px\" \/><\/p>\n<p style=\"text-align: justify;\">Reconhecer os erros \u00e9 um m\u00e9rito que pode melhorar o planejamento para a edi\u00e7\u00e3o de 2011. O bom n\u00famero do p\u00fablico refor\u00e7a a id\u00e9ia de sucesso do evento, mas n\u00e3o basta (ou n\u00e3o deveria bastar) levar 165 mil almas para uma fazenda no interior de S\u00e3o Paulo e considerar isso como uma vit\u00f3ria: \u00e9 preciso tratar essas pessoas com respeito, dar-lhes formas de se alimentar e assistir aos shows de forma prazerosa (entretenimento deveria ser prazer), e condi\u00e7\u00f5es para que cada uma voltasse para sua casa, barraca ou hotel de forma decente, sem riscos.<\/p>\n<p style=\"text-align: justify;\">Por outro lado \u00e9 preciso saudar o surgimento de um festival que pode vir a ser o melhor festival sul-americano em quatro, cinco anos. Houve sim problemas (at\u00e9 relatados neste espa\u00e7o) e ser\u00e3o necess\u00e1rios muitos ajustes para as edi\u00e7\u00f5es vindouras, mas o Brasil sentia falta de um grande festival anual no formato dos melhores eventos europeus e norte-americanos. Acontece que Europa e Estados Unidos est\u00e3o 10, 20, 30 anos \u00e0 frente do SWU no quesito produ\u00e7\u00e3o. A equipe de Eduardo Fischer precisa aprender com os erros e mirar um futuro em que o show, a m\u00fasica, o f\u00f3rum sejam not\u00edcia, n\u00e3o os problemas. Retuitar apenas os elogios soa cinismo. O p\u00fablico, no entanto, fica no aguardo.<\/p>\n<p style=\"text-align: center;\"><a href=\"http:\/\/www.flickr.com\/photos\/lilianecallegari\/5076581189\/in\/set-72157625028189231\/\" target=\"_blank\"><img decoding=\"async\" loading=\"lazy\" class=\"size-full wp-image-6117 aligncenter\" title=\"swu18\" src=\"https:\/\/screamyell.com.br\/site\/wp-content\/uploads\/2010\/10\/swu18.jpg\" alt=\"\" width=\"600\" height=\"400\" \/><\/a><\/p>\n<p><strong>Leia tamb\u00e9m:<\/strong><br \/>\n&#8211; &#8220;A insustent\u00e1vel leveza de A Fazenda&#8221;, por Marco Ant\u00f4nio Bart (<a href=\"http:\/\/telhadodevidro.wordpress.com\/2010\/10\/11\/swu-a-insustentavel-leveza-de-a-fazenda-parte-i\/\" target=\"_blank\">parte 1<\/a> e <a href=\"http:\/\/telhadodevidro.wordpress.com\/2010\/10\/12\/swu-%E2%80%93-a-insustentavel-leveza-de-%E2%80%98a-fazenda%E2%80%99-parte-ii\/\" target=\"_blank\">parte 2<\/a>)<br \/>\n&#8211; &#8220;O que foi o SWU? Principais problemas e sugest\u00f5es&#8221;, por Isabele Ianelli (leia <a href=\"http:\/\/www.isabellices.com\/o-que-foi-o-swu\/\" target=\"_blank\">aqui<\/a>)<br \/>\n&#8211; &#8220;Eu acampei no SWU&#8221;: Elson Barbosa conta a aventura de tr\u00eas dias (leia <a href=\"https:\/\/screamyell.com.br\/blog\/2010\/10\/13\/eu-acampei-no-swu-por-elson-barbosa\/\" target=\"_blank\">aqui<\/a>)<br \/>\n&#8211; &#8220;Balan\u00e7o do SWU 2010: pontos positivos e cr\u00edticas&#8221;, por Rodrigo Levino (leia <a href=\"http:\/\/veja.abril.com.br\/blog\/veja-acompanha\/festival-swu-2010\/um-balanco-do-swu\/\" target=\"_blank\">aqui<\/a>)<br \/>\n&#8211; &#8220;Uma madrugada de caos no SWU&#8221;, por Marcelo Costa (leia <a href=\"https:\/\/screamyell.com.br\/blog\/2010\/10\/10\/swu-cenario-de-festa-ou-de-caos\/\" target=\"_blank\">aqui<\/a>)<br \/>\n&#8211; \u201cSWU e as contradi\u00e7\u00f5es de quem v\u00ea sustentabilidade como marketing\u201c (leia <a href=\"http:\/\/www.revistasustentabilidade.com.br\/blogs\/pecados-verdes\/swu-expoe-as-contradicoes-de-quem-ve-sustentabilidade-como-oportunidade-de-marketing\/weblogentry_view\" target=\"_blank\">aqui<\/a>)<\/p>\n<p><em>Todas as fotos por <a href=\"http:\/\/www.flickr.com\/photos\/lilianecallegari\/\" target=\"_blank\">Liliane Callegari<\/a> com exce\u00e7\u00e3o das fotos 1 e 2 (por <a href=\"http:\/\/www.flickr.com\/photos\/maccosta\/\" target=\"_blank\">Marcelo Costa<\/a>) e 12 (Yo La Tengo, Divulga\u00e7\u00e3o SWU)<\/em><\/p>\n","protected":false},"excerpt":{"rendered":"por Marcelo Costa\nO SWU transformou uma fazenda em Itu, interior de SP, em cen\u00e1rio de belos shows e confus\u00f5es. E j\u00e1 prepara a segunda edi\u00e7\u00e3o&#8230;\n<a class=\"moretag\" href=\"https:\/\/screamyell.com.br\/site\/2010\/10\/13\/tres-dias-de-swu-no-interior-de-sp\/\"> [...]<\/a>","protected":false},"author":2,"featured_media":0,"comment_status":"open","ping_status":"open","sticky":false,"template":"","format":"standard","meta":[],"categories":[3],"tags":[],"_links":{"self":[{"href":"https:\/\/screamyell.com.br\/site\/wp-json\/wp\/v2\/posts\/6099"}],"collection":[{"href":"https:\/\/screamyell.com.br\/site\/wp-json\/wp\/v2\/posts"}],"about":[{"href":"https:\/\/screamyell.com.br\/site\/wp-json\/wp\/v2\/types\/post"}],"author":[{"embeddable":true,"href":"https:\/\/screamyell.com.br\/site\/wp-json\/wp\/v2\/users\/2"}],"replies":[{"embeddable":true,"href":"https:\/\/screamyell.com.br\/site\/wp-json\/wp\/v2\/comments?post=6099"}],"version-history":[{"count":17,"href":"https:\/\/screamyell.com.br\/site\/wp-json\/wp\/v2\/posts\/6099\/revisions"}],"predecessor-version":[{"id":6121,"href":"https:\/\/screamyell.com.br\/site\/wp-json\/wp\/v2\/posts\/6099\/revisions\/6121"}],"wp:attachment":[{"href":"https:\/\/screamyell.com.br\/site\/wp-json\/wp\/v2\/media?parent=6099"}],"wp:term":[{"taxonomy":"category","embeddable":true,"href":"https:\/\/screamyell.com.br\/site\/wp-json\/wp\/v2\/categories?post=6099"},{"taxonomy":"post_tag","embeddable":true,"href":"https:\/\/screamyell.com.br\/site\/wp-json\/wp\/v2\/tags?post=6099"}],"curies":[{"name":"wp","href":"https:\/\/api.w.org\/{rel}","templated":true}]}}