{"id":60618,"date":"2021-04-10T15:06:03","date_gmt":"2021-04-10T18:06:03","guid":{"rendered":"https:\/\/screamyell.com.br\/site\/?p=60618"},"modified":"2021-05-29T00:31:36","modified_gmt":"2021-05-29T03:31:36","slug":"faixa-a-faixa-teoria-da-terra-plena-de-e-por-lucas-vasconcellos","status":"publish","type":"post","link":"https:\/\/screamyell.com.br\/site\/2021\/04\/10\/faixa-a-faixa-teoria-da-terra-plena-de-e-por-lucas-vasconcellos\/","title":{"rendered":"Faixa a faixa: \u201cTeoria da Terra Plena\u201d, de e por Lucas Vasconcellos"},"content":{"rendered":"<hr \/>\n<h2 style=\"text-align: center;\"><strong>introdu\u00e7\u00e3o por Marcelo Costa<\/strong><\/h2>\n<p style=\"text-align: justify;\">O guitarrista, produtor, cantor, compositor e arranjador <a href=\"https:\/\/www.facebook.com\/lucasvasconcellosoficial\" target=\"_blank\" rel=\"noopener\">Lucas Vasconcellos<\/a> (que integra a forma\u00e7\u00e3o atual da Legi\u00e3o Urbana <a href=\"https:\/\/screamyell.com.br\/site\/2015\/07\/06\/tres-perguntas-letuce\/\" target=\"_blank\" rel=\"noopener\">e era metade do Letuce<\/a> \u2013 a outra metade, voc\u00ea sabe, era <a href=\"https:\/\/screamyell.com.br\/site\/2020\/04\/14\/musica-letrux-aos-prantos-e-leticia-novaes-ainda-mais-letrux\/\" target=\"_blank\" rel=\"noopener\">a Letrux<\/a>) est\u00e1 lan\u00e7ando \u201c<a href=\"https:\/\/tratore.ffm.to\/teoria-da-terra-plena\" target=\"_blank\" rel=\"noopener\">Teoria da Terra Plena<\/a>\u201d (2020), seu quarto \u00e1lbum solo, um reencontro com can\u00e7\u00f5es de foro \u00edntimo, inspiradas por uma mudan\u00e7a de ares: de um Rio de Janeiro ruidoso e t\u00e3o presente em seus \u00faltimos lan\u00e7amentos, para as montanhas da serra fluminense. O resultado, como o t\u00edtulo entrega, \u00e9 um \u00e1lbum que se encontra nas pequenas coisas, sem abrir m\u00e3o de olhar o mundo (ainda ruidoso) l\u00e1 fora.<\/p>\n<p style=\"text-align: justify;\">\u201cEsse disco nasceu pra ser minha conex\u00e3o com o presente\u201d, explica Lucas. \u201cSempre me senti, como compositor, de alguma maneira aprisionado pelas mem\u00f3rias ou muito ansioso por acontecimentos. Raras vezes na minha vida de criador eu consegui ter essa paz de olhar pra um trabalho meu e sentir que ele traduz o meu presente, sem urg\u00eancias e sem nostalgias. Acho que esse \u00e9 o tra\u00e7o matricial desse trabalho\u201d, revela Lucas. \u201c<a href=\"https:\/\/tratore.ffm.to\/teoria-da-terra-plena\" target=\"_blank\" rel=\"noopener\">Teoria da Terra Plena<\/a>\u201d foi precedido por \u201cFalo de Cora\u00e7\u00e3o\u201d (2014), \u201cAdotar Cachorros\u201d (2015) e \u201cSilenciosamente\u201d (2016) \u2013 este \u00faltimo traz uma vers\u00e3o pungente de \u201cAreia Fina\u201d, do Letuce, uma das m\u00fasicas mais belas da m\u00fasica brasileira recente.<\/p>\n<p style=\"text-align: justify;\">Em \u201c<a href=\"https:\/\/tratore.ffm.to\/teoria-da-terra-plena\" target=\"_blank\" rel=\"noopener\">Teoria da Terra Plena<\/a>\u201d, Lucas Vasconcellos retoma a colabora\u00e7\u00e3o com Leticia Novaes na ir\u00f4nica \u201cFalem\u201d (repleta de frases marcantes como \u201c\u00c0s vezes pra voc\u00ea n\u00e3o se afogar \/ Tem que desistir de dar as m\u00e3os\u201d ou &#8220;Gente que ainda v\u00ea tv como se a vida fosse um Big Brother Indie \/ Que besteira nada \u00e9 pra sempre&#8221; ou ainda o refr\u00e3o, delicioso: &#8220;Falem falem falem \/ Paguem minhas contas \/ Falem falem falem \/ A pia t\u00e1 cheia de lou\u00e7a \/ Falem falem falem follow&#8221;), recebe <a href=\"https:\/\/screamyell.com.br\/site\/2018\/06\/12\/a-banda-mais-bonita-da-cidade-e-o-poder-da-cancao-pop\/\" target=\"_blank\" rel=\"noopener\">Uyara Torrente<\/a> (A Banda Mais Bonita da Cidade), que faz vocal em \u201cTerra Plana\u201d e canta em \u201cVamos Tocas Fogo nas Coisas\u201d), e assina \u201cO Contorno das Nuvens\u201d em parceria com <a href=\"https:\/\/screamyell.com.br\/site\/2016\/10\/29\/tres-perguntas-phillip-long\/\" target=\"_blank\" rel=\"noopener\">Phillip Long<\/a>.<\/p>\n<p style=\"text-align: justify;\">\u201cFazer um disco, no tempo de hoje, com o mundo desse jeito e sobretudo o Brasil do jeito que se encontra, culturalmente abandonado e marginalizado, me trouxe um desejo de ar, de respirar\u201d, conta Lucas. \u201cPude experimentar um pouco dessa sensa\u00e7\u00e3o privilegiada de contato com a natureza, de frui\u00e7\u00e3o do sil\u00eancio, de poder olhar pra dentro e ressignificar os acontecimentos sociais de uma maneira menos afetada, mais \u00edntima\u201d, completa, explicitando o que o ouvinte perceber\u00e1 no tom buc\u00f3lico de um \u00e1lbum bonito, conduzido pela voz grave de Lucas, por instrumentos ac\u00fasticos e uma poesia bela que necessita de aten\u00e7\u00e3o. Conhe\u00e7a, abaixo, o disco faixa a faixa pelo pr\u00f3prio Lucas Vasconcellos!<\/p>\n<p><img decoding=\"async\" loading=\"lazy\" class=\"alignnone size-full wp-image-60623\" src=\"https:\/\/screamyell.com.br\/site\/wp-content\/uploads\/2021\/04\/Lucas-Vasconcellos-Teoria-da-Terra-Plena_Foto-e-capa-Pedro-Garcia.jpg\" alt=\"\" width=\"750\" height=\"750\" srcset=\"https:\/\/screamyell.com.br\/site\/wp-content\/uploads\/2021\/04\/Lucas-Vasconcellos-Teoria-da-Terra-Plena_Foto-e-capa-Pedro-Garcia.jpg 750w, https:\/\/screamyell.com.br\/site\/wp-content\/uploads\/2021\/04\/Lucas-Vasconcellos-Teoria-da-Terra-Plena_Foto-e-capa-Pedro-Garcia-300x300.jpg 300w, https:\/\/screamyell.com.br\/site\/wp-content\/uploads\/2021\/04\/Lucas-Vasconcellos-Teoria-da-Terra-Plena_Foto-e-capa-Pedro-Garcia-150x150.jpg 150w\" sizes=\"(max-width: 750px) 100vw, 750px\" \/><\/p>\n<p style=\"text-align: justify;\"><strong>01) O Som do Futuro<\/strong><br \/>\nEssa foi a \u00faltima m\u00fasica que fiz pra esse \u00e1lbum. Notamos que faltava algum toque mais leve, mais amoroso e essa letra veio como um raio. Entendi que ter uma banda seria interessante, daria organicidade pra mensagem. Tem um peda\u00e7o da letra que fala de alzheimer. Me inspirei numa hist\u00f3ria que a Let\u00edcia Novaes me contou sobre o av\u00f4 dela que, depois de acometido por essa doen\u00e7a por anos e com sua mem\u00f3ria e cogni\u00e7\u00e3o super afetados, ainda conseguia reagir \u00e0 presen\u00e7a de sua esposa quando ela vestia uma roupa de dormir mais &#8220;provocante&#8221;. Achei isso super bonito e escrevi &#8220;Isso \u00e9 de sentir \/ o resto \u00e9 o que n\u00f3s vamos esquecer \/quando o alzheimer chegar&#8221;.<\/p>\n<p style=\"text-align: justify;\">Voz, viol\u00e3o, sintetizadores, trompete: Lucas Vasconcellos<br \/>\nGuitarra: Felipe Duriez<br \/>\nBaixo: Gabriel Tauk<br \/>\nBateria: \u00c1lvaro Cardozo<\/p>\n<p><iframe loading=\"lazy\" title=\"O Som do Futuro\" width=\"747\" height=\"560\" src=\"https:\/\/www.youtube.com\/embed\/WcNsnfiIoyI?feature=oembed\" frameborder=\"0\" allow=\"accelerometer; autoplay; clipboard-write; encrypted-media; gyroscope; picture-in-picture\" allowfullscreen><\/iframe><\/p>\n<p style=\"text-align: justify;\"><strong>02) O Contorno Das Nuvens<\/strong><br \/>\nEu fiz essa m\u00fasica no avi\u00e3o. O impacto de uma beleza natural muitas vezes \u00e9 a fagulha de uma ideia que depois se desenvolve quase que de forma aut\u00f3noma. As nuvens vistas de cima foram minha primeira inspira\u00e7\u00e3o. Como se elas fossem hier\u00f3glifos decifr\u00e1veis por naves espaciais ou um alfabeto pr\u00f3prio que significasse algo pra duas pessoas apaixonadas. Depois de algum tempo com metade dessa letra pronta, pedi ao Phillip Long que escrevesse a segunda parte e ele veio com essas ideias bonitas sobre geologia, hidrografia e essa coisa rom\u00e2ntica de um casal sumir do mapa, trocar de identidade e viver uma hist\u00f3ria nova.<\/p>\n<p style=\"text-align: justify;\">Voz, guitarras, viol\u00e3o, baixo, piano, backing vocals: Lucas Vasconcellos<br \/>\nBateria: Ant\u00f4nio Neves<\/p>\n<p><iframe loading=\"lazy\" title=\"Lucas - O Contorno das Nuvens (\u00c1udio Oficial)\" width=\"747\" height=\"420\" src=\"https:\/\/www.youtube.com\/embed\/T5tbKWxyG4o?feature=oembed\" frameborder=\"0\" allow=\"accelerometer; autoplay; clipboard-write; encrypted-media; gyroscope; picture-in-picture\" allowfullscreen><\/iframe><\/p>\n<hr \/>\n<p style=\"text-align: justify;\"><strong>03) Eu Vou Sequestrar Voc\u00ea<\/strong><br \/>\nEu estava obcecado por hist\u00f3rias de s\u00edndrome de Estocolmo. Acho um n\u00edvel m\u00e1ximo de pervers\u00e3o amorosa e essas coisas s\u00e3o curiosas pra mim. Como \u00e9 poss\u00edvel que um cora\u00e7\u00e3o reaja \u00e0 viol\u00eancia extrema desse jeito t\u00e3o servil e apaixonado. Mas n\u00e3o queria pesar o clima, ent\u00e3o constru\u00ed uma sequ\u00eancia de imagens que evocassem uma sa\u00edda furtiva e meio secreta de um casal, onde essas pessoas observassem as luzes, as texturas e as temperaturas do mundo de um jeito \u00fanico, como se essa atra\u00e7\u00e3o pudesse causar um efeito alucin\u00f3geno. No fim, fiz uma alus\u00e3o ao desejo de futuro que temos quando estamos envolvidos com algu\u00e9m. Como se, daqui a centenas (ou quem sabe dezenas) de anos, a humanidade j\u00e1 estivesse colonizando Marte e essas pessoas pudessem ainda estar juntas vivendo essa experi\u00eancia.<\/p>\n<p style=\"text-align: justify;\">Voz, viol\u00e3o: Lucas Vasconcellos<br \/>\nGuitarra: Felipe Duriez<br \/>\nTeclados e sintetizadores: Rodrigo Tavares<\/p>\n<p><iframe loading=\"lazy\" title=\"Lucas Vasconcellos - Eu Vou Sequestrar Voc\u00ea (\u00c1udio Oficial)\" width=\"747\" height=\"420\" src=\"https:\/\/www.youtube.com\/embed\/knCju9ihPUY?feature=oembed\" frameborder=\"0\" allow=\"accelerometer; autoplay; clipboard-write; encrypted-media; gyroscope; picture-in-picture\" allowfullscreen><\/iframe><\/p>\n<hr \/>\n<p style=\"text-align: justify;\"><strong>04) As Coisas S\u00e3o Assim<\/strong><br \/>\nEm algum momento dessa crise institucional que vivemos, notei muitos amigos e pessoas pr\u00f3ximas tendo depress\u00e3o, caindo numa tristeza abissal e desiludidas com a realidade. Estava lendo os fil\u00f3sofos estoicos, Marco Aur\u00e9lio, S\u00e9neca, Epicteto. Percebi que esse jeito de pensar me trazia algum al\u00edvio, sobretudo em rela\u00e7\u00e3o a n\u00e3o querer controlar as coisas sobre as quais n\u00e3o temos poder de mudan\u00e7a. Isso abre espa\u00e7o pra preocupa\u00e7\u00f5es reais e mais &#8220;\u00fateis&#8221; pra gente mesmo e pra sociedade. Olhar seu microcosmo econ\u00f4mico e pol\u00edtico e agir na sua comunidade pode ser muito mais interessante e produtivo al\u00e9m de apaziguar essa ansiedade monumental que a falta de estabilidade pol\u00edtica pode causar. A sua preocupa\u00e7\u00e3o deve ir at\u00e9 onde o olhar alcan\u00e7a. Seu desejo de a\u00e7\u00e3o deve ser t\u00e3o abrangente quanto o tamanho do seu bra\u00e7o. Isso n\u00e3o \u00e9 se fechar numa bolha ego\u00edsta de privil\u00e9gios. Isso \u00e9 mudar o mundo pra melhor de verdade. Nossa indigna\u00e7\u00e3o nas redes sociais `as vezes tomam muito o nosso tempo e sugam muita energia e muitas vezes nossa voz ecoa pra quem j\u00e1 fala nossa l\u00edngua. \u00c9 uma prega\u00e7\u00e3o pra convertido. Esse tempo e essa energia poderiam ser mais bem gastos, na minha opini\u00e3o, se a gente olhasse mais pra perto.<\/p>\n<p style=\"text-align: justify;\">Voz, viol\u00e3o: Lucas Vasconcellos<br \/>\nGuitarra: Felipe Duriez<br \/>\nBaixo: Gabriel Tauk<br \/>\nBateria: \u00c1lvaro Cardozo<br \/>\nSintetizadores e teclados: Emygdio Costa<\/p>\n<p><iframe loading=\"lazy\" title=\"As Coisas S\u00e3o Assim\" width=\"747\" height=\"560\" src=\"https:\/\/www.youtube.com\/embed\/0sBhng5JKew?feature=oembed\" frameborder=\"0\" allow=\"accelerometer; autoplay; clipboard-write; encrypted-media; gyroscope; picture-in-picture\" allowfullscreen><\/iframe><\/p>\n<hr \/>\n<p style=\"text-align: justify;\"><strong>05) Vamos Tacar Fogo Nas Coisas<\/strong><br \/>\nEssa m\u00fasica eu fiz pra ter a Uyara (vocalista da Banda Mais Bonita da Cidade) no meu disco. A gente se conheceu no aeroporto h\u00e1 muitos anos e ficamos muito amigos. Sempre olhei pra artista que ela \u00e9 com muita admira\u00e7\u00e3o e sabia que seria legal fazer um dueto nessa can\u00e7\u00e3o. A letra nasceu de uma impress\u00e3o que um dia minha empres\u00e1ria, Eveline Maria, dividiu comigo: quando as pessoas n\u00e3o querem ou t\u00eam vergonha ou medo de dizer algo, elas dizem isso em ingl\u00eas. Quando algu\u00e9m vacila mas n\u00e3o quer se desculpar (mas TEM que se desculpar), sempre lan\u00e7a um &#8220;sorry&#8221;, ou tem dificuldade de agradecer, usa \u201cThanks\u201d etc . Achei essa observa\u00e7\u00e3o perspicaz e quis trazer isso pra essa m\u00fasica. Dei um verniz mais amoroso pra poesia e quando a m\u00fasica tava pronta a Uyara gravou a parte dela remotamente.<\/p>\n<p style=\"text-align: justify;\">Voz, viol\u00e3o, sintetizadores, trompete, piano el\u00e9trico, backing vocals: Lucas Vasconcellos<br \/>\nBaixo: Bruno Di Lullo<br \/>\nPercuss\u00e3o: Thomas Harres<\/p>\n<p><iframe loading=\"lazy\" title=\"Vamos Tacar Fogo Nas Coisas\" width=\"747\" height=\"560\" src=\"https:\/\/www.youtube.com\/embed\/AizUKEPTRFM?feature=oembed\" frameborder=\"0\" allow=\"accelerometer; autoplay; clipboard-write; encrypted-media; gyroscope; picture-in-picture\" allowfullscreen><\/iframe><\/p>\n<hr \/>\n<p style=\"text-align: justify;\"><strong>06) Falem<\/strong><br \/>\nDepois que eu vim morar na serra fluminense, Let\u00edcia Novaes veio me visitar e a gente, como de costume, fez uma can\u00e7\u00e3o. Eu tava no processo de composi\u00e7\u00e3o desse \u00e1lbum e a gente pensou em brincar com essa coisa de &#8220;casal-semi-famoso-quando-se-separa&#8221; e as fofocas e invencionices que aparecem pra l\u00e1 e pra c\u00e1. A Let\u00edcia tem um senso de humor \u00fanico e a gente deu muita risada fazendo essa can\u00e7\u00e3o. Ela fala de como \u00e9 imposs\u00edvel pra quem est\u00e1 de fora entender as din\u00e2micas de um casal e o quanto \u00e9 engra\u00e7ado ver a imagina\u00e7\u00e3o das pessoas ganhando asas na hora de especular sobre a vida dos outros.<\/p>\n<p style=\"text-align: justify;\">Voz, viol\u00e3o, guitarra, bateria, baixo, sintetizadores: Lucas Vasconcellos<\/p>\n<p><iframe loading=\"lazy\" title=\"Falem\" width=\"747\" height=\"560\" src=\"https:\/\/www.youtube.com\/embed\/SMhpCHsUMzE?feature=oembed\" frameborder=\"0\" allow=\"accelerometer; autoplay; clipboard-write; encrypted-media; gyroscope; picture-in-picture\" allowfullscreen><\/iframe><\/p>\n<hr \/>\n<p style=\"text-align: justify;\"><strong>07) Somos Esse Trem<\/strong><br \/>\nEssa m\u00fasica nasceu de umas experimenta\u00e7\u00f5es no piano. Improvisei alguns temas, gravei e fiz a letra em ingl\u00eas. Depois de um tempo achei que ela poderia fazer parte do disco e escrevi a letra em portugu\u00eas, inspirado nessa ideia de que, em algum lugar, intelig\u00eancias superiores est\u00e3o jogando com a gente, criando mundos, moldando comportamentos e tudo n\u00e3o passa de um grande videogame que chamamos de destino.<\/p>\n<p style=\"text-align: justify;\">Voz, viol\u00e3o: Lucas Vasconcellos<br \/>\nGuitarra e backing vocal: Felipe Duriez<br \/>\nBaixo e backing vocal: Gabriel Tauk<br \/>\nBateria e backing vocal: \u00c1lvaro Cardozo<\/p>\n<p><iframe loading=\"lazy\" title=\"Somos Esse Trem\" width=\"747\" height=\"560\" src=\"https:\/\/www.youtube.com\/embed\/kLmHKx4wVc0?feature=oembed\" frameborder=\"0\" allow=\"accelerometer; autoplay; clipboard-write; encrypted-media; gyroscope; picture-in-picture\" allowfullscreen><\/iframe><\/p>\n<hr \/>\n<p style=\"text-align: justify;\"><strong>08) Forest And TV On Demand<\/strong><br \/>\nEssa foi a primeira m\u00fasica que fiz pra esse \u00e1lbum, quando ainda achava que ele seria todo em ingl\u00eas. Mantive ela desse jeito porque tenho um apego sentimental pelo momento em que ela foi feita: nos \u00faltimos dias em que eu morava no Rio de Janeiro, e havia uma festa no play do meu pr\u00e9dio, j\u00e1 era bem tarde e tocava Mar\u00edlia Mendon\u00e7a. Gravei da janela aquela movimenta\u00e7\u00e3o das pessoas, a m\u00fasica dela ao fundo e uma grande melancolia trouxe a inspira\u00e7\u00e3o desses versos, beats e sintetizadores. Senti o gosto da despedida dessa cidade onde fui t\u00e3o feliz e constru\u00ed minha carreira ao longo de quase vinte anos e que agora j\u00e1 n\u00e3o me trazia essa sensa\u00e7\u00e3o de lar. Ela ficou na geladeira por alguns anos at\u00e9 que chamei o Vinicius Nisi (da Banda Mais Bonita Da Cidade) pra gravar alguns teclados e sintetizadores e finalmente considerei que ela estava pronta.<\/p>\n<p style=\"text-align: justify;\">Voz, programa\u00e7\u00e3o, sintetizador, viol\u00e3o: Lucas Vasconcellos<br \/>\nSintetizadores, teclado: Vinicius Nisi<\/p>\n<p><iframe loading=\"lazy\" title=\"Forest And Tv On Demand\" width=\"747\" height=\"560\" src=\"https:\/\/www.youtube.com\/embed\/PM-7lyYwE3Q?feature=oembed\" frameborder=\"0\" allow=\"accelerometer; autoplay; clipboard-write; encrypted-media; gyroscope; picture-in-picture\" allowfullscreen><\/iframe><\/p>\n<hr \/>\n<p style=\"text-align: justify;\"><strong>09) Fuma\u00e7a dos Carros<\/strong><br \/>\nQuando uma m\u00famia pat\u00e9tica fantasiada de l\u00edder religioso assumiu a prefeitura do Rio, tive a certeza de que a cidade estava morrendo culturalmente. As oportunidades minguavam e o Rio de Janeiro como eu havia vivenciado nos anos 2000-2010 j\u00e1 n\u00e3o existia mais. Eu pensava na imagem do bras\u00e3o da cidade com aqueles botos mortos e lembrava, envenenado de nostalgia, da alegria e da vibra\u00e7\u00e3o daquela \u00e9poca t\u00e3o pr\u00f3xima e ao mesmo tempo t\u00e3o distante. Quis trazer os trompetes pra um lugar de protagonismo nesse arranjo, dando esse ar meio c\u00e9lebre e meio f\u00fanebre.<\/p>\n<p style=\"text-align: justify;\">Voz, sintetizador, baixo, trompete, viol\u00e3o, piano: Lucas Vasconcellos<br \/>\nTeclado: Vinicius Nisi<br \/>\nBateria e percuss\u00e3o: Gabriel Barbosa<br \/>\nTrompete: Diogo Gomes<\/p>\n<p><iframe loading=\"lazy\" title=\"Fuma\u00e7a Dos Carros\" width=\"747\" height=\"560\" src=\"https:\/\/www.youtube.com\/embed\/150529uHcGs?feature=oembed\" frameborder=\"0\" allow=\"accelerometer; autoplay; clipboard-write; encrypted-media; gyroscope; picture-in-picture\" allowfullscreen><\/iframe><\/p>\n<hr \/>\n<p style=\"text-align: justify;\"><strong>10) Terra Plena<\/strong><br \/>\nA \u00faltima can\u00e7\u00e3o do disco fala sobre curar cicatrizes e buscar uma vida mais simples. Acho que representa essa minha chegada nesse novo lugar, depois de tantos anos morando na cidade grande. Uma can\u00e7\u00e3o com arranjos simples e que evoca essa sensa\u00e7\u00e3o de fuga, de reencontro com a natureza. Isso acabou pautando todo o processo do disco e acho que nessa can\u00e7\u00e3o isso se revela mais explicitamente.<\/p>\n<p style=\"text-align: justify;\">Voz, piano, violao, org\u00e3o eletrico: Lucas Vasconcellos<br \/>\nVocal: Uyara Torrente<\/p>\n<p><iframe loading=\"lazy\" title=\"Terra Plena\" width=\"747\" height=\"560\" src=\"https:\/\/www.youtube.com\/embed\/H9Hra8qHOp4?feature=oembed\" frameborder=\"0\" allow=\"accelerometer; autoplay; clipboard-write; encrypted-media; gyroscope; picture-in-picture\" allowfullscreen><\/iframe><\/p>\n<hr \/>\n<p>\u2013 Marcelo Costa (<a href=\"http:\/\/twitter.com\/#%21\/screamyell\" target=\"_blank\" rel=\"noopener noreferrer\">@screamyell<\/a>) edita o Scream &amp; Yell desde 2000 e assina a\u00a0<a href=\"https:\/\/screamyell.com.br\/blog\/\" target=\"_blank\" rel=\"noopener noreferrer\">Calmantes com Champagne<\/a><\/p>\n","protected":false},"excerpt":{"rendered":"O guitarrista, produtor, cantautor Lucas Vasconcellos (que integra a forma\u00e7\u00e3o atual da Legi\u00e3o Urbana e era metade do Letuce \u2013 a outra metade, voc\u00ea sabe, era a Letrux) comenta em detalhes \u201cTeoria da Terra Plena\u201d (2020), seu quarto \u00e1lbum solo\n<a class=\"moretag\" href=\"https:\/\/screamyell.com.br\/site\/2021\/04\/10\/faixa-a-faixa-teoria-da-terra-plena-de-e-por-lucas-vasconcellos\/\"> [...]<\/a>","protected":false},"author":2,"featured_media":60622,"comment_status":"open","ping_status":"open","sticky":false,"template":"","format":"standard","meta":[],"categories":[3],"tags":[1506],"_links":{"self":[{"href":"https:\/\/screamyell.com.br\/site\/wp-json\/wp\/v2\/posts\/60618"}],"collection":[{"href":"https:\/\/screamyell.com.br\/site\/wp-json\/wp\/v2\/posts"}],"about":[{"href":"https:\/\/screamyell.com.br\/site\/wp-json\/wp\/v2\/types\/post"}],"author":[{"embeddable":true,"href":"https:\/\/screamyell.com.br\/site\/wp-json\/wp\/v2\/users\/2"}],"replies":[{"embeddable":true,"href":"https:\/\/screamyell.com.br\/site\/wp-json\/wp\/v2\/comments?post=60618"}],"version-history":[{"count":4,"href":"https:\/\/screamyell.com.br\/site\/wp-json\/wp\/v2\/posts\/60618\/revisions"}],"predecessor-version":[{"id":60625,"href":"https:\/\/screamyell.com.br\/site\/wp-json\/wp\/v2\/posts\/60618\/revisions\/60625"}],"wp:featuredmedia":[{"embeddable":true,"href":"https:\/\/screamyell.com.br\/site\/wp-json\/wp\/v2\/media\/60622"}],"wp:attachment":[{"href":"https:\/\/screamyell.com.br\/site\/wp-json\/wp\/v2\/media?parent=60618"}],"wp:term":[{"taxonomy":"category","embeddable":true,"href":"https:\/\/screamyell.com.br\/site\/wp-json\/wp\/v2\/categories?post=60618"},{"taxonomy":"post_tag","embeddable":true,"href":"https:\/\/screamyell.com.br\/site\/wp-json\/wp\/v2\/tags?post=60618"}],"curies":[{"name":"wp","href":"https:\/\/api.w.org\/{rel}","templated":true}]}}