{"id":58850,"date":"2020-12-04T00:51:11","date_gmt":"2020-12-04T03:51:11","guid":{"rendered":"https:\/\/screamyell.com.br\/site\/?p=58850"},"modified":"2021-01-25T01:13:00","modified_gmt":"2021-01-25T04:13:00","slug":"musica-do-meu-coracao-nu-apresenta-um-ze-manoel-urgente-e-presente-em-seu-tempo","status":"publish","type":"post","link":"https:\/\/screamyell.com.br\/site\/2020\/12\/04\/musica-do-meu-coracao-nu-apresenta-um-ze-manoel-urgente-e-presente-em-seu-tempo\/","title":{"rendered":"M\u00fasica: \u201cDo Meu Cora\u00e7\u00e3o Nu\u201d apresenta um Z\u00e9 Manoel urgente e presente em seu tempo"},"content":{"rendered":"<h2><img decoding=\"async\" loading=\"lazy\" class=\"alignnone size-full wp-image-58852 aligncenter\" src=\"https:\/\/screamyell.com.br\/site\/wp-content\/uploads\/2020\/12\/capa-ZE-MANOEL.jpg\" alt=\"\" width=\"500\" height=\"500\" srcset=\"https:\/\/screamyell.com.br\/site\/wp-content\/uploads\/2020\/12\/capa-ZE-MANOEL.jpg 500w, https:\/\/screamyell.com.br\/site\/wp-content\/uploads\/2020\/12\/capa-ZE-MANOEL-300x300.jpg 300w, https:\/\/screamyell.com.br\/site\/wp-content\/uploads\/2020\/12\/capa-ZE-MANOEL-150x150.jpg 150w\" sizes=\"(max-width: 500px) 100vw, 500px\" \/><\/h2>\n<h2 style=\"text-align: center;\"><strong>por\u00a0<a href=\"https:\/\/www.facebook.com\/renan.machadoguerra\" target=\"_blank\" rel=\"noopener noreferrer\">Renan Guerra<\/a><\/strong><\/h2>\n<p style=\"text-align: justify;\">Passaram-se cinco anos desde \u201cCan\u00e7\u00e3o e Sil\u00eancio\u201d (2015), segundo \u00e1lbum de <a href=\"https:\/\/www.facebook.com\/ZeManoel\" target=\"_blank\" rel=\"noopener noreferrer\">Z\u00e9 Manoel<\/a> que o projetou para v\u00e1rios cantos do Brasil, at\u00e9 o lan\u00e7amento de \u201c<a href=\"https:\/\/open.spotify.com\/album\/5lDlKMdb8DZJnei1v2DvEI\" target=\"_blank\" rel=\"noopener noreferrer\">Do Meu Cora\u00e7\u00e3o Nu<\/a>\u201d (2020), e nesse meio tempo muitas coisas mudaram no universo do artista pernambucano. Grandes int\u00e9rpretes cantaram suas composi\u00e7\u00f5es no songbook \u201c<a href=\"https:\/\/screamyell.com.br\/site\/2017\/02\/13\/musica-delirio-de-um-romance-a-ceu-aberto-ze-manoel\/\" target=\"_blank\" rel=\"noopener noreferrer\">Del\u00edrio de um Romance a C\u00e9u Aberto<\/a>\u201d (2016), Z\u00e9 participou de discos de nomes grandes como Faf\u00e1 de Bel\u00e9m e Adriana Calcanhotto e trabalhou um bocado em diferentes frentes. O saldo final \u00e9 que Z\u00e9 Manoel mudou e suas can\u00e7\u00f5es refletem isso: \u201cDo Meu Cora\u00e7\u00e3o Nu\u201d \u00e9 disco forte, pungente e intenso, do jeito que 2020 pede.<\/p>\n<p style=\"text-align: justify;\"><a href=\"https:\/\/screamyell.com.br\/site\/2020\/06\/12\/entrevista-ze-manoel-e-uma-historia-antiga-que-sempre-se-repete\/\" target=\"_blank\" rel=\"noopener noreferrer\">Em entrevista aqui no Scream &amp; Yell no primeiro semestre<\/a>, Z\u00e9 falava que \u201cn\u00e3o conseguiria fazer um disco agora falando sobre o amor e a flor, porque n\u00e3o faz sentido pra mim falar amenidades nesse momento em que a gente \u00e9 atacado por todos os lados e a gente precisa sobreviver, e ao mesmo tempo ressignificar a nossa resist\u00eancia\u201d. \u00c9 sobre ancestralidade e urg\u00eancia que se constr\u00f3i \u201cDo Meu Cora\u00e7\u00e3o Nu\u201d. Viol\u00eancia policial contra os corpos pretos; a hist\u00f3ria do povo negro brasileiro e a constru\u00e7\u00e3o da m\u00fasica brasileira em torno de sonoridades afro: todos esses caminhos s\u00e3o cantados em um disco complexo, que mais uma vez prova a for\u00e7a de Z\u00e9 Manoel como compositor e cantor.<\/p>\n<p style=\"text-align: justify;\">Lan\u00e7ado no Brasil pelo selo J\u00f3ia Moderna, de DJ Z\u00e9 Pedro, e no Jap\u00e3o pela Core PORT, \u201cDo Meu Cora\u00e7\u00e3o Nu\u201d tem produ\u00e7\u00e3o do m\u00fasico, compositor e produtor musical baiano Luis\u00e3o Pereira. No disco h\u00e1 participa\u00e7\u00f5es de Luedji Luna, Bell Pu\u00e3, Gabriela Riley, Grupo Bongar e Letieres Leite, al\u00e9m de um sample da intelectual e pesquisadora Maria Beatriz do Nascimento, em fala retirada do document\u00e1rio \u201c<a href=\"https:\/\/www.youtube.com\/watch?v=5AVPrXwxh1A\" target=\"_blank\" rel=\"noopener noreferrer\">Negro, Da Senzala ao Soul<\/a>\u201d, reportagem de Gabriel Priolli Netto e Armando Figueiredo Neto (1977) para a TV Cultura S\u00e3o Paulo. Vale ressaltar a dire\u00e7\u00e3o art\u00edstica de Gil Alves no trabalho, que d\u00e1 uma nova cara a Z\u00e9 Manoel, criando uma est\u00e9tica forte e marcante para o disco. Exemplo disso \u00e9 o lindo clipe de \u201cAdup\u00e9 Obalua\u00ea\u201d, estrelado pelo pr\u00f3prio Gil.<\/p>\n<p><iframe loading=\"lazy\" title=\"Z\u00e9 Manoel - Adup\u00e9 Obalua\u00ea (Clipe Oficial)\" width=\"747\" height=\"420\" src=\"https:\/\/www.youtube.com\/embed\/tWEtjI3kHvQ?feature=oembed\" frameborder=\"0\" allow=\"accelerometer; autoplay; clipboard-write; encrypted-media; gyroscope; picture-in-picture\" allowfullscreen><\/iframe><\/p>\n<p style=\"text-align: justify;\">Esses muitos nomes trazem um dos elos do disco: a coletividade e a troca. Z\u00e9 Manoel faz quest\u00e3o de trocar com os seus pares geracionais na mesma medida em que celebra e reverencia aqueles que vieram antes. \u00c9 bonito demais o respeito e o cuidado que Z\u00e9 tem com a can\u00e7\u00e3o, com a m\u00fasica e com sua hist\u00f3ria. \u00c9 nesse sentido que \u00e9 simbolicamente muito forte ele reconstruir essas hist\u00f3rias, tanto que ele diz em \u201cNotre Histoire\u201d (parceria com o franc\u00eas Stephane San Juan): \u201cprecisamos saber nossa hist\u00f3ria \/ precisamos contar nossa hist\u00f3ria\u201d.<\/p>\n<p style=\"text-align: justify;\">Z\u00e9 Manoel fala sobre a constru\u00e7\u00e3o dessas nossas no\u00e7\u00f5es de Brasil por uma perspectiva negra e \u00e9 como se ele virasse as lentes para aqueles que sempre foram os figurantes dessa hist\u00f3ria. \u201cDo Meu Cora\u00e7\u00e3o Nu\u201d \u00e9 como uma viagem que se abre dolorosa na magn\u00edfica \u201cHist\u00f3ria Antiga\u201d e que vai crescendo, passando por carinhos como \u201cNo Rio das Lembran\u00e7as\u201d. Depois entramos em ondas rom\u00e2nticas, com toda a potencialidade do amor preto nas belas \u201cN\u00e3o Negue Ternura\u201d, ao lado de Luedji Luna, e \u201cPra Iluminar o Rol\u00ea\u201d. Mais pras bandas do final somos emaranhados em uma gira com \u201cCanto pra Subir\u201d, as falas de Letieres em \u201cEscuta Letieres Leite\u201d e encerramos na suntuosidade de \u201cAdup\u00e9 Obalua\u00ea\u201d.<\/p>\n<p style=\"text-align: justify;\">Nesse caminho, os encontros s\u00e3o belos. Vale destacar, por exemplo, \u201cWake My Divine\u201d, ao lado da cantora e compositora norte americana Gabriela Riley, em ode \u00e0s can\u00e7\u00f5es de amor americanas da d\u00e9cada de 1970, com bel\u00edssima flauta tocada pelo maestro Letieres Leite. Al\u00e9m disso, nos cr\u00e9ditos \u00e9 poss\u00edvel encontrar os nomes de m\u00fasicos como Kassin, S\u00e9rgio Reze, Tedy Santana, Jorge Continentino, Stephane San Juan, Alberto Continentino, isto \u00e9, daqueles discos pra se ouvir com o encarte ao lado, pra ir descobrindo cada detalhe.<\/p>\n<p style=\"text-align: justify;\">\u201cDo Meu Cora\u00e7\u00e3o Nu\u201d \u00e9 uma viagem divina pela qual nos leva Z\u00e9 Manoel. Falar desse disco \u00e9 correr o risco de cair em rasga\u00e7\u00e3o de seda desmedida, pois \u00e9 muito forte o que o m\u00fasico conseguiu fazer aqui. Eis um disco grandioso por conseguir falar das viol\u00eancias atuais e hist\u00f3ricas para com o povo preto, mas \u00e9 ainda mais potente quando fala de afetos, de carinhos e de cuidados. N\u00e3o podemos esquecer que Z\u00e9 \u00e9, essencialmente, um cantor desavergonhadamente rom\u00e2ntico e essa sua paix\u00e3o \u00e9 que cativa, que nos envolve e que deve ser repetidamente celebrada.<\/p>\n<p><iframe loading=\"lazy\" title=\"Z\u00e9 Manoel - Hist\u00f3ria Antiga (Lyric V\u00eddeo Oficial)\" width=\"747\" height=\"420\" src=\"https:\/\/www.youtube.com\/embed\/V3Iw92T04eU?feature=oembed\" frameborder=\"0\" allow=\"accelerometer; autoplay; clipboard-write; encrypted-media; gyroscope; picture-in-picture\" allowfullscreen><\/iframe><\/p>\n<p><iframe loading=\"lazy\" title=\"Z\u00e9 Manoel feat. Luedji Luna - N\u00e3o Negue Ternura (\u00c1udio Oficial)\" width=\"747\" height=\"420\" src=\"https:\/\/www.youtube.com\/embed\/qUS0GNJO9Go?feature=oembed\" frameborder=\"0\" allow=\"accelerometer; autoplay; clipboard-write; encrypted-media; gyroscope; picture-in-picture\" allowfullscreen><\/iframe><\/p>\n<p>\u2013\u00a0<a href=\"https:\/\/www.facebook.com\/renan.machadoguerra\" target=\"_blank\" rel=\"noopener noreferrer\">Renan Guerra<\/a>\u00a0\u00e9 jornalista e escreve para o Scream &amp; Yell desde 2014. Tamb\u00e9m colabora com o\u00a0<a href=\"https:\/\/monkeybuzz.com.br\/\" target=\"_blank\" rel=\"noopener noreferrer\">Monkeybuzz.<\/a><\/p>\n","protected":false},"excerpt":{"rendered":"\u201cDo Meu Cora\u00e7\u00e3o Nu\u201d \u00e9 uma viagem divina pela qual nos leva Z\u00e9 Manoel. Eis um disco grandioso por conseguir falar das viol\u00eancias atuais e hist\u00f3ricas para com o povo preto, mas \u00e9 ainda mais potente quando fala de afetos, de carinhos e de cuidados.\n<a class=\"moretag\" href=\"https:\/\/screamyell.com.br\/site\/2020\/12\/04\/musica-do-meu-coracao-nu-apresenta-um-ze-manoel-urgente-e-presente-em-seu-tempo\/\"> [...]<\/a>","protected":false},"author":3,"featured_media":58851,"comment_status":"open","ping_status":"open","sticky":false,"template":"","format":"standard","meta":[],"categories":[3],"tags":[1689],"_links":{"self":[{"href":"https:\/\/screamyell.com.br\/site\/wp-json\/wp\/v2\/posts\/58850"}],"collection":[{"href":"https:\/\/screamyell.com.br\/site\/wp-json\/wp\/v2\/posts"}],"about":[{"href":"https:\/\/screamyell.com.br\/site\/wp-json\/wp\/v2\/types\/post"}],"author":[{"embeddable":true,"href":"https:\/\/screamyell.com.br\/site\/wp-json\/wp\/v2\/users\/3"}],"replies":[{"embeddable":true,"href":"https:\/\/screamyell.com.br\/site\/wp-json\/wp\/v2\/comments?post=58850"}],"version-history":[{"count":1,"href":"https:\/\/screamyell.com.br\/site\/wp-json\/wp\/v2\/posts\/58850\/revisions"}],"predecessor-version":[{"id":58853,"href":"https:\/\/screamyell.com.br\/site\/wp-json\/wp\/v2\/posts\/58850\/revisions\/58853"}],"wp:featuredmedia":[{"embeddable":true,"href":"https:\/\/screamyell.com.br\/site\/wp-json\/wp\/v2\/media\/58851"}],"wp:attachment":[{"href":"https:\/\/screamyell.com.br\/site\/wp-json\/wp\/v2\/media?parent=58850"}],"wp:term":[{"taxonomy":"category","embeddable":true,"href":"https:\/\/screamyell.com.br\/site\/wp-json\/wp\/v2\/categories?post=58850"},{"taxonomy":"post_tag","embeddable":true,"href":"https:\/\/screamyell.com.br\/site\/wp-json\/wp\/v2\/tags?post=58850"}],"curies":[{"name":"wp","href":"https:\/\/api.w.org\/{rel}","templated":true}]}}