{"id":57274,"date":"2020-09-08T11:20:54","date_gmt":"2020-09-08T14:20:54","guid":{"rendered":"https:\/\/screamyell.com.br\/site\/?p=57274"},"modified":"2020-11-17T04:09:04","modified_gmt":"2020-11-17T07:09:04","slug":"cinema-narciso-em-ferias-de-renato-terra-e-ricardo-calil","status":"publish","type":"post","link":"https:\/\/screamyell.com.br\/site\/2020\/09\/08\/cinema-narciso-em-ferias-de-renato-terra-e-ricardo-calil\/","title":{"rendered":"Cinema: \u201cNarciso em F\u00e9rias\u201d, de Renato Terra e Ricardo Calil"},"content":{"rendered":"<h2><img decoding=\"async\" loading=\"lazy\" class=\"alignnone size-full wp-image-57276 aligncenter\" src=\"https:\/\/screamyell.com.br\/site\/wp-content\/uploads\/2020\/09\/narcisoemferias2.jpg\" alt=\"\" width=\"400\" height=\"592\" srcset=\"https:\/\/screamyell.com.br\/site\/wp-content\/uploads\/2020\/09\/narcisoemferias2.jpg 400w, https:\/\/screamyell.com.br\/site\/wp-content\/uploads\/2020\/09\/narcisoemferias2-203x300.jpg 203w\" sizes=\"(max-width: 400px) 100vw, 400px\" \/><\/h2>\n<h2 style=\"text-align: center;\"><strong>Texto por <a href=\"https:\/\/www.facebook.com\/renan.machadoguerra\" target=\"_blank\" rel=\"noopener noreferrer\">Renan Guerra<\/a><\/strong><\/h2>\n<p style=\"text-align: justify;\">\u201c<a href=\"https:\/\/www.companhiadasletras.com.br\/detalhe.php?codigo=14436\" target=\"_blank\" rel=\"noopener noreferrer\">Verdade Tropical<\/a>\u201d, de 1997, \u00e9 a aventura verborr\u00e1gica de Caetano Veloso, uma esp\u00e9cie de autobiografia com mais de 500 p\u00e1ginas que reconstr\u00f3i a forma\u00e7\u00e3o art\u00edstica, cultural e social do artista. Uma leitura b\u00e1sica para os f\u00e3s de Caetano, mas que n\u00e3o h\u00e1 de se negar que um tanto enfadonha em algumas passagens. O que n\u00e3o se discute \u00e9 que h\u00e1 em \u201cVerdade Tropical\u201d um cap\u00edtulo especial, \u201cNarciso em F\u00e9rias\u201d, com sua minuciosa descri\u00e7\u00e3o dos 54 dias de pris\u00e3o de Caetano entre 27 de dezembro de 1968 e 19 de fevereiro de 1969, em plena Ditadura Militar.<\/p>\n<p style=\"text-align: justify;\">Esse cap\u00edtulo especial se expande agora no novo filme de mesmo t\u00edtulo, \u201cNarciso em F\u00e9rias\u201d (2020), de Renato Terra e Ricardo Calil, que teve estreia no dia 7 de setembro no Festival de Veneza. Em um movimento importante \u2013 influenciado pelo momento de pandemia mundial \u2013, <a href=\"https:\/\/globoplay.globo.com\/narciso-em-ferias\/t\/KVRw1yNS8G\/\" target=\"_blank\" rel=\"noopener noreferrer\">o filme foi lan\u00e7ado direto em streaming<\/a>, estreando no GloboPlay no mesmo dia da estreia internacional. Uma pr\u00e1tica que pode ser interessante considerando-se o alcance de um filme desses numa plataforma como o GloboPlay. Vale, por exemplo, <a href=\"https:\/\/screamyell.com.br\/site\/2020\/08\/12\/infografico-os-numeros-da-live-lenda-de-caetano-veloso\/\" target=\"_blank\" rel=\"noopener noreferrer\">retornar aos n\u00fameros da live de Caetano<\/a> nessa mesma plataforma para que se tenha no\u00e7\u00e3o desse impacto.<\/p>\n<p style=\"text-align: justify;\">\u201cNarciso em F\u00e9rias\u201d, o filme, \u00e9 m\u00ednimo: Caetano sentado numa cadeira em meio a um cen\u00e1rio de concreto fazendo aquilo que Caetano adora fazer, isto \u00e9, falar e falar. Inicialmente, o filme se mostra basicamente como uma simples narrativa oral do que est\u00e1 nas p\u00e1ginas de \u201cVerdade Tropical\u201d, mas mesmo quando reconta a mesma hist\u00f3ria, j\u00e1 h\u00e1 outro olhar de Caetano, at\u00e9 por que j\u00e1 se v\u00e3o mais de 20 anos desde o lan\u00e7amento do livro. H\u00e1 aqui uma lucidez e um olhar muito espec\u00edfico de Caetano sobre esses tempos e isso torna essa narrativa interessante, sem se perder em enfado. Um ponto importante s\u00e3o as poucas interven\u00e7\u00f5es dos diretores, que permitem e incentivam a narrativa cont\u00ednua de Caetano.<\/p>\n<p style=\"text-align: justify;\">Infelizmente, \u201cNarciso em F\u00e9rias\u201d se torna um relato ainda mais amargo nesse 2020, quando temos na presid\u00eancia um pol\u00edtico que celebra e reverencia torturadores. A narrativa da pris\u00e3o de Caetano, a pris\u00e3o de Gil, seus colegas ilustres de cela e todo o cen\u00e1rio macro que comp\u00f5em o filme s\u00e3o assustadores porque s\u00e3o t\u00e3o pr\u00f3ximos. 1969 parece distante, mas \u00e9 uma data a se revisitar constantemente, para que se entenda e se compreenda melhor o passado e o presente. E, nesse sentido, o document\u00e1rio de Renato Terra e Ricardo Calil \u00e9 uma esp\u00e9cie de pecinha num quebra-cabe\u00e7a maior que comp\u00f5e a nossa hist\u00f3ria recente de Brasil \u2013 os dois diretores s\u00e3o tamb\u00e9m respons\u00e1veis pelo excelente \u201c<a href=\"https:\/\/screamyell.com.br\/site\/2011\/01\/25\/melhor-filme-nacional-2010\/\" target=\"_blank\" rel=\"noopener noreferrer\">Uma Noite em 67<\/a>\u201d, de 2010, que reconta a hist\u00f3ria do 3\u00ba Festival de M\u00fasica Popular Brasileira.<\/p>\n<p style=\"text-align: justify;\">\u201cNarciso em F\u00e9rias\u201d, o cap\u00edtulo, <a href=\"https:\/\/www.companhiadasletras.com.br\/detalhe.php?codigo=14691\" target=\"_blank\" rel=\"noopener noreferrer\">est\u00e1 sendo relan\u00e7ado como livro aut\u00f4nom<\/a>o pela Companhia das Letras, em edi\u00e7\u00e3o que conta com registros do processo aberto pela ditadura militar contra o cantor e compositor. Esses documentos ficaram guardados no Arquivo Nacional e s\u00f3 chegaram at\u00e9 Caetano em 2018 e eles tamb\u00e9m formam uma parte importante do document\u00e1rio, pois \u00e9 quando Caetano l\u00ea os autos de seu interrogat\u00f3rio que temos algumas das passagens mais interessantes. Com perguntas estapaf\u00fardias e com uma tacanhez tamanha, os autos do processo reverberam a burrice e a canalhice do regime ditatorial e, por isso, s\u00e3o relatos hist\u00f3ricos importantes.<\/p>\n<p style=\"text-align: justify;\">De todo modo, talvez a passagem mais bela de \u201cNarciso em F\u00e9rias\u201d seja o momento em que Caetano tem em m\u00e3os de novo a revista Manchete com as tais fotos da Terra que o levariam, anos depois, a compor a can\u00e7\u00e3o \u201cTerra\u201d. Caetano perde as palavras, se emociona de forma sincera e comove. Sua interpreta\u00e7\u00e3o de \u201cHey Jude\u201d, dos Beatles, tamb\u00e9m \u00e9 momento crucial de beleza, tanto que a faixa foi lan\u00e7ada como single, em vers\u00e3o voz e viol\u00e3o.<\/p>\n<p style=\"text-align: justify;\">No final das contas, \u201cNarciso em F\u00e9rias\u201d \u00e9 como uma pequena polaroide dentro desse momento horrendo de nossa hist\u00f3ria, narrado por uma das vozes fundamentais da cultura nacional no s\u00e9culo XX. Goste-se ou n\u00e3o de Caetano, sua import\u00e2ncia \u00e9 ineg\u00e1vel e, por isso mesmo, \u00e9 preciso celebrar que ele conte todas essas hist\u00f3rias com total lucidez e registre esses acontecimentos de formas m\u00faltiplas, para que, quem sabe, em algum arroubo de lucidez, o Brasil n\u00e3o volte a se perder em narcisismos patri\u00f3ticos.<\/p>\n<p><iframe loading=\"lazy\" title=\"Narciso em Fe?rias (Trailer Oficial)\" width=\"747\" height=\"420\" src=\"https:\/\/www.youtube.com\/embed\/XhX3gmtS8Q4?feature=oembed\" frameborder=\"0\" allow=\"accelerometer; autoplay; encrypted-media; gyroscope; picture-in-picture\" allowfullscreen><\/iframe><\/p>\n<p><iframe loading=\"lazy\" title=\"Caetano Veloso - Hey Jude (Audio)\" width=\"747\" height=\"420\" src=\"https:\/\/www.youtube.com\/embed\/-dbIesQ6C58?feature=oembed\" frameborder=\"0\" allow=\"accelerometer; autoplay; encrypted-media; gyroscope; picture-in-picture\" allowfullscreen><\/iframe><\/p>\n<p><iframe loading=\"lazy\" title=\"Caetano Veloso - Hey Jude (The Beatles)\" width=\"747\" height=\"420\" src=\"https:\/\/www.youtube.com\/embed\/PqQM4cMIe4g?feature=oembed\" frameborder=\"0\" allow=\"accelerometer; autoplay; encrypted-media; gyroscope; picture-in-picture\" allowfullscreen><\/iframe><\/p>\n<p>\u2013&nbsp;<a href=\"https:\/\/www.facebook.com\/renan.machadoguerra\" target=\"_blank\" rel=\"noopener noreferrer\">Renan Guerra<\/a>&nbsp;\u00e9 jornalista e escreve para o Scream &amp; Yell desde 2014. Tamb\u00e9m colabora com o&nbsp;<a href=\"https:\/\/monkeybuzz.com.br\/\" target=\"_blank\" rel=\"noopener noreferrer\">Monkeybuzz.<\/a><\/p>\n<p><strong>Leia tamb\u00e9m:<\/strong><br \/>\n\u2013 \u201cOfert\u00f3rio\u201d vai de momentos de calorosa beleza a outros completamente banais&nbsp; (<a href=\"https:\/\/screamyell.com.br\/site\/2018\/07\/06\/musica-ofertorio-de-caetano-moreno-zeca-e-tom-veloso\/\" target=\"_blank\" rel=\"noopener noreferrer\">aqui<\/a>)<br \/>\n\u2013 \u201cAbra\u00e7a\u00e7o\u201d: Caetano cria um personagem e faz um monte de bobagens (<a href=\"https:\/\/screamyell.com.br\/site\/2012\/12\/31\/cds-abracaco-de-caetano-veloso\/\">aqui<\/a>)<br \/>\n\u2013 \u201cA Foreign Sound\u201d: Caetano trafega entre paix\u00e3o e poder em show (<a href=\"http:\/\/www.screamyell.com.br\/musicadois\/caetanoshow.htm\">aqui<\/a>)<br \/>\n\u2013 Fr\u00e1gil, o show \u201cZii e Zie\u201d \u00e9 um retrato nublado do momento atual de Caetano (<a href=\"https:\/\/screamyell.com.br\/site\/2009\/06\/14\/caetano-veloso-ao-vivo-em-sao-paulo\/\">aqui<\/a>)<br \/>\n\u2013 Em \u201cC\u00ea\u201d, Caetano exercita um placebo de rock, um rock a l\u00e1 Caetanoc (<a href=\"https:\/\/screamyell.com.br\/site\/2006\/09\/18\/disco-da-semana-6\/\">aqui<\/a>)<br \/>\n\u2013 \u201cRecanto\u201d, de Gal Costa, flagra o desmascaramento do wannabe (<a href=\"https:\/\/screamyell.com.br\/site\/2012\/01\/03\/cds-gal-costa-marisa-monte-karina-buhr\/\">aqui<\/a>)<br \/>\n\u2013 Ao Vivo com Maria Gad\u00fa: N\u00e3o \u00e9 a primeira vez que Caetano flerta com o mau gosto (<a href=\"https:\/\/screamyell.com.br\/site\/2011\/09\/07\/chico-buarque-caetano-veloso-marcelo-nova\/\">aqui<\/a>)<br \/>\n\u2013 Caetano Veloso n\u00e3o acredita em l\u00e1grimas (<a href=\"https:\/\/screamyell.com.br\/site\/2009\/11\/09\/caetano-veloso-nao-acredita-em-lagrimas\/\">aqui<\/a>)<br \/>\n\u2013 Melhores do Ano Scream &amp; Yell 2006: \u201cC\u00ea\u201d, de Caetano, Melhor Disco (<a href=\"http:\/\/www.screamyell.com.br\/outros\/listas\/2007capa.htm\">aqui<\/a>)<br \/>\n\u2013 \u201cEu N\u00e3o Pe\u00e7o Desculpa\u201d \u00e9 um delicioso registro de m\u00fasica descompromissada (<a href=\"http:\/\/www.screamyell.com.br\/musicadois\/caetanoresenha.htm\">aqui<\/a>)<\/p>\n","protected":false},"excerpt":{"rendered":"\u201cNarciso em F\u00e9rias\u201d \u00e9 como uma pequena polaroide dentro desse momento horrendo de nossa hist\u00f3ria, narrado por uma das vozes fundamentais da cultura nacional no s\u00e9culo XX. Goste-se ou n\u00e3o de Caetano, sua import\u00e2ncia \u00e9 ineg\u00e1vel.\n<a class=\"moretag\" href=\"https:\/\/screamyell.com.br\/site\/2020\/09\/08\/cinema-narciso-em-ferias-de-renato-terra-e-ricardo-calil\/\"> [...]<\/a>","protected":false},"author":3,"featured_media":57275,"comment_status":"open","ping_status":"open","sticky":false,"template":"","format":"standard","meta":[],"categories":[4,3],"tags":[1972],"_links":{"self":[{"href":"https:\/\/screamyell.com.br\/site\/wp-json\/wp\/v2\/posts\/57274"}],"collection":[{"href":"https:\/\/screamyell.com.br\/site\/wp-json\/wp\/v2\/posts"}],"about":[{"href":"https:\/\/screamyell.com.br\/site\/wp-json\/wp\/v2\/types\/post"}],"author":[{"embeddable":true,"href":"https:\/\/screamyell.com.br\/site\/wp-json\/wp\/v2\/users\/3"}],"replies":[{"embeddable":true,"href":"https:\/\/screamyell.com.br\/site\/wp-json\/wp\/v2\/comments?post=57274"}],"version-history":[{"count":2,"href":"https:\/\/screamyell.com.br\/site\/wp-json\/wp\/v2\/posts\/57274\/revisions"}],"predecessor-version":[{"id":58552,"href":"https:\/\/screamyell.com.br\/site\/wp-json\/wp\/v2\/posts\/57274\/revisions\/58552"}],"wp:featuredmedia":[{"embeddable":true,"href":"https:\/\/screamyell.com.br\/site\/wp-json\/wp\/v2\/media\/57275"}],"wp:attachment":[{"href":"https:\/\/screamyell.com.br\/site\/wp-json\/wp\/v2\/media?parent=57274"}],"wp:term":[{"taxonomy":"category","embeddable":true,"href":"https:\/\/screamyell.com.br\/site\/wp-json\/wp\/v2\/categories?post=57274"},{"taxonomy":"post_tag","embeddable":true,"href":"https:\/\/screamyell.com.br\/site\/wp-json\/wp\/v2\/tags?post=57274"}],"curies":[{"name":"wp","href":"https:\/\/api.w.org\/{rel}","templated":true}]}}