{"id":55988,"date":"2020-05-01T14:03:25","date_gmt":"2020-05-01T17:03:25","guid":{"rendered":"https:\/\/screamyell.com.br\/site\/?p=55988"},"modified":"2020-05-22T01:44:03","modified_gmt":"2020-05-22T04:44:03","slug":"zona-para-respiradores-um-role-por-1975","status":"publish","type":"post","link":"https:\/\/screamyell.com.br\/site\/2020\/05\/01\/zona-para-respiradores-um-role-por-1975\/","title":{"rendered":"Zona para Respiradores: Um rol\u00ea por 1975"},"content":{"rendered":"<h2 style=\"text-align: center;\"><strong>Zona para Respiradores #01, por L. Lyra<\/strong><br \/>\nUm rol\u00ea por 1975 (<a href=\"https:\/\/open.spotify.com\/playlist\/7aWSsa3gsjAIHeAeaEL5EP\" target=\"_blank\" rel=\"noopener noreferrer\">ou\u00e7a a playlist<\/a>)<\/h2>\n<p>O apocalipse n\u00f3s j\u00e1 temos.<\/p>\n<p style=\"text-align: justify;\">Basta ouvir o ex-presidente em exerc\u00edcio expelir mais alguma atrocidade pela sua f\u00e9tida boca ou acompanhar o n\u00famero crescente de mortos hora a hora.<\/p>\n<p>\u00c9 muita obscenidade.<\/p>\n<p style=\"text-align: justify;\">Precisamos de espa\u00e7o pra respirar. Algo que transcenda a mis\u00e9ria e o horror a que somos submetidos no Brasil. Um respiro pra j\u00e1, porque amanh\u00e3 pode ser tarde demais.<\/p>\n<p>Uma zona para respiradores.<\/p>\n<p>Vamos voltar a 1975. <a href=\"https:\/\/open.spotify.com\/playlist\/7aWSsa3gsjAIHeAeaEL5EP\" target=\"_blank\" rel=\"noopener noreferrer\">Muita energia liberada naquele ano<\/a>:<\/p>\n<p>&#8211; \u201cRefazenda\u201d, de Gilberto Gil<br \/>\n&#8211; \u201cNovo Aeon\u201d, de Raul Seixas<br \/>\n&#8211; \u201cRoberto Carlos\u201d, de&#8230;Roberto Carlos!<br \/>\n&#8211; \u201cTim Maia Racional\u201d, de&#8230;Tim Maia!<br \/>\n&#8211; \u201cMoraes Moreira\u2019, de&#8230;Moraes Moreira!<\/p>\n<p>Deixo aos curiosos o esclarecimento do dia exato em que cada \u00e1lbum foi lan\u00e7ado.<\/p>\n<p style=\"text-align: justify;\">Os interessados tamb\u00e9m podem somar os n\u00fameros de 1975 e chegar a um n\u00famero cabal\u00edstico.<\/p>\n<p style=\"text-align: justify;\">N\u00e3o \u00e9 extraordin\u00e1rio que no mesmo ano Jorge Ben cantasse sobre Santo Tomaz de Aquino e Jorge da Capad\u00f3cia e Raul Seixas gritasse &#8220;eu sou ego\u00edsta&#8221;, que Milton Nascimento falasse em f\u00e9 cega, faca amolada e Roberto Carlos abrisse os trabalhos com \u201cQUERO QUE TUDO O MAIS V\u00c1 PRO INFERNO\u201d enquanto Tim Maia doutrinava o seu Universo em Desencanto e Moraes Moreira \u2013 bem, Moraes Moreira est\u00e1 sempre cantando:<\/p>\n<p><iframe loading=\"lazy\" title=\"Sempre Cantando\" width=\"747\" height=\"560\" src=\"https:\/\/www.youtube.com\/embed\/2wCZez7LlEk?feature=oembed\" frameborder=\"0\" allow=\"accelerometer; autoplay; encrypted-media; gyroscope; picture-in-picture\" allowfullscreen><\/iframe><\/p>\n<p style=\"text-align: center;\"><em>porque sabe que a dor n\u00e3o tem lugar permanente no cora\u00e7\u00e3o de ningu\u00e9m.<\/em><\/p>\n<p style=\"text-align: justify;\">Aqui os mais apressados poderiam dizer neste desgra\u00e7ado come\u00e7o de maio: pois, \u00e9 isto mesmo, Moraes Moreira partiu porque n\u00e3o suportou mais toda essa barra pesad\u00edssima. Como se toda a alegria que ele nos deu fosse uma esp\u00e9cie de para\u00edso coletivo, onde a chuva no brejo \u00e9 motivo de festa, festa que agora se apagou.<\/p>\n<p style=\"text-align: justify;\">O que o Brasil pode oferecer hoje \u00e9 morte e crueldade. Uma crueldade que n\u00e3o respeita nem os mortos nem a morte. A pureza e a inoc\u00eancia de Moraes Moreira parecem fora da nossa gal\u00e1xia. E \u00e9 por isso que devemos ouvi-las uma vez mais, principalmente a can\u00e7\u00e3o mais intimista desse \u00e1lbum, apenas Moraes e sua voz e seu viol\u00e3o:<\/p>\n<p style=\"text-align: justify;\">Moraes Moreira pode aceitar tudo, menos que mudem seu cora\u00e7\u00e3o. Onde n\u00e3o h\u00e1 dor permanente. Quantos puderam e podem cantar essas palavras? Ent\u00e3o,<\/p>\n<p>Inspira.<\/p>\n<p>Expira.<\/p>\n<p>Nesse mar.<\/p>\n<p>Nessa ilha.<\/p>\n<p><iframe loading=\"lazy\" title=\"Nesse Mar Nessa Ilha\" width=\"747\" height=\"560\" src=\"https:\/\/www.youtube.com\/embed\/eEMHxxvG81Q?feature=oembed\" frameborder=\"0\" allow=\"accelerometer; autoplay; encrypted-media; gyroscope; picture-in-picture\" allowfullscreen><\/iframe><\/p>\n","protected":false},"excerpt":{"rendered":"N\u00e3o \u00e9 extraordin\u00e1rio que no mesmo ano Jorge Ben cantasse sobre Santo Tomaz de Aquino e Jorge da Capad\u00f3cia e Raul Seixas gritasse &#8220;eu sou ego\u00edsta&#8221;, que Milton Nascimento falasse em f\u00e9 cega, faca amolada e Roberto Carlos abrisse os trabalhos com \u201cQUERO QUE TUDO O MAIS V\u00c1 PRO INFERNO\u201d&#8230;\n<a class=\"moretag\" href=\"https:\/\/screamyell.com.br\/site\/2020\/05\/01\/zona-para-respiradores-um-role-por-1975\/\"> [...]<\/a>","protected":false},"author":87,"featured_media":55989,"comment_status":"open","ping_status":"open","sticky":false,"template":"","format":"standard","meta":[],"categories":[3],"tags":[4358,4405],"_links":{"self":[{"href":"https:\/\/screamyell.com.br\/site\/wp-json\/wp\/v2\/posts\/55988"}],"collection":[{"href":"https:\/\/screamyell.com.br\/site\/wp-json\/wp\/v2\/posts"}],"about":[{"href":"https:\/\/screamyell.com.br\/site\/wp-json\/wp\/v2\/types\/post"}],"author":[{"embeddable":true,"href":"https:\/\/screamyell.com.br\/site\/wp-json\/wp\/v2\/users\/87"}],"replies":[{"embeddable":true,"href":"https:\/\/screamyell.com.br\/site\/wp-json\/wp\/v2\/comments?post=55988"}],"version-history":[{"count":2,"href":"https:\/\/screamyell.com.br\/site\/wp-json\/wp\/v2\/posts\/55988\/revisions"}],"predecessor-version":[{"id":55991,"href":"https:\/\/screamyell.com.br\/site\/wp-json\/wp\/v2\/posts\/55988\/revisions\/55991"}],"wp:featuredmedia":[{"embeddable":true,"href":"https:\/\/screamyell.com.br\/site\/wp-json\/wp\/v2\/media\/55989"}],"wp:attachment":[{"href":"https:\/\/screamyell.com.br\/site\/wp-json\/wp\/v2\/media?parent=55988"}],"wp:term":[{"taxonomy":"category","embeddable":true,"href":"https:\/\/screamyell.com.br\/site\/wp-json\/wp\/v2\/categories?post=55988"},{"taxonomy":"post_tag","embeddable":true,"href":"https:\/\/screamyell.com.br\/site\/wp-json\/wp\/v2\/tags?post=55988"}],"curies":[{"name":"wp","href":"https:\/\/api.w.org\/{rel}","templated":true}]}}